{"id":58170,"date":"2021-02-22T22:59:59","date_gmt":"2021-02-22T22:59:59","guid":{"rendered":"https:\/\/www.nettali.com\/?p=58170"},"modified":"2021-02-22T22:59:59","modified_gmt":"2021-02-22T22:59:59","slug":"teungueuth-fc-zamalek-la-caf-dit-niet-a-un-report","status":"publish","type":"post","link":"https:\/\/www.nettali.com\/2021\/02\/22\/teungueuth-fc-zamalek-la-caf-dit-niet-a-un-report\/","title":{"rendered":"TEUNGUEUTH FC\/ZAMALEK - La Caf dit niet \u00e0 un report"},"content":{"rendered":"<p><strong>NETTALI.COM - Le match Teungueuth FC - Zamalek pour le compte de la deuxi\u00e8me journ\u00e9e de la Ligue africaine des Champions se tiendra comme pr\u00e9vu, ce mardi \u00e0 16h au stade Lat Dior de Thi\u00e8s. En effet, la Caf a rejet\u00e9 la demande du club \u00e9gyptien de reporter de 24h cette rencontre.<\/strong><\/p>\n<p>La Caf a d\u00e9clar\u00e9 que Zamalek est arriv\u00e9 au S\u00e9n\u00e9gal avant le match de plus de 24 heures, c\u2019est pourquoi la demande des quintuples champions d'Afrique n\u2019est pas consid\u00e9r\u00e9e comme une situation d\u2019urgence.<\/p>\n<p>Toutefois, la direction des g\u00e9ants du Caire veut que le match se joue mercredi parce que l\u2019\u00e9quipe est arriv\u00e9e en retard au S\u00e9n\u00e9gal en raison d\u2019une saga de retard de vol.<\/p>\n<p>Zamalek a d\u00e9coll\u00e9 en jet priv\u00e9 du Caire en direction du S\u00e9n\u00e9gal tard samedi, a fait un arr\u00eat de transit pour le ravitillage en Alg\u00e9rie, avant de reprendre le voyage, mais la Mauritanie a refus\u00e9 le passage \u00e0 l\u2019avion au-dessus de son espace a\u00e9rien pour des raisons administratives for\u00e7ant le jet \u00e0 retourner en Alg\u00e9rie, selon le porte-parole de Zamalek Essam Salem.<\/p>\n<p>\" <em>Nous avons r\u00e9ussi \u00e0 changer le vol apr\u00e8s les recommandations du minist\u00e8re \u00e9gyptien des Sports de passer par le Mali<\/em> \", a d\u00e9clar\u00e9 Salem.<\/p>\n<p>L\u2019\u00e9quipage de Zamalek est finalement arriv\u00e9 au S\u00e9n\u00e9gal dimanche en fin de journ\u00e9e.<\/p>\n<p>\" <em>Nous avons demand\u00e9 \u00e0 la Conf\u00e9d\u00e9ration africaine de football de reporter le match de 24 heures en raison des conditions d\u2019urgence qui ont caus\u00e9 le retard de l\u2019avion<\/em> \", a pr\u00e9cis\u00e9 Salem.<\/p>\n<p>\" <em>Les r\u00e8glements de la CAF permettent de reporter les matchs en cas d\u2019urgence, y compris les pluies ou le report des vols<\/em> \", a-t-il ajout\u00e9.<\/p>\n<p>Par ailleurs, avant la d\u00e9cision de la Caf, Teungueuth FC avait d\u00e9j\u00e0 exprim\u00e9 son refus de reporter le match de 24 heures.<br \/>\nDans un tweet, le pr\u00e9sident de Teungueth FC, Babacar Ndiaye a annonc\u00e9 que cette rencontre aura bel et bien lieu, mardi, \u00e0 Thi\u00e8s, comme l'avait programm\u00e9e la Conf\u00e9d\u00e9ration Africaine de football (CAF).<br \/>\nIl a par ailleurs pr\u00e9cis\u00e9 que les destabilisations et autres demandes de report ne perturbent pas son \u00e9quipe qui reste sereine.<\/p>\n<p>Rappelons que Zamalek cherche \u00e0 se racheter d\u2019un match nul d\u00e9cevant 0-0 \u00e0 domicile face au MC Alger lors du match d\u2019ouverture du groupe D.<br \/>\nDe son c\u00f4t\u00e9, Teungueth FC a d\u00e9but\u00e9 sa campagne de phase de groupes par une d\u00e9faite 2-1 face aux g\u00e9ants tunisiens de l\u2019Esp\u00e9rance.<\/p>\n<div class='share-to-whatsapp-wrapper'><div class='share-on-whsp'>PARTAGER SUR : <\/div><a data-text='TEUNGUEUTH FC\/ZAMALEK - La Caf dit niet \u00e0 un report' data-link='https:\/\/www.nettali.com\/2021\/02\/22\/teungueuth-fc-zamalek-la-caf-dit-niet-a-un-report\/' class='whatsapp-button whatsapp-share'>WhatsApp<\/a><div class='clear '><\/div><\/div>","protected":false},"excerpt":{"rendered":"<p>NETTALI.COM - Le match Teungueuth FC - Zamalek pour le compte de la deuxi\u00e8me journ\u00e9e de la Ligue africaine des Champions se tiendra comme pr\u00e9vu, ce mardi \u00e0 16h au stade Lat Dior de Thi\u00e8s. En effet, la Caf a rejet\u00e9 la demande du club \u00e9gyptien de reporter de 24h cette rencontre. La Caf a [&hellip;]<\/p>\n","protected":false},"author":5,"featured_media":58171,"comment_status":"open","ping_status":"open","sticky":false,"template":"","format":"standard","meta":{"_et_pb_use_builder":"","_et_pb_old_content":""},"categories":[6],"tags":[],"yoast_head":"<!-- This site is optimized with the Yoast SEO Premium plugin v17.8 (Yoast SEO v17.8) - https:\/\/yoast.com\/wordpress\/plugins\/seo\/ -->\n<title>TEUNGUEUTH FC\/ZAMALEK - La Caf dit niet \u00e0 un report | Nettali.com<\/title>\n<meta name=\"robots\" content=\"index, follow, max-snippet:-1, max-image-preview:large, max-video-preview:-1\" \/>\n<link rel=\"canonical\" href=\"https:\/\/www.nettali.com\/2021\/02\/22\/teungueuth-fc-zamalek-la-caf-dit-niet-a-un-report\/\" \/>\n<meta property=\"og:locale\" content=\"fr_FR\" \/>\n<meta property=\"og:type\" content=\"article\" \/>\n<meta property=\"og:title\" content=\"TEUNGUEUTH FC\/ZAMALEK - La Caf dit niet \u00e0 un report\" \/>\n<meta property=\"og:description\" content=\"NETTALI.COM - Le match Teungueuth FC - Zamalek pour le compte de la deuxi\u00e8me journ\u00e9e de la Ligue africaine des Champions se tiendra comme pr\u00e9vu, ce mardi \u00e0 16h au stade Lat Dior de Thi\u00e8s. En effet, la Caf a rejet\u00e9 la demande du club \u00e9gyptien de reporter de 24h cette rencontre. La Caf a [&hellip;]\" \/>\n<meta property=\"og:url\" content=\"https:\/\/www.nettali.com\/2021\/02\/22\/teungueuth-fc-zamalek-la-caf-dit-niet-a-un-report\/\" \/>\n<meta property=\"og:site_name\" content=\"Nettali.com\" \/>\n<meta property=\"article:publisher\" content=\"https:\/\/www.facebook.com\/nettalicom\" \/>\n<meta property=\"article:published_time\" content=\"2021-02-22T22:59:59+00:00\" \/>\n<meta property=\"og:image\" content=\"https:\/\/www.nettali.com\/wp-content\/uploads\/2021\/02\/Zamalek-1140x788-1.jpg\" \/>\n\t<meta property=\"og:image:width\" content=\"1140\" \/>\n\t<meta property=\"og:image:height\" content=\"788\" \/>\n<meta name=\"twitter:card\" content=\"summary_large_image\" \/>\n<meta name=\"twitter:label1\" content=\"\u00c9crit par\" \/>\n\t<meta name=\"twitter:data1\" content=\"Ibrahima\" \/>\n\t<meta name=\"twitter:label2\" content=\"Dur\u00e9e de lecture estim\u00e9e\" \/>\n\t<meta name=\"twitter:data2\" content=\"2 minutes\" \/>\n<script type=\"application\/ld+json\" class=\"yoast-schema-graph\">{\"@context\":\"https:\/\/schema.org\",\"@graph\":[{\"@type\":\"WebSite\",\"@id\":\"https:\/\/www.nettali.com\/#website\",\"url\":\"https:\/\/www.nettali.com\/\",\"name\":\"Nettali.com\",\"description\":\"Le rendez-vous critique du Net\",\"potentialAction\":[{\"@type\":\"SearchAction\",\"target\":{\"@type\":\"EntryPoint\",\"urlTemplate\":\"https:\/\/www.nettali.com\/?s={search_term_string}\"},\"query-input\":\"required name=search_term_string\"}],\"inLanguage\":\"fr-FR\"},{\"@type\":\"ImageObject\",\"@id\":\"https:\/\/www.nettali.com\/2021\/02\/22\/teungueuth-fc-zamalek-la-caf-dit-niet-a-un-report\/#primaryimage\",\"inLanguage\":\"fr-FR\",\"url\":\"https:\/\/www.nettali.com\/wp-content\/uploads\/2021\/02\/Zamalek-1140x788-1.jpg\",\"contentUrl\":\"https:\/\/www.nettali.com\/wp-content\/uploads\/2021\/02\/Zamalek-1140x788-1.jpg\",\"width\":1140,\"height\":788},{\"@type\":\"WebPage\",\"@id\":\"https:\/\/www.nettali.com\/2021\/02\/22\/teungueuth-fc-zamalek-la-caf-dit-niet-a-un-report\/#webpage\",\"url\":\"https:\/\/www.nettali.com\/2021\/02\/22\/teungueuth-fc-zamalek-la-caf-dit-niet-a-un-report\/\",\"name\":\"TEUNGUEUTH FC\/ZAMALEK - La Caf dit niet \\u00e0 un report | Nettali.com\",\"isPartOf\":{\"@id\":\"https:\/\/www.nettali.com\/#website\"},\"primaryImageOfPage\":{\"@id\":\"https:\/\/www.nettali.com\/2021\/02\/22\/teungueuth-fc-zamalek-la-caf-dit-niet-a-un-report\/#primaryimage\"},\"datePublished\":\"2021-02-22T22:59:59+00:00\",\"dateModified\":\"2021-02-22T22:59:59+00:00\",\"author\":{\"@id\":\"https:\/\/www.nettali.com\/#\/schema\/person\/bb147657c2986240405a608162b9bb23\"},\"breadcrumb\":{\"@id\":\"https:\/\/www.nettali.com\/2021\/02\/22\/teungueuth-fc-zamalek-la-caf-dit-niet-a-un-report\/#breadcrumb\"},\"inLanguage\":\"fr-FR\",\"potentialAction\":[{\"@type\":\"ReadAction\",\"target\":[\"https:\/\/www.nettali.com\/2021\/02\/22\/teungueuth-fc-zamalek-la-caf-dit-niet-a-un-report\/\"]}]},{\"@type\":\"BreadcrumbList\",\"@id\":\"https:\/\/www.nettali.com\/2021\/02\/22\/teungueuth-fc-zamalek-la-caf-dit-niet-a-un-report\/#breadcrumb\",\"itemListElement\":[{\"@type\":\"ListItem\",\"position\":1,\"name\":\"Accueil\",\"item\":\"https:\/\/www.nettali.com\/\"},{\"@type\":\"ListItem\",\"position\":2,\"name\":\"TEUNGUEUTH FC\/ZAMALEK &#8211; La Caf dit niet \\u00e0 un report\"}]},{\"@type\":\"Person\",\"@id\":\"https:\/\/www.nettali.com\/#\/schema\/person\/bb147657c2986240405a608162b9bb23\",\"name\":\"Ibrahima\",\"image\":{\"@type\":\"ImageObject\",\"@id\":\"https:\/\/www.nettali.com\/#personlogo\",\"inLanguage\":\"fr-FR\",\"url\":\"https:\/\/secure.gravatar.com\/avatar\/26a8a81f09f0dd7624c9d5c36c9ba3a2?s=96&d=mm&r=g\",\"contentUrl\":\"https:\/\/secure.gravatar.com\/avatar\/26a8a81f09f0dd7624c9d5c36c9ba3a2?s=96&d=mm&r=g\",\"caption\":\"Ibrahima\"},\"sameAs\":[\"https:\/\/www.nettali.com\"]}]}<\/script>\n<!-- \/ Yoast SEO Premium plugin. -->","yoast_head_json":{"title":"TEUNGUEUTH FC\/ZAMALEK - La Caf dit niet \u00e0 un report | Nettali.com","robots":{"index":"index","follow":"follow","max-snippet":"max-snippet:-1","max-image-preview":"max-image-preview:large","max-video-preview":"max-video-preview:-1"},"canonical":"https:\/\/www.nettali.com\/2021\/02\/22\/teungueuth-fc-zamalek-la-caf-dit-niet-a-un-report\/","og_locale":"fr_FR","og_type":"article","og_title":"TEUNGUEUTH FC\/ZAMALEK - La Caf dit niet \u00e0 un report","og_description":"NETTALI.COM - Le match Teungueuth FC - Zamalek pour le compte de la deuxi\u00e8me journ\u00e9e de la Ligue africaine des Champions se tiendra comme pr\u00e9vu, ce mardi \u00e0 16h au stade Lat Dior de Thi\u00e8s. En effet, la Caf a rejet\u00e9 la demande du club \u00e9gyptien de reporter de 24h cette rencontre. La Caf a [&hellip;]","og_url":"https:\/\/www.nettali.com\/2021\/02\/22\/teungueuth-fc-zamalek-la-caf-dit-niet-a-un-report\/","og_site_name":"Nettali.com","article_publisher":"https:\/\/www.facebook.com\/nettalicom","article_published_time":"2021-02-22T22:59:59+00:00","og_image":[{"width":1140,"height":788,"url":"https:\/\/www.nettali.com\/wp-content\/uploads\/2021\/02\/Zamalek-1140x788-1.jpg","type":"image\/jpeg"}],"twitter_card":"summary_large_image","twitter_misc":{"\u00c9crit par":"Ibrahima","Dur\u00e9e de lecture estim\u00e9e":"2 minutes"},"schema":{"@context":"https:\/\/schema.org","@graph":[{"@type":"WebSite","@id":"https:\/\/www.nettali.com\/#website","url":"https:\/\/www.nettali.com\/","name":"Nettali.com","description":"Le rendez-vous critique du Net","potentialAction":[{"@type":"SearchAction","target":{"@type":"EntryPoint","urlTemplate":"https:\/\/www.nettali.com\/?s={search_term_string}"},"query-input":"required name=search_term_string"}],"inLanguage":"fr-FR"},{"@type":"ImageObject","@id":"https:\/\/www.nettali.com\/2021\/02\/22\/teungueuth-fc-zamalek-la-caf-dit-niet-a-un-report\/#primaryimage","inLanguage":"fr-FR","url":"https:\/\/www.nettali.com\/wp-content\/uploads\/2021\/02\/Zamalek-1140x788-1.jpg","contentUrl":"https:\/\/www.nettali.com\/wp-content\/uploads\/2021\/02\/Zamalek-1140x788-1.jpg","width":1140,"height":788},{"@type":"WebPage","@id":"https:\/\/www.nettali.com\/2021\/02\/22\/teungueuth-fc-zamalek-la-caf-dit-niet-a-un-report\/#webpage","url":"https:\/\/www.nettali.com\/2021\/02\/22\/teungueuth-fc-zamalek-la-caf-dit-niet-a-un-report\/","name":"TEUNGUEUTH FC\/ZAMALEK - La Caf dit niet \u00e0 un report | Nettali.com","isPartOf":{"@id":"https:\/\/www.nettali.com\/#website"},"primaryImageOfPage":{"@id":"https:\/\/www.nettali.com\/2021\/02\/22\/teungueuth-fc-zamalek-la-caf-dit-niet-a-un-report\/#primaryimage"},"datePublished":"2021-02-22T22:59:59+00:00","dateModified":"2021-02-22T22:59:59+00:00","author":{"@id":"https:\/\/www.nettali.com\/#\/schema\/person\/bb147657c2986240405a608162b9bb23"},"breadcrumb":{"@id":"https:\/\/www.nettali.com\/2021\/02\/22\/teungueuth-fc-zamalek-la-caf-dit-niet-a-un-report\/#breadcrumb"},"inLanguage":"fr-FR","potentialAction":[{"@type":"ReadAction","target":["https:\/\/www.nettali.com\/2021\/02\/22\/teungueuth-fc-zamalek-la-caf-dit-niet-a-un-report\/"]}]},{"@type":"BreadcrumbList","@id":"https:\/\/www.nettali.com\/2021\/02\/22\/teungueuth-fc-zamalek-la-caf-dit-niet-a-un-report\/#breadcrumb","itemListElement":[{"@type":"ListItem","position":1,"name":"Accueil","item":"https:\/\/www.nettali.com\/"},{"@type":"ListItem","position":2,"name":"TEUNGUEUTH FC\/ZAMALEK &#8211; La Caf dit niet \u00e0 un report"}]},{"@type":"Person","@id":"https:\/\/www.nettali.com\/#\/schema\/person\/bb147657c2986240405a608162b9bb23","name":"Ibrahima","image":{"@type":"ImageObject","@id":"https:\/\/www.nettali.com\/#personlogo","inLanguage":"fr-FR","url":"https:\/\/secure.gravatar.com\/avatar\/26a8a81f09f0dd7624c9d5c36c9ba3a2?s=96&d=mm&r=g","contentUrl":"https:\/\/secure.gravatar.com\/avatar\/26a8a81f09f0dd7624c9d5c36c9ba3a2?s=96&d=mm&r=g","caption":"Ibrahima"},"sameAs":["https:\/\/www.nettali.com"]}]}},"_links":{"self":[{"href":"https:\/\/www.nettali.com\/rest\/wp\/v2\/posts\/58170"}],"collection":[{"href":"https:\/\/www.nettali.com\/rest\/wp\/v2\/posts"}],"about":[{"href":"https:\/\/www.nettali.com\/rest\/wp\/v2\/types\/post"}],"author":[{"embeddable":true,"href":"https:\/\/www.nettali.com\/rest\/wp\/v2\/users\/5"}],"replies":[{"embeddable":true,"href":"https:\/\/www.nettali.com\/rest\/wp\/v2\/comments?post=58170"}],"version-history":[{"count":3,"href":"https:\/\/www.nettali.com\/rest\/wp\/v2\/posts\/58170\/revisions"}],"predecessor-version":[{"id":58177,"href":"https:\/\/www.nettali.com\/rest\/wp\/v2\/posts\/58170\/revisions\/58177"}],"wp:featuredmedia":[{"embeddable":true,"href":"https:\/\/www.nettali.com\/rest\/wp\/v2\/media\/58171"}],"wp:attachment":[{"href":"https:\/\/www.nettali.com\/rest\/wp\/v2\/media?parent=58170"}],"wp:term":[{"taxonomy":"category","embeddable":true,"href":"https:\/\/www.nettali.com\/rest\/wp\/v2\/categories?post=58170"},{"taxonomy":"post_tag","embeddable":true,"href":"https:\/\/www.nettali.com\/rest\/wp\/v2\/tags?post=58170"}],"curies":[{"name":"wp","href":"https:\/\/api.w.org\/{rel}","templated":true}]}}