{"id":58168,"date":"2021-02-22T23:06:43","date_gmt":"2021-02-22T23:06:43","guid":{"rendered":"https:\/\/www.nettali.com\/?p=58168"},"modified":"2021-02-23T08:28:14","modified_gmt":"2021-02-23T08:28:14","slug":"menace-de-mort-contre-des-autorites-le-parquet-requiert-la-prison-pour-biram-souley-diop-et-le-controle-judiciaire-pour-son-epouse","status":"publish","type":"post","link":"https:\/\/www.nettali.com\/2021\/02\/22\/menace-de-mort-contre-des-autorites-le-parquet-requiert-la-prison-pour-biram-souley-diop-et-le-controle-judiciaire-pour-son-epouse\/","title":{"rendered":"MENACE DE MORT CONTRE DES AUTORITES - Le parquet requiert la prison pour Biram Souley Diop et le contr\u00f4le judiciaire pour son \u00e9pouse"},"content":{"rendered":"<p><strong>NETTALI.COM - Les choses se corsent pour l'administrateur g\u00e9n\u00e9ral de Pastef et son co-d\u00e9f\u00e9r\u00e9 Dahirou Thiam. Le parquet a requis le mandat de d\u00e9p\u00f4t tandis que le contr\u00f4le judiciaire est demand\u00e9 pour son \u00e9pouse et le reste.\u00a0<\/strong><\/p>\n<p>L'administrateur g\u00e9n\u00e9ralde Pastef, Birame Souley Diop court vers la prison. Le parquet\u00a0 a requis le mandat de d\u00e9p\u00f4t contre lui et le technicien \u00e0 la Sonatel Dahirou Thiam.<\/p>\n<p>En revanche, son \u00e9pouse Patricia Mariam Ngandoul, Abass Fall et l'activiste\u00a0 Fatima Mbengue\u00a0 pourraient \u00eatre libres si le juge d'instruction suit le parquet qui a demand\u00e9\u00a0 qu'ils soient\u00a0 plac\u00e9s sous\u00a0 contr\u00f4le judiciaire.<\/p>\n<p>D\u00e9f\u00e9r\u00e9s depuis vendredi pour Mme Diop ainsi que Abass Fall Fatima Mbengue, ils ont fait l'objet d'un retour de parquet. Selon nos sources, c'est\u00a0 \u00e0 cause des lenteurs administratives qu'ils n'ont pas encore fait face au juge d'instruction en charge de leur dossier.<\/p>\n<p>Ils sont poursuivis pour menaces de mort, diffusion de fausses nouvelles et diffusion d\u2019\u00e9crits contraires aux bonnes m\u0153urs.<br \/>\nPour sa part, Birame Soul\u00e8ye Diop, administrateur g\u00e9n\u00e9ral du Pastef a \u00e9t\u00e9 plac\u00e9 en garde \u00e0 vue \u00e0 la Division des investigations criminelles (Dic) le vendredi.\u00a0 C'est ce lundi qu'il a \u00e9t\u00e9 d\u00e9f\u00e9r\u00e9.<\/p>\n<div class='share-to-whatsapp-wrapper'><div class='share-on-whsp'>PARTAGER SUR : <\/div><a data-text='MENACE DE MORT CONTRE DES AUTORITES - Le parquet requiert la prison pour Biram Souley Diop et le contr\u00f4le judiciaire pour son \u00e9pouse' data-link='https:\/\/www.nettali.com\/2021\/02\/22\/menace-de-mort-contre-des-autorites-le-parquet-requiert-la-prison-pour-biram-souley-diop-et-le-controle-judiciaire-pour-son-epouse\/' class='whatsapp-button whatsapp-share'>WhatsApp<\/a><div class='clear '><\/div><\/div>","protected":false},"excerpt":{"rendered":"<p>NETTALI.COM - Les choses se corsent pour l'administrateur g\u00e9n\u00e9ral de Pastef et son co-d\u00e9f\u00e9r\u00e9 Dahirou Thiam. Le parquet a requis le mandat de d\u00e9p\u00f4t tandis que le contr\u00f4le judiciaire est demand\u00e9 pour son \u00e9pouse et le reste.\u00a0 L'administrateur g\u00e9n\u00e9ralde Pastef, Birame Souley Diop court vers la prison. Le parquet\u00a0 a requis le mandat de d\u00e9p\u00f4t [&hellip;]<\/p>\n","protected":false},"author":6,"featured_media":52500,"comment_status":"open","ping_status":"open","sticky":false,"template":"","format":"standard","meta":{"_et_pb_use_builder":"","_et_pb_old_content":""},"categories":[3],"tags":[],"yoast_head":"<!-- This site is optimized with the Yoast SEO Premium plugin v17.8 (Yoast SEO v17.8) - https:\/\/yoast.com\/wordpress\/plugins\/seo\/ -->\n<title>MENACE DE MORT CONTRE DES AUTORITES - Le parquet requiert la prison pour Biram Souley Diop et le contr\u00f4le judiciaire pour son \u00e9pouse | Nettali.com<\/title>\n<meta name=\"robots\" content=\"index, follow, max-snippet:-1, max-image-preview:large, max-video-preview:-1\" \/>\n<link rel=\"canonical\" href=\"https:\/\/www.nettali.com\/2021\/02\/22\/menace-de-mort-contre-des-autorites-le-parquet-requiert-la-prison-pour-biram-souley-diop-et-le-controle-judiciaire-pour-son-epouse\/\" \/>\n<meta property=\"og:locale\" content=\"fr_FR\" \/>\n<meta property=\"og:type\" content=\"article\" \/>\n<meta property=\"og:title\" content=\"MENACE DE MORT CONTRE DES AUTORITES - Le parquet requiert la prison pour Biram Souley Diop et le contr\u00f4le judiciaire pour son \u00e9pouse\" \/>\n<meta property=\"og:description\" content=\"NETTALI.COM - Les choses se corsent pour l&#039;administrateur g\u00e9n\u00e9ral de Pastef et son co-d\u00e9f\u00e9r\u00e9 Dahirou Thiam. Le parquet a requis le mandat de d\u00e9p\u00f4t tandis que le contr\u00f4le judiciaire est demand\u00e9 pour son \u00e9pouse et le reste.\u00a0 L&#039;administrateur g\u00e9n\u00e9ralde Pastef, Birame Souley Diop court vers la prison. Le parquet\u00a0 a requis le mandat de d\u00e9p\u00f4t [&hellip;]\" \/>\n<meta property=\"og:url\" content=\"https:\/\/www.nettali.com\/2021\/02\/22\/menace-de-mort-contre-des-autorites-le-parquet-requiert-la-prison-pour-biram-souley-diop-et-le-controle-judiciaire-pour-son-epouse\/\" \/>\n<meta property=\"og:site_name\" content=\"Nettali.com\" \/>\n<meta property=\"article:publisher\" content=\"https:\/\/www.facebook.com\/nettalicom\" \/>\n<meta property=\"article:published_time\" content=\"2021-02-22T23:06:43+00:00\" \/>\n<meta property=\"article:modified_time\" content=\"2021-02-23T08:28:14+00:00\" \/>\n<meta property=\"og:image\" content=\"https:\/\/www.nettali.com\/wp-content\/uploads\/2020\/12\/birame-souley-diop.jpg\" \/>\n\t<meta property=\"og:image:width\" content=\"526\" \/>\n\t<meta property=\"og:image:height\" content=\"526\" \/>\n<meta name=\"twitter:card\" content=\"summary_large_image\" \/>\n<meta name=\"twitter:label1\" content=\"\u00c9crit par\" \/>\n\t<meta name=\"twitter:data1\" content=\"Fatou\" \/>\n\t<meta name=\"twitter:label2\" content=\"Dur\u00e9e de lecture estim\u00e9e\" \/>\n\t<meta name=\"twitter:data2\" content=\"1 minute\" \/>\n<script type=\"application\/ld+json\" class=\"yoast-schema-graph\">{\"@context\":\"https:\/\/schema.org\",\"@graph\":[{\"@type\":\"WebSite\",\"@id\":\"https:\/\/www.nettali.com\/#website\",\"url\":\"https:\/\/www.nettali.com\/\",\"name\":\"Nettali.com\",\"description\":\"Le rendez-vous critique du Net\",\"potentialAction\":[{\"@type\":\"SearchAction\",\"target\":{\"@type\":\"EntryPoint\",\"urlTemplate\":\"https:\/\/www.nettali.com\/?s={search_term_string}\"},\"query-input\":\"required name=search_term_string\"}],\"inLanguage\":\"fr-FR\"},{\"@type\":\"ImageObject\",\"@id\":\"https:\/\/www.nettali.com\/2021\/02\/22\/menace-de-mort-contre-des-autorites-le-parquet-requiert-la-prison-pour-biram-souley-diop-et-le-controle-judiciaire-pour-son-epouse\/#primaryimage\",\"inLanguage\":\"fr-FR\",\"url\":\"https:\/\/www.nettali.com\/wp-content\/uploads\/2020\/12\/birame-souley-diop.jpg\",\"contentUrl\":\"https:\/\/www.nettali.com\/wp-content\/uploads\/2020\/12\/birame-souley-diop.jpg\",\"width\":526,\"height\":526},{\"@type\":\"WebPage\",\"@id\":\"https:\/\/www.nettali.com\/2021\/02\/22\/menace-de-mort-contre-des-autorites-le-parquet-requiert-la-prison-pour-biram-souley-diop-et-le-controle-judiciaire-pour-son-epouse\/#webpage\",\"url\":\"https:\/\/www.nettali.com\/2021\/02\/22\/menace-de-mort-contre-des-autorites-le-parquet-requiert-la-prison-pour-biram-souley-diop-et-le-controle-judiciaire-pour-son-epouse\/\",\"name\":\"MENACE DE MORT CONTRE DES AUTORITES - Le parquet requiert la prison pour Biram Souley Diop et le contr\\u00f4le judiciaire pour son \\u00e9pouse | Nettali.com\",\"isPartOf\":{\"@id\":\"https:\/\/www.nettali.com\/#website\"},\"primaryImageOfPage\":{\"@id\":\"https:\/\/www.nettali.com\/2021\/02\/22\/menace-de-mort-contre-des-autorites-le-parquet-requiert-la-prison-pour-biram-souley-diop-et-le-controle-judiciaire-pour-son-epouse\/#primaryimage\"},\"datePublished\":\"2021-02-22T23:06:43+00:00\",\"dateModified\":\"2021-02-23T08:28:14+00:00\",\"author\":{\"@id\":\"https:\/\/www.nettali.com\/#\/schema\/person\/418274a86bdf87caff7a3ef476bd0bbf\"},\"breadcrumb\":{\"@id\":\"https:\/\/www.nettali.com\/2021\/02\/22\/menace-de-mort-contre-des-autorites-le-parquet-requiert-la-prison-pour-biram-souley-diop-et-le-controle-judiciaire-pour-son-epouse\/#breadcrumb\"},\"inLanguage\":\"fr-FR\",\"potentialAction\":[{\"@type\":\"ReadAction\",\"target\":[\"https:\/\/www.nettali.com\/2021\/02\/22\/menace-de-mort-contre-des-autorites-le-parquet-requiert-la-prison-pour-biram-souley-diop-et-le-controle-judiciaire-pour-son-epouse\/\"]}]},{\"@type\":\"BreadcrumbList\",\"@id\":\"https:\/\/www.nettali.com\/2021\/02\/22\/menace-de-mort-contre-des-autorites-le-parquet-requiert-la-prison-pour-biram-souley-diop-et-le-controle-judiciaire-pour-son-epouse\/#breadcrumb\",\"itemListElement\":[{\"@type\":\"ListItem\",\"position\":1,\"name\":\"Accueil\",\"item\":\"https:\/\/www.nettali.com\/\"},{\"@type\":\"ListItem\",\"position\":2,\"name\":\"MENACE DE MORT CONTRE DES AUTORITES &#8211; Le parquet requiert la prison pour Biram Souley Diop et le contr\\u00f4le judiciaire pour son \\u00e9pouse\"}]},{\"@type\":\"Person\",\"@id\":\"https:\/\/www.nettali.com\/#\/schema\/person\/418274a86bdf87caff7a3ef476bd0bbf\",\"name\":\"Fatou\",\"image\":{\"@type\":\"ImageObject\",\"@id\":\"https:\/\/www.nettali.com\/#personlogo\",\"inLanguage\":\"fr-FR\",\"url\":\"https:\/\/secure.gravatar.com\/avatar\/5a9442a2bee7b4dcf167cab035858e9a?s=96&d=mm&r=g\",\"contentUrl\":\"https:\/\/secure.gravatar.com\/avatar\/5a9442a2bee7b4dcf167cab035858e9a?s=96&d=mm&r=g\",\"caption\":\"Fatou\"},\"sameAs\":[\"https:\/\/www.nettali.com\"]}]}<\/script>\n<!-- \/ Yoast SEO Premium plugin. -->","yoast_head_json":{"title":"MENACE DE MORT CONTRE DES AUTORITES - Le parquet requiert la prison pour Biram Souley Diop et le contr\u00f4le judiciaire pour son \u00e9pouse | Nettali.com","robots":{"index":"index","follow":"follow","max-snippet":"max-snippet:-1","max-image-preview":"max-image-preview:large","max-video-preview":"max-video-preview:-1"},"canonical":"https:\/\/www.nettali.com\/2021\/02\/22\/menace-de-mort-contre-des-autorites-le-parquet-requiert-la-prison-pour-biram-souley-diop-et-le-controle-judiciaire-pour-son-epouse\/","og_locale":"fr_FR","og_type":"article","og_title":"MENACE DE MORT CONTRE DES AUTORITES - Le parquet requiert la prison pour Biram Souley Diop et le contr\u00f4le judiciaire pour son \u00e9pouse","og_description":"NETTALI.COM - Les choses se corsent pour l'administrateur g\u00e9n\u00e9ral de Pastef et son co-d\u00e9f\u00e9r\u00e9 Dahirou Thiam. Le parquet a requis le mandat de d\u00e9p\u00f4t tandis que le contr\u00f4le judiciaire est demand\u00e9 pour son \u00e9pouse et le reste.\u00a0 L'administrateur g\u00e9n\u00e9ralde Pastef, Birame Souley Diop court vers la prison. Le parquet\u00a0 a requis le mandat de d\u00e9p\u00f4t [&hellip;]","og_url":"https:\/\/www.nettali.com\/2021\/02\/22\/menace-de-mort-contre-des-autorites-le-parquet-requiert-la-prison-pour-biram-souley-diop-et-le-controle-judiciaire-pour-son-epouse\/","og_site_name":"Nettali.com","article_publisher":"https:\/\/www.facebook.com\/nettalicom","article_published_time":"2021-02-22T23:06:43+00:00","article_modified_time":"2021-02-23T08:28:14+00:00","og_image":[{"width":526,"height":526,"url":"https:\/\/www.nettali.com\/wp-content\/uploads\/2020\/12\/birame-souley-diop.jpg","type":"image\/jpeg"}],"twitter_card":"summary_large_image","twitter_misc":{"\u00c9crit par":"Fatou","Dur\u00e9e de lecture estim\u00e9e":"1 minute"},"schema":{"@context":"https:\/\/schema.org","@graph":[{"@type":"WebSite","@id":"https:\/\/www.nettali.com\/#website","url":"https:\/\/www.nettali.com\/","name":"Nettali.com","description":"Le rendez-vous critique du Net","potentialAction":[{"@type":"SearchAction","target":{"@type":"EntryPoint","urlTemplate":"https:\/\/www.nettali.com\/?s={search_term_string}"},"query-input":"required name=search_term_string"}],"inLanguage":"fr-FR"},{"@type":"ImageObject","@id":"https:\/\/www.nettali.com\/2021\/02\/22\/menace-de-mort-contre-des-autorites-le-parquet-requiert-la-prison-pour-biram-souley-diop-et-le-controle-judiciaire-pour-son-epouse\/#primaryimage","inLanguage":"fr-FR","url":"https:\/\/www.nettali.com\/wp-content\/uploads\/2020\/12\/birame-souley-diop.jpg","contentUrl":"https:\/\/www.nettali.com\/wp-content\/uploads\/2020\/12\/birame-souley-diop.jpg","width":526,"height":526},{"@type":"WebPage","@id":"https:\/\/www.nettali.com\/2021\/02\/22\/menace-de-mort-contre-des-autorites-le-parquet-requiert-la-prison-pour-biram-souley-diop-et-le-controle-judiciaire-pour-son-epouse\/#webpage","url":"https:\/\/www.nettali.com\/2021\/02\/22\/menace-de-mort-contre-des-autorites-le-parquet-requiert-la-prison-pour-biram-souley-diop-et-le-controle-judiciaire-pour-son-epouse\/","name":"MENACE DE MORT CONTRE DES AUTORITES - Le parquet requiert la prison pour Biram Souley Diop et le contr\u00f4le judiciaire pour son \u00e9pouse | Nettali.com","isPartOf":{"@id":"https:\/\/www.nettali.com\/#website"},"primaryImageOfPage":{"@id":"https:\/\/www.nettali.com\/2021\/02\/22\/menace-de-mort-contre-des-autorites-le-parquet-requiert-la-prison-pour-biram-souley-diop-et-le-controle-judiciaire-pour-son-epouse\/#primaryimage"},"datePublished":"2021-02-22T23:06:43+00:00","dateModified":"2021-02-23T08:28:14+00:00","author":{"@id":"https:\/\/www.nettali.com\/#\/schema\/person\/418274a86bdf87caff7a3ef476bd0bbf"},"breadcrumb":{"@id":"https:\/\/www.nettali.com\/2021\/02\/22\/menace-de-mort-contre-des-autorites-le-parquet-requiert-la-prison-pour-biram-souley-diop-et-le-controle-judiciaire-pour-son-epouse\/#breadcrumb"},"inLanguage":"fr-FR","potentialAction":[{"@type":"ReadAction","target":["https:\/\/www.nettali.com\/2021\/02\/22\/menace-de-mort-contre-des-autorites-le-parquet-requiert-la-prison-pour-biram-souley-diop-et-le-controle-judiciaire-pour-son-epouse\/"]}]},{"@type":"BreadcrumbList","@id":"https:\/\/www.nettali.com\/2021\/02\/22\/menace-de-mort-contre-des-autorites-le-parquet-requiert-la-prison-pour-biram-souley-diop-et-le-controle-judiciaire-pour-son-epouse\/#breadcrumb","itemListElement":[{"@type":"ListItem","position":1,"name":"Accueil","item":"https:\/\/www.nettali.com\/"},{"@type":"ListItem","position":2,"name":"MENACE DE MORT CONTRE DES AUTORITES &#8211; Le parquet requiert la prison pour Biram Souley Diop et le contr\u00f4le judiciaire pour son \u00e9pouse"}]},{"@type":"Person","@id":"https:\/\/www.nettali.com\/#\/schema\/person\/418274a86bdf87caff7a3ef476bd0bbf","name":"Fatou","image":{"@type":"ImageObject","@id":"https:\/\/www.nettali.com\/#personlogo","inLanguage":"fr-FR","url":"https:\/\/secure.gravatar.com\/avatar\/5a9442a2bee7b4dcf167cab035858e9a?s=96&d=mm&r=g","contentUrl":"https:\/\/secure.gravatar.com\/avatar\/5a9442a2bee7b4dcf167cab035858e9a?s=96&d=mm&r=g","caption":"Fatou"},"sameAs":["https:\/\/www.nettali.com"]}]}},"_links":{"self":[{"href":"https:\/\/www.nettali.com\/rest\/wp\/v2\/posts\/58168"}],"collection":[{"href":"https:\/\/www.nettali.com\/rest\/wp\/v2\/posts"}],"about":[{"href":"https:\/\/www.nettali.com\/rest\/wp\/v2\/types\/post"}],"author":[{"embeddable":true,"href":"https:\/\/www.nettali.com\/rest\/wp\/v2\/users\/6"}],"replies":[{"embeddable":true,"href":"https:\/\/www.nettali.com\/rest\/wp\/v2\/comments?post=58168"}],"version-history":[{"count":6,"href":"https:\/\/www.nettali.com\/rest\/wp\/v2\/posts\/58168\/revisions"}],"predecessor-version":[{"id":58188,"href":"https:\/\/www.nettali.com\/rest\/wp\/v2\/posts\/58168\/revisions\/58188"}],"wp:featuredmedia":[{"embeddable":true,"href":"https:\/\/www.nettali.com\/rest\/wp\/v2\/media\/52500"}],"wp:attachment":[{"href":"https:\/\/www.nettali.com\/rest\/wp\/v2\/media?parent=58168"}],"wp:term":[{"taxonomy":"category","embeddable":true,"href":"https:\/\/www.nettali.com\/rest\/wp\/v2\/categories?post=58168"},{"taxonomy":"post_tag","embeddable":true,"href":"https:\/\/www.nettali.com\/rest\/wp\/v2\/tags?post=58168"}],"curies":[{"name":"wp","href":"https:\/\/api.w.org\/{rel}","templated":true}]}}