{"id":58122,"date":"2021-02-22T12:13:31","date_gmt":"2021-02-22T12:13:31","guid":{"rendered":"https:\/\/www.nettali.com\/?p=58122"},"modified":"2021-02-22T12:13:31","modified_gmt":"2021-02-22T12:13:31","slug":"coronavirus-au-senegal-tendance-orientee-a-la-baisse","status":"publish","type":"post","link":"https:\/\/www.nettali.com\/2021\/02\/22\/coronavirus-au-senegal-tendance-orientee-a-la-baisse\/","title":{"rendered":"CORONAVIRUS AU S\u00c9N\u00c9GAL - Tendance orient\u00e9e \u00e0 la baisse"},"content":{"rendered":"<p><strong>NETTALI.COM - Le minist\u00e8re de la Sant\u00e9 et de l'Action sociale a annonc\u00e9 ce lundi 22 f\u00e9vrier, de nouveaux cas de contamination au Coronavirus et 6 nouveaux d\u00e9c\u00e8s. Un chiffre qui porte le total de morts \u00e0 814.<\/strong><\/p>\n<p>Sur 1.931 tests, 172 sont revenus positifs. Il s'agit de 45 cas contacts et 127 cas issus de la transmission communautaire.<\/p>\n<p>294 patients qui \u00e9taient hospitalis\u00e9s sont d\u00e9clar\u00e9s gu\u00e9ris. 56 cas graves sont en r\u00e9animation.<\/p>\n<p>Par ailleurs, 6 nouveaux d\u00e9c\u00e8s li\u00e9s au Coronavirus ont \u00e9t\u00e9 enregistr\u00e9s hier, dimanche f\u00e9vrier.<\/p>\n<p>A ce jour, le S\u00e9n\u00e9gal compte 33.099 cas confirm\u00e9s dont 27.428 gu\u00e9ris, 4 856 sous traitement et 814 d\u00e9c\u00e8s.<\/p>\n<div class='share-to-whatsapp-wrapper'><div class='share-on-whsp'>PARTAGER SUR : <\/div><a data-text='CORONAVIRUS AU S\u00c9N\u00c9GAL - Tendance orient\u00e9e \u00e0 la baisse' data-link='https:\/\/www.nettali.com\/2021\/02\/22\/coronavirus-au-senegal-tendance-orientee-a-la-baisse\/' class='whatsapp-button whatsapp-share'>WhatsApp<\/a><div class='clear '><\/div><\/div>","protected":false},"excerpt":{"rendered":"<p>NETTALI.COM - Le minist\u00e8re de la Sant\u00e9 et de l'Action sociale a annonc\u00e9 ce lundi 22 f\u00e9vrier, de nouveaux cas de contamination au Coronavirus et 6 nouveaux d\u00e9c\u00e8s. Un chiffre qui porte le total de morts \u00e0 814. Sur 1.931 tests, 172 sont revenus positifs. Il s'agit de 45 cas contacts et 127 cas issus [&hellip;]<\/p>\n","protected":false},"author":5,"featured_media":57271,"comment_status":"open","ping_status":"open","sticky":false,"template":"","format":"standard","meta":{"_et_pb_use_builder":"","_et_pb_old_content":""},"categories":[22],"tags":[],"yoast_head":"<!-- This site is optimized with the Yoast SEO Premium plugin v17.8 (Yoast SEO v17.8) - https:\/\/yoast.com\/wordpress\/plugins\/seo\/ -->\n<title>CORONAVIRUS AU S\u00c9N\u00c9GAL - Tendance orient\u00e9e \u00e0 la baisse | Nettali.com<\/title>\n<meta name=\"robots\" content=\"index, follow, max-snippet:-1, max-image-preview:large, max-video-preview:-1\" \/>\n<link rel=\"canonical\" href=\"https:\/\/www.nettali.com\/2021\/02\/22\/coronavirus-au-senegal-tendance-orientee-a-la-baisse\/\" \/>\n<meta property=\"og:locale\" content=\"fr_FR\" \/>\n<meta property=\"og:type\" content=\"article\" \/>\n<meta property=\"og:title\" content=\"CORONAVIRUS AU S\u00c9N\u00c9GAL - Tendance orient\u00e9e \u00e0 la baisse\" \/>\n<meta property=\"og:description\" content=\"NETTALI.COM - Le minist\u00e8re de la Sant\u00e9 et de l&#039;Action sociale a annonc\u00e9 ce lundi 22 f\u00e9vrier, de nouveaux cas de contamination au Coronavirus et 6 nouveaux d\u00e9c\u00e8s. Un chiffre qui porte le total de morts \u00e0 814. Sur 1.931 tests, 172 sont revenus positifs. Il s&#039;agit de 45 cas contacts et 127 cas issus [&hellip;]\" \/>\n<meta property=\"og:url\" content=\"https:\/\/www.nettali.com\/2021\/02\/22\/coronavirus-au-senegal-tendance-orientee-a-la-baisse\/\" \/>\n<meta property=\"og:site_name\" content=\"Nettali.com\" \/>\n<meta property=\"article:publisher\" content=\"https:\/\/www.facebook.com\/nettalicom\" \/>\n<meta property=\"article:published_time\" content=\"2021-02-22T12:13:31+00:00\" \/>\n<meta property=\"og:image\" content=\"https:\/\/www.nettali.com\/wp-content\/uploads\/2021\/02\/unnamed.png\" \/>\n\t<meta property=\"og:image:width\" content=\"450\" \/>\n\t<meta property=\"og:image:height\" content=\"315\" \/>\n<meta name=\"twitter:card\" content=\"summary_large_image\" \/>\n<meta name=\"twitter:label1\" content=\"\u00c9crit par\" \/>\n\t<meta name=\"twitter:data1\" content=\"Ibrahima\" \/>\n\t<meta name=\"twitter:label2\" content=\"Dur\u00e9e de lecture estim\u00e9e\" \/>\n\t<meta name=\"twitter:data2\" content=\"1 minute\" \/>\n<script type=\"application\/ld+json\" class=\"yoast-schema-graph\">{\"@context\":\"https:\/\/schema.org\",\"@graph\":[{\"@type\":\"WebSite\",\"@id\":\"https:\/\/www.nettali.com\/#website\",\"url\":\"https:\/\/www.nettali.com\/\",\"name\":\"Nettali.com\",\"description\":\"Le rendez-vous critique du Net\",\"potentialAction\":[{\"@type\":\"SearchAction\",\"target\":{\"@type\":\"EntryPoint\",\"urlTemplate\":\"https:\/\/www.nettali.com\/?s={search_term_string}\"},\"query-input\":\"required name=search_term_string\"}],\"inLanguage\":\"fr-FR\"},{\"@type\":\"ImageObject\",\"@id\":\"https:\/\/www.nettali.com\/2021\/02\/22\/coronavirus-au-senegal-tendance-orientee-a-la-baisse\/#primaryimage\",\"inLanguage\":\"fr-FR\",\"url\":\"https:\/\/www.nettali.com\/wp-content\/uploads\/2021\/02\/unnamed.png\",\"contentUrl\":\"https:\/\/www.nettali.com\/wp-content\/uploads\/2021\/02\/unnamed.png\",\"width\":450,\"height\":315},{\"@type\":\"WebPage\",\"@id\":\"https:\/\/www.nettali.com\/2021\/02\/22\/coronavirus-au-senegal-tendance-orientee-a-la-baisse\/#webpage\",\"url\":\"https:\/\/www.nettali.com\/2021\/02\/22\/coronavirus-au-senegal-tendance-orientee-a-la-baisse\/\",\"name\":\"CORONAVIRUS AU S\\u00c9N\\u00c9GAL - Tendance orient\\u00e9e \\u00e0 la baisse | Nettali.com\",\"isPartOf\":{\"@id\":\"https:\/\/www.nettali.com\/#website\"},\"primaryImageOfPage\":{\"@id\":\"https:\/\/www.nettali.com\/2021\/02\/22\/coronavirus-au-senegal-tendance-orientee-a-la-baisse\/#primaryimage\"},\"datePublished\":\"2021-02-22T12:13:31+00:00\",\"dateModified\":\"2021-02-22T12:13:31+00:00\",\"author\":{\"@id\":\"https:\/\/www.nettali.com\/#\/schema\/person\/bb147657c2986240405a608162b9bb23\"},\"breadcrumb\":{\"@id\":\"https:\/\/www.nettali.com\/2021\/02\/22\/coronavirus-au-senegal-tendance-orientee-a-la-baisse\/#breadcrumb\"},\"inLanguage\":\"fr-FR\",\"potentialAction\":[{\"@type\":\"ReadAction\",\"target\":[\"https:\/\/www.nettali.com\/2021\/02\/22\/coronavirus-au-senegal-tendance-orientee-a-la-baisse\/\"]}]},{\"@type\":\"BreadcrumbList\",\"@id\":\"https:\/\/www.nettali.com\/2021\/02\/22\/coronavirus-au-senegal-tendance-orientee-a-la-baisse\/#breadcrumb\",\"itemListElement\":[{\"@type\":\"ListItem\",\"position\":1,\"name\":\"Accueil\",\"item\":\"https:\/\/www.nettali.com\/\"},{\"@type\":\"ListItem\",\"position\":2,\"name\":\"CORONAVIRUS AU S\\u00c9N\\u00c9GAL &#8211; Tendance orient\\u00e9e \\u00e0 la baisse\"}]},{\"@type\":\"Person\",\"@id\":\"https:\/\/www.nettali.com\/#\/schema\/person\/bb147657c2986240405a608162b9bb23\",\"name\":\"Ibrahima\",\"image\":{\"@type\":\"ImageObject\",\"@id\":\"https:\/\/www.nettali.com\/#personlogo\",\"inLanguage\":\"fr-FR\",\"url\":\"https:\/\/secure.gravatar.com\/avatar\/26a8a81f09f0dd7624c9d5c36c9ba3a2?s=96&d=mm&r=g\",\"contentUrl\":\"https:\/\/secure.gravatar.com\/avatar\/26a8a81f09f0dd7624c9d5c36c9ba3a2?s=96&d=mm&r=g\",\"caption\":\"Ibrahima\"},\"sameAs\":[\"https:\/\/www.nettali.com\"]}]}<\/script>\n<!-- \/ Yoast SEO Premium plugin. -->","yoast_head_json":{"title":"CORONAVIRUS AU S\u00c9N\u00c9GAL - Tendance orient\u00e9e \u00e0 la baisse | Nettali.com","robots":{"index":"index","follow":"follow","max-snippet":"max-snippet:-1","max-image-preview":"max-image-preview:large","max-video-preview":"max-video-preview:-1"},"canonical":"https:\/\/www.nettali.com\/2021\/02\/22\/coronavirus-au-senegal-tendance-orientee-a-la-baisse\/","og_locale":"fr_FR","og_type":"article","og_title":"CORONAVIRUS AU S\u00c9N\u00c9GAL - Tendance orient\u00e9e \u00e0 la baisse","og_description":"NETTALI.COM - Le minist\u00e8re de la Sant\u00e9 et de l'Action sociale a annonc\u00e9 ce lundi 22 f\u00e9vrier, de nouveaux cas de contamination au Coronavirus et 6 nouveaux d\u00e9c\u00e8s. Un chiffre qui porte le total de morts \u00e0 814. Sur 1.931 tests, 172 sont revenus positifs. Il s'agit de 45 cas contacts et 127 cas issus [&hellip;]","og_url":"https:\/\/www.nettali.com\/2021\/02\/22\/coronavirus-au-senegal-tendance-orientee-a-la-baisse\/","og_site_name":"Nettali.com","article_publisher":"https:\/\/www.facebook.com\/nettalicom","article_published_time":"2021-02-22T12:13:31+00:00","og_image":[{"width":450,"height":315,"url":"https:\/\/www.nettali.com\/wp-content\/uploads\/2021\/02\/unnamed.png","type":"image\/png"}],"twitter_card":"summary_large_image","twitter_misc":{"\u00c9crit par":"Ibrahima","Dur\u00e9e de lecture estim\u00e9e":"1 minute"},"schema":{"@context":"https:\/\/schema.org","@graph":[{"@type":"WebSite","@id":"https:\/\/www.nettali.com\/#website","url":"https:\/\/www.nettali.com\/","name":"Nettali.com","description":"Le rendez-vous critique du Net","potentialAction":[{"@type":"SearchAction","target":{"@type":"EntryPoint","urlTemplate":"https:\/\/www.nettali.com\/?s={search_term_string}"},"query-input":"required name=search_term_string"}],"inLanguage":"fr-FR"},{"@type":"ImageObject","@id":"https:\/\/www.nettali.com\/2021\/02\/22\/coronavirus-au-senegal-tendance-orientee-a-la-baisse\/#primaryimage","inLanguage":"fr-FR","url":"https:\/\/www.nettali.com\/wp-content\/uploads\/2021\/02\/unnamed.png","contentUrl":"https:\/\/www.nettali.com\/wp-content\/uploads\/2021\/02\/unnamed.png","width":450,"height":315},{"@type":"WebPage","@id":"https:\/\/www.nettali.com\/2021\/02\/22\/coronavirus-au-senegal-tendance-orientee-a-la-baisse\/#webpage","url":"https:\/\/www.nettali.com\/2021\/02\/22\/coronavirus-au-senegal-tendance-orientee-a-la-baisse\/","name":"CORONAVIRUS AU S\u00c9N\u00c9GAL - Tendance orient\u00e9e \u00e0 la baisse | Nettali.com","isPartOf":{"@id":"https:\/\/www.nettali.com\/#website"},"primaryImageOfPage":{"@id":"https:\/\/www.nettali.com\/2021\/02\/22\/coronavirus-au-senegal-tendance-orientee-a-la-baisse\/#primaryimage"},"datePublished":"2021-02-22T12:13:31+00:00","dateModified":"2021-02-22T12:13:31+00:00","author":{"@id":"https:\/\/www.nettali.com\/#\/schema\/person\/bb147657c2986240405a608162b9bb23"},"breadcrumb":{"@id":"https:\/\/www.nettali.com\/2021\/02\/22\/coronavirus-au-senegal-tendance-orientee-a-la-baisse\/#breadcrumb"},"inLanguage":"fr-FR","potentialAction":[{"@type":"ReadAction","target":["https:\/\/www.nettali.com\/2021\/02\/22\/coronavirus-au-senegal-tendance-orientee-a-la-baisse\/"]}]},{"@type":"BreadcrumbList","@id":"https:\/\/www.nettali.com\/2021\/02\/22\/coronavirus-au-senegal-tendance-orientee-a-la-baisse\/#breadcrumb","itemListElement":[{"@type":"ListItem","position":1,"name":"Accueil","item":"https:\/\/www.nettali.com\/"},{"@type":"ListItem","position":2,"name":"CORONAVIRUS AU S\u00c9N\u00c9GAL &#8211; Tendance orient\u00e9e \u00e0 la baisse"}]},{"@type":"Person","@id":"https:\/\/www.nettali.com\/#\/schema\/person\/bb147657c2986240405a608162b9bb23","name":"Ibrahima","image":{"@type":"ImageObject","@id":"https:\/\/www.nettali.com\/#personlogo","inLanguage":"fr-FR","url":"https:\/\/secure.gravatar.com\/avatar\/26a8a81f09f0dd7624c9d5c36c9ba3a2?s=96&d=mm&r=g","contentUrl":"https:\/\/secure.gravatar.com\/avatar\/26a8a81f09f0dd7624c9d5c36c9ba3a2?s=96&d=mm&r=g","caption":"Ibrahima"},"sameAs":["https:\/\/www.nettali.com"]}]}},"_links":{"self":[{"href":"https:\/\/www.nettali.com\/rest\/wp\/v2\/posts\/58122"}],"collection":[{"href":"https:\/\/www.nettali.com\/rest\/wp\/v2\/posts"}],"about":[{"href":"https:\/\/www.nettali.com\/rest\/wp\/v2\/types\/post"}],"author":[{"embeddable":true,"href":"https:\/\/www.nettali.com\/rest\/wp\/v2\/users\/5"}],"replies":[{"embeddable":true,"href":"https:\/\/www.nettali.com\/rest\/wp\/v2\/comments?post=58122"}],"version-history":[{"count":3,"href":"https:\/\/www.nettali.com\/rest\/wp\/v2\/posts\/58122\/revisions"}],"predecessor-version":[{"id":58130,"href":"https:\/\/www.nettali.com\/rest\/wp\/v2\/posts\/58122\/revisions\/58130"}],"wp:featuredmedia":[{"embeddable":true,"href":"https:\/\/www.nettali.com\/rest\/wp\/v2\/media\/57271"}],"wp:attachment":[{"href":"https:\/\/www.nettali.com\/rest\/wp\/v2\/media?parent=58122"}],"wp:term":[{"taxonomy":"category","embeddable":true,"href":"https:\/\/www.nettali.com\/rest\/wp\/v2\/categories?post=58122"},{"taxonomy":"post_tag","embeddable":true,"href":"https:\/\/www.nettali.com\/rest\/wp\/v2\/tags?post=58122"}],"curies":[{"name":"wp","href":"https:\/\/api.w.org\/{rel}","templated":true}]}}