{"id":58016,"date":"2021-02-20T20:06:46","date_gmt":"2021-02-20T20:06:46","guid":{"rendered":"https:\/\/www.nettali.com\/?p=58016"},"modified":"2021-02-20T20:06:46","modified_gmt":"2021-02-20T20:06:46","slug":"covid-19-thierno-lo-plaide-pour-une-vaccination-massive","status":"publish","type":"post","link":"https:\/\/www.nettali.com\/2021\/02\/20\/covid-19-thierno-lo-plaide-pour-une-vaccination-massive\/","title":{"rendered":"COVID-19 - Thierno L\u00f4 plaide pour une vaccination massive"},"content":{"rendered":"<p><strong>NETTALI.COM - Les S\u00e9n\u00e9galais doivent sortir en masse pour aller prendre le vaccin contre le Coronavirus. Tel l'appel du pr\u00e9sident de l\u2019Alliance pour la Paix et le D\u00e9veloppement (A.P.D)\u00a0 et de la coalition ADIANA, Thierno L\u00f4. En conf\u00e9rence ce samedi, l'ancien ministre du tourisme invite les leaders d'opinion \u00e0 sensibiliser la population s\u00e9n\u00e9galaise.<\/strong><\/p>\n<p>Dans le cadre de la lutte contre la pand\u00e9mie, le S\u00e9n\u00e9gal a receptionn\u00e9 cette seamine 200.000 doses de vaccins. Un geste vivement salu\u00e9 par Thierno L\u00f4 qui a d'ailleurs port\u00e9 la voix de la sensibilisation.<\/p>\n<p>\" <em>La communaut\u00e9 religieuse qui voit ses mots d'ordre repris par les disciples sans coup f\u00e9rir, \u00e0 exhorter tous ceux qui sont sous leur autorit\u00e9 d'aller se faire vacciner s'ils y sont \u00e9ligibles. Ce qui permettra \u00e0 beaucoup de S\u00e9n\u00e9galais qui ont des appr\u00e9hensions d'\u00eatre rassur\u00e9s car le mot d'ordre vient de leur marabout<\/em>\", a laiss\u00e9 entendre l'ancien ministre sous Wade devant la presse.<\/p>\n<p>Au del\u00e0 des chefs religieux, Thierno L\u00f4 estime que les chanteurs, lutteurs et hommes politiques peuvent \u00e9galement jouer un r\u00f4le important dans la sensibilisation.<\/p>\n<p>\" <em>Les leaders de la musique tels que Youssou Ndour, Wally Seck, les rappeurs et les lutteurs etc doivent aussi donner eux aussi des mots d'ordre pour la vaccination. En effet, si ce n'\u00e9tait pas le contexte marqu\u00e9 par les interdictions de rassemblements, on leur aurait m\u00eame demand\u00e9 d'organiser des manifestations avec des tickets de vaccination comme tickets d'entr\u00e9e<\/em>\", dit-il.<br \/>\nAvant d'ajouter : \" <em>pour les partis politiques, il est n\u00e9cessaire que la course qu'il y'avait pour le parrainage soit celle du nombre de vaccin\u00e9s, de sensibilisations et de dotations en produits, masques et de gels pour le respect des mesures barri\u00e8res. Toujours dans cette optique, les scientifiques qui ont des propositions doivent aller les exposer au niveau du comit\u00e9 scientifique et non devant des novices, sur des plateaux de t\u00e9l\u00e9s au risque de brouiller les esprits, ce qui entra\u00eene des d\u00e9sinformations<\/em>\".<\/p>\n<p><strong>Halte \u00e0 la victimisation<\/strong><\/p>\n<p>S'agissant de la crainte qu'\u00e9prouvent bon nombre de S\u00e9n\u00e9galais, Thierno L\u00f4 exhorte la population africaine en g\u00e9n\u00e9rale et celle s\u00e9n\u00e9galaise en particulier \u00e0 faire confiance aux scientifiques et d'arr\u00eater de jouer \u00e0 la victimisation.<\/p>\n<p>\" <em>Arr\u00eatons de nous consid\u00e9rer comme des cobayes du monde ou une race \u00e0 part. Nous sommes des citoyens du monde, nous sommes des acteurs, arr\u00eatons la victimisation et les analyses pu\u00e9riles et d\u00e9gradantes. Mettons fin \u00e0 ce d\u00e9ni des comp\u00e9tences et des qualit\u00e9s pour nous pr\u00e9occuper de l'int\u00e9r\u00eat g\u00e9n\u00e9ral car nous sommes \u00e0 la crois\u00e9e des chemins qui interpelle nos responsabilit\u00e9s. Ne politisons pas les actions et directives, saluons et accompagnons ce qui se fait<\/em>\", lance-t-il.<\/p>\n<div class='share-to-whatsapp-wrapper'><div class='share-on-whsp'>PARTAGER SUR : <\/div><a data-text='COVID-19 - Thierno L\u00f4 plaide pour une vaccination massive' data-link='https:\/\/www.nettali.com\/2021\/02\/20\/covid-19-thierno-lo-plaide-pour-une-vaccination-massive\/' class='whatsapp-button whatsapp-share'>WhatsApp<\/a><div class='clear '><\/div><\/div>","protected":false},"excerpt":{"rendered":"<p>NETTALI.COM - Les S\u00e9n\u00e9galais doivent sortir en masse pour aller prendre le vaccin contre le Coronavirus. Tel l'appel du pr\u00e9sident de l\u2019Alliance pour la Paix et le D\u00e9veloppement (A.P.D)\u00a0 et de la coalition ADIANA, Thierno L\u00f4. En conf\u00e9rence ce samedi, l'ancien ministre du tourisme invite les leaders d'opinion \u00e0 sensibiliser la population s\u00e9n\u00e9galaise. Dans le [&hellip;]<\/p>\n","protected":false},"author":5,"featured_media":58017,"comment_status":"open","ping_status":"open","sticky":false,"template":"","format":"standard","meta":{"_et_pb_use_builder":"","_et_pb_old_content":""},"categories":[16624,3],"tags":[],"yoast_head":"<!-- This site is optimized with the Yoast SEO Premium plugin v17.8 (Yoast SEO v17.8) - https:\/\/yoast.com\/wordpress\/plugins\/seo\/ -->\n<title>COVID-19 - Thierno L\u00f4 plaide pour une vaccination massive | Nettali.com<\/title>\n<meta name=\"robots\" content=\"index, follow, max-snippet:-1, max-image-preview:large, max-video-preview:-1\" \/>\n<link rel=\"canonical\" href=\"https:\/\/www.nettali.com\/2021\/02\/20\/covid-19-thierno-lo-plaide-pour-une-vaccination-massive\/\" \/>\n<meta property=\"og:locale\" content=\"fr_FR\" \/>\n<meta property=\"og:type\" content=\"article\" \/>\n<meta property=\"og:title\" content=\"COVID-19 - Thierno L\u00f4 plaide pour une vaccination massive\" \/>\n<meta property=\"og:description\" content=\"NETTALI.COM - Les S\u00e9n\u00e9galais doivent sortir en masse pour aller prendre le vaccin contre le Coronavirus. Tel l&#039;appel du pr\u00e9sident de l\u2019Alliance pour la Paix et le D\u00e9veloppement (A.P.D)\u00a0 et de la coalition ADIANA, Thierno L\u00f4. En conf\u00e9rence ce samedi, l&#039;ancien ministre du tourisme invite les leaders d&#039;opinion \u00e0 sensibiliser la population s\u00e9n\u00e9galaise. Dans le [&hellip;]\" \/>\n<meta property=\"og:url\" content=\"https:\/\/www.nettali.com\/2021\/02\/20\/covid-19-thierno-lo-plaide-pour-une-vaccination-massive\/\" \/>\n<meta property=\"og:site_name\" content=\"Nettali.com\" \/>\n<meta property=\"article:publisher\" content=\"https:\/\/www.facebook.com\/nettalicom\" \/>\n<meta property=\"article:published_time\" content=\"2021-02-20T20:06:46+00:00\" \/>\n<meta property=\"og:image\" content=\"https:\/\/www.nettali.com\/wp-content\/uploads\/2021\/02\/31515162-29696289.jpg\" \/>\n\t<meta property=\"og:image:width\" content=\"600\" \/>\n\t<meta property=\"og:image:height\" content=\"423\" \/>\n<meta name=\"twitter:card\" content=\"summary_large_image\" \/>\n<meta name=\"twitter:label1\" content=\"\u00c9crit par\" \/>\n\t<meta name=\"twitter:data1\" content=\"Ibrahima\" \/>\n\t<meta name=\"twitter:label2\" content=\"Dur\u00e9e de lecture estim\u00e9e\" \/>\n\t<meta name=\"twitter:data2\" content=\"2 minutes\" \/>\n<script type=\"application\/ld+json\" class=\"yoast-schema-graph\">{\"@context\":\"https:\/\/schema.org\",\"@graph\":[{\"@type\":\"WebSite\",\"@id\":\"https:\/\/www.nettali.com\/#website\",\"url\":\"https:\/\/www.nettali.com\/\",\"name\":\"Nettali.com\",\"description\":\"Le rendez-vous critique du Net\",\"potentialAction\":[{\"@type\":\"SearchAction\",\"target\":{\"@type\":\"EntryPoint\",\"urlTemplate\":\"https:\/\/www.nettali.com\/?s={search_term_string}\"},\"query-input\":\"required name=search_term_string\"}],\"inLanguage\":\"fr-FR\"},{\"@type\":\"ImageObject\",\"@id\":\"https:\/\/www.nettali.com\/2021\/02\/20\/covid-19-thierno-lo-plaide-pour-une-vaccination-massive\/#primaryimage\",\"inLanguage\":\"fr-FR\",\"url\":\"https:\/\/www.nettali.com\/wp-content\/uploads\/2021\/02\/31515162-29696289.jpg\",\"contentUrl\":\"https:\/\/www.nettali.com\/wp-content\/uploads\/2021\/02\/31515162-29696289.jpg\",\"width\":600,\"height\":423},{\"@type\":\"WebPage\",\"@id\":\"https:\/\/www.nettali.com\/2021\/02\/20\/covid-19-thierno-lo-plaide-pour-une-vaccination-massive\/#webpage\",\"url\":\"https:\/\/www.nettali.com\/2021\/02\/20\/covid-19-thierno-lo-plaide-pour-une-vaccination-massive\/\",\"name\":\"COVID-19 - Thierno L\\u00f4 plaide pour une vaccination massive | Nettali.com\",\"isPartOf\":{\"@id\":\"https:\/\/www.nettali.com\/#website\"},\"primaryImageOfPage\":{\"@id\":\"https:\/\/www.nettali.com\/2021\/02\/20\/covid-19-thierno-lo-plaide-pour-une-vaccination-massive\/#primaryimage\"},\"datePublished\":\"2021-02-20T20:06:46+00:00\",\"dateModified\":\"2021-02-20T20:06:46+00:00\",\"author\":{\"@id\":\"https:\/\/www.nettali.com\/#\/schema\/person\/bb147657c2986240405a608162b9bb23\"},\"breadcrumb\":{\"@id\":\"https:\/\/www.nettali.com\/2021\/02\/20\/covid-19-thierno-lo-plaide-pour-une-vaccination-massive\/#breadcrumb\"},\"inLanguage\":\"fr-FR\",\"potentialAction\":[{\"@type\":\"ReadAction\",\"target\":[\"https:\/\/www.nettali.com\/2021\/02\/20\/covid-19-thierno-lo-plaide-pour-une-vaccination-massive\/\"]}]},{\"@type\":\"BreadcrumbList\",\"@id\":\"https:\/\/www.nettali.com\/2021\/02\/20\/covid-19-thierno-lo-plaide-pour-une-vaccination-massive\/#breadcrumb\",\"itemListElement\":[{\"@type\":\"ListItem\",\"position\":1,\"name\":\"Accueil\",\"item\":\"https:\/\/www.nettali.com\/\"},{\"@type\":\"ListItem\",\"position\":2,\"name\":\"COVID-19 &#8211; Thierno L\\u00f4 plaide pour une vaccination massive\"}]},{\"@type\":\"Person\",\"@id\":\"https:\/\/www.nettali.com\/#\/schema\/person\/bb147657c2986240405a608162b9bb23\",\"name\":\"Ibrahima\",\"image\":{\"@type\":\"ImageObject\",\"@id\":\"https:\/\/www.nettali.com\/#personlogo\",\"inLanguage\":\"fr-FR\",\"url\":\"https:\/\/secure.gravatar.com\/avatar\/26a8a81f09f0dd7624c9d5c36c9ba3a2?s=96&d=mm&r=g\",\"contentUrl\":\"https:\/\/secure.gravatar.com\/avatar\/26a8a81f09f0dd7624c9d5c36c9ba3a2?s=96&d=mm&r=g\",\"caption\":\"Ibrahima\"},\"sameAs\":[\"https:\/\/www.nettali.com\"]}]}<\/script>\n<!-- \/ Yoast SEO Premium plugin. -->","yoast_head_json":{"title":"COVID-19 - Thierno L\u00f4 plaide pour une vaccination massive | Nettali.com","robots":{"index":"index","follow":"follow","max-snippet":"max-snippet:-1","max-image-preview":"max-image-preview:large","max-video-preview":"max-video-preview:-1"},"canonical":"https:\/\/www.nettali.com\/2021\/02\/20\/covid-19-thierno-lo-plaide-pour-une-vaccination-massive\/","og_locale":"fr_FR","og_type":"article","og_title":"COVID-19 - Thierno L\u00f4 plaide pour une vaccination massive","og_description":"NETTALI.COM - Les S\u00e9n\u00e9galais doivent sortir en masse pour aller prendre le vaccin contre le Coronavirus. Tel l'appel du pr\u00e9sident de l\u2019Alliance pour la Paix et le D\u00e9veloppement (A.P.D)\u00a0 et de la coalition ADIANA, Thierno L\u00f4. En conf\u00e9rence ce samedi, l'ancien ministre du tourisme invite les leaders d'opinion \u00e0 sensibiliser la population s\u00e9n\u00e9galaise. Dans le [&hellip;]","og_url":"https:\/\/www.nettali.com\/2021\/02\/20\/covid-19-thierno-lo-plaide-pour-une-vaccination-massive\/","og_site_name":"Nettali.com","article_publisher":"https:\/\/www.facebook.com\/nettalicom","article_published_time":"2021-02-20T20:06:46+00:00","og_image":[{"width":600,"height":423,"url":"https:\/\/www.nettali.com\/wp-content\/uploads\/2021\/02\/31515162-29696289.jpg","type":"image\/jpeg"}],"twitter_card":"summary_large_image","twitter_misc":{"\u00c9crit par":"Ibrahima","Dur\u00e9e de lecture estim\u00e9e":"2 minutes"},"schema":{"@context":"https:\/\/schema.org","@graph":[{"@type":"WebSite","@id":"https:\/\/www.nettali.com\/#website","url":"https:\/\/www.nettali.com\/","name":"Nettali.com","description":"Le rendez-vous critique du Net","potentialAction":[{"@type":"SearchAction","target":{"@type":"EntryPoint","urlTemplate":"https:\/\/www.nettali.com\/?s={search_term_string}"},"query-input":"required name=search_term_string"}],"inLanguage":"fr-FR"},{"@type":"ImageObject","@id":"https:\/\/www.nettali.com\/2021\/02\/20\/covid-19-thierno-lo-plaide-pour-une-vaccination-massive\/#primaryimage","inLanguage":"fr-FR","url":"https:\/\/www.nettali.com\/wp-content\/uploads\/2021\/02\/31515162-29696289.jpg","contentUrl":"https:\/\/www.nettali.com\/wp-content\/uploads\/2021\/02\/31515162-29696289.jpg","width":600,"height":423},{"@type":"WebPage","@id":"https:\/\/www.nettali.com\/2021\/02\/20\/covid-19-thierno-lo-plaide-pour-une-vaccination-massive\/#webpage","url":"https:\/\/www.nettali.com\/2021\/02\/20\/covid-19-thierno-lo-plaide-pour-une-vaccination-massive\/","name":"COVID-19 - Thierno L\u00f4 plaide pour une vaccination massive | Nettali.com","isPartOf":{"@id":"https:\/\/www.nettali.com\/#website"},"primaryImageOfPage":{"@id":"https:\/\/www.nettali.com\/2021\/02\/20\/covid-19-thierno-lo-plaide-pour-une-vaccination-massive\/#primaryimage"},"datePublished":"2021-02-20T20:06:46+00:00","dateModified":"2021-02-20T20:06:46+00:00","author":{"@id":"https:\/\/www.nettali.com\/#\/schema\/person\/bb147657c2986240405a608162b9bb23"},"breadcrumb":{"@id":"https:\/\/www.nettali.com\/2021\/02\/20\/covid-19-thierno-lo-plaide-pour-une-vaccination-massive\/#breadcrumb"},"inLanguage":"fr-FR","potentialAction":[{"@type":"ReadAction","target":["https:\/\/www.nettali.com\/2021\/02\/20\/covid-19-thierno-lo-plaide-pour-une-vaccination-massive\/"]}]},{"@type":"BreadcrumbList","@id":"https:\/\/www.nettali.com\/2021\/02\/20\/covid-19-thierno-lo-plaide-pour-une-vaccination-massive\/#breadcrumb","itemListElement":[{"@type":"ListItem","position":1,"name":"Accueil","item":"https:\/\/www.nettali.com\/"},{"@type":"ListItem","position":2,"name":"COVID-19 &#8211; Thierno L\u00f4 plaide pour une vaccination massive"}]},{"@type":"Person","@id":"https:\/\/www.nettali.com\/#\/schema\/person\/bb147657c2986240405a608162b9bb23","name":"Ibrahima","image":{"@type":"ImageObject","@id":"https:\/\/www.nettali.com\/#personlogo","inLanguage":"fr-FR","url":"https:\/\/secure.gravatar.com\/avatar\/26a8a81f09f0dd7624c9d5c36c9ba3a2?s=96&d=mm&r=g","contentUrl":"https:\/\/secure.gravatar.com\/avatar\/26a8a81f09f0dd7624c9d5c36c9ba3a2?s=96&d=mm&r=g","caption":"Ibrahima"},"sameAs":["https:\/\/www.nettali.com"]}]}},"_links":{"self":[{"href":"https:\/\/www.nettali.com\/rest\/wp\/v2\/posts\/58016"}],"collection":[{"href":"https:\/\/www.nettali.com\/rest\/wp\/v2\/posts"}],"about":[{"href":"https:\/\/www.nettali.com\/rest\/wp\/v2\/types\/post"}],"author":[{"embeddable":true,"href":"https:\/\/www.nettali.com\/rest\/wp\/v2\/users\/5"}],"replies":[{"embeddable":true,"href":"https:\/\/www.nettali.com\/rest\/wp\/v2\/comments?post=58016"}],"version-history":[{"count":2,"href":"https:\/\/www.nettali.com\/rest\/wp\/v2\/posts\/58016\/revisions"}],"predecessor-version":[{"id":58019,"href":"https:\/\/www.nettali.com\/rest\/wp\/v2\/posts\/58016\/revisions\/58019"}],"wp:featuredmedia":[{"embeddable":true,"href":"https:\/\/www.nettali.com\/rest\/wp\/v2\/media\/58017"}],"wp:attachment":[{"href":"https:\/\/www.nettali.com\/rest\/wp\/v2\/media?parent=58016"}],"wp:term":[{"taxonomy":"category","embeddable":true,"href":"https:\/\/www.nettali.com\/rest\/wp\/v2\/categories?post=58016"},{"taxonomy":"post_tag","embeddable":true,"href":"https:\/\/www.nettali.com\/rest\/wp\/v2\/tags?post=58016"}],"curies":[{"name":"wp","href":"https:\/\/api.w.org\/{rel}","templated":true}]}}