{"id":58013,"date":"2021-02-20T15:59:55","date_gmt":"2021-02-20T15:59:55","guid":{"rendered":"https:\/\/www.nettali.com\/?p=58013"},"modified":"2021-02-21T13:11:59","modified_gmt":"2021-02-21T13:11:59","slug":"affaire-sonko-les-avocats-de-adji-sarr-precisent-sur-x","status":"publish","type":"post","link":"https:\/\/www.nettali.com\/2021\/02\/20\/affaire-sonko-les-avocats-de-adji-sarr-precisent-sur-x\/","title":{"rendered":"AFFAIRE SONKO - Les avocats de Adji Sarr pr\u00e9cisent sur \"X\""},"content":{"rendered":"<p><strong>NETTALI.COM \u2013 Alors que la proc\u00e9dure s\u2019acc\u00e9l\u00e8re pour la lev\u00e9e de l\u2019immunit\u00e9 parlementaire de Ousmane Sonko, les avocats de Adji Sarr recadrent le d\u00e9bat sur \u00ab\u00a0X\u00a0\u00bb et mettent en garde contre les menaces suppos\u00e9ment subies par leur cliente.<\/strong><\/p>\n<p>Au sujet de la pol\u00e9mique entretenue, \u00e0 tort ou \u00e0 raison, sur ce fameux \u00ab\u00a0X\u00a0\u00bb vis\u00e9 pr\u00e9alablement \u00e0 la lev\u00e9e de l\u2019immunit\u00e9 parlementaire de Ousmane Sonko, les avocats de la masseuse Adji Sarr, Mes Abdou Dialy Kane et El Hadji Diouf ont tenu \u00e0 \u00e9clairer l\u2019opinion, tout en pr\u00e9cisant que la proc\u00e9dure n\u2019est pas entach\u00e9e d\u2019irr\u00e9gularit\u00e9.<\/p>\n<p>\u00ab\u00a0Une information ouverte contre X ne signifie pas forc\u00e9ment que l\u2019auteur du fait poursuivi n\u2019est pas connu. L\u2019auteur du fait poursuivi est certes connu et il s\u2019agit bel et bien de Ousmane Sonko. La notion d\u2019inconnu ne se rapporte pas exclusivement \u00e0 l\u2019identit\u00e9 de l\u2019auteur du crime, mais aussi aux charges qui p\u00e8sent sur lui \u00e0 la lumi\u00e8re des d\u00e9clarations et des t\u00e9moins\u00a0\u00bb, ont expliqu\u00e9 les robes noires, dans une note o\u00f9 ils \u00e9voquent l\u2019article 71 alin\u00e9a 4 du Code de proc\u00e9dure P\u00e9nale pour justifier leur d\u00e9marche.<\/p>\n<p>\u00ab\u00a0Le r\u00e9quisitoire de saisine peut \u00eatre pris contre personne d\u00e9nomm\u00e9e ou non d\u00e9nomm\u00e9e\u00a0\u00bb, \u00e9crivent-ils\u00a0; ajoutant\u00a0: \u00ab\u00a0l\u2019alin\u00e9a 5 du m\u00eame texte pr\u00e9cise que le juge d\u2019instruction a le pouvoir d\u2019inculper toute personne ayant pris part comme auteur ou complice, aux faits qui lui sont d\u00e9f\u00e9r\u00e9s\u00a0\u00bb. En plus clair, rench\u00e9rit le texte\u00a0: \u00ab\u00a0Le juge d\u2019instruction d\u00e9termine souverainement la personne qu\u2019il y a lieu d\u2019inculper et, lorsqu\u2019il s\u2019agit d\u2019un parlementaire, il ne peut poser aucun acte d\u2019instruction sans que son immunit\u00e9 parlementaire ne soit lev\u00e9e\u00a0\u00bb.<\/p>\n<p>Aussi, rel\u00e8vent-ils, que Ousmane Sonko, en d\u00e9pit de sa qualit\u00e9 de d\u00e9put\u00e9 et de chef de parti, n\u2019a plus de dignit\u00e9 et de droits que leur cliente, Adji Sarr.<\/p>\n<p>Pour finir, ces avocats ont exprim\u00e9 la volont\u00e9 de d\u00e9fendre leur cliente \u00ab\u00a0en d\u00e9pit des menaces et des injures qui ne seront que de l\u2019\u00e9cume au sommet de la vague\u00a0\u00bb.<\/p>\n<p>&nbsp;<\/p>\n<div class='share-to-whatsapp-wrapper'><div class='share-on-whsp'>PARTAGER SUR : <\/div><a data-text='AFFAIRE SONKO - Les avocats de Adji Sarr pr\u00e9cisent sur \"X\"' data-link='https:\/\/www.nettali.com\/2021\/02\/20\/affaire-sonko-les-avocats-de-adji-sarr-precisent-sur-x\/' class='whatsapp-button whatsapp-share'>WhatsApp<\/a><div class='clear '><\/div><\/div>","protected":false},"excerpt":{"rendered":"<p>NETTALI.COM \u2013 Alors que la proc\u00e9dure s\u2019acc\u00e9l\u00e8re pour la lev\u00e9e de l\u2019immunit\u00e9 parlementaire de Ousmane Sonko, les avocats de Adji Sarr recadrent le d\u00e9bat sur \u00ab\u00a0X\u00a0\u00bb et mettent en garde contre les menaces suppos\u00e9ment subies par leur cliente. Au sujet de la pol\u00e9mique entretenue, \u00e0 tort ou \u00e0 raison, sur ce fameux \u00ab\u00a0X\u00a0\u00bb vis\u00e9 pr\u00e9alablement [&hellip;]<\/p>\n","protected":false},"author":11,"featured_media":44241,"comment_status":"open","ping_status":"open","sticky":false,"template":"","format":"standard","meta":{"_et_pb_use_builder":"","_et_pb_old_content":""},"categories":[2],"tags":[],"yoast_head":"<!-- This site is optimized with the Yoast SEO Premium plugin v17.8 (Yoast SEO v17.8) - https:\/\/yoast.com\/wordpress\/plugins\/seo\/ -->\n<title>AFFAIRE SONKO - Les avocats de Adji Sarr pr\u00e9cisent sur &quot;X&quot; | Nettali.com<\/title>\n<meta name=\"robots\" content=\"index, follow, max-snippet:-1, max-image-preview:large, max-video-preview:-1\" \/>\n<link rel=\"canonical\" href=\"https:\/\/www.nettali.com\/2021\/02\/20\/affaire-sonko-les-avocats-de-adji-sarr-precisent-sur-x\/\" \/>\n<meta property=\"og:locale\" content=\"fr_FR\" \/>\n<meta property=\"og:type\" content=\"article\" \/>\n<meta property=\"og:title\" content=\"AFFAIRE SONKO - Les avocats de Adji Sarr pr\u00e9cisent sur &quot;X&quot;\" \/>\n<meta property=\"og:description\" content=\"NETTALI.COM \u2013 Alors que la proc\u00e9dure s\u2019acc\u00e9l\u00e8re pour la lev\u00e9e de l\u2019immunit\u00e9 parlementaire de Ousmane Sonko, les avocats de Adji Sarr recadrent le d\u00e9bat sur \u00ab\u00a0X\u00a0\u00bb et mettent en garde contre les menaces suppos\u00e9ment subies par leur cliente. Au sujet de la pol\u00e9mique entretenue, \u00e0 tort ou \u00e0 raison, sur ce fameux \u00ab\u00a0X\u00a0\u00bb vis\u00e9 pr\u00e9alablement [&hellip;]\" \/>\n<meta property=\"og:url\" content=\"https:\/\/www.nettali.com\/2021\/02\/20\/affaire-sonko-les-avocats-de-adji-sarr-precisent-sur-x\/\" \/>\n<meta property=\"og:site_name\" content=\"Nettali.com\" \/>\n<meta property=\"article:publisher\" content=\"https:\/\/www.facebook.com\/nettalicom\" \/>\n<meta property=\"article:published_time\" content=\"2021-02-20T15:59:55+00:00\" \/>\n<meta property=\"article:modified_time\" content=\"2021-02-21T13:11:59+00:00\" \/>\n<meta property=\"og:image\" content=\"https:\/\/www.nettali.com\/wp-content\/uploads\/2020\/08\/me-el-hadji-diouf-3.png\" \/>\n\t<meta property=\"og:image:width\" content=\"2024\" \/>\n\t<meta property=\"og:image:height\" content=\"1234\" \/>\n<meta name=\"twitter:card\" content=\"summary_large_image\" \/>\n<meta name=\"twitter:label1\" content=\"\u00c9crit par\" \/>\n\t<meta name=\"twitter:data1\" content=\"Thierno Diop\" \/>\n\t<meta name=\"twitter:label2\" content=\"Dur\u00e9e de lecture estim\u00e9e\" \/>\n\t<meta name=\"twitter:data2\" content=\"2 minutes\" \/>\n<script type=\"application\/ld+json\" class=\"yoast-schema-graph\">{\"@context\":\"https:\/\/schema.org\",\"@graph\":[{\"@type\":\"WebSite\",\"@id\":\"https:\/\/www.nettali.com\/#website\",\"url\":\"https:\/\/www.nettali.com\/\",\"name\":\"Nettali.com\",\"description\":\"Le rendez-vous critique du Net\",\"potentialAction\":[{\"@type\":\"SearchAction\",\"target\":{\"@type\":\"EntryPoint\",\"urlTemplate\":\"https:\/\/www.nettali.com\/?s={search_term_string}\"},\"query-input\":\"required name=search_term_string\"}],\"inLanguage\":\"fr-FR\"},{\"@type\":\"ImageObject\",\"@id\":\"https:\/\/www.nettali.com\/2021\/02\/20\/affaire-sonko-les-avocats-de-adji-sarr-precisent-sur-x\/#primaryimage\",\"inLanguage\":\"fr-FR\",\"url\":\"https:\/\/www.nettali.com\/wp-content\/uploads\/2020\/08\/me-el-hadji-diouf-3.png\",\"contentUrl\":\"https:\/\/www.nettali.com\/wp-content\/uploads\/2020\/08\/me-el-hadji-diouf-3.png\",\"width\":2024,\"height\":1234},{\"@type\":\"WebPage\",\"@id\":\"https:\/\/www.nettali.com\/2021\/02\/20\/affaire-sonko-les-avocats-de-adji-sarr-precisent-sur-x\/#webpage\",\"url\":\"https:\/\/www.nettali.com\/2021\/02\/20\/affaire-sonko-les-avocats-de-adji-sarr-precisent-sur-x\/\",\"name\":\"AFFAIRE SONKO - Les avocats de Adji Sarr pr\\u00e9cisent sur \\\"X\\\" | Nettali.com\",\"isPartOf\":{\"@id\":\"https:\/\/www.nettali.com\/#website\"},\"primaryImageOfPage\":{\"@id\":\"https:\/\/www.nettali.com\/2021\/02\/20\/affaire-sonko-les-avocats-de-adji-sarr-precisent-sur-x\/#primaryimage\"},\"datePublished\":\"2021-02-20T15:59:55+00:00\",\"dateModified\":\"2021-02-21T13:11:59+00:00\",\"author\":{\"@id\":\"https:\/\/www.nettali.com\/#\/schema\/person\/8a06c6bd7b19304cf4bf985862900b5b\"},\"breadcrumb\":{\"@id\":\"https:\/\/www.nettali.com\/2021\/02\/20\/affaire-sonko-les-avocats-de-adji-sarr-precisent-sur-x\/#breadcrumb\"},\"inLanguage\":\"fr-FR\",\"potentialAction\":[{\"@type\":\"ReadAction\",\"target\":[\"https:\/\/www.nettali.com\/2021\/02\/20\/affaire-sonko-les-avocats-de-adji-sarr-precisent-sur-x\/\"]}]},{\"@type\":\"BreadcrumbList\",\"@id\":\"https:\/\/www.nettali.com\/2021\/02\/20\/affaire-sonko-les-avocats-de-adji-sarr-precisent-sur-x\/#breadcrumb\",\"itemListElement\":[{\"@type\":\"ListItem\",\"position\":1,\"name\":\"Accueil\",\"item\":\"https:\/\/www.nettali.com\/\"},{\"@type\":\"ListItem\",\"position\":2,\"name\":\"AFFAIRE SONKO &#8211; Les avocats de Adji Sarr pr\\u00e9cisent sur \\u00ab\\u00a0X\\u00a0\\u00bb\"}]},{\"@type\":\"Person\",\"@id\":\"https:\/\/www.nettali.com\/#\/schema\/person\/8a06c6bd7b19304cf4bf985862900b5b\",\"name\":\"Thierno Diop\",\"image\":{\"@type\":\"ImageObject\",\"@id\":\"https:\/\/www.nettali.com\/#personlogo\",\"inLanguage\":\"fr-FR\",\"url\":\"https:\/\/secure.gravatar.com\/avatar\/c8ca58550c94fd2ac856d27391a6c866?s=96&d=mm&r=g\",\"contentUrl\":\"https:\/\/secure.gravatar.com\/avatar\/c8ca58550c94fd2ac856d27391a6c866?s=96&d=mm&r=g\",\"caption\":\"Thierno Diop\"},\"sameAs\":[\"https:\/\/nettali.com\"]}]}<\/script>\n<!-- \/ Yoast SEO Premium plugin. -->","yoast_head_json":{"title":"AFFAIRE SONKO - Les avocats de Adji Sarr pr\u00e9cisent sur \"X\" | Nettali.com","robots":{"index":"index","follow":"follow","max-snippet":"max-snippet:-1","max-image-preview":"max-image-preview:large","max-video-preview":"max-video-preview:-1"},"canonical":"https:\/\/www.nettali.com\/2021\/02\/20\/affaire-sonko-les-avocats-de-adji-sarr-precisent-sur-x\/","og_locale":"fr_FR","og_type":"article","og_title":"AFFAIRE SONKO - Les avocats de Adji Sarr pr\u00e9cisent sur \"X\"","og_description":"NETTALI.COM \u2013 Alors que la proc\u00e9dure s\u2019acc\u00e9l\u00e8re pour la lev\u00e9e de l\u2019immunit\u00e9 parlementaire de Ousmane Sonko, les avocats de Adji Sarr recadrent le d\u00e9bat sur \u00ab\u00a0X\u00a0\u00bb et mettent en garde contre les menaces suppos\u00e9ment subies par leur cliente. Au sujet de la pol\u00e9mique entretenue, \u00e0 tort ou \u00e0 raison, sur ce fameux \u00ab\u00a0X\u00a0\u00bb vis\u00e9 pr\u00e9alablement [&hellip;]","og_url":"https:\/\/www.nettali.com\/2021\/02\/20\/affaire-sonko-les-avocats-de-adji-sarr-precisent-sur-x\/","og_site_name":"Nettali.com","article_publisher":"https:\/\/www.facebook.com\/nettalicom","article_published_time":"2021-02-20T15:59:55+00:00","article_modified_time":"2021-02-21T13:11:59+00:00","og_image":[{"width":2024,"height":1234,"url":"https:\/\/www.nettali.com\/wp-content\/uploads\/2020\/08\/me-el-hadji-diouf-3.png","type":"image\/png"}],"twitter_card":"summary_large_image","twitter_misc":{"\u00c9crit par":"Thierno Diop","Dur\u00e9e de lecture estim\u00e9e":"2 minutes"},"schema":{"@context":"https:\/\/schema.org","@graph":[{"@type":"WebSite","@id":"https:\/\/www.nettali.com\/#website","url":"https:\/\/www.nettali.com\/","name":"Nettali.com","description":"Le rendez-vous critique du Net","potentialAction":[{"@type":"SearchAction","target":{"@type":"EntryPoint","urlTemplate":"https:\/\/www.nettali.com\/?s={search_term_string}"},"query-input":"required name=search_term_string"}],"inLanguage":"fr-FR"},{"@type":"ImageObject","@id":"https:\/\/www.nettali.com\/2021\/02\/20\/affaire-sonko-les-avocats-de-adji-sarr-precisent-sur-x\/#primaryimage","inLanguage":"fr-FR","url":"https:\/\/www.nettali.com\/wp-content\/uploads\/2020\/08\/me-el-hadji-diouf-3.png","contentUrl":"https:\/\/www.nettali.com\/wp-content\/uploads\/2020\/08\/me-el-hadji-diouf-3.png","width":2024,"height":1234},{"@type":"WebPage","@id":"https:\/\/www.nettali.com\/2021\/02\/20\/affaire-sonko-les-avocats-de-adji-sarr-precisent-sur-x\/#webpage","url":"https:\/\/www.nettali.com\/2021\/02\/20\/affaire-sonko-les-avocats-de-adji-sarr-precisent-sur-x\/","name":"AFFAIRE SONKO - Les avocats de Adji Sarr pr\u00e9cisent sur \"X\" | Nettali.com","isPartOf":{"@id":"https:\/\/www.nettali.com\/#website"},"primaryImageOfPage":{"@id":"https:\/\/www.nettali.com\/2021\/02\/20\/affaire-sonko-les-avocats-de-adji-sarr-precisent-sur-x\/#primaryimage"},"datePublished":"2021-02-20T15:59:55+00:00","dateModified":"2021-02-21T13:11:59+00:00","author":{"@id":"https:\/\/www.nettali.com\/#\/schema\/person\/8a06c6bd7b19304cf4bf985862900b5b"},"breadcrumb":{"@id":"https:\/\/www.nettali.com\/2021\/02\/20\/affaire-sonko-les-avocats-de-adji-sarr-precisent-sur-x\/#breadcrumb"},"inLanguage":"fr-FR","potentialAction":[{"@type":"ReadAction","target":["https:\/\/www.nettali.com\/2021\/02\/20\/affaire-sonko-les-avocats-de-adji-sarr-precisent-sur-x\/"]}]},{"@type":"BreadcrumbList","@id":"https:\/\/www.nettali.com\/2021\/02\/20\/affaire-sonko-les-avocats-de-adji-sarr-precisent-sur-x\/#breadcrumb","itemListElement":[{"@type":"ListItem","position":1,"name":"Accueil","item":"https:\/\/www.nettali.com\/"},{"@type":"ListItem","position":2,"name":"AFFAIRE SONKO &#8211; Les avocats de Adji Sarr pr\u00e9cisent sur \u00ab\u00a0X\u00a0\u00bb"}]},{"@type":"Person","@id":"https:\/\/www.nettali.com\/#\/schema\/person\/8a06c6bd7b19304cf4bf985862900b5b","name":"Thierno Diop","image":{"@type":"ImageObject","@id":"https:\/\/www.nettali.com\/#personlogo","inLanguage":"fr-FR","url":"https:\/\/secure.gravatar.com\/avatar\/c8ca58550c94fd2ac856d27391a6c866?s=96&d=mm&r=g","contentUrl":"https:\/\/secure.gravatar.com\/avatar\/c8ca58550c94fd2ac856d27391a6c866?s=96&d=mm&r=g","caption":"Thierno Diop"},"sameAs":["https:\/\/nettali.com"]}]}},"_links":{"self":[{"href":"https:\/\/www.nettali.com\/rest\/wp\/v2\/posts\/58013"}],"collection":[{"href":"https:\/\/www.nettali.com\/rest\/wp\/v2\/posts"}],"about":[{"href":"https:\/\/www.nettali.com\/rest\/wp\/v2\/types\/post"}],"author":[{"embeddable":true,"href":"https:\/\/www.nettali.com\/rest\/wp\/v2\/users\/11"}],"replies":[{"embeddable":true,"href":"https:\/\/www.nettali.com\/rest\/wp\/v2\/comments?post=58013"}],"version-history":[{"count":1,"href":"https:\/\/www.nettali.com\/rest\/wp\/v2\/posts\/58013\/revisions"}],"predecessor-version":[{"id":58014,"href":"https:\/\/www.nettali.com\/rest\/wp\/v2\/posts\/58013\/revisions\/58014"}],"wp:featuredmedia":[{"embeddable":true,"href":"https:\/\/www.nettali.com\/rest\/wp\/v2\/media\/44241"}],"wp:attachment":[{"href":"https:\/\/www.nettali.com\/rest\/wp\/v2\/media?parent=58013"}],"wp:term":[{"taxonomy":"category","embeddable":true,"href":"https:\/\/www.nettali.com\/rest\/wp\/v2\/categories?post=58013"},{"taxonomy":"post_tag","embeddable":true,"href":"https:\/\/www.nettali.com\/rest\/wp\/v2\/tags?post=58013"}],"curies":[{"name":"wp","href":"https:\/\/api.w.org\/{rel}","templated":true}]}}