{"id":58007,"date":"2021-02-20T15:09:39","date_gmt":"2021-02-20T15:09:39","guid":{"rendered":"https:\/\/www.nettali.com\/?p=58007"},"modified":"2021-02-20T21:31:47","modified_gmt":"2021-02-20T21:31:47","slug":"antoine-felix-diome-pourquoi-le-couvre-est-maintenu-a-dakar-et-a-thies","status":"publish","type":"post","link":"https:\/\/www.nettali.com\/2021\/02\/20\/antoine-felix-diome-pourquoi-le-couvre-est-maintenu-a-dakar-et-a-thies\/","title":{"rendered":"ANTOINE FELIX DIOME - Pourquoi le couvre est maintenu \u00e0 Dakar et \u00e0 Thi\u00e8s"},"content":{"rendered":"<p><strong>NETTALI.COM-\u00a0Le ministre de l\u2019Int\u00e9rieur, Antoine F\u00e9lix Diome a, ce samedi 21 f\u00e9vrier 2021, expliqu\u00e9 les raisons pour lesquelles le couvre a \u00e9t\u00e9 prorog\u00e9 dans les r\u00e9gions de Dakar et de Thi\u00e8s. Il a, dans le m\u00eame sillage, annonc\u00e9 que toutes les autres mesures restent maintenues.<\/strong><\/p>\n<p>Les populations de Dakar et de Thi\u00e8s sont averties. L\u2019\u00e9tat d\u2019urgence et le couvre-feu sont renouvel\u00e9s dans ces deux r\u00e9gions pour un mois. C\u2019est le ministre de l\u2019Int\u00e9rieur, Antoine F\u00e9lix Diome qui a fait la r\u00e9v\u00e9lation, ce samedi. Justifiant la pertinence de cette mesure, il renseigne que le combat contre la Covid-19 ne se gagnera qu\u2019\u00e0 travers des comportements individuels et collectifs responsables. Or, rel\u00e8ve-t-il pour le d\u00e9plorer, les statistiques de ces derniers jours montrent clairement que la situation de la pand\u00e9mie de la Covid-19 demeure pr\u00e9occupante dans les r\u00e9gions de Dakar et de Thi\u00e8s, au regard du nombre important de personnes contamin\u00e9es, de cas graves et de d\u00e9c\u00e8s. \u00ab C\u2019est pourquoi Macky Sall a, de nouveau, proclam\u00e9 l\u2019\u00e9tat de catastrophe sanitaire dans lesdites r\u00e9gions afin de r\u00e9duire la propagation de la Covid-19 \u00bb, a expliqu\u00e9 le ministre de l\u2019Int\u00e9rieur.<\/p>\n<p>Cependant, Antoine F\u00e9lix Diome a tenu \u00e0 rappeler que les mesures de restriction restent en vigueur dans ces deux r\u00e9gions jusqu\u2019au 20 mars 2021. Lesquelles sont l\u2019interdiction de la circulation des personnes et des biens entre 21 et 05 heures du matin, l\u2019interdiction des manifestations et des rassemblements sur la voie publique, de toute r\u00e9union publique, de toute r\u00e9union priv\u00e9e telle que les bapt\u00eames, les mariages, les r\u00e9ceptions et les manifestations religieuses. Il s\u2019y ajoute l\u2019interdiction de tout rassemblement dans les lieux recevant du public notamment dans les h\u00f4tels, les salles de spectacle, les dancings, les bars, les caf\u00e9s, les salons de th\u00e9, les plages, les terrains et salles d\u00e9di\u00e9s au sport.<\/p>\n<p>En outre, le port du masque est obligatoire sur toute l\u2019\u00e9tendue du territoire national. Ainsi, il invite les populations \u00e0 se conformer aux mesures barri\u00e8res, faute de quoi, elles s\u2019exposent aux sanctions pr\u00e9vues par la loi.<\/p>\n<div class='share-to-whatsapp-wrapper'><div class='share-on-whsp'>PARTAGER SUR : <\/div><a data-text='ANTOINE FELIX DIOME - Pourquoi le couvre est maintenu \u00e0 Dakar et \u00e0 Thi\u00e8s' data-link='https:\/\/www.nettali.com\/2021\/02\/20\/antoine-felix-diome-pourquoi-le-couvre-est-maintenu-a-dakar-et-a-thies\/' class='whatsapp-button whatsapp-share'>WhatsApp<\/a><div class='clear '><\/div><\/div>","protected":false},"excerpt":{"rendered":"<p>NETTALI.COM-\u00a0Le ministre de l\u2019Int\u00e9rieur, Antoine F\u00e9lix Diome a, ce samedi 21 f\u00e9vrier 2021, expliqu\u00e9 les raisons pour lesquelles le couvre a \u00e9t\u00e9 prorog\u00e9 dans les r\u00e9gions de Dakar et de Thi\u00e8s. Il a, dans le m\u00eame sillage, annonc\u00e9 que toutes les autres mesures restent maintenues. Les populations de Dakar et de Thi\u00e8s sont averties. L\u2019\u00e9tat [&hellip;]<\/p>\n","protected":false},"author":6,"featured_media":54587,"comment_status":"open","ping_status":"open","sticky":false,"template":"","format":"standard","meta":{"_et_pb_use_builder":"","_et_pb_old_content":""},"categories":[3],"tags":[],"yoast_head":"<!-- This site is optimized with the Yoast SEO Premium plugin v17.8 (Yoast SEO v17.8) - https:\/\/yoast.com\/wordpress\/plugins\/seo\/ -->\n<title>ANTOINE FELIX DIOME - Pourquoi le couvre est maintenu \u00e0 Dakar et \u00e0 Thi\u00e8s | Nettali.com<\/title>\n<meta name=\"robots\" content=\"index, follow, max-snippet:-1, max-image-preview:large, max-video-preview:-1\" \/>\n<link rel=\"canonical\" href=\"https:\/\/www.nettali.com\/2021\/02\/20\/antoine-felix-diome-pourquoi-le-couvre-est-maintenu-a-dakar-et-a-thies\/\" \/>\n<meta property=\"og:locale\" content=\"fr_FR\" \/>\n<meta property=\"og:type\" content=\"article\" \/>\n<meta property=\"og:title\" content=\"ANTOINE FELIX DIOME - Pourquoi le couvre est maintenu \u00e0 Dakar et \u00e0 Thi\u00e8s\" \/>\n<meta property=\"og:description\" content=\"NETTALI.COM-\u00a0Le ministre de l\u2019Int\u00e9rieur, Antoine F\u00e9lix Diome a, ce samedi 21 f\u00e9vrier 2021, expliqu\u00e9 les raisons pour lesquelles le couvre a \u00e9t\u00e9 prorog\u00e9 dans les r\u00e9gions de Dakar et de Thi\u00e8s. Il a, dans le m\u00eame sillage, annonc\u00e9 que toutes les autres mesures restent maintenues. Les populations de Dakar et de Thi\u00e8s sont averties. L\u2019\u00e9tat [&hellip;]\" \/>\n<meta property=\"og:url\" content=\"https:\/\/www.nettali.com\/2021\/02\/20\/antoine-felix-diome-pourquoi-le-couvre-est-maintenu-a-dakar-et-a-thies\/\" \/>\n<meta property=\"og:site_name\" content=\"Nettali.com\" \/>\n<meta property=\"article:publisher\" content=\"https:\/\/www.facebook.com\/nettalicom\" \/>\n<meta property=\"article:published_time\" content=\"2021-02-20T15:09:39+00:00\" \/>\n<meta property=\"article:modified_time\" content=\"2021-02-20T21:31:47+00:00\" \/>\n<meta property=\"og:image\" content=\"https:\/\/www.nettali.com\/wp-content\/uploads\/2021\/01\/antoine-dione-4-960x640-1.jpg\" \/>\n\t<meta property=\"og:image:width\" content=\"960\" \/>\n\t<meta property=\"og:image:height\" content=\"640\" \/>\n<meta name=\"twitter:card\" content=\"summary_large_image\" \/>\n<meta name=\"twitter:label1\" content=\"\u00c9crit par\" \/>\n\t<meta name=\"twitter:data1\" content=\"Fatou\" \/>\n\t<meta name=\"twitter:label2\" content=\"Dur\u00e9e de lecture estim\u00e9e\" \/>\n\t<meta name=\"twitter:data2\" content=\"2 minutes\" \/>\n<script type=\"application\/ld+json\" class=\"yoast-schema-graph\">{\"@context\":\"https:\/\/schema.org\",\"@graph\":[{\"@type\":\"WebSite\",\"@id\":\"https:\/\/www.nettali.com\/#website\",\"url\":\"https:\/\/www.nettali.com\/\",\"name\":\"Nettali.com\",\"description\":\"Le rendez-vous critique du Net\",\"potentialAction\":[{\"@type\":\"SearchAction\",\"target\":{\"@type\":\"EntryPoint\",\"urlTemplate\":\"https:\/\/www.nettali.com\/?s={search_term_string}\"},\"query-input\":\"required name=search_term_string\"}],\"inLanguage\":\"fr-FR\"},{\"@type\":\"ImageObject\",\"@id\":\"https:\/\/www.nettali.com\/2021\/02\/20\/antoine-felix-diome-pourquoi-le-couvre-est-maintenu-a-dakar-et-a-thies\/#primaryimage\",\"inLanguage\":\"fr-FR\",\"url\":\"https:\/\/www.nettali.com\/wp-content\/uploads\/2021\/01\/antoine-dione-4-960x640-1.jpg\",\"contentUrl\":\"https:\/\/www.nettali.com\/wp-content\/uploads\/2021\/01\/antoine-dione-4-960x640-1.jpg\",\"width\":960,\"height\":640},{\"@type\":\"WebPage\",\"@id\":\"https:\/\/www.nettali.com\/2021\/02\/20\/antoine-felix-diome-pourquoi-le-couvre-est-maintenu-a-dakar-et-a-thies\/#webpage\",\"url\":\"https:\/\/www.nettali.com\/2021\/02\/20\/antoine-felix-diome-pourquoi-le-couvre-est-maintenu-a-dakar-et-a-thies\/\",\"name\":\"ANTOINE FELIX DIOME - Pourquoi le couvre est maintenu \\u00e0 Dakar et \\u00e0 Thi\\u00e8s | Nettali.com\",\"isPartOf\":{\"@id\":\"https:\/\/www.nettali.com\/#website\"},\"primaryImageOfPage\":{\"@id\":\"https:\/\/www.nettali.com\/2021\/02\/20\/antoine-felix-diome-pourquoi-le-couvre-est-maintenu-a-dakar-et-a-thies\/#primaryimage\"},\"datePublished\":\"2021-02-20T15:09:39+00:00\",\"dateModified\":\"2021-02-20T21:31:47+00:00\",\"author\":{\"@id\":\"https:\/\/www.nettali.com\/#\/schema\/person\/418274a86bdf87caff7a3ef476bd0bbf\"},\"breadcrumb\":{\"@id\":\"https:\/\/www.nettali.com\/2021\/02\/20\/antoine-felix-diome-pourquoi-le-couvre-est-maintenu-a-dakar-et-a-thies\/#breadcrumb\"},\"inLanguage\":\"fr-FR\",\"potentialAction\":[{\"@type\":\"ReadAction\",\"target\":[\"https:\/\/www.nettali.com\/2021\/02\/20\/antoine-felix-diome-pourquoi-le-couvre-est-maintenu-a-dakar-et-a-thies\/\"]}]},{\"@type\":\"BreadcrumbList\",\"@id\":\"https:\/\/www.nettali.com\/2021\/02\/20\/antoine-felix-diome-pourquoi-le-couvre-est-maintenu-a-dakar-et-a-thies\/#breadcrumb\",\"itemListElement\":[{\"@type\":\"ListItem\",\"position\":1,\"name\":\"Accueil\",\"item\":\"https:\/\/www.nettali.com\/\"},{\"@type\":\"ListItem\",\"position\":2,\"name\":\"ANTOINE FELIX DIOME &#8211; Pourquoi le couvre est maintenu \\u00e0 Dakar et \\u00e0 Thi\\u00e8s\"}]},{\"@type\":\"Person\",\"@id\":\"https:\/\/www.nettali.com\/#\/schema\/person\/418274a86bdf87caff7a3ef476bd0bbf\",\"name\":\"Fatou\",\"image\":{\"@type\":\"ImageObject\",\"@id\":\"https:\/\/www.nettali.com\/#personlogo\",\"inLanguage\":\"fr-FR\",\"url\":\"https:\/\/secure.gravatar.com\/avatar\/5a9442a2bee7b4dcf167cab035858e9a?s=96&d=mm&r=g\",\"contentUrl\":\"https:\/\/secure.gravatar.com\/avatar\/5a9442a2bee7b4dcf167cab035858e9a?s=96&d=mm&r=g\",\"caption\":\"Fatou\"},\"sameAs\":[\"https:\/\/www.nettali.com\"]}]}<\/script>\n<!-- \/ Yoast SEO Premium plugin. -->","yoast_head_json":{"title":"ANTOINE FELIX DIOME - Pourquoi le couvre est maintenu \u00e0 Dakar et \u00e0 Thi\u00e8s | Nettali.com","robots":{"index":"index","follow":"follow","max-snippet":"max-snippet:-1","max-image-preview":"max-image-preview:large","max-video-preview":"max-video-preview:-1"},"canonical":"https:\/\/www.nettali.com\/2021\/02\/20\/antoine-felix-diome-pourquoi-le-couvre-est-maintenu-a-dakar-et-a-thies\/","og_locale":"fr_FR","og_type":"article","og_title":"ANTOINE FELIX DIOME - Pourquoi le couvre est maintenu \u00e0 Dakar et \u00e0 Thi\u00e8s","og_description":"NETTALI.COM-\u00a0Le ministre de l\u2019Int\u00e9rieur, Antoine F\u00e9lix Diome a, ce samedi 21 f\u00e9vrier 2021, expliqu\u00e9 les raisons pour lesquelles le couvre a \u00e9t\u00e9 prorog\u00e9 dans les r\u00e9gions de Dakar et de Thi\u00e8s. Il a, dans le m\u00eame sillage, annonc\u00e9 que toutes les autres mesures restent maintenues. Les populations de Dakar et de Thi\u00e8s sont averties. L\u2019\u00e9tat [&hellip;]","og_url":"https:\/\/www.nettali.com\/2021\/02\/20\/antoine-felix-diome-pourquoi-le-couvre-est-maintenu-a-dakar-et-a-thies\/","og_site_name":"Nettali.com","article_publisher":"https:\/\/www.facebook.com\/nettalicom","article_published_time":"2021-02-20T15:09:39+00:00","article_modified_time":"2021-02-20T21:31:47+00:00","og_image":[{"width":960,"height":640,"url":"https:\/\/www.nettali.com\/wp-content\/uploads\/2021\/01\/antoine-dione-4-960x640-1.jpg","type":"image\/jpeg"}],"twitter_card":"summary_large_image","twitter_misc":{"\u00c9crit par":"Fatou","Dur\u00e9e de lecture estim\u00e9e":"2 minutes"},"schema":{"@context":"https:\/\/schema.org","@graph":[{"@type":"WebSite","@id":"https:\/\/www.nettali.com\/#website","url":"https:\/\/www.nettali.com\/","name":"Nettali.com","description":"Le rendez-vous critique du Net","potentialAction":[{"@type":"SearchAction","target":{"@type":"EntryPoint","urlTemplate":"https:\/\/www.nettali.com\/?s={search_term_string}"},"query-input":"required name=search_term_string"}],"inLanguage":"fr-FR"},{"@type":"ImageObject","@id":"https:\/\/www.nettali.com\/2021\/02\/20\/antoine-felix-diome-pourquoi-le-couvre-est-maintenu-a-dakar-et-a-thies\/#primaryimage","inLanguage":"fr-FR","url":"https:\/\/www.nettali.com\/wp-content\/uploads\/2021\/01\/antoine-dione-4-960x640-1.jpg","contentUrl":"https:\/\/www.nettali.com\/wp-content\/uploads\/2021\/01\/antoine-dione-4-960x640-1.jpg","width":960,"height":640},{"@type":"WebPage","@id":"https:\/\/www.nettali.com\/2021\/02\/20\/antoine-felix-diome-pourquoi-le-couvre-est-maintenu-a-dakar-et-a-thies\/#webpage","url":"https:\/\/www.nettali.com\/2021\/02\/20\/antoine-felix-diome-pourquoi-le-couvre-est-maintenu-a-dakar-et-a-thies\/","name":"ANTOINE FELIX DIOME - Pourquoi le couvre est maintenu \u00e0 Dakar et \u00e0 Thi\u00e8s | Nettali.com","isPartOf":{"@id":"https:\/\/www.nettali.com\/#website"},"primaryImageOfPage":{"@id":"https:\/\/www.nettali.com\/2021\/02\/20\/antoine-felix-diome-pourquoi-le-couvre-est-maintenu-a-dakar-et-a-thies\/#primaryimage"},"datePublished":"2021-02-20T15:09:39+00:00","dateModified":"2021-02-20T21:31:47+00:00","author":{"@id":"https:\/\/www.nettali.com\/#\/schema\/person\/418274a86bdf87caff7a3ef476bd0bbf"},"breadcrumb":{"@id":"https:\/\/www.nettali.com\/2021\/02\/20\/antoine-felix-diome-pourquoi-le-couvre-est-maintenu-a-dakar-et-a-thies\/#breadcrumb"},"inLanguage":"fr-FR","potentialAction":[{"@type":"ReadAction","target":["https:\/\/www.nettali.com\/2021\/02\/20\/antoine-felix-diome-pourquoi-le-couvre-est-maintenu-a-dakar-et-a-thies\/"]}]},{"@type":"BreadcrumbList","@id":"https:\/\/www.nettali.com\/2021\/02\/20\/antoine-felix-diome-pourquoi-le-couvre-est-maintenu-a-dakar-et-a-thies\/#breadcrumb","itemListElement":[{"@type":"ListItem","position":1,"name":"Accueil","item":"https:\/\/www.nettali.com\/"},{"@type":"ListItem","position":2,"name":"ANTOINE FELIX DIOME &#8211; Pourquoi le couvre est maintenu \u00e0 Dakar et \u00e0 Thi\u00e8s"}]},{"@type":"Person","@id":"https:\/\/www.nettali.com\/#\/schema\/person\/418274a86bdf87caff7a3ef476bd0bbf","name":"Fatou","image":{"@type":"ImageObject","@id":"https:\/\/www.nettali.com\/#personlogo","inLanguage":"fr-FR","url":"https:\/\/secure.gravatar.com\/avatar\/5a9442a2bee7b4dcf167cab035858e9a?s=96&d=mm&r=g","contentUrl":"https:\/\/secure.gravatar.com\/avatar\/5a9442a2bee7b4dcf167cab035858e9a?s=96&d=mm&r=g","caption":"Fatou"},"sameAs":["https:\/\/www.nettali.com"]}]}},"_links":{"self":[{"href":"https:\/\/www.nettali.com\/rest\/wp\/v2\/posts\/58007"}],"collection":[{"href":"https:\/\/www.nettali.com\/rest\/wp\/v2\/posts"}],"about":[{"href":"https:\/\/www.nettali.com\/rest\/wp\/v2\/types\/post"}],"author":[{"embeddable":true,"href":"https:\/\/www.nettali.com\/rest\/wp\/v2\/users\/6"}],"replies":[{"embeddable":true,"href":"https:\/\/www.nettali.com\/rest\/wp\/v2\/comments?post=58007"}],"version-history":[{"count":5,"href":"https:\/\/www.nettali.com\/rest\/wp\/v2\/posts\/58007\/revisions"}],"predecessor-version":[{"id":58034,"href":"https:\/\/www.nettali.com\/rest\/wp\/v2\/posts\/58007\/revisions\/58034"}],"wp:featuredmedia":[{"embeddable":true,"href":"https:\/\/www.nettali.com\/rest\/wp\/v2\/media\/54587"}],"wp:attachment":[{"href":"https:\/\/www.nettali.com\/rest\/wp\/v2\/media?parent=58007"}],"wp:term":[{"taxonomy":"category","embeddable":true,"href":"https:\/\/www.nettali.com\/rest\/wp\/v2\/categories?post=58007"},{"taxonomy":"post_tag","embeddable":true,"href":"https:\/\/www.nettali.com\/rest\/wp\/v2\/tags?post=58007"}],"curies":[{"name":"wp","href":"https:\/\/api.w.org\/{rel}","templated":true}]}}