{"id":57939,"date":"2021-02-19T12:58:44","date_gmt":"2021-02-19T12:58:44","guid":{"rendered":"https:\/\/www.nettali.com\/?p=57939"},"modified":"2021-03-09T14:41:30","modified_gmt":"2021-03-09T14:41:30","slug":"coronavirus-le-couvre-feu-prolonge-pour-un-mois","status":"publish","type":"post","link":"https:\/\/www.nettali.com\/2021\/02\/19\/coronavirus-le-couvre-feu-prolonge-pour-un-mois\/","title":{"rendered":"CORONAVIRUS - Le couvre-feu prolong\u00e9 pour un mois"},"content":{"rendered":"<p><strong>NETTALI.COM- Le couvre-feu d\u00e9cr\u00e9t\u00e9 dans les r\u00e9gions de Thi\u00e8s et Dakar pour freiner la propagation de la maladie du coronavirus devrait prendre fin aujourd\u2019hui.<\/strong><\/p>\n<p>Mais, selon la RFM, il sera prorog\u00e9 d\u2019un mois renouvelable. La m\u00eame source informe que le d\u00e9cret est d\u00e9j\u00e0 sign\u00e9 par le pr\u00e9sident de la R\u00e9publique. Et l\u2019\u00e9tat d\u2019urgence sanitaire ainsi que les autres restrictions ont \u00e9t\u00e9 maintenues. Il faut rappeler que nombreux citoyens demandent la lev\u00e9e du couvre-feu qui, selon eux, n\u2019a aucune efficacit\u00e9.<\/p>\n<div class='share-to-whatsapp-wrapper'><div class='share-on-whsp'>PARTAGER SUR : <\/div><a data-text='CORONAVIRUS - Le couvre-feu prolong\u00e9 pour un mois' data-link='https:\/\/www.nettali.com\/2021\/02\/19\/coronavirus-le-couvre-feu-prolonge-pour-un-mois\/' class='whatsapp-button whatsapp-share'>WhatsApp<\/a><div class='clear '><\/div><\/div>","protected":false},"excerpt":{"rendered":"<p>NETTALI.COM- Le couvre-feu d\u00e9cr\u00e9t\u00e9 dans les r\u00e9gions de Thi\u00e8s et Dakar pour freiner la propagation de la maladie du coronavirus devrait prendre fin aujourd\u2019hui. Mais, selon la RFM, il sera prorog\u00e9 d\u2019un mois renouvelable. La m\u00eame source informe que le d\u00e9cret est d\u00e9j\u00e0 sign\u00e9 par le pr\u00e9sident de la R\u00e9publique. Et l\u2019\u00e9tat d\u2019urgence sanitaire ainsi [&hellip;]<\/p>\n","protected":false},"author":6,"featured_media":34622,"comment_status":"open","ping_status":"open","sticky":false,"template":"","format":"standard","meta":{"_et_pb_use_builder":"","_et_pb_old_content":""},"categories":[22],"tags":[],"yoast_head":"<!-- This site is optimized with the Yoast SEO Premium plugin v17.8 (Yoast SEO v17.8) - https:\/\/yoast.com\/wordpress\/plugins\/seo\/ -->\n<title>CORONAVIRUS - Le couvre-feu prolong\u00e9 pour un mois | Nettali.com<\/title>\n<meta name=\"robots\" content=\"index, follow, max-snippet:-1, max-image-preview:large, max-video-preview:-1\" \/>\n<link rel=\"canonical\" href=\"https:\/\/www.nettali.com\/2021\/02\/19\/coronavirus-le-couvre-feu-prolonge-pour-un-mois\/\" \/>\n<meta property=\"og:locale\" content=\"fr_FR\" \/>\n<meta property=\"og:type\" content=\"article\" \/>\n<meta property=\"og:title\" content=\"CORONAVIRUS - Le couvre-feu prolong\u00e9 pour un mois\" \/>\n<meta property=\"og:description\" content=\"NETTALI.COM- Le couvre-feu d\u00e9cr\u00e9t\u00e9 dans les r\u00e9gions de Thi\u00e8s et Dakar pour freiner la propagation de la maladie du coronavirus devrait prendre fin aujourd\u2019hui. Mais, selon la RFM, il sera prorog\u00e9 d\u2019un mois renouvelable. La m\u00eame source informe que le d\u00e9cret est d\u00e9j\u00e0 sign\u00e9 par le pr\u00e9sident de la R\u00e9publique. Et l\u2019\u00e9tat d\u2019urgence sanitaire ainsi [&hellip;]\" \/>\n<meta property=\"og:url\" content=\"https:\/\/www.nettali.com\/2021\/02\/19\/coronavirus-le-couvre-feu-prolonge-pour-un-mois\/\" \/>\n<meta property=\"og:site_name\" content=\"Nettali.com\" \/>\n<meta property=\"article:publisher\" content=\"https:\/\/www.facebook.com\/nettalicom\" \/>\n<meta property=\"article:published_time\" content=\"2021-02-19T12:58:44+00:00\" \/>\n<meta property=\"article:modified_time\" content=\"2021-03-09T14:41:30+00:00\" \/>\n<meta property=\"og:image\" content=\"https:\/\/www.nettali.com\/wp-content\/uploads\/2020\/04\/couvre-feu.jpeg\" \/>\n\t<meta property=\"og:image:width\" content=\"797\" \/>\n\t<meta property=\"og:image:height\" content=\"425\" \/>\n<meta name=\"twitter:card\" content=\"summary_large_image\" \/>\n<meta name=\"twitter:label1\" content=\"\u00c9crit par\" \/>\n\t<meta name=\"twitter:data1\" content=\"Fatou\" \/>\n<script type=\"application\/ld+json\" class=\"yoast-schema-graph\">{\"@context\":\"https:\/\/schema.org\",\"@graph\":[{\"@type\":\"WebSite\",\"@id\":\"https:\/\/www.nettali.com\/#website\",\"url\":\"https:\/\/www.nettali.com\/\",\"name\":\"Nettali.com\",\"description\":\"Le rendez-vous critique du Net\",\"potentialAction\":[{\"@type\":\"SearchAction\",\"target\":{\"@type\":\"EntryPoint\",\"urlTemplate\":\"https:\/\/www.nettali.com\/?s={search_term_string}\"},\"query-input\":\"required name=search_term_string\"}],\"inLanguage\":\"fr-FR\"},{\"@type\":\"ImageObject\",\"@id\":\"https:\/\/www.nettali.com\/2021\/02\/19\/coronavirus-le-couvre-feu-prolonge-pour-un-mois\/#primaryimage\",\"inLanguage\":\"fr-FR\",\"url\":\"https:\/\/www.nettali.com\/wp-content\/uploads\/2020\/04\/couvre-feu.jpeg\",\"contentUrl\":\"https:\/\/www.nettali.com\/wp-content\/uploads\/2020\/04\/couvre-feu.jpeg\",\"width\":797,\"height\":425},{\"@type\":\"WebPage\",\"@id\":\"https:\/\/www.nettali.com\/2021\/02\/19\/coronavirus-le-couvre-feu-prolonge-pour-un-mois\/#webpage\",\"url\":\"https:\/\/www.nettali.com\/2021\/02\/19\/coronavirus-le-couvre-feu-prolonge-pour-un-mois\/\",\"name\":\"CORONAVIRUS - Le couvre-feu prolong\\u00e9 pour un mois | Nettali.com\",\"isPartOf\":{\"@id\":\"https:\/\/www.nettali.com\/#website\"},\"primaryImageOfPage\":{\"@id\":\"https:\/\/www.nettali.com\/2021\/02\/19\/coronavirus-le-couvre-feu-prolonge-pour-un-mois\/#primaryimage\"},\"datePublished\":\"2021-02-19T12:58:44+00:00\",\"dateModified\":\"2021-03-09T14:41:30+00:00\",\"author\":{\"@id\":\"https:\/\/www.nettali.com\/#\/schema\/person\/418274a86bdf87caff7a3ef476bd0bbf\"},\"breadcrumb\":{\"@id\":\"https:\/\/www.nettali.com\/2021\/02\/19\/coronavirus-le-couvre-feu-prolonge-pour-un-mois\/#breadcrumb\"},\"inLanguage\":\"fr-FR\",\"potentialAction\":[{\"@type\":\"ReadAction\",\"target\":[\"https:\/\/www.nettali.com\/2021\/02\/19\/coronavirus-le-couvre-feu-prolonge-pour-un-mois\/\"]}]},{\"@type\":\"BreadcrumbList\",\"@id\":\"https:\/\/www.nettali.com\/2021\/02\/19\/coronavirus-le-couvre-feu-prolonge-pour-un-mois\/#breadcrumb\",\"itemListElement\":[{\"@type\":\"ListItem\",\"position\":1,\"name\":\"Accueil\",\"item\":\"https:\/\/www.nettali.com\/\"},{\"@type\":\"ListItem\",\"position\":2,\"name\":\"CORONAVIRUS &#8211; Le couvre-feu prolong\\u00e9 pour un mois\"}]},{\"@type\":\"Person\",\"@id\":\"https:\/\/www.nettali.com\/#\/schema\/person\/418274a86bdf87caff7a3ef476bd0bbf\",\"name\":\"Fatou\",\"image\":{\"@type\":\"ImageObject\",\"@id\":\"https:\/\/www.nettali.com\/#personlogo\",\"inLanguage\":\"fr-FR\",\"url\":\"https:\/\/secure.gravatar.com\/avatar\/5a9442a2bee7b4dcf167cab035858e9a?s=96&d=mm&r=g\",\"contentUrl\":\"https:\/\/secure.gravatar.com\/avatar\/5a9442a2bee7b4dcf167cab035858e9a?s=96&d=mm&r=g\",\"caption\":\"Fatou\"},\"sameAs\":[\"https:\/\/www.nettali.com\"]}]}<\/script>\n<!-- \/ Yoast SEO Premium plugin. -->","yoast_head_json":{"title":"CORONAVIRUS - Le couvre-feu prolong\u00e9 pour un mois | Nettali.com","robots":{"index":"index","follow":"follow","max-snippet":"max-snippet:-1","max-image-preview":"max-image-preview:large","max-video-preview":"max-video-preview:-1"},"canonical":"https:\/\/www.nettali.com\/2021\/02\/19\/coronavirus-le-couvre-feu-prolonge-pour-un-mois\/","og_locale":"fr_FR","og_type":"article","og_title":"CORONAVIRUS - Le couvre-feu prolong\u00e9 pour un mois","og_description":"NETTALI.COM- Le couvre-feu d\u00e9cr\u00e9t\u00e9 dans les r\u00e9gions de Thi\u00e8s et Dakar pour freiner la propagation de la maladie du coronavirus devrait prendre fin aujourd\u2019hui. Mais, selon la RFM, il sera prorog\u00e9 d\u2019un mois renouvelable. La m\u00eame source informe que le d\u00e9cret est d\u00e9j\u00e0 sign\u00e9 par le pr\u00e9sident de la R\u00e9publique. Et l\u2019\u00e9tat d\u2019urgence sanitaire ainsi [&hellip;]","og_url":"https:\/\/www.nettali.com\/2021\/02\/19\/coronavirus-le-couvre-feu-prolonge-pour-un-mois\/","og_site_name":"Nettali.com","article_publisher":"https:\/\/www.facebook.com\/nettalicom","article_published_time":"2021-02-19T12:58:44+00:00","article_modified_time":"2021-03-09T14:41:30+00:00","og_image":[{"width":797,"height":425,"url":"https:\/\/www.nettali.com\/wp-content\/uploads\/2020\/04\/couvre-feu.jpeg","type":"image\/jpeg"}],"twitter_card":"summary_large_image","twitter_misc":{"\u00c9crit par":"Fatou"},"schema":{"@context":"https:\/\/schema.org","@graph":[{"@type":"WebSite","@id":"https:\/\/www.nettali.com\/#website","url":"https:\/\/www.nettali.com\/","name":"Nettali.com","description":"Le rendez-vous critique du Net","potentialAction":[{"@type":"SearchAction","target":{"@type":"EntryPoint","urlTemplate":"https:\/\/www.nettali.com\/?s={search_term_string}"},"query-input":"required name=search_term_string"}],"inLanguage":"fr-FR"},{"@type":"ImageObject","@id":"https:\/\/www.nettali.com\/2021\/02\/19\/coronavirus-le-couvre-feu-prolonge-pour-un-mois\/#primaryimage","inLanguage":"fr-FR","url":"https:\/\/www.nettali.com\/wp-content\/uploads\/2020\/04\/couvre-feu.jpeg","contentUrl":"https:\/\/www.nettali.com\/wp-content\/uploads\/2020\/04\/couvre-feu.jpeg","width":797,"height":425},{"@type":"WebPage","@id":"https:\/\/www.nettali.com\/2021\/02\/19\/coronavirus-le-couvre-feu-prolonge-pour-un-mois\/#webpage","url":"https:\/\/www.nettali.com\/2021\/02\/19\/coronavirus-le-couvre-feu-prolonge-pour-un-mois\/","name":"CORONAVIRUS - Le couvre-feu prolong\u00e9 pour un mois | Nettali.com","isPartOf":{"@id":"https:\/\/www.nettali.com\/#website"},"primaryImageOfPage":{"@id":"https:\/\/www.nettali.com\/2021\/02\/19\/coronavirus-le-couvre-feu-prolonge-pour-un-mois\/#primaryimage"},"datePublished":"2021-02-19T12:58:44+00:00","dateModified":"2021-03-09T14:41:30+00:00","author":{"@id":"https:\/\/www.nettali.com\/#\/schema\/person\/418274a86bdf87caff7a3ef476bd0bbf"},"breadcrumb":{"@id":"https:\/\/www.nettali.com\/2021\/02\/19\/coronavirus-le-couvre-feu-prolonge-pour-un-mois\/#breadcrumb"},"inLanguage":"fr-FR","potentialAction":[{"@type":"ReadAction","target":["https:\/\/www.nettali.com\/2021\/02\/19\/coronavirus-le-couvre-feu-prolonge-pour-un-mois\/"]}]},{"@type":"BreadcrumbList","@id":"https:\/\/www.nettali.com\/2021\/02\/19\/coronavirus-le-couvre-feu-prolonge-pour-un-mois\/#breadcrumb","itemListElement":[{"@type":"ListItem","position":1,"name":"Accueil","item":"https:\/\/www.nettali.com\/"},{"@type":"ListItem","position":2,"name":"CORONAVIRUS &#8211; Le couvre-feu prolong\u00e9 pour un mois"}]},{"@type":"Person","@id":"https:\/\/www.nettali.com\/#\/schema\/person\/418274a86bdf87caff7a3ef476bd0bbf","name":"Fatou","image":{"@type":"ImageObject","@id":"https:\/\/www.nettali.com\/#personlogo","inLanguage":"fr-FR","url":"https:\/\/secure.gravatar.com\/avatar\/5a9442a2bee7b4dcf167cab035858e9a?s=96&d=mm&r=g","contentUrl":"https:\/\/secure.gravatar.com\/avatar\/5a9442a2bee7b4dcf167cab035858e9a?s=96&d=mm&r=g","caption":"Fatou"},"sameAs":["https:\/\/www.nettali.com"]}]}},"_links":{"self":[{"href":"https:\/\/www.nettali.com\/rest\/wp\/v2\/posts\/57939"}],"collection":[{"href":"https:\/\/www.nettali.com\/rest\/wp\/v2\/posts"}],"about":[{"href":"https:\/\/www.nettali.com\/rest\/wp\/v2\/types\/post"}],"author":[{"embeddable":true,"href":"https:\/\/www.nettali.com\/rest\/wp\/v2\/users\/6"}],"replies":[{"embeddable":true,"href":"https:\/\/www.nettali.com\/rest\/wp\/v2\/comments?post=57939"}],"version-history":[{"count":3,"href":"https:\/\/www.nettali.com\/rest\/wp\/v2\/posts\/57939\/revisions"}],"predecessor-version":[{"id":57951,"href":"https:\/\/www.nettali.com\/rest\/wp\/v2\/posts\/57939\/revisions\/57951"}],"wp:featuredmedia":[{"embeddable":true,"href":"https:\/\/www.nettali.com\/rest\/wp\/v2\/media\/34622"}],"wp:attachment":[{"href":"https:\/\/www.nettali.com\/rest\/wp\/v2\/media?parent=57939"}],"wp:term":[{"taxonomy":"category","embeddable":true,"href":"https:\/\/www.nettali.com\/rest\/wp\/v2\/categories?post=57939"},{"taxonomy":"post_tag","embeddable":true,"href":"https:\/\/www.nettali.com\/rest\/wp\/v2\/tags?post=57939"}],"curies":[{"name":"wp","href":"https:\/\/api.w.org\/{rel}","templated":true}]}}