{"id":57896,"date":"2021-02-18T18:21:06","date_gmt":"2021-02-18T18:21:06","guid":{"rendered":"https:\/\/www.nettali.com\/?p=57896"},"modified":"2021-02-19T01:27:51","modified_gmt":"2021-02-19T01:27:51","slug":"economie-le-senegal-attend-plus-de-300-milliards-cfa-de-lusaid-dici-a-5-ans","status":"publish","type":"post","link":"https:\/\/www.nettali.com\/2021\/02\/18\/economie-le-senegal-attend-plus-de-300-milliards-cfa-de-lusaid-dici-a-5-ans\/","title":{"rendered":"ECONOMIE - Le S\u00e9n\u00e9gal attend plus de 300 milliards CFA de l\u2019USAID d\u2019ici \u00e0 5 ans"},"content":{"rendered":"<p><b>NETTALI.COM - \u2019\u2019L\u2019USAID, selon le ministre s\u00e9n\u00e9galais de l\u2019Economie, du Plan et de la Coop\u00e9ration, Amadou Hott,<\/b><br \/>\n<b>fera une contribution pendant les cinq prochaines ann\u00e9es d\u2019environ 325 milliards CFA\u2019\u2019.\u00a0 Cela, pour permettre une croissance \u00e9conomique inclusive. Les collectivit\u00e9s devront h\u00e9riter d'une bonne dotation de cette manne financi\u00e8re\u00a0<\/b><\/p>\n<p>325 milliards FCFA, c\u2019est le montant que le S\u00e9n\u00e9gal recevra des Etats-Unis, au cours des 5 prochaines ann\u00e9es, par le biais de l\u2019Agence am\u00e9ricaine pour le d\u00e9veloppement international (USAID).<\/p>\n<p>Le ministre s\u00e9n\u00e9galais de l\u2019Economie \u00a0\u00a0a fait cette d\u00e9claration \u00e0 la fin d\u2019une\u00a0c\u00e9r\u00e9monie de signature d\u2019accords d\u2019assistance bilat\u00e9rale s\u2019inscrivant dans la nouvelle strat\u00e9gie quinquennale de coop\u00e9ration entre les deux pays.<\/p>\n<p>Hott de relever que ces accords portaient sur la croissance \u00e9conomique inclusive et durable \u00e0 travers une intervention dans les secteurs de la p\u00eache, de l\u2019agriculture, l\u2019acc\u00e8s \u00e0 l\u2019eau dans les zones rurales en faisant plus intervenir le secteur priv\u00e9 dans le cadre de partenariat abordable gagnant-gagnant avec l\u2019Etat et les populations.<\/p>\n<p>\u2019\u2019Il y a aussi les r\u00e9formes. L\u2019USAID va financer la Justice commerciale pour am\u00e9liorer l\u2019environnement des affaires. L\u2019autre point porte sur le capital humain, sur les secteurs de l\u2019\u00e9ducation et de la sant\u00e9\u2019\u2019, a encore mentionn\u00e9 le ministre de l\u2019Economie, du Plan et de la Coop\u00e9ration.<\/p>\n<p>Ce dernier de pr\u00e9ciser qu\u2019il y aura des actions pour aider les Collectivit\u00e9s territoriales \u00e0 mobiliser plus de ressources afin de pouvoir faire face au d\u00e9veloppement de leurs localit\u00e9s diff\u00e9rentes.<\/p>\n<p>&nbsp;<\/p>\n<p>&nbsp;<\/p>\n<div class='share-to-whatsapp-wrapper'><div class='share-on-whsp'>PARTAGER SUR : <\/div><a data-text='ECONOMIE - Le S\u00e9n\u00e9gal attend plus de 300 milliards CFA de l\u2019USAID d\u2019ici \u00e0 5 ans' data-link='https:\/\/www.nettali.com\/2021\/02\/18\/economie-le-senegal-attend-plus-de-300-milliards-cfa-de-lusaid-dici-a-5-ans\/' class='whatsapp-button whatsapp-share'>WhatsApp<\/a><div class='clear '><\/div><\/div>","protected":false},"excerpt":{"rendered":"<p>NETTALI.COM - \u2019\u2019L\u2019USAID, selon le ministre s\u00e9n\u00e9galais de l\u2019Economie, du Plan et de la Coop\u00e9ration, Amadou Hott, fera une contribution pendant les cinq prochaines ann\u00e9es d\u2019environ 325 milliards CFA\u2019\u2019.\u00a0 Cela, pour permettre une croissance \u00e9conomique inclusive. Les collectivit\u00e9s devront h\u00e9riter d'une bonne dotation de cette manne financi\u00e8re\u00a0 325 milliards FCFA, c\u2019est le montant que le [&hellip;]<\/p>\n","protected":false},"author":11,"featured_media":31695,"comment_status":"open","ping_status":"open","sticky":false,"template":"","format":"standard","meta":{"_et_pb_use_builder":"","_et_pb_old_content":""},"categories":[4],"tags":[],"yoast_head":"<!-- This site is optimized with the Yoast SEO Premium plugin v17.8 (Yoast SEO v17.8) - https:\/\/yoast.com\/wordpress\/plugins\/seo\/ -->\n<title>ECONOMIE - Le S\u00e9n\u00e9gal attend plus de 300 milliards CFA de l\u2019USAID d\u2019ici \u00e0 5 ans | Nettali.com<\/title>\n<meta name=\"robots\" content=\"index, follow, max-snippet:-1, max-image-preview:large, max-video-preview:-1\" \/>\n<link rel=\"canonical\" href=\"https:\/\/www.nettali.com\/2021\/02\/18\/economie-le-senegal-attend-plus-de-300-milliards-cfa-de-lusaid-dici-a-5-ans\/\" \/>\n<meta property=\"og:locale\" content=\"fr_FR\" \/>\n<meta property=\"og:type\" content=\"article\" \/>\n<meta property=\"og:title\" content=\"ECONOMIE - Le S\u00e9n\u00e9gal attend plus de 300 milliards CFA de l\u2019USAID d\u2019ici \u00e0 5 ans\" \/>\n<meta property=\"og:description\" content=\"NETTALI.COM - \u2019\u2019L\u2019USAID, selon le ministre s\u00e9n\u00e9galais de l\u2019Economie, du Plan et de la Coop\u00e9ration, Amadou Hott, fera une contribution pendant les cinq prochaines ann\u00e9es d\u2019environ 325 milliards CFA\u2019\u2019.\u00a0 Cela, pour permettre une croissance \u00e9conomique inclusive. Les collectivit\u00e9s devront h\u00e9riter d&#039;une bonne dotation de cette manne financi\u00e8re\u00a0 325 milliards FCFA, c\u2019est le montant que le [&hellip;]\" \/>\n<meta property=\"og:url\" content=\"https:\/\/www.nettali.com\/2021\/02\/18\/economie-le-senegal-attend-plus-de-300-milliards-cfa-de-lusaid-dici-a-5-ans\/\" \/>\n<meta property=\"og:site_name\" content=\"Nettali.com\" \/>\n<meta property=\"article:publisher\" content=\"https:\/\/www.facebook.com\/nettalicom\" \/>\n<meta property=\"article:published_time\" content=\"2021-02-18T18:21:06+00:00\" \/>\n<meta property=\"article:modified_time\" content=\"2021-02-19T01:27:51+00:00\" \/>\n<meta property=\"og:image\" content=\"https:\/\/www.nettali.com\/wp-content\/uploads\/2020\/03\/Amadou-Hott-Ministre-de-l\u00e9conomie-S\u00e9n\u00e9gal.jpeg\" \/>\n\t<meta property=\"og:image:width\" content=\"1200\" \/>\n\t<meta property=\"og:image:height\" content=\"750\" \/>\n<meta name=\"twitter:card\" content=\"summary_large_image\" \/>\n<meta name=\"twitter:label1\" content=\"\u00c9crit par\" \/>\n\t<meta name=\"twitter:data1\" content=\"Thierno Diop\" \/>\n\t<meta name=\"twitter:label2\" content=\"Dur\u00e9e de lecture estim\u00e9e\" \/>\n\t<meta name=\"twitter:data2\" content=\"1 minute\" \/>\n<script type=\"application\/ld+json\" class=\"yoast-schema-graph\">{\"@context\":\"https:\/\/schema.org\",\"@graph\":[{\"@type\":\"WebSite\",\"@id\":\"https:\/\/www.nettali.com\/#website\",\"url\":\"https:\/\/www.nettali.com\/\",\"name\":\"Nettali.com\",\"description\":\"Le rendez-vous critique du Net\",\"potentialAction\":[{\"@type\":\"SearchAction\",\"target\":{\"@type\":\"EntryPoint\",\"urlTemplate\":\"https:\/\/www.nettali.com\/?s={search_term_string}\"},\"query-input\":\"required name=search_term_string\"}],\"inLanguage\":\"fr-FR\"},{\"@type\":\"ImageObject\",\"@id\":\"https:\/\/www.nettali.com\/2021\/02\/18\/economie-le-senegal-attend-plus-de-300-milliards-cfa-de-lusaid-dici-a-5-ans\/#primaryimage\",\"inLanguage\":\"fr-FR\",\"url\":\"https:\/\/www.nettali.com\/wp-content\/uploads\/2020\/03\/Amadou-Hott-Ministre-de-l\\u00e9conomie-S\\u00e9n\\u00e9gal.jpeg\",\"contentUrl\":\"https:\/\/www.nettali.com\/wp-content\/uploads\/2020\/03\/Amadou-Hott-Ministre-de-l\\u00e9conomie-S\\u00e9n\\u00e9gal.jpeg\",\"width\":1200,\"height\":750},{\"@type\":\"WebPage\",\"@id\":\"https:\/\/www.nettali.com\/2021\/02\/18\/economie-le-senegal-attend-plus-de-300-milliards-cfa-de-lusaid-dici-a-5-ans\/#webpage\",\"url\":\"https:\/\/www.nettali.com\/2021\/02\/18\/economie-le-senegal-attend-plus-de-300-milliards-cfa-de-lusaid-dici-a-5-ans\/\",\"name\":\"ECONOMIE - Le S\\u00e9n\\u00e9gal attend plus de 300 milliards CFA de l\\u2019USAID d\\u2019ici \\u00e0 5 ans | Nettali.com\",\"isPartOf\":{\"@id\":\"https:\/\/www.nettali.com\/#website\"},\"primaryImageOfPage\":{\"@id\":\"https:\/\/www.nettali.com\/2021\/02\/18\/economie-le-senegal-attend-plus-de-300-milliards-cfa-de-lusaid-dici-a-5-ans\/#primaryimage\"},\"datePublished\":\"2021-02-18T18:21:06+00:00\",\"dateModified\":\"2021-02-19T01:27:51+00:00\",\"author\":{\"@id\":\"https:\/\/www.nettali.com\/#\/schema\/person\/8a06c6bd7b19304cf4bf985862900b5b\"},\"breadcrumb\":{\"@id\":\"https:\/\/www.nettali.com\/2021\/02\/18\/economie-le-senegal-attend-plus-de-300-milliards-cfa-de-lusaid-dici-a-5-ans\/#breadcrumb\"},\"inLanguage\":\"fr-FR\",\"potentialAction\":[{\"@type\":\"ReadAction\",\"target\":[\"https:\/\/www.nettali.com\/2021\/02\/18\/economie-le-senegal-attend-plus-de-300-milliards-cfa-de-lusaid-dici-a-5-ans\/\"]}]},{\"@type\":\"BreadcrumbList\",\"@id\":\"https:\/\/www.nettali.com\/2021\/02\/18\/economie-le-senegal-attend-plus-de-300-milliards-cfa-de-lusaid-dici-a-5-ans\/#breadcrumb\",\"itemListElement\":[{\"@type\":\"ListItem\",\"position\":1,\"name\":\"Accueil\",\"item\":\"https:\/\/www.nettali.com\/\"},{\"@type\":\"ListItem\",\"position\":2,\"name\":\"ECONOMIE &#8211; Le S\\u00e9n\\u00e9gal attend plus de 300 milliards CFA de l\\u2019USAID d\\u2019ici \\u00e0 5 ans\"}]},{\"@type\":\"Person\",\"@id\":\"https:\/\/www.nettali.com\/#\/schema\/person\/8a06c6bd7b19304cf4bf985862900b5b\",\"name\":\"Thierno Diop\",\"image\":{\"@type\":\"ImageObject\",\"@id\":\"https:\/\/www.nettali.com\/#personlogo\",\"inLanguage\":\"fr-FR\",\"url\":\"https:\/\/secure.gravatar.com\/avatar\/c8ca58550c94fd2ac856d27391a6c866?s=96&d=mm&r=g\",\"contentUrl\":\"https:\/\/secure.gravatar.com\/avatar\/c8ca58550c94fd2ac856d27391a6c866?s=96&d=mm&r=g\",\"caption\":\"Thierno Diop\"},\"sameAs\":[\"https:\/\/nettali.com\"]}]}<\/script>\n<!-- \/ Yoast SEO Premium plugin. -->","yoast_head_json":{"title":"ECONOMIE - Le S\u00e9n\u00e9gal attend plus de 300 milliards CFA de l\u2019USAID d\u2019ici \u00e0 5 ans | Nettali.com","robots":{"index":"index","follow":"follow","max-snippet":"max-snippet:-1","max-image-preview":"max-image-preview:large","max-video-preview":"max-video-preview:-1"},"canonical":"https:\/\/www.nettali.com\/2021\/02\/18\/economie-le-senegal-attend-plus-de-300-milliards-cfa-de-lusaid-dici-a-5-ans\/","og_locale":"fr_FR","og_type":"article","og_title":"ECONOMIE - Le S\u00e9n\u00e9gal attend plus de 300 milliards CFA de l\u2019USAID d\u2019ici \u00e0 5 ans","og_description":"NETTALI.COM - \u2019\u2019L\u2019USAID, selon le ministre s\u00e9n\u00e9galais de l\u2019Economie, du Plan et de la Coop\u00e9ration, Amadou Hott, fera une contribution pendant les cinq prochaines ann\u00e9es d\u2019environ 325 milliards CFA\u2019\u2019.\u00a0 Cela, pour permettre une croissance \u00e9conomique inclusive. Les collectivit\u00e9s devront h\u00e9riter d'une bonne dotation de cette manne financi\u00e8re\u00a0 325 milliards FCFA, c\u2019est le montant que le [&hellip;]","og_url":"https:\/\/www.nettali.com\/2021\/02\/18\/economie-le-senegal-attend-plus-de-300-milliards-cfa-de-lusaid-dici-a-5-ans\/","og_site_name":"Nettali.com","article_publisher":"https:\/\/www.facebook.com\/nettalicom","article_published_time":"2021-02-18T18:21:06+00:00","article_modified_time":"2021-02-19T01:27:51+00:00","og_image":[{"width":1200,"height":750,"url":"https:\/\/www.nettali.com\/wp-content\/uploads\/2020\/03\/Amadou-Hott-Ministre-de-l\u00e9conomie-S\u00e9n\u00e9gal.jpeg","type":"image\/jpeg"}],"twitter_card":"summary_large_image","twitter_misc":{"\u00c9crit par":"Thierno Diop","Dur\u00e9e de lecture estim\u00e9e":"1 minute"},"schema":{"@context":"https:\/\/schema.org","@graph":[{"@type":"WebSite","@id":"https:\/\/www.nettali.com\/#website","url":"https:\/\/www.nettali.com\/","name":"Nettali.com","description":"Le rendez-vous critique du Net","potentialAction":[{"@type":"SearchAction","target":{"@type":"EntryPoint","urlTemplate":"https:\/\/www.nettali.com\/?s={search_term_string}"},"query-input":"required name=search_term_string"}],"inLanguage":"fr-FR"},{"@type":"ImageObject","@id":"https:\/\/www.nettali.com\/2021\/02\/18\/economie-le-senegal-attend-plus-de-300-milliards-cfa-de-lusaid-dici-a-5-ans\/#primaryimage","inLanguage":"fr-FR","url":"https:\/\/www.nettali.com\/wp-content\/uploads\/2020\/03\/Amadou-Hott-Ministre-de-l\u00e9conomie-S\u00e9n\u00e9gal.jpeg","contentUrl":"https:\/\/www.nettali.com\/wp-content\/uploads\/2020\/03\/Amadou-Hott-Ministre-de-l\u00e9conomie-S\u00e9n\u00e9gal.jpeg","width":1200,"height":750},{"@type":"WebPage","@id":"https:\/\/www.nettali.com\/2021\/02\/18\/economie-le-senegal-attend-plus-de-300-milliards-cfa-de-lusaid-dici-a-5-ans\/#webpage","url":"https:\/\/www.nettali.com\/2021\/02\/18\/economie-le-senegal-attend-plus-de-300-milliards-cfa-de-lusaid-dici-a-5-ans\/","name":"ECONOMIE - Le S\u00e9n\u00e9gal attend plus de 300 milliards CFA de l\u2019USAID d\u2019ici \u00e0 5 ans | Nettali.com","isPartOf":{"@id":"https:\/\/www.nettali.com\/#website"},"primaryImageOfPage":{"@id":"https:\/\/www.nettali.com\/2021\/02\/18\/economie-le-senegal-attend-plus-de-300-milliards-cfa-de-lusaid-dici-a-5-ans\/#primaryimage"},"datePublished":"2021-02-18T18:21:06+00:00","dateModified":"2021-02-19T01:27:51+00:00","author":{"@id":"https:\/\/www.nettali.com\/#\/schema\/person\/8a06c6bd7b19304cf4bf985862900b5b"},"breadcrumb":{"@id":"https:\/\/www.nettali.com\/2021\/02\/18\/economie-le-senegal-attend-plus-de-300-milliards-cfa-de-lusaid-dici-a-5-ans\/#breadcrumb"},"inLanguage":"fr-FR","potentialAction":[{"@type":"ReadAction","target":["https:\/\/www.nettali.com\/2021\/02\/18\/economie-le-senegal-attend-plus-de-300-milliards-cfa-de-lusaid-dici-a-5-ans\/"]}]},{"@type":"BreadcrumbList","@id":"https:\/\/www.nettali.com\/2021\/02\/18\/economie-le-senegal-attend-plus-de-300-milliards-cfa-de-lusaid-dici-a-5-ans\/#breadcrumb","itemListElement":[{"@type":"ListItem","position":1,"name":"Accueil","item":"https:\/\/www.nettali.com\/"},{"@type":"ListItem","position":2,"name":"ECONOMIE &#8211; Le S\u00e9n\u00e9gal attend plus de 300 milliards CFA de l\u2019USAID d\u2019ici \u00e0 5 ans"}]},{"@type":"Person","@id":"https:\/\/www.nettali.com\/#\/schema\/person\/8a06c6bd7b19304cf4bf985862900b5b","name":"Thierno Diop","image":{"@type":"ImageObject","@id":"https:\/\/www.nettali.com\/#personlogo","inLanguage":"fr-FR","url":"https:\/\/secure.gravatar.com\/avatar\/c8ca58550c94fd2ac856d27391a6c866?s=96&d=mm&r=g","contentUrl":"https:\/\/secure.gravatar.com\/avatar\/c8ca58550c94fd2ac856d27391a6c866?s=96&d=mm&r=g","caption":"Thierno Diop"},"sameAs":["https:\/\/nettali.com"]}]}},"_links":{"self":[{"href":"https:\/\/www.nettali.com\/rest\/wp\/v2\/posts\/57896"}],"collection":[{"href":"https:\/\/www.nettali.com\/rest\/wp\/v2\/posts"}],"about":[{"href":"https:\/\/www.nettali.com\/rest\/wp\/v2\/types\/post"}],"author":[{"embeddable":true,"href":"https:\/\/www.nettali.com\/rest\/wp\/v2\/users\/11"}],"replies":[{"embeddable":true,"href":"https:\/\/www.nettali.com\/rest\/wp\/v2\/comments?post=57896"}],"version-history":[{"count":1,"href":"https:\/\/www.nettali.com\/rest\/wp\/v2\/posts\/57896\/revisions"}],"predecessor-version":[{"id":57897,"href":"https:\/\/www.nettali.com\/rest\/wp\/v2\/posts\/57896\/revisions\/57897"}],"wp:featuredmedia":[{"embeddable":true,"href":"https:\/\/www.nettali.com\/rest\/wp\/v2\/media\/31695"}],"wp:attachment":[{"href":"https:\/\/www.nettali.com\/rest\/wp\/v2\/media?parent=57896"}],"wp:term":[{"taxonomy":"category","embeddable":true,"href":"https:\/\/www.nettali.com\/rest\/wp\/v2\/categories?post=57896"},{"taxonomy":"post_tag","embeddable":true,"href":"https:\/\/www.nettali.com\/rest\/wp\/v2\/tags?post=57896"}],"curies":[{"name":"wp","href":"https:\/\/api.w.org\/{rel}","templated":true}]}}