{"id":57846,"date":"2021-02-18T09:45:28","date_gmt":"2021-02-18T09:45:28","guid":{"rendered":"https:\/\/www.nettali.com\/?p=57846"},"modified":"2021-02-18T09:46:22","modified_gmt":"2021-02-18T09:46:22","slug":"tensions-politiques-la-societe-civile-en-sapeur-pompier","status":"publish","type":"post","link":"https:\/\/www.nettali.com\/2021\/02\/18\/tensions-politiques-la-societe-civile-en-sapeur-pompier\/","title":{"rendered":"TENSIONS POLITIQUES \u2013 La soci\u00e9t\u00e9 civile en sapeur-pompier \u00a0"},"content":{"rendered":"<p><strong>NETTALI.COM - La mont\u00e9e d\u2019adr\u00e9naline cons\u00e9cutive \u00e0 l\u2019affaire Sonko \/ Adji Sarr inqui\u00e8te la soci\u00e9t\u00e9 civile, soucieuse de d\u00e9fendre les droits et libert\u00e9s fondamentaux. celle-ci soutient que le S\u00e9n\u00e9gal a besoin de paix pour relever les d\u00e9fis li\u00e9s \u00e0 la pand\u00e9mie de Covid-19.<\/strong><\/p>\n<p>Dans un communiqu\u00e9 conjoint, la Rencontre africaine pour la d\u00e9fense des Droits de l\u2019homme (Raddho), la Ligue s\u00e9n\u00e9galaise des droits humains (LSDH), AfrikaJom Center, Amnesty International\/S\u00e9n\u00e9gal et Article 19 S\u00e9n\u00e9gal\/Afrique de l\u2019Ouest se disent pr\u00e9occup\u00e9s, depuis le 8 f\u00e9vrier, suite aux manifestations de soutien au leader du parti politique Patriotes du S\u00e9n\u00e9gal pour le travail, l\u2019\u00e9thique et la fraternit\u00e9,\u0301 (Pastef\/Les patriotes), accus\u00e9 de viol. Ces organisations constatent que cette p\u00e9riode a \u00e9t\u00e9 marqu\u00e9e par des actes de violence, une r\u00e9pression par les forces de s\u00e9curit\u00e9, des arrestations de militants et sympathisants du Pastef\/Les patriotes, ou des personnes suppos\u00e9es proches de ce parti, ainsi que la multiplication d\u2019all\u00e9gations de menaces par voie \u00e9lectronique. \u201cNos organisations condamnent tout recours \u00e0 la violence ainsi qu\u2019aux menaces et injures prof\u00e9r\u00e9es contre les journalistes et toute personne exer\u00e7ant ses droits, notamment sa libert\u00e9 d\u2019expression par quelque moyen que ce soit. Les enqu\u00eates sur ces actes, si elles ont lieu, doivent \u00eatre men\u00e9es de fa\u00e7on transparente et indiscrimin\u00e9e, sans cibler les membres d\u2019un groupe en particulier. Toutes les personnes interpell\u00e9es doivent \u00eatre pr\u00e9sent\u00e9es \u00e0 un juge dans les d\u00e9lais requis et inculp\u00e9es pour une infraction pr\u00e9vue par la loi ou lib\u00e9r\u00e9es\u2019\u2019, pr\u00e9cisent-elles.<\/p>\n<p>De l\u2019avis de ces d\u00e9fenseurs des Droits de l\u2019homme, le droit de ces personnes d\u2019\u00eatre assist\u00e9es par un avocat doit \u00eatre respect\u00e9 \u00e0 toutes les \u00e9tapes de la proc\u00e9dure \u00e0 leur encontre. En outre, les all\u00e9gations de torture faites par les avocats de certains d\u00e9tenus doivent faire l\u2019objet d\u2019enqu\u00eates et de poursuites judiciaires si elles sont av\u00e9r\u00e9es.<\/p>\n<p>En outre\u00a0la soci\u00e9t\u00e9 civile soutient que le S\u00e9n\u00e9gal a besoin de paix pour relever les d\u00e9fis li\u00e9s \u00e0 la pand\u00e9mie de Covid-19. De ce fait, tous les acteurs de la vie politique, sociale et religieuse doivent \u0153uvrer pour la paix et la concorde nationale. \u201cNos organisations rappellent aux autorit\u00e9s \u00e9tatiques que les all\u00e9gations de menaces et d\u2019injures ne peuvent en aucun cas \u00eatre utilis\u00e9es pour faire taire les critiques l\u00e9gitimes de citoyens contre l\u2019action de leurs dirigeants dans un Etat d\u00e9mocratique. Par ailleurs, elles sont pr\u00e9occup\u00e9es par les conditions de d\u00e9tention dans les locaux de garde \u00e0 vue o\u00f9 la promiscuit\u00e9 ne permet pas de respecter les mesures barri\u00e8res \u00e9dict\u00e9es par les autorit\u00e9s sanitaires pour pr\u00e9venir la Covid-19\u2019\u2019, lit-on dans le communiqu\u00e9.<\/p>\n<div class='share-to-whatsapp-wrapper'><div class='share-on-whsp'>PARTAGER SUR : <\/div><a data-text='TENSIONS POLITIQUES \u2013 La soci\u00e9t\u00e9 civile en sapeur-pompier \u00a0' data-link='https:\/\/www.nettali.com\/2021\/02\/18\/tensions-politiques-la-societe-civile-en-sapeur-pompier\/' class='whatsapp-button whatsapp-share'>WhatsApp<\/a><div class='clear '><\/div><\/div>","protected":false},"excerpt":{"rendered":"<p>NETTALI.COM - La mont\u00e9e d\u2019adr\u00e9naline cons\u00e9cutive \u00e0 l\u2019affaire Sonko \/ Adji Sarr inqui\u00e8te la soci\u00e9t\u00e9 civile, soucieuse de d\u00e9fendre les droits et libert\u00e9s fondamentaux. celle-ci soutient que le S\u00e9n\u00e9gal a besoin de paix pour relever les d\u00e9fis li\u00e9s \u00e0 la pand\u00e9mie de Covid-19. Dans un communiqu\u00e9 conjoint, la Rencontre africaine pour la d\u00e9fense des Droits [&hellip;]<\/p>\n","protected":false},"author":11,"featured_media":40452,"comment_status":"open","ping_status":"open","sticky":false,"template":"","format":"standard","meta":{"_et_pb_use_builder":"","_et_pb_old_content":""},"categories":[2],"tags":[],"yoast_head":"<!-- This site is optimized with the Yoast SEO Premium plugin v17.8 (Yoast SEO v17.8) - https:\/\/yoast.com\/wordpress\/plugins\/seo\/ -->\n<title>TENSIONS POLITIQUES \u2013 La soci\u00e9t\u00e9 civile en sapeur-pompier \u00a0 | Nettali.com<\/title>\n<meta name=\"robots\" content=\"index, follow, max-snippet:-1, max-image-preview:large, max-video-preview:-1\" \/>\n<link rel=\"canonical\" href=\"https:\/\/www.nettali.com\/2021\/02\/18\/tensions-politiques-la-societe-civile-en-sapeur-pompier\/\" \/>\n<meta property=\"og:locale\" content=\"fr_FR\" \/>\n<meta property=\"og:type\" content=\"article\" \/>\n<meta property=\"og:title\" content=\"TENSIONS POLITIQUES \u2013 La soci\u00e9t\u00e9 civile en sapeur-pompier \u00a0\" \/>\n<meta property=\"og:description\" content=\"NETTALI.COM - La mont\u00e9e d\u2019adr\u00e9naline cons\u00e9cutive \u00e0 l\u2019affaire Sonko \/ Adji Sarr inqui\u00e8te la soci\u00e9t\u00e9 civile, soucieuse de d\u00e9fendre les droits et libert\u00e9s fondamentaux. celle-ci soutient que le S\u00e9n\u00e9gal a besoin de paix pour relever les d\u00e9fis li\u00e9s \u00e0 la pand\u00e9mie de Covid-19. Dans un communiqu\u00e9 conjoint, la Rencontre africaine pour la d\u00e9fense des Droits [&hellip;]\" \/>\n<meta property=\"og:url\" content=\"https:\/\/www.nettali.com\/2021\/02\/18\/tensions-politiques-la-societe-civile-en-sapeur-pompier\/\" \/>\n<meta property=\"og:site_name\" content=\"Nettali.com\" \/>\n<meta property=\"article:publisher\" content=\"https:\/\/www.facebook.com\/nettalicom\" \/>\n<meta property=\"article:published_time\" content=\"2021-02-18T09:45:28+00:00\" \/>\n<meta property=\"article:modified_time\" content=\"2021-02-18T09:46:22+00:00\" \/>\n<meta property=\"og:image\" content=\"https:\/\/www.nettali.com\/wp-content\/uploads\/2020\/07\/amnesty_lsdh.jpg\" \/>\n\t<meta property=\"og:image:width\" content=\"588\" \/>\n\t<meta property=\"og:image:height\" content=\"475\" \/>\n<meta name=\"twitter:card\" content=\"summary_large_image\" \/>\n<meta name=\"twitter:label1\" content=\"\u00c9crit par\" \/>\n\t<meta name=\"twitter:data1\" content=\"Thierno Diop\" \/>\n\t<meta name=\"twitter:label2\" content=\"Dur\u00e9e de lecture estim\u00e9e\" \/>\n\t<meta name=\"twitter:data2\" content=\"3 minutes\" \/>\n<script type=\"application\/ld+json\" class=\"yoast-schema-graph\">{\"@context\":\"https:\/\/schema.org\",\"@graph\":[{\"@type\":\"WebSite\",\"@id\":\"https:\/\/www.nettali.com\/#website\",\"url\":\"https:\/\/www.nettali.com\/\",\"name\":\"Nettali.com\",\"description\":\"Le rendez-vous critique du Net\",\"potentialAction\":[{\"@type\":\"SearchAction\",\"target\":{\"@type\":\"EntryPoint\",\"urlTemplate\":\"https:\/\/www.nettali.com\/?s={search_term_string}\"},\"query-input\":\"required name=search_term_string\"}],\"inLanguage\":\"fr-FR\"},{\"@type\":\"ImageObject\",\"@id\":\"https:\/\/www.nettali.com\/2021\/02\/18\/tensions-politiques-la-societe-civile-en-sapeur-pompier\/#primaryimage\",\"inLanguage\":\"fr-FR\",\"url\":\"https:\/\/www.nettali.com\/wp-content\/uploads\/2020\/07\/amnesty_lsdh.jpg\",\"contentUrl\":\"https:\/\/www.nettali.com\/wp-content\/uploads\/2020\/07\/amnesty_lsdh.jpg\",\"width\":588,\"height\":475},{\"@type\":\"WebPage\",\"@id\":\"https:\/\/www.nettali.com\/2021\/02\/18\/tensions-politiques-la-societe-civile-en-sapeur-pompier\/#webpage\",\"url\":\"https:\/\/www.nettali.com\/2021\/02\/18\/tensions-politiques-la-societe-civile-en-sapeur-pompier\/\",\"name\":\"TENSIONS POLITIQUES \\u2013 La soci\\u00e9t\\u00e9 civile en sapeur-pompier \\u00a0 | Nettali.com\",\"isPartOf\":{\"@id\":\"https:\/\/www.nettali.com\/#website\"},\"primaryImageOfPage\":{\"@id\":\"https:\/\/www.nettali.com\/2021\/02\/18\/tensions-politiques-la-societe-civile-en-sapeur-pompier\/#primaryimage\"},\"datePublished\":\"2021-02-18T09:45:28+00:00\",\"dateModified\":\"2021-02-18T09:46:22+00:00\",\"author\":{\"@id\":\"https:\/\/www.nettali.com\/#\/schema\/person\/8a06c6bd7b19304cf4bf985862900b5b\"},\"breadcrumb\":{\"@id\":\"https:\/\/www.nettali.com\/2021\/02\/18\/tensions-politiques-la-societe-civile-en-sapeur-pompier\/#breadcrumb\"},\"inLanguage\":\"fr-FR\",\"potentialAction\":[{\"@type\":\"ReadAction\",\"target\":[\"https:\/\/www.nettali.com\/2021\/02\/18\/tensions-politiques-la-societe-civile-en-sapeur-pompier\/\"]}]},{\"@type\":\"BreadcrumbList\",\"@id\":\"https:\/\/www.nettali.com\/2021\/02\/18\/tensions-politiques-la-societe-civile-en-sapeur-pompier\/#breadcrumb\",\"itemListElement\":[{\"@type\":\"ListItem\",\"position\":1,\"name\":\"Accueil\",\"item\":\"https:\/\/www.nettali.com\/\"},{\"@type\":\"ListItem\",\"position\":2,\"name\":\"TENSIONS POLITIQUES \\u2013 La soci\\u00e9t\\u00e9 civile en sapeur-pompier \\u00a0\"}]},{\"@type\":\"Person\",\"@id\":\"https:\/\/www.nettali.com\/#\/schema\/person\/8a06c6bd7b19304cf4bf985862900b5b\",\"name\":\"Thierno Diop\",\"image\":{\"@type\":\"ImageObject\",\"@id\":\"https:\/\/www.nettali.com\/#personlogo\",\"inLanguage\":\"fr-FR\",\"url\":\"https:\/\/secure.gravatar.com\/avatar\/c8ca58550c94fd2ac856d27391a6c866?s=96&d=mm&r=g\",\"contentUrl\":\"https:\/\/secure.gravatar.com\/avatar\/c8ca58550c94fd2ac856d27391a6c866?s=96&d=mm&r=g\",\"caption\":\"Thierno Diop\"},\"sameAs\":[\"https:\/\/nettali.com\"]}]}<\/script>\n<!-- \/ Yoast SEO Premium plugin. -->","yoast_head_json":{"title":"TENSIONS POLITIQUES \u2013 La soci\u00e9t\u00e9 civile en sapeur-pompier \u00a0 | Nettali.com","robots":{"index":"index","follow":"follow","max-snippet":"max-snippet:-1","max-image-preview":"max-image-preview:large","max-video-preview":"max-video-preview:-1"},"canonical":"https:\/\/www.nettali.com\/2021\/02\/18\/tensions-politiques-la-societe-civile-en-sapeur-pompier\/","og_locale":"fr_FR","og_type":"article","og_title":"TENSIONS POLITIQUES \u2013 La soci\u00e9t\u00e9 civile en sapeur-pompier \u00a0","og_description":"NETTALI.COM - La mont\u00e9e d\u2019adr\u00e9naline cons\u00e9cutive \u00e0 l\u2019affaire Sonko \/ Adji Sarr inqui\u00e8te la soci\u00e9t\u00e9 civile, soucieuse de d\u00e9fendre les droits et libert\u00e9s fondamentaux. celle-ci soutient que le S\u00e9n\u00e9gal a besoin de paix pour relever les d\u00e9fis li\u00e9s \u00e0 la pand\u00e9mie de Covid-19. Dans un communiqu\u00e9 conjoint, la Rencontre africaine pour la d\u00e9fense des Droits [&hellip;]","og_url":"https:\/\/www.nettali.com\/2021\/02\/18\/tensions-politiques-la-societe-civile-en-sapeur-pompier\/","og_site_name":"Nettali.com","article_publisher":"https:\/\/www.facebook.com\/nettalicom","article_published_time":"2021-02-18T09:45:28+00:00","article_modified_time":"2021-02-18T09:46:22+00:00","og_image":[{"width":588,"height":475,"url":"https:\/\/www.nettali.com\/wp-content\/uploads\/2020\/07\/amnesty_lsdh.jpg","type":"image\/jpeg"}],"twitter_card":"summary_large_image","twitter_misc":{"\u00c9crit par":"Thierno Diop","Dur\u00e9e de lecture estim\u00e9e":"3 minutes"},"schema":{"@context":"https:\/\/schema.org","@graph":[{"@type":"WebSite","@id":"https:\/\/www.nettali.com\/#website","url":"https:\/\/www.nettali.com\/","name":"Nettali.com","description":"Le rendez-vous critique du Net","potentialAction":[{"@type":"SearchAction","target":{"@type":"EntryPoint","urlTemplate":"https:\/\/www.nettali.com\/?s={search_term_string}"},"query-input":"required name=search_term_string"}],"inLanguage":"fr-FR"},{"@type":"ImageObject","@id":"https:\/\/www.nettali.com\/2021\/02\/18\/tensions-politiques-la-societe-civile-en-sapeur-pompier\/#primaryimage","inLanguage":"fr-FR","url":"https:\/\/www.nettali.com\/wp-content\/uploads\/2020\/07\/amnesty_lsdh.jpg","contentUrl":"https:\/\/www.nettali.com\/wp-content\/uploads\/2020\/07\/amnesty_lsdh.jpg","width":588,"height":475},{"@type":"WebPage","@id":"https:\/\/www.nettali.com\/2021\/02\/18\/tensions-politiques-la-societe-civile-en-sapeur-pompier\/#webpage","url":"https:\/\/www.nettali.com\/2021\/02\/18\/tensions-politiques-la-societe-civile-en-sapeur-pompier\/","name":"TENSIONS POLITIQUES \u2013 La soci\u00e9t\u00e9 civile en sapeur-pompier \u00a0 | Nettali.com","isPartOf":{"@id":"https:\/\/www.nettali.com\/#website"},"primaryImageOfPage":{"@id":"https:\/\/www.nettali.com\/2021\/02\/18\/tensions-politiques-la-societe-civile-en-sapeur-pompier\/#primaryimage"},"datePublished":"2021-02-18T09:45:28+00:00","dateModified":"2021-02-18T09:46:22+00:00","author":{"@id":"https:\/\/www.nettali.com\/#\/schema\/person\/8a06c6bd7b19304cf4bf985862900b5b"},"breadcrumb":{"@id":"https:\/\/www.nettali.com\/2021\/02\/18\/tensions-politiques-la-societe-civile-en-sapeur-pompier\/#breadcrumb"},"inLanguage":"fr-FR","potentialAction":[{"@type":"ReadAction","target":["https:\/\/www.nettali.com\/2021\/02\/18\/tensions-politiques-la-societe-civile-en-sapeur-pompier\/"]}]},{"@type":"BreadcrumbList","@id":"https:\/\/www.nettali.com\/2021\/02\/18\/tensions-politiques-la-societe-civile-en-sapeur-pompier\/#breadcrumb","itemListElement":[{"@type":"ListItem","position":1,"name":"Accueil","item":"https:\/\/www.nettali.com\/"},{"@type":"ListItem","position":2,"name":"TENSIONS POLITIQUES \u2013 La soci\u00e9t\u00e9 civile en sapeur-pompier \u00a0"}]},{"@type":"Person","@id":"https:\/\/www.nettali.com\/#\/schema\/person\/8a06c6bd7b19304cf4bf985862900b5b","name":"Thierno Diop","image":{"@type":"ImageObject","@id":"https:\/\/www.nettali.com\/#personlogo","inLanguage":"fr-FR","url":"https:\/\/secure.gravatar.com\/avatar\/c8ca58550c94fd2ac856d27391a6c866?s=96&d=mm&r=g","contentUrl":"https:\/\/secure.gravatar.com\/avatar\/c8ca58550c94fd2ac856d27391a6c866?s=96&d=mm&r=g","caption":"Thierno Diop"},"sameAs":["https:\/\/nettali.com"]}]}},"_links":{"self":[{"href":"https:\/\/www.nettali.com\/rest\/wp\/v2\/posts\/57846"}],"collection":[{"href":"https:\/\/www.nettali.com\/rest\/wp\/v2\/posts"}],"about":[{"href":"https:\/\/www.nettali.com\/rest\/wp\/v2\/types\/post"}],"author":[{"embeddable":true,"href":"https:\/\/www.nettali.com\/rest\/wp\/v2\/users\/11"}],"replies":[{"embeddable":true,"href":"https:\/\/www.nettali.com\/rest\/wp\/v2\/comments?post=57846"}],"version-history":[{"count":2,"href":"https:\/\/www.nettali.com\/rest\/wp\/v2\/posts\/57846\/revisions"}],"predecessor-version":[{"id":57848,"href":"https:\/\/www.nettali.com\/rest\/wp\/v2\/posts\/57846\/revisions\/57848"}],"wp:featuredmedia":[{"embeddable":true,"href":"https:\/\/www.nettali.com\/rest\/wp\/v2\/media\/40452"}],"wp:attachment":[{"href":"https:\/\/www.nettali.com\/rest\/wp\/v2\/media?parent=57846"}],"wp:term":[{"taxonomy":"category","embeddable":true,"href":"https:\/\/www.nettali.com\/rest\/wp\/v2\/categories?post=57846"},{"taxonomy":"post_tag","embeddable":true,"href":"https:\/\/www.nettali.com\/rest\/wp\/v2\/tags?post=57846"}],"curies":[{"name":"wp","href":"https:\/\/api.w.org\/{rel}","templated":true}]}}