{"id":57817,"date":"2021-02-17T14:41:39","date_gmt":"2021-02-17T14:41:39","guid":{"rendered":"https:\/\/www.nettali.com\/?p=57817"},"modified":"2021-02-17T14:41:39","modified_gmt":"2021-02-17T14:41:39","slug":"foootball-le-president-de-la-fifa-attendu-a-dakar-mercredi","status":"publish","type":"post","link":"https:\/\/www.nettali.com\/2021\/02\/17\/foootball-le-president-de-la-fifa-attendu-a-dakar-mercredi\/","title":{"rendered":"FOOOTBALL - Le pr\u00e9sident de la FIFA attendu \u00e0 Dakar, mercredi \u00a0"},"content":{"rendered":"<p>NETTALI.COM - Le patron du football mondial, Gianni Infantino, est attendu mercredi apr\u00e8s-midi \u00e0 Dakar pour une visite. A l\u2019occasion, \u00a0le pr\u00e9sident de la FIFA sera re\u00e7u par le chef de l\u2019Etat, Macky Sall.<\/p>\n<p>Selon le communiqu\u00e9 de la F\u00e9d\u00e9ration s\u00e9n\u00e9galaise de football (FSF), Infantino va rencontrer d\u2019autres autorit\u00e9s gouvernementales et les dirigeants s\u00e9n\u00e9galais de cette discipline sportive.<\/p>\n<p>Il \u00a0quittera Dakar dans la nuit de mercredi.<\/p>\n<p>&nbsp;<\/p>\n<div class='share-to-whatsapp-wrapper'><div class='share-on-whsp'>PARTAGER SUR : <\/div><a data-text='FOOOTBALL - Le pr\u00e9sident de la FIFA attendu \u00e0 Dakar, mercredi \u00a0' data-link='https:\/\/www.nettali.com\/2021\/02\/17\/foootball-le-president-de-la-fifa-attendu-a-dakar-mercredi\/' class='whatsapp-button whatsapp-share'>WhatsApp<\/a><div class='clear '><\/div><\/div>","protected":false},"excerpt":{"rendered":"<p>NETTALI.COM - Le patron du football mondial, Gianni Infantino, est attendu mercredi apr\u00e8s-midi \u00e0 Dakar pour une visite. A l\u2019occasion, \u00a0le pr\u00e9sident de la FIFA sera re\u00e7u par le chef de l\u2019Etat, Macky Sall. Selon le communiqu\u00e9 de la F\u00e9d\u00e9ration s\u00e9n\u00e9galaise de football (FSF), Infantino va rencontrer d\u2019autres autorit\u00e9s gouvernementales et les dirigeants s\u00e9n\u00e9galais de [&hellip;]<\/p>\n","protected":false},"author":11,"featured_media":20217,"comment_status":"open","ping_status":"open","sticky":false,"template":"","format":"standard","meta":{"_et_pb_use_builder":"","_et_pb_old_content":""},"categories":[6],"tags":[],"yoast_head":"<!-- This site is optimized with the Yoast SEO Premium plugin v17.8 (Yoast SEO v17.8) - https:\/\/yoast.com\/wordpress\/plugins\/seo\/ -->\n<title>FOOOTBALL - Le pr\u00e9sident de la FIFA attendu \u00e0 Dakar, mercredi \u00a0 | Nettali.com<\/title>\n<meta name=\"robots\" content=\"index, follow, max-snippet:-1, max-image-preview:large, max-video-preview:-1\" \/>\n<link rel=\"canonical\" href=\"https:\/\/www.nettali.com\/2021\/02\/17\/foootball-le-president-de-la-fifa-attendu-a-dakar-mercredi\/\" \/>\n<meta property=\"og:locale\" content=\"fr_FR\" \/>\n<meta property=\"og:type\" content=\"article\" \/>\n<meta property=\"og:title\" content=\"FOOOTBALL - Le pr\u00e9sident de la FIFA attendu \u00e0 Dakar, mercredi \u00a0\" \/>\n<meta property=\"og:description\" content=\"NETTALI.COM - Le patron du football mondial, Gianni Infantino, est attendu mercredi apr\u00e8s-midi \u00e0 Dakar pour une visite. A l\u2019occasion, \u00a0le pr\u00e9sident de la FIFA sera re\u00e7u par le chef de l\u2019Etat, Macky Sall. Selon le communiqu\u00e9 de la F\u00e9d\u00e9ration s\u00e9n\u00e9galaise de football (FSF), Infantino va rencontrer d\u2019autres autorit\u00e9s gouvernementales et les dirigeants s\u00e9n\u00e9galais de [&hellip;]\" \/>\n<meta property=\"og:url\" content=\"https:\/\/www.nettali.com\/2021\/02\/17\/foootball-le-president-de-la-fifa-attendu-a-dakar-mercredi\/\" \/>\n<meta property=\"og:site_name\" content=\"Nettali.com\" \/>\n<meta property=\"article:publisher\" content=\"https:\/\/www.facebook.com\/nettalicom\" \/>\n<meta property=\"article:published_time\" content=\"2021-02-17T14:41:39+00:00\" \/>\n<meta property=\"og:image\" content=\"https:\/\/www.nettali.com\/wp-content\/uploads\/2019\/10\/infantino.jpg\" \/>\n\t<meta property=\"og:image:width\" content=\"688\" \/>\n\t<meta property=\"og:image:height\" content=\"459\" \/>\n<meta name=\"twitter:card\" content=\"summary_large_image\" \/>\n<meta name=\"twitter:label1\" content=\"\u00c9crit par\" \/>\n\t<meta name=\"twitter:data1\" content=\"Thierno Diop\" \/>\n<script type=\"application\/ld+json\" class=\"yoast-schema-graph\">{\"@context\":\"https:\/\/schema.org\",\"@graph\":[{\"@type\":\"WebSite\",\"@id\":\"https:\/\/www.nettali.com\/#website\",\"url\":\"https:\/\/www.nettali.com\/\",\"name\":\"Nettali.com\",\"description\":\"Le rendez-vous critique du Net\",\"potentialAction\":[{\"@type\":\"SearchAction\",\"target\":{\"@type\":\"EntryPoint\",\"urlTemplate\":\"https:\/\/www.nettali.com\/?s={search_term_string}\"},\"query-input\":\"required name=search_term_string\"}],\"inLanguage\":\"fr-FR\"},{\"@type\":\"ImageObject\",\"@id\":\"https:\/\/www.nettali.com\/2021\/02\/17\/foootball-le-president-de-la-fifa-attendu-a-dakar-mercredi\/#primaryimage\",\"inLanguage\":\"fr-FR\",\"url\":\"https:\/\/www.nettali.com\/wp-content\/uploads\/2019\/10\/infantino.jpg\",\"contentUrl\":\"https:\/\/www.nettali.com\/wp-content\/uploads\/2019\/10\/infantino.jpg\",\"width\":688,\"height\":459,\"caption\":\"President of the International Federation of Association Football (FIFA) Gianni Infantino speaks during a press conference on October 26, 2018, after a FIFA Council meeting at the Convention Center in Kigali. \/ AFP \/ Cyril NDEGEYA\"},{\"@type\":\"WebPage\",\"@id\":\"https:\/\/www.nettali.com\/2021\/02\/17\/foootball-le-president-de-la-fifa-attendu-a-dakar-mercredi\/#webpage\",\"url\":\"https:\/\/www.nettali.com\/2021\/02\/17\/foootball-le-president-de-la-fifa-attendu-a-dakar-mercredi\/\",\"name\":\"FOOOTBALL - Le pr\\u00e9sident de la FIFA attendu \\u00e0 Dakar, mercredi \\u00a0 | Nettali.com\",\"isPartOf\":{\"@id\":\"https:\/\/www.nettali.com\/#website\"},\"primaryImageOfPage\":{\"@id\":\"https:\/\/www.nettali.com\/2021\/02\/17\/foootball-le-president-de-la-fifa-attendu-a-dakar-mercredi\/#primaryimage\"},\"datePublished\":\"2021-02-17T14:41:39+00:00\",\"dateModified\":\"2021-02-17T14:41:39+00:00\",\"author\":{\"@id\":\"https:\/\/www.nettali.com\/#\/schema\/person\/8a06c6bd7b19304cf4bf985862900b5b\"},\"breadcrumb\":{\"@id\":\"https:\/\/www.nettali.com\/2021\/02\/17\/foootball-le-president-de-la-fifa-attendu-a-dakar-mercredi\/#breadcrumb\"},\"inLanguage\":\"fr-FR\",\"potentialAction\":[{\"@type\":\"ReadAction\",\"target\":[\"https:\/\/www.nettali.com\/2021\/02\/17\/foootball-le-president-de-la-fifa-attendu-a-dakar-mercredi\/\"]}]},{\"@type\":\"BreadcrumbList\",\"@id\":\"https:\/\/www.nettali.com\/2021\/02\/17\/foootball-le-president-de-la-fifa-attendu-a-dakar-mercredi\/#breadcrumb\",\"itemListElement\":[{\"@type\":\"ListItem\",\"position\":1,\"name\":\"Accueil\",\"item\":\"https:\/\/www.nettali.com\/\"},{\"@type\":\"ListItem\",\"position\":2,\"name\":\"FOOOTBALL &#8211; Le pr\\u00e9sident de la FIFA attendu \\u00e0 Dakar, mercredi \\u00a0\"}]},{\"@type\":\"Person\",\"@id\":\"https:\/\/www.nettali.com\/#\/schema\/person\/8a06c6bd7b19304cf4bf985862900b5b\",\"name\":\"Thierno Diop\",\"image\":{\"@type\":\"ImageObject\",\"@id\":\"https:\/\/www.nettali.com\/#personlogo\",\"inLanguage\":\"fr-FR\",\"url\":\"https:\/\/secure.gravatar.com\/avatar\/c8ca58550c94fd2ac856d27391a6c866?s=96&d=mm&r=g\",\"contentUrl\":\"https:\/\/secure.gravatar.com\/avatar\/c8ca58550c94fd2ac856d27391a6c866?s=96&d=mm&r=g\",\"caption\":\"Thierno Diop\"},\"sameAs\":[\"https:\/\/nettali.com\"]}]}<\/script>\n<!-- \/ Yoast SEO Premium plugin. -->","yoast_head_json":{"title":"FOOOTBALL - Le pr\u00e9sident de la FIFA attendu \u00e0 Dakar, mercredi \u00a0 | Nettali.com","robots":{"index":"index","follow":"follow","max-snippet":"max-snippet:-1","max-image-preview":"max-image-preview:large","max-video-preview":"max-video-preview:-1"},"canonical":"https:\/\/www.nettali.com\/2021\/02\/17\/foootball-le-president-de-la-fifa-attendu-a-dakar-mercredi\/","og_locale":"fr_FR","og_type":"article","og_title":"FOOOTBALL - Le pr\u00e9sident de la FIFA attendu \u00e0 Dakar, mercredi \u00a0","og_description":"NETTALI.COM - Le patron du football mondial, Gianni Infantino, est attendu mercredi apr\u00e8s-midi \u00e0 Dakar pour une visite. A l\u2019occasion, \u00a0le pr\u00e9sident de la FIFA sera re\u00e7u par le chef de l\u2019Etat, Macky Sall. Selon le communiqu\u00e9 de la F\u00e9d\u00e9ration s\u00e9n\u00e9galaise de football (FSF), Infantino va rencontrer d\u2019autres autorit\u00e9s gouvernementales et les dirigeants s\u00e9n\u00e9galais de [&hellip;]","og_url":"https:\/\/www.nettali.com\/2021\/02\/17\/foootball-le-president-de-la-fifa-attendu-a-dakar-mercredi\/","og_site_name":"Nettali.com","article_publisher":"https:\/\/www.facebook.com\/nettalicom","article_published_time":"2021-02-17T14:41:39+00:00","og_image":[{"width":688,"height":459,"url":"https:\/\/www.nettali.com\/wp-content\/uploads\/2019\/10\/infantino.jpg","type":"image\/jpeg"}],"twitter_card":"summary_large_image","twitter_misc":{"\u00c9crit par":"Thierno Diop"},"schema":{"@context":"https:\/\/schema.org","@graph":[{"@type":"WebSite","@id":"https:\/\/www.nettali.com\/#website","url":"https:\/\/www.nettali.com\/","name":"Nettali.com","description":"Le rendez-vous critique du Net","potentialAction":[{"@type":"SearchAction","target":{"@type":"EntryPoint","urlTemplate":"https:\/\/www.nettali.com\/?s={search_term_string}"},"query-input":"required name=search_term_string"}],"inLanguage":"fr-FR"},{"@type":"ImageObject","@id":"https:\/\/www.nettali.com\/2021\/02\/17\/foootball-le-president-de-la-fifa-attendu-a-dakar-mercredi\/#primaryimage","inLanguage":"fr-FR","url":"https:\/\/www.nettali.com\/wp-content\/uploads\/2019\/10\/infantino.jpg","contentUrl":"https:\/\/www.nettali.com\/wp-content\/uploads\/2019\/10\/infantino.jpg","width":688,"height":459,"caption":"President of the International Federation of Association Football (FIFA) Gianni Infantino speaks during a press conference on October 26, 2018, after a FIFA Council meeting at the Convention Center in Kigali. \/ AFP \/ Cyril NDEGEYA"},{"@type":"WebPage","@id":"https:\/\/www.nettali.com\/2021\/02\/17\/foootball-le-president-de-la-fifa-attendu-a-dakar-mercredi\/#webpage","url":"https:\/\/www.nettali.com\/2021\/02\/17\/foootball-le-president-de-la-fifa-attendu-a-dakar-mercredi\/","name":"FOOOTBALL - Le pr\u00e9sident de la FIFA attendu \u00e0 Dakar, mercredi \u00a0 | Nettali.com","isPartOf":{"@id":"https:\/\/www.nettali.com\/#website"},"primaryImageOfPage":{"@id":"https:\/\/www.nettali.com\/2021\/02\/17\/foootball-le-president-de-la-fifa-attendu-a-dakar-mercredi\/#primaryimage"},"datePublished":"2021-02-17T14:41:39+00:00","dateModified":"2021-02-17T14:41:39+00:00","author":{"@id":"https:\/\/www.nettali.com\/#\/schema\/person\/8a06c6bd7b19304cf4bf985862900b5b"},"breadcrumb":{"@id":"https:\/\/www.nettali.com\/2021\/02\/17\/foootball-le-president-de-la-fifa-attendu-a-dakar-mercredi\/#breadcrumb"},"inLanguage":"fr-FR","potentialAction":[{"@type":"ReadAction","target":["https:\/\/www.nettali.com\/2021\/02\/17\/foootball-le-president-de-la-fifa-attendu-a-dakar-mercredi\/"]}]},{"@type":"BreadcrumbList","@id":"https:\/\/www.nettali.com\/2021\/02\/17\/foootball-le-president-de-la-fifa-attendu-a-dakar-mercredi\/#breadcrumb","itemListElement":[{"@type":"ListItem","position":1,"name":"Accueil","item":"https:\/\/www.nettali.com\/"},{"@type":"ListItem","position":2,"name":"FOOOTBALL &#8211; Le pr\u00e9sident de la FIFA attendu \u00e0 Dakar, mercredi \u00a0"}]},{"@type":"Person","@id":"https:\/\/www.nettali.com\/#\/schema\/person\/8a06c6bd7b19304cf4bf985862900b5b","name":"Thierno Diop","image":{"@type":"ImageObject","@id":"https:\/\/www.nettali.com\/#personlogo","inLanguage":"fr-FR","url":"https:\/\/secure.gravatar.com\/avatar\/c8ca58550c94fd2ac856d27391a6c866?s=96&d=mm&r=g","contentUrl":"https:\/\/secure.gravatar.com\/avatar\/c8ca58550c94fd2ac856d27391a6c866?s=96&d=mm&r=g","caption":"Thierno Diop"},"sameAs":["https:\/\/nettali.com"]}]}},"_links":{"self":[{"href":"https:\/\/www.nettali.com\/rest\/wp\/v2\/posts\/57817"}],"collection":[{"href":"https:\/\/www.nettali.com\/rest\/wp\/v2\/posts"}],"about":[{"href":"https:\/\/www.nettali.com\/rest\/wp\/v2\/types\/post"}],"author":[{"embeddable":true,"href":"https:\/\/www.nettali.com\/rest\/wp\/v2\/users\/11"}],"replies":[{"embeddable":true,"href":"https:\/\/www.nettali.com\/rest\/wp\/v2\/comments?post=57817"}],"version-history":[{"count":1,"href":"https:\/\/www.nettali.com\/rest\/wp\/v2\/posts\/57817\/revisions"}],"predecessor-version":[{"id":57818,"href":"https:\/\/www.nettali.com\/rest\/wp\/v2\/posts\/57817\/revisions\/57818"}],"wp:featuredmedia":[{"embeddable":true,"href":"https:\/\/www.nettali.com\/rest\/wp\/v2\/media\/20217"}],"wp:attachment":[{"href":"https:\/\/www.nettali.com\/rest\/wp\/v2\/media?parent=57817"}],"wp:term":[{"taxonomy":"category","embeddable":true,"href":"https:\/\/www.nettali.com\/rest\/wp\/v2\/categories?post=57817"},{"taxonomy":"post_tag","embeddable":true,"href":"https:\/\/www.nettali.com\/rest\/wp\/v2\/tags?post=57817"}],"curies":[{"name":"wp","href":"https:\/\/api.w.org\/{rel}","templated":true}]}}