{"id":57809,"date":"2021-02-17T13:50:07","date_gmt":"2021-02-17T13:50:07","guid":{"rendered":"https:\/\/www.nettali.com\/?p=57809"},"modified":"2021-02-18T01:21:46","modified_gmt":"2021-02-18T01:21:46","slug":"levee-de-limmunite-parlementaire-de-sonko-y-a-pas-vice-de-forme-selon-la-majorite","status":"publish","type":"post","link":"https:\/\/www.nettali.com\/2021\/02\/17\/levee-de-limmunite-parlementaire-de-sonko-y-a-pas-vice-de-forme-selon-la-majorite\/","title":{"rendered":"LEVEE DE L\u2019IMMUNITE PARLEMENTAIRE DE SONKO \u2013 \"Il n'y a pas vice de forme\", selon la majorit\u00e9"},"content":{"rendered":"<p><strong>NETTALI.COM \u2013 La majorit\u00e9 \u00e9carte la th\u00e8se du vice de forme d\u00e9fendue par l\u2019opposition parlementaire pour bloquer la proc\u00e9dure aff\u00e9rente \u00e0 la lev\u00e9e de l\u2019immunit\u00e9 parlementaire de Ousmane Sonko. Selon Cheikh Seck de Benno Bokk Yakaar, l\u2019Assembl\u00e9e nationale vise le leader de Pastef et non X. <\/strong><\/p>\n<p>Sortant de la pl\u00e9ni\u00e8re qui a ratifi\u00e9 la mise en place de la commission Ad hoc ce mercredi, le d\u00e9put\u00e9 Cheikh Seck de Benno Bokk Yakaar a \u00e9t\u00e9 soumis au feu roulant des questions des journalistes.<\/p>\n<p>De l\u2019avis de ce parlementaire socialiste, cette pl\u00e9ni\u00e8re n\u2019a pas dur\u00e9 plus de 30 minutes pour permettre la lecture du rapport de la commission des lois d\u00e9signant les 11 membres de la commission Ad hoc.<\/p>\n<p>Il a relev\u00e9 qu\u2019une motion, venant de l\u2019opposition, avait \u00e9t\u00e9 port\u00e9e par Toussaint Manga aux fins d\u2019arr\u00eater les travaux, mais<em> \u00ab\u00a0une \u00e9crasante majorit\u00e9 a ratifi\u00e9 cette commission<\/em>\u00a0\u00bb. \u00ab\u00a0<em>Y a pas de vice de forme par rapport \u00e0 la proc\u00e9dure. La commission doit \u00eatre ratifi\u00e9e par la pl\u00e9ni\u00e8re, \u00e7a a \u00e9t\u00e9 fait. Les membres ont \u00e9t\u00e9 pr\u00e9sent\u00e9s par un rapport de la commission des lois, \u00e7a a \u00e9t\u00e9 fait. Toussaint ne sait pas ce qu\u2019il dit, c\u2019est un m\u00e9decin. Moi je suis un coutumier des faits, je suis \u00e0 ma 15<sup>e<\/sup> ann\u00e9e de l\u00e9gislature. Je suis l\u00e0 depuis 1998, je maitrise bien les proc\u00e9dures, y a pas vice de forme<\/em>\u00a0\u00bb, explique ce parlementaire.<\/p>\n<p>Pour la suite de la proc\u00e9dure, M. Seck informe que la commission va se r\u00e9unir. Un rapport va \u00eatre fait des investigations \u00e0 mener. Le concern\u00e9, Ousmane Sonko en l\u2019occurrence, ou la personne qu\u2019il aura d\u00e9sign\u00e9e pour le repr\u00e9senter sera entendu. Ensuite, apr\u00e8s lecture du rapport, un vote sera soumis \u00e0 la pl\u00e9ni\u00e8re pour lever son immunit\u00e9 parlementaire.<\/p>\n<p>Au sujet de ce fameux \u00ab\u00a0X\u00a0\u00bb, vis\u00e9 par la plainte, il abonde\u00a0: \u00ab\u00a0<em>Dans lettre que nous avons re\u00e7ue du garde des Sceaux, qui a transmis une lettre du procureur g\u00e9n\u00e9ral la Cour d\u2019Appel, lequel a transmis une lettre du procureur g\u00e9n\u00e9ral et du juge d\u2019instruction, y a pas de X. \u00a0C\u2019est une demande de lev\u00e9e de l\u2019immunit\u00e9 parlementaire de Ousmane Sonko. Maintenant le procureur de la R\u00e9publique a r\u00e9dig\u00e9 un r\u00e9quisitoire contre X, mais c\u2019est normal. Dans la mesure o\u00f9 la Section de recherches de la gendarmerie nationale a convoqu\u00e9 Ousmane Sonko<\/em>\u00a0\u00bb, ajoute-t-il\u00a0; non sans pr\u00e9ciser que le d\u00e9put\u00e9 m\u00eame s\u2019il ne peut pas \u00eatre poursuivi et arr\u00eat\u00e9 sans la lev\u00e9e de son immunit\u00e9 parlementaire, il peut \u00eatre convoqu\u00e9. <em>\u00ab\u00a0Il lui est loisible de r\u00e9pondre ou de ne pas r\u00e9pondre. J\u2019ai dans ma poche une convocation de la gendarmerie sur un foncier qui m\u2019appartient. Par courtoisie, j\u2019ai dit au commandant de la DESCOS responsable que je viendrai r\u00e9pondre quand j\u2019aurai le temps. Il faut que les choses soient claires, on fait des interpr\u00e9tations que l\u2019on ne maitrise pas\u00a0\u00bb, <\/em>avertit Cheikh Seck.<\/p>\n<div class='share-to-whatsapp-wrapper'><div class='share-on-whsp'>PARTAGER SUR : <\/div><a data-text='LEVEE DE L\u2019IMMUNITE PARLEMENTAIRE DE SONKO \u2013 \"Il n'y a pas vice de forme\", selon la majorit\u00e9' data-link='https:\/\/www.nettali.com\/2021\/02\/17\/levee-de-limmunite-parlementaire-de-sonko-y-a-pas-vice-de-forme-selon-la-majorite\/' class='whatsapp-button whatsapp-share'>WhatsApp<\/a><div class='clear '><\/div><\/div>","protected":false},"excerpt":{"rendered":"<p>NETTALI.COM \u2013 La majorit\u00e9 \u00e9carte la th\u00e8se du vice de forme d\u00e9fendue par l\u2019opposition parlementaire pour bloquer la proc\u00e9dure aff\u00e9rente \u00e0 la lev\u00e9e de l\u2019immunit\u00e9 parlementaire de Ousmane Sonko. Selon Cheikh Seck de Benno Bokk Yakaar, l\u2019Assembl\u00e9e nationale vise le leader de Pastef et non X. Sortant de la pl\u00e9ni\u00e8re qui a ratifi\u00e9 la mise [&hellip;]<\/p>\n","protected":false},"author":11,"featured_media":6849,"comment_status":"open","ping_status":"open","sticky":false,"template":"","format":"standard","meta":{"_et_pb_use_builder":"","_et_pb_old_content":""},"categories":[2],"tags":[],"yoast_head":"<!-- This site is optimized with the Yoast SEO Premium plugin v17.8 (Yoast SEO v17.8) - https:\/\/yoast.com\/wordpress\/plugins\/seo\/ -->\n<title>LEVEE DE L\u2019IMMUNITE PARLEMENTAIRE DE SONKO \u2013 &quot;Il n&#039;y a pas vice de forme&quot;, selon la majorit\u00e9 | Nettali.com<\/title>\n<meta name=\"robots\" content=\"index, follow, max-snippet:-1, max-image-preview:large, max-video-preview:-1\" \/>\n<link rel=\"canonical\" href=\"https:\/\/www.nettali.com\/2021\/02\/17\/levee-de-limmunite-parlementaire-de-sonko-y-a-pas-vice-de-forme-selon-la-majorite\/\" \/>\n<meta property=\"og:locale\" content=\"fr_FR\" \/>\n<meta property=\"og:type\" content=\"article\" \/>\n<meta property=\"og:title\" content=\"LEVEE DE L\u2019IMMUNITE PARLEMENTAIRE DE SONKO \u2013 &quot;Il n&#039;y a pas vice de forme&quot;, selon la majorit\u00e9\" \/>\n<meta property=\"og:description\" content=\"NETTALI.COM \u2013 La majorit\u00e9 \u00e9carte la th\u00e8se du vice de forme d\u00e9fendue par l\u2019opposition parlementaire pour bloquer la proc\u00e9dure aff\u00e9rente \u00e0 la lev\u00e9e de l\u2019immunit\u00e9 parlementaire de Ousmane Sonko. Selon Cheikh Seck de Benno Bokk Yakaar, l\u2019Assembl\u00e9e nationale vise le leader de Pastef et non X. Sortant de la pl\u00e9ni\u00e8re qui a ratifi\u00e9 la mise [&hellip;]\" \/>\n<meta property=\"og:url\" content=\"https:\/\/www.nettali.com\/2021\/02\/17\/levee-de-limmunite-parlementaire-de-sonko-y-a-pas-vice-de-forme-selon-la-majorite\/\" \/>\n<meta property=\"og:site_name\" content=\"Nettali.com\" \/>\n<meta property=\"article:publisher\" content=\"https:\/\/www.facebook.com\/nettalicom\" \/>\n<meta property=\"article:published_time\" content=\"2021-02-17T13:50:07+00:00\" \/>\n<meta property=\"article:modified_time\" content=\"2021-02-18T01:21:46+00:00\" \/>\n<meta property=\"og:image\" content=\"https:\/\/www.nettali.com\/wp-content\/uploads\/2019\/04\/cheikh-seck.jpg\" \/>\n\t<meta property=\"og:image:width\" content=\"863\" \/>\n\t<meta property=\"og:image:height\" content=\"599\" \/>\n<meta name=\"twitter:card\" content=\"summary_large_image\" \/>\n<meta name=\"twitter:label1\" content=\"\u00c9crit par\" \/>\n\t<meta name=\"twitter:data1\" content=\"Thierno Diop\" \/>\n\t<meta name=\"twitter:label2\" content=\"Dur\u00e9e de lecture estim\u00e9e\" \/>\n\t<meta name=\"twitter:data2\" content=\"3 minutes\" \/>\n<script type=\"application\/ld+json\" class=\"yoast-schema-graph\">{\"@context\":\"https:\/\/schema.org\",\"@graph\":[{\"@type\":\"WebSite\",\"@id\":\"https:\/\/www.nettali.com\/#website\",\"url\":\"https:\/\/www.nettali.com\/\",\"name\":\"Nettali.com\",\"description\":\"Le rendez-vous critique du Net\",\"potentialAction\":[{\"@type\":\"SearchAction\",\"target\":{\"@type\":\"EntryPoint\",\"urlTemplate\":\"https:\/\/www.nettali.com\/?s={search_term_string}\"},\"query-input\":\"required name=search_term_string\"}],\"inLanguage\":\"fr-FR\"},{\"@type\":\"ImageObject\",\"@id\":\"https:\/\/www.nettali.com\/2021\/02\/17\/levee-de-limmunite-parlementaire-de-sonko-y-a-pas-vice-de-forme-selon-la-majorite\/#primaryimage\",\"inLanguage\":\"fr-FR\",\"url\":\"https:\/\/www.nettali.com\/wp-content\/uploads\/2019\/04\/cheikh-seck.jpg\",\"contentUrl\":\"https:\/\/www.nettali.com\/wp-content\/uploads\/2019\/04\/cheikh-seck.jpg\",\"width\":863,\"height\":599},{\"@type\":\"WebPage\",\"@id\":\"https:\/\/www.nettali.com\/2021\/02\/17\/levee-de-limmunite-parlementaire-de-sonko-y-a-pas-vice-de-forme-selon-la-majorite\/#webpage\",\"url\":\"https:\/\/www.nettali.com\/2021\/02\/17\/levee-de-limmunite-parlementaire-de-sonko-y-a-pas-vice-de-forme-selon-la-majorite\/\",\"name\":\"LEVEE DE L\\u2019IMMUNITE PARLEMENTAIRE DE SONKO \\u2013 \\\"Il n'y a pas vice de forme\\\", selon la majorit\\u00e9 | Nettali.com\",\"isPartOf\":{\"@id\":\"https:\/\/www.nettali.com\/#website\"},\"primaryImageOfPage\":{\"@id\":\"https:\/\/www.nettali.com\/2021\/02\/17\/levee-de-limmunite-parlementaire-de-sonko-y-a-pas-vice-de-forme-selon-la-majorite\/#primaryimage\"},\"datePublished\":\"2021-02-17T13:50:07+00:00\",\"dateModified\":\"2021-02-18T01:21:46+00:00\",\"author\":{\"@id\":\"https:\/\/www.nettali.com\/#\/schema\/person\/8a06c6bd7b19304cf4bf985862900b5b\"},\"breadcrumb\":{\"@id\":\"https:\/\/www.nettali.com\/2021\/02\/17\/levee-de-limmunite-parlementaire-de-sonko-y-a-pas-vice-de-forme-selon-la-majorite\/#breadcrumb\"},\"inLanguage\":\"fr-FR\",\"potentialAction\":[{\"@type\":\"ReadAction\",\"target\":[\"https:\/\/www.nettali.com\/2021\/02\/17\/levee-de-limmunite-parlementaire-de-sonko-y-a-pas-vice-de-forme-selon-la-majorite\/\"]}]},{\"@type\":\"BreadcrumbList\",\"@id\":\"https:\/\/www.nettali.com\/2021\/02\/17\/levee-de-limmunite-parlementaire-de-sonko-y-a-pas-vice-de-forme-selon-la-majorite\/#breadcrumb\",\"itemListElement\":[{\"@type\":\"ListItem\",\"position\":1,\"name\":\"Accueil\",\"item\":\"https:\/\/www.nettali.com\/\"},{\"@type\":\"ListItem\",\"position\":2,\"name\":\"LEVEE DE L\\u2019IMMUNITE PARLEMENTAIRE DE SONKO \\u2013 \\u00ab\\u00a0Il n&rsquo;y a pas vice de forme\\u00a0\\u00bb, selon la majorit\\u00e9\"}]},{\"@type\":\"Person\",\"@id\":\"https:\/\/www.nettali.com\/#\/schema\/person\/8a06c6bd7b19304cf4bf985862900b5b\",\"name\":\"Thierno Diop\",\"image\":{\"@type\":\"ImageObject\",\"@id\":\"https:\/\/www.nettali.com\/#personlogo\",\"inLanguage\":\"fr-FR\",\"url\":\"https:\/\/secure.gravatar.com\/avatar\/c8ca58550c94fd2ac856d27391a6c866?s=96&d=mm&r=g\",\"contentUrl\":\"https:\/\/secure.gravatar.com\/avatar\/c8ca58550c94fd2ac856d27391a6c866?s=96&d=mm&r=g\",\"caption\":\"Thierno Diop\"},\"sameAs\":[\"https:\/\/nettali.com\"]}]}<\/script>\n<!-- \/ Yoast SEO Premium plugin. -->","yoast_head_json":{"title":"LEVEE DE L\u2019IMMUNITE PARLEMENTAIRE DE SONKO \u2013 \"Il n'y a pas vice de forme\", selon la majorit\u00e9 | Nettali.com","robots":{"index":"index","follow":"follow","max-snippet":"max-snippet:-1","max-image-preview":"max-image-preview:large","max-video-preview":"max-video-preview:-1"},"canonical":"https:\/\/www.nettali.com\/2021\/02\/17\/levee-de-limmunite-parlementaire-de-sonko-y-a-pas-vice-de-forme-selon-la-majorite\/","og_locale":"fr_FR","og_type":"article","og_title":"LEVEE DE L\u2019IMMUNITE PARLEMENTAIRE DE SONKO \u2013 \"Il n'y a pas vice de forme\", selon la majorit\u00e9","og_description":"NETTALI.COM \u2013 La majorit\u00e9 \u00e9carte la th\u00e8se du vice de forme d\u00e9fendue par l\u2019opposition parlementaire pour bloquer la proc\u00e9dure aff\u00e9rente \u00e0 la lev\u00e9e de l\u2019immunit\u00e9 parlementaire de Ousmane Sonko. Selon Cheikh Seck de Benno Bokk Yakaar, l\u2019Assembl\u00e9e nationale vise le leader de Pastef et non X. Sortant de la pl\u00e9ni\u00e8re qui a ratifi\u00e9 la mise [&hellip;]","og_url":"https:\/\/www.nettali.com\/2021\/02\/17\/levee-de-limmunite-parlementaire-de-sonko-y-a-pas-vice-de-forme-selon-la-majorite\/","og_site_name":"Nettali.com","article_publisher":"https:\/\/www.facebook.com\/nettalicom","article_published_time":"2021-02-17T13:50:07+00:00","article_modified_time":"2021-02-18T01:21:46+00:00","og_image":[{"width":863,"height":599,"url":"https:\/\/www.nettali.com\/wp-content\/uploads\/2019\/04\/cheikh-seck.jpg","type":"image\/jpeg"}],"twitter_card":"summary_large_image","twitter_misc":{"\u00c9crit par":"Thierno Diop","Dur\u00e9e de lecture estim\u00e9e":"3 minutes"},"schema":{"@context":"https:\/\/schema.org","@graph":[{"@type":"WebSite","@id":"https:\/\/www.nettali.com\/#website","url":"https:\/\/www.nettali.com\/","name":"Nettali.com","description":"Le rendez-vous critique du Net","potentialAction":[{"@type":"SearchAction","target":{"@type":"EntryPoint","urlTemplate":"https:\/\/www.nettali.com\/?s={search_term_string}"},"query-input":"required name=search_term_string"}],"inLanguage":"fr-FR"},{"@type":"ImageObject","@id":"https:\/\/www.nettali.com\/2021\/02\/17\/levee-de-limmunite-parlementaire-de-sonko-y-a-pas-vice-de-forme-selon-la-majorite\/#primaryimage","inLanguage":"fr-FR","url":"https:\/\/www.nettali.com\/wp-content\/uploads\/2019\/04\/cheikh-seck.jpg","contentUrl":"https:\/\/www.nettali.com\/wp-content\/uploads\/2019\/04\/cheikh-seck.jpg","width":863,"height":599},{"@type":"WebPage","@id":"https:\/\/www.nettali.com\/2021\/02\/17\/levee-de-limmunite-parlementaire-de-sonko-y-a-pas-vice-de-forme-selon-la-majorite\/#webpage","url":"https:\/\/www.nettali.com\/2021\/02\/17\/levee-de-limmunite-parlementaire-de-sonko-y-a-pas-vice-de-forme-selon-la-majorite\/","name":"LEVEE DE L\u2019IMMUNITE PARLEMENTAIRE DE SONKO \u2013 \"Il n'y a pas vice de forme\", selon la majorit\u00e9 | Nettali.com","isPartOf":{"@id":"https:\/\/www.nettali.com\/#website"},"primaryImageOfPage":{"@id":"https:\/\/www.nettali.com\/2021\/02\/17\/levee-de-limmunite-parlementaire-de-sonko-y-a-pas-vice-de-forme-selon-la-majorite\/#primaryimage"},"datePublished":"2021-02-17T13:50:07+00:00","dateModified":"2021-02-18T01:21:46+00:00","author":{"@id":"https:\/\/www.nettali.com\/#\/schema\/person\/8a06c6bd7b19304cf4bf985862900b5b"},"breadcrumb":{"@id":"https:\/\/www.nettali.com\/2021\/02\/17\/levee-de-limmunite-parlementaire-de-sonko-y-a-pas-vice-de-forme-selon-la-majorite\/#breadcrumb"},"inLanguage":"fr-FR","potentialAction":[{"@type":"ReadAction","target":["https:\/\/www.nettali.com\/2021\/02\/17\/levee-de-limmunite-parlementaire-de-sonko-y-a-pas-vice-de-forme-selon-la-majorite\/"]}]},{"@type":"BreadcrumbList","@id":"https:\/\/www.nettali.com\/2021\/02\/17\/levee-de-limmunite-parlementaire-de-sonko-y-a-pas-vice-de-forme-selon-la-majorite\/#breadcrumb","itemListElement":[{"@type":"ListItem","position":1,"name":"Accueil","item":"https:\/\/www.nettali.com\/"},{"@type":"ListItem","position":2,"name":"LEVEE DE L\u2019IMMUNITE PARLEMENTAIRE DE SONKO \u2013 \u00ab\u00a0Il n&rsquo;y a pas vice de forme\u00a0\u00bb, selon la majorit\u00e9"}]},{"@type":"Person","@id":"https:\/\/www.nettali.com\/#\/schema\/person\/8a06c6bd7b19304cf4bf985862900b5b","name":"Thierno Diop","image":{"@type":"ImageObject","@id":"https:\/\/www.nettali.com\/#personlogo","inLanguage":"fr-FR","url":"https:\/\/secure.gravatar.com\/avatar\/c8ca58550c94fd2ac856d27391a6c866?s=96&d=mm&r=g","contentUrl":"https:\/\/secure.gravatar.com\/avatar\/c8ca58550c94fd2ac856d27391a6c866?s=96&d=mm&r=g","caption":"Thierno Diop"},"sameAs":["https:\/\/nettali.com"]}]}},"_links":{"self":[{"href":"https:\/\/www.nettali.com\/rest\/wp\/v2\/posts\/57809"}],"collection":[{"href":"https:\/\/www.nettali.com\/rest\/wp\/v2\/posts"}],"about":[{"href":"https:\/\/www.nettali.com\/rest\/wp\/v2\/types\/post"}],"author":[{"embeddable":true,"href":"https:\/\/www.nettali.com\/rest\/wp\/v2\/users\/11"}],"replies":[{"embeddable":true,"href":"https:\/\/www.nettali.com\/rest\/wp\/v2\/comments?post=57809"}],"version-history":[{"count":4,"href":"https:\/\/www.nettali.com\/rest\/wp\/v2\/posts\/57809\/revisions"}],"predecessor-version":[{"id":57841,"href":"https:\/\/www.nettali.com\/rest\/wp\/v2\/posts\/57809\/revisions\/57841"}],"wp:featuredmedia":[{"embeddable":true,"href":"https:\/\/www.nettali.com\/rest\/wp\/v2\/media\/6849"}],"wp:attachment":[{"href":"https:\/\/www.nettali.com\/rest\/wp\/v2\/media?parent=57809"}],"wp:term":[{"taxonomy":"category","embeddable":true,"href":"https:\/\/www.nettali.com\/rest\/wp\/v2\/categories?post=57809"},{"taxonomy":"post_tag","embeddable":true,"href":"https:\/\/www.nettali.com\/rest\/wp\/v2\/tags?post=57809"}],"curies":[{"name":"wp","href":"https:\/\/api.w.org\/{rel}","templated":true}]}}