{"id":57804,"date":"2021-02-17T13:11:48","date_gmt":"2021-02-17T13:11:48","guid":{"rendered":"https:\/\/www.nettali.com\/?p=57804"},"modified":"2021-02-17T13:56:44","modified_gmt":"2021-02-17T13:56:44","slug":"c1-fc-barcelone-se-fait-detruire-en-espagne","status":"publish","type":"post","link":"https:\/\/www.nettali.com\/2021\/02\/17\/c1-fc-barcelone-se-fait-detruire-en-espagne\/","title":{"rendered":"C1 - FC Barcelone se fait d\u00e9truire en Espagne"},"content":{"rendered":"<p><strong>NETTALI.COM - \u00a0<\/strong><strong>Apr\u00e8s sa lourde d\u00e9faite contre Paris (1-4), le Bar\u00e7a prend tr\u00e8s cher dans la presse ib\u00e9rique, tandis que le PSG et son h\u00e9ros Mbapp\u00e9 sont adoub\u00e9s en France, voici votre revue de presse du 17 f\u00e9vrier 2021.<\/strong><\/p>\n<p><strong>Un Bar\u00e7a \"trop limit\u00e9\"<\/strong><\/p>\n<p>Suite \u00e0 une telle d\u00e9convenue (1-4), la presse ib\u00e9rique n'est pas tendre avec l'\u00e9quipe barcelonaise. En t\u00e9moigne la Une de\u00a0L'Esportiu, ce mercredi. \"<em>Le Bar\u00e7a re\u00e7oit une punition dure mais m\u00e9rit\u00e9e<\/em>\" du PSG, d'apr\u00e8s le quotidien catalan. Celui-ci parle \u00e9galement d'une \"<em>\u00e9norme frustration<\/em>\", pour une \u00e9quipe \"<em>trop limit\u00e9e pour rivaliser avec un rival ambitieux<\/em>\". Les critiques sur les Blaugranas pleuvent aussi dans les pages int\u00e9rieures des nombreux journaux sportifs du pays. \"<em>Mbapp\u00e9 r\u00e8gne sur les ruines du Bar\u00e7a<\/em>\", envoie ainsi\u00a0As, qui \u00e9voque une \"<em>nouvelle catastrophe europ\u00e9enne<\/em>\" des Cul\u00e9s. Pour\u00a0Sport, cette d\u00e9route des Catalans est le signe d'un \"<em>retour des errances<\/em>\" de ce club, qui avait d\u00e9j\u00e0 pris une sacr\u00e9e d\u00e9convenue lors du dernier match \u00e0 \u00e9limination directe qu'il avait jou\u00e9 en Ligue des Champions, face au Bayern (8-2).<\/p>\n<p><strong>Le PSG \"comme dans un r\u00eave\"<\/strong><\/p>\n<p>En France, c'est surtout la large victoire du Paris Saint-Germain qui est mise en avant. \"<em>Galactiques<\/em>\", placarde\u00a0L'\u00c9quipe\u00a0sur sa couverture, en pr\u00e9cisant que \"<em>les\u00a0Parisiens ont livr\u00e9 un match exceptionnel devant un Bar\u00e7a d\u00e9confit<\/em>\". D'ailleurs, il s'agit de la premi\u00e8re victoire d'une \u00e9quipe fran\u00e7aise au Camp Nou, en Ligue des Champions. Un match qui est donc historique pour le PSG, mais aussi pour le foot fran\u00e7ais.\u00a0L'\u00c9quipe\u00a0insiste \u00e9galement sur Mbapp\u00e9 et son tripl\u00e9 dans ses pages int\u00e9rieures. C'est \"<em>sa plus grande performance europ\u00e9enne sous le maillot parisien<\/em>\", affirme solennellement le quotidien. Pour\u00a0Le Parisien, c'\u00e9tait \"<em>comme dans un r\u00eave<\/em>\". Un r\u00eave marqu\u00e9 par \"<em>l'\u00e9blouissant Kylian Mbapp\u00e9<\/em>\".<\/p>\n<p><strong>L' \"ouragan Mbapp\u00e9<\/strong>\"<\/p>\n<p>Ce dernier fait aussi grand bruit en Espagne. Toute la presse ib\u00e9rique est \u00e0 genoux devant Mbapp\u00e9, pour saluer sa partition presque parfaite de la soir\u00e9e. Par exemple,\u00a0As\u00a0\u00e9voque un \"<em>ouragan Mbapp\u00e9<\/em>\" qui est tomb\u00e9 sur le Camp Nou, et qui n'a pas laiss\u00e9 beaucoup de survivants du c\u00f4t\u00e9 des Catalans. \" <em>Mbapp\u00e9 \u00e9clate le Bar\u00e7a<\/em>\", balance m\u00eame\u00a0Marca\u00a0en insistant sur le \"<em>hat-trick du g\u00e9nie fran\u00e7ais qui annonce l'\u00e9limination<\/em>\" des Blaugranas. Il \"<em>renverse le Bar\u00e7a<\/em>\", selon\u00a0Sport, qui a vu de son c\u00f4t\u00e9 \"une partie spectaculaire\" de la part de l'attaquant tricolore. M\u00eame chose, en couverture de\u00a0Mundo Deportivo\u00a0qui fait dans le jeu de mots et titre \"<em>Mbappuleo<\/em>\", car le joueur du PSG a l\u00e2ch\u00e9 une performance digne de Messi hier, et a \"<em>d\u00e9moli un Bar\u00e7a fragile<\/em>\".<\/p>\n<p>Avec Footmercato<\/p>\n<div class='share-to-whatsapp-wrapper'><div class='share-on-whsp'>PARTAGER SUR : <\/div><a data-text='C1 - FC Barcelone se fait d\u00e9truire en Espagne' data-link='https:\/\/www.nettali.com\/2021\/02\/17\/c1-fc-barcelone-se-fait-detruire-en-espagne\/' class='whatsapp-button whatsapp-share'>WhatsApp<\/a><div class='clear '><\/div><\/div>","protected":false},"excerpt":{"rendered":"<p>NETTALI.COM - \u00a0Apr\u00e8s sa lourde d\u00e9faite contre Paris (1-4), le Bar\u00e7a prend tr\u00e8s cher dans la presse ib\u00e9rique, tandis que le PSG et son h\u00e9ros Mbapp\u00e9 sont adoub\u00e9s en France, voici votre revue de presse du 17 f\u00e9vrier 2021. Un Bar\u00e7a \"trop limit\u00e9\" Suite \u00e0 une telle d\u00e9convenue (1-4), la presse ib\u00e9rique n'est pas tendre [&hellip;]<\/p>\n","protected":false},"author":5,"featured_media":57805,"comment_status":"open","ping_status":"open","sticky":false,"template":"","format":"standard","meta":{"_et_pb_use_builder":"","_et_pb_old_content":""},"categories":[6],"tags":[],"yoast_head":"<!-- This site is optimized with the Yoast SEO Premium plugin v17.8 (Yoast SEO v17.8) - https:\/\/yoast.com\/wordpress\/plugins\/seo\/ -->\n<title>C1 - FC Barcelone se fait d\u00e9truire en Espagne | Nettali.com<\/title>\n<meta name=\"robots\" content=\"index, follow, max-snippet:-1, max-image-preview:large, max-video-preview:-1\" \/>\n<link rel=\"canonical\" href=\"https:\/\/www.nettali.com\/2021\/02\/17\/c1-fc-barcelone-se-fait-detruire-en-espagne\/\" \/>\n<meta property=\"og:locale\" content=\"fr_FR\" \/>\n<meta property=\"og:type\" content=\"article\" \/>\n<meta property=\"og:title\" content=\"C1 - FC Barcelone se fait d\u00e9truire en Espagne\" \/>\n<meta property=\"og:description\" content=\"NETTALI.COM - \u00a0Apr\u00e8s sa lourde d\u00e9faite contre Paris (1-4), le Bar\u00e7a prend tr\u00e8s cher dans la presse ib\u00e9rique, tandis que le PSG et son h\u00e9ros Mbapp\u00e9 sont adoub\u00e9s en France, voici votre revue de presse du 17 f\u00e9vrier 2021. Un Bar\u00e7a &quot;trop limit\u00e9&quot; Suite \u00e0 une telle d\u00e9convenue (1-4), la presse ib\u00e9rique n&#039;est pas tendre [&hellip;]\" \/>\n<meta property=\"og:url\" content=\"https:\/\/www.nettali.com\/2021\/02\/17\/c1-fc-barcelone-se-fait-detruire-en-espagne\/\" \/>\n<meta property=\"og:site_name\" content=\"Nettali.com\" \/>\n<meta property=\"article:publisher\" content=\"https:\/\/www.facebook.com\/nettalicom\" \/>\n<meta property=\"article:published_time\" content=\"2021-02-17T13:11:48+00:00\" \/>\n<meta property=\"article:modified_time\" content=\"2021-02-17T13:56:44+00:00\" \/>\n<meta property=\"og:image\" content=\"https:\/\/www.nettali.com\/wp-content\/uploads\/2021\/02\/MO6G5B6KMVG3PKC5R66OBS4IS4.jpg\" \/>\n\t<meta property=\"og:image:width\" content=\"932\" \/>\n\t<meta property=\"og:image:height\" content=\"582\" \/>\n<meta name=\"twitter:card\" content=\"summary_large_image\" \/>\n<meta name=\"twitter:label1\" content=\"\u00c9crit par\" \/>\n\t<meta name=\"twitter:data1\" content=\"Ibrahima\" \/>\n\t<meta name=\"twitter:label2\" content=\"Dur\u00e9e de lecture estim\u00e9e\" \/>\n\t<meta name=\"twitter:data2\" content=\"2 minutes\" \/>\n<script type=\"application\/ld+json\" class=\"yoast-schema-graph\">{\"@context\":\"https:\/\/schema.org\",\"@graph\":[{\"@type\":\"WebSite\",\"@id\":\"https:\/\/www.nettali.com\/#website\",\"url\":\"https:\/\/www.nettali.com\/\",\"name\":\"Nettali.com\",\"description\":\"Le rendez-vous critique du Net\",\"potentialAction\":[{\"@type\":\"SearchAction\",\"target\":{\"@type\":\"EntryPoint\",\"urlTemplate\":\"https:\/\/www.nettali.com\/?s={search_term_string}\"},\"query-input\":\"required name=search_term_string\"}],\"inLanguage\":\"fr-FR\"},{\"@type\":\"ImageObject\",\"@id\":\"https:\/\/www.nettali.com\/2021\/02\/17\/c1-fc-barcelone-se-fait-detruire-en-espagne\/#primaryimage\",\"inLanguage\":\"fr-FR\",\"url\":\"https:\/\/www.nettali.com\/wp-content\/uploads\/2021\/02\/MO6G5B6KMVG3PKC5R66OBS4IS4.jpg\",\"contentUrl\":\"https:\/\/www.nettali.com\/wp-content\/uploads\/2021\/02\/MO6G5B6KMVG3PKC5R66OBS4IS4.jpg\",\"width\":932,\"height\":582},{\"@type\":\"WebPage\",\"@id\":\"https:\/\/www.nettali.com\/2021\/02\/17\/c1-fc-barcelone-se-fait-detruire-en-espagne\/#webpage\",\"url\":\"https:\/\/www.nettali.com\/2021\/02\/17\/c1-fc-barcelone-se-fait-detruire-en-espagne\/\",\"name\":\"C1 - FC Barcelone se fait d\\u00e9truire en Espagne | Nettali.com\",\"isPartOf\":{\"@id\":\"https:\/\/www.nettali.com\/#website\"},\"primaryImageOfPage\":{\"@id\":\"https:\/\/www.nettali.com\/2021\/02\/17\/c1-fc-barcelone-se-fait-detruire-en-espagne\/#primaryimage\"},\"datePublished\":\"2021-02-17T13:11:48+00:00\",\"dateModified\":\"2021-02-17T13:56:44+00:00\",\"author\":{\"@id\":\"https:\/\/www.nettali.com\/#\/schema\/person\/bb147657c2986240405a608162b9bb23\"},\"breadcrumb\":{\"@id\":\"https:\/\/www.nettali.com\/2021\/02\/17\/c1-fc-barcelone-se-fait-detruire-en-espagne\/#breadcrumb\"},\"inLanguage\":\"fr-FR\",\"potentialAction\":[{\"@type\":\"ReadAction\",\"target\":[\"https:\/\/www.nettali.com\/2021\/02\/17\/c1-fc-barcelone-se-fait-detruire-en-espagne\/\"]}]},{\"@type\":\"BreadcrumbList\",\"@id\":\"https:\/\/www.nettali.com\/2021\/02\/17\/c1-fc-barcelone-se-fait-detruire-en-espagne\/#breadcrumb\",\"itemListElement\":[{\"@type\":\"ListItem\",\"position\":1,\"name\":\"Accueil\",\"item\":\"https:\/\/www.nettali.com\/\"},{\"@type\":\"ListItem\",\"position\":2,\"name\":\"C1 &#8211; FC Barcelone se fait d\\u00e9truire en Espagne\"}]},{\"@type\":\"Person\",\"@id\":\"https:\/\/www.nettali.com\/#\/schema\/person\/bb147657c2986240405a608162b9bb23\",\"name\":\"Ibrahima\",\"image\":{\"@type\":\"ImageObject\",\"@id\":\"https:\/\/www.nettali.com\/#personlogo\",\"inLanguage\":\"fr-FR\",\"url\":\"https:\/\/secure.gravatar.com\/avatar\/26a8a81f09f0dd7624c9d5c36c9ba3a2?s=96&d=mm&r=g\",\"contentUrl\":\"https:\/\/secure.gravatar.com\/avatar\/26a8a81f09f0dd7624c9d5c36c9ba3a2?s=96&d=mm&r=g\",\"caption\":\"Ibrahima\"},\"sameAs\":[\"https:\/\/www.nettali.com\"]}]}<\/script>\n<!-- \/ Yoast SEO Premium plugin. -->","yoast_head_json":{"title":"C1 - FC Barcelone se fait d\u00e9truire en Espagne | Nettali.com","robots":{"index":"index","follow":"follow","max-snippet":"max-snippet:-1","max-image-preview":"max-image-preview:large","max-video-preview":"max-video-preview:-1"},"canonical":"https:\/\/www.nettali.com\/2021\/02\/17\/c1-fc-barcelone-se-fait-detruire-en-espagne\/","og_locale":"fr_FR","og_type":"article","og_title":"C1 - FC Barcelone se fait d\u00e9truire en Espagne","og_description":"NETTALI.COM - \u00a0Apr\u00e8s sa lourde d\u00e9faite contre Paris (1-4), le Bar\u00e7a prend tr\u00e8s cher dans la presse ib\u00e9rique, tandis que le PSG et son h\u00e9ros Mbapp\u00e9 sont adoub\u00e9s en France, voici votre revue de presse du 17 f\u00e9vrier 2021. Un Bar\u00e7a \"trop limit\u00e9\" Suite \u00e0 une telle d\u00e9convenue (1-4), la presse ib\u00e9rique n'est pas tendre [&hellip;]","og_url":"https:\/\/www.nettali.com\/2021\/02\/17\/c1-fc-barcelone-se-fait-detruire-en-espagne\/","og_site_name":"Nettali.com","article_publisher":"https:\/\/www.facebook.com\/nettalicom","article_published_time":"2021-02-17T13:11:48+00:00","article_modified_time":"2021-02-17T13:56:44+00:00","og_image":[{"width":932,"height":582,"url":"https:\/\/www.nettali.com\/wp-content\/uploads\/2021\/02\/MO6G5B6KMVG3PKC5R66OBS4IS4.jpg","type":"image\/jpeg"}],"twitter_card":"summary_large_image","twitter_misc":{"\u00c9crit par":"Ibrahima","Dur\u00e9e de lecture estim\u00e9e":"2 minutes"},"schema":{"@context":"https:\/\/schema.org","@graph":[{"@type":"WebSite","@id":"https:\/\/www.nettali.com\/#website","url":"https:\/\/www.nettali.com\/","name":"Nettali.com","description":"Le rendez-vous critique du Net","potentialAction":[{"@type":"SearchAction","target":{"@type":"EntryPoint","urlTemplate":"https:\/\/www.nettali.com\/?s={search_term_string}"},"query-input":"required name=search_term_string"}],"inLanguage":"fr-FR"},{"@type":"ImageObject","@id":"https:\/\/www.nettali.com\/2021\/02\/17\/c1-fc-barcelone-se-fait-detruire-en-espagne\/#primaryimage","inLanguage":"fr-FR","url":"https:\/\/www.nettali.com\/wp-content\/uploads\/2021\/02\/MO6G5B6KMVG3PKC5R66OBS4IS4.jpg","contentUrl":"https:\/\/www.nettali.com\/wp-content\/uploads\/2021\/02\/MO6G5B6KMVG3PKC5R66OBS4IS4.jpg","width":932,"height":582},{"@type":"WebPage","@id":"https:\/\/www.nettali.com\/2021\/02\/17\/c1-fc-barcelone-se-fait-detruire-en-espagne\/#webpage","url":"https:\/\/www.nettali.com\/2021\/02\/17\/c1-fc-barcelone-se-fait-detruire-en-espagne\/","name":"C1 - FC Barcelone se fait d\u00e9truire en Espagne | Nettali.com","isPartOf":{"@id":"https:\/\/www.nettali.com\/#website"},"primaryImageOfPage":{"@id":"https:\/\/www.nettali.com\/2021\/02\/17\/c1-fc-barcelone-se-fait-detruire-en-espagne\/#primaryimage"},"datePublished":"2021-02-17T13:11:48+00:00","dateModified":"2021-02-17T13:56:44+00:00","author":{"@id":"https:\/\/www.nettali.com\/#\/schema\/person\/bb147657c2986240405a608162b9bb23"},"breadcrumb":{"@id":"https:\/\/www.nettali.com\/2021\/02\/17\/c1-fc-barcelone-se-fait-detruire-en-espagne\/#breadcrumb"},"inLanguage":"fr-FR","potentialAction":[{"@type":"ReadAction","target":["https:\/\/www.nettali.com\/2021\/02\/17\/c1-fc-barcelone-se-fait-detruire-en-espagne\/"]}]},{"@type":"BreadcrumbList","@id":"https:\/\/www.nettali.com\/2021\/02\/17\/c1-fc-barcelone-se-fait-detruire-en-espagne\/#breadcrumb","itemListElement":[{"@type":"ListItem","position":1,"name":"Accueil","item":"https:\/\/www.nettali.com\/"},{"@type":"ListItem","position":2,"name":"C1 &#8211; FC Barcelone se fait d\u00e9truire en Espagne"}]},{"@type":"Person","@id":"https:\/\/www.nettali.com\/#\/schema\/person\/bb147657c2986240405a608162b9bb23","name":"Ibrahima","image":{"@type":"ImageObject","@id":"https:\/\/www.nettali.com\/#personlogo","inLanguage":"fr-FR","url":"https:\/\/secure.gravatar.com\/avatar\/26a8a81f09f0dd7624c9d5c36c9ba3a2?s=96&d=mm&r=g","contentUrl":"https:\/\/secure.gravatar.com\/avatar\/26a8a81f09f0dd7624c9d5c36c9ba3a2?s=96&d=mm&r=g","caption":"Ibrahima"},"sameAs":["https:\/\/www.nettali.com"]}]}},"_links":{"self":[{"href":"https:\/\/www.nettali.com\/rest\/wp\/v2\/posts\/57804"}],"collection":[{"href":"https:\/\/www.nettali.com\/rest\/wp\/v2\/posts"}],"about":[{"href":"https:\/\/www.nettali.com\/rest\/wp\/v2\/types\/post"}],"author":[{"embeddable":true,"href":"https:\/\/www.nettali.com\/rest\/wp\/v2\/users\/5"}],"replies":[{"embeddable":true,"href":"https:\/\/www.nettali.com\/rest\/wp\/v2\/comments?post=57804"}],"version-history":[{"count":2,"href":"https:\/\/www.nettali.com\/rest\/wp\/v2\/posts\/57804\/revisions"}],"predecessor-version":[{"id":57808,"href":"https:\/\/www.nettali.com\/rest\/wp\/v2\/posts\/57804\/revisions\/57808"}],"wp:featuredmedia":[{"embeddable":true,"href":"https:\/\/www.nettali.com\/rest\/wp\/v2\/media\/57805"}],"wp:attachment":[{"href":"https:\/\/www.nettali.com\/rest\/wp\/v2\/media?parent=57804"}],"wp:term":[{"taxonomy":"category","embeddable":true,"href":"https:\/\/www.nettali.com\/rest\/wp\/v2\/categories?post=57804"},{"taxonomy":"post_tag","embeddable":true,"href":"https:\/\/www.nettali.com\/rest\/wp\/v2\/tags?post=57804"}],"curies":[{"name":"wp","href":"https:\/\/api.w.org\/{rel}","templated":true}]}}