{"id":57799,"date":"2021-02-17T12:20:07","date_gmt":"2021-02-17T12:20:07","guid":{"rendered":"https:\/\/www.nettali.com\/?p=57799"},"modified":"2021-02-17T12:20:07","modified_gmt":"2021-02-17T12:20:07","slug":"vaccination-contre-la-fievre-jaune-les-craintes-des-enseignants","status":"publish","type":"post","link":"https:\/\/www.nettali.com\/2021\/02\/17\/vaccination-contre-la-fievre-jaune-les-craintes-des-enseignants\/","title":{"rendered":"VACCINATION CONTRE LA FIEVRE JAUNE \u2013 Les craintes des enseignants"},"content":{"rendered":"<p>NETTALI.COM - Les enseignants alertent sur la situation actuelle des vaccins contre la fi\u00e8vre jaune dans les \u00e9tablissements. Le secr\u00e9taire g\u00e9n\u00e9ral du Sels\/A, Abdou Faty, d\u00e9nonce, en effet, un manque d\u2019information.<\/p>\n<p>\u201cDans un contexte particulier tr\u00e8s compliqu\u00e9 de suspicion g\u00e9n\u00e9rale des vaccins contre la Covid-19 et pour ne pas mettre la vie des enseignants en danger, comme ce fut le cas, aujourd\u2019hui (hier) \u00e0 K\u00e9dougou o\u00f9 des enseignants ont \u00e9t\u00e9 attaqu\u00e9s verbalement, \u00e0 Bandaffassi o\u00f9 tous les \u00e9l\u00e8ves ont fui et se sont r\u00e9fugi\u00e9s dans les collines pour ne pas \u00eatre vaccin\u00e9s, il faudrait que les autorit\u00e9s revoient les choses\u2019\u2019, dit-il.<\/p>\n<p>Il consid\u00e8re qu\u2019il y a un travail pr\u00e9alable \u00e0 faire avant d\u2019entamer la campagne de vaccination. Abdou Faty appelle \u00e0 une implication de toute la communaut\u00e9 afin de sensibiliser d\u2019abord, avant de prendre comme cible les \u00e9coles pour vacciner les enfants.<\/p>\n<p>Il en appelle \u00e0 la responsabilit\u00e9 des autorit\u00e9s, \u00e0 d\u00e9faut, pr\u00e9vient Abdou Faty, les enseignants vont prendre les choses en main.<\/p>\n<div class='share-to-whatsapp-wrapper'><div class='share-on-whsp'>PARTAGER SUR : <\/div><a data-text='VACCINATION CONTRE LA FIEVRE JAUNE \u2013 Les craintes des enseignants' data-link='https:\/\/www.nettali.com\/2021\/02\/17\/vaccination-contre-la-fievre-jaune-les-craintes-des-enseignants\/' class='whatsapp-button whatsapp-share'>WhatsApp<\/a><div class='clear '><\/div><\/div>","protected":false},"excerpt":{"rendered":"<p>NETTALI.COM - Les enseignants alertent sur la situation actuelle des vaccins contre la fi\u00e8vre jaune dans les \u00e9tablissements. Le secr\u00e9taire g\u00e9n\u00e9ral du Sels\/A, Abdou Faty, d\u00e9nonce, en effet, un manque d\u2019information. \u201cDans un contexte particulier tr\u00e8s compliqu\u00e9 de suspicion g\u00e9n\u00e9rale des vaccins contre la Covid-19 et pour ne pas mettre la vie des enseignants en [&hellip;]<\/p>\n","protected":false},"author":11,"featured_media":37647,"comment_status":"open","ping_status":"open","sticky":false,"template":"","format":"standard","meta":{"_et_pb_use_builder":"","_et_pb_old_content":""},"categories":[3],"tags":[],"yoast_head":"<!-- This site is optimized with the Yoast SEO Premium plugin v17.8 (Yoast SEO v17.8) - https:\/\/yoast.com\/wordpress\/plugins\/seo\/ -->\n<title>VACCINATION CONTRE LA FIEVRE JAUNE \u2013 Les craintes des enseignants | Nettali.com<\/title>\n<meta name=\"robots\" content=\"index, follow, max-snippet:-1, max-image-preview:large, max-video-preview:-1\" \/>\n<link rel=\"canonical\" href=\"https:\/\/www.nettali.com\/2021\/02\/17\/vaccination-contre-la-fievre-jaune-les-craintes-des-enseignants\/\" \/>\n<meta property=\"og:locale\" content=\"fr_FR\" \/>\n<meta property=\"og:type\" content=\"article\" \/>\n<meta property=\"og:title\" content=\"VACCINATION CONTRE LA FIEVRE JAUNE \u2013 Les craintes des enseignants\" \/>\n<meta property=\"og:description\" content=\"NETTALI.COM - Les enseignants alertent sur la situation actuelle des vaccins contre la fi\u00e8vre jaune dans les \u00e9tablissements. Le secr\u00e9taire g\u00e9n\u00e9ral du Sels\/A, Abdou Faty, d\u00e9nonce, en effet, un manque d\u2019information. \u201cDans un contexte particulier tr\u00e8s compliqu\u00e9 de suspicion g\u00e9n\u00e9rale des vaccins contre la Covid-19 et pour ne pas mettre la vie des enseignants en [&hellip;]\" \/>\n<meta property=\"og:url\" content=\"https:\/\/www.nettali.com\/2021\/02\/17\/vaccination-contre-la-fievre-jaune-les-craintes-des-enseignants\/\" \/>\n<meta property=\"og:site_name\" content=\"Nettali.com\" \/>\n<meta property=\"article:publisher\" content=\"https:\/\/www.facebook.com\/nettalicom\" \/>\n<meta property=\"article:published_time\" content=\"2021-02-17T12:20:07+00:00\" \/>\n<meta property=\"og:image\" content=\"https:\/\/www.nettali.com\/wp-content\/uploads\/2020\/06\/ECOLE.jpg\" \/>\n\t<meta property=\"og:image:width\" content=\"678\" \/>\n\t<meta property=\"og:image:height\" content=\"381\" \/>\n<meta name=\"twitter:card\" content=\"summary_large_image\" \/>\n<meta name=\"twitter:label1\" content=\"\u00c9crit par\" \/>\n\t<meta name=\"twitter:data1\" content=\"Thierno Diop\" \/>\n\t<meta name=\"twitter:label2\" content=\"Dur\u00e9e de lecture estim\u00e9e\" \/>\n\t<meta name=\"twitter:data2\" content=\"1 minute\" \/>\n<script type=\"application\/ld+json\" class=\"yoast-schema-graph\">{\"@context\":\"https:\/\/schema.org\",\"@graph\":[{\"@type\":\"WebSite\",\"@id\":\"https:\/\/www.nettali.com\/#website\",\"url\":\"https:\/\/www.nettali.com\/\",\"name\":\"Nettali.com\",\"description\":\"Le rendez-vous critique du Net\",\"potentialAction\":[{\"@type\":\"SearchAction\",\"target\":{\"@type\":\"EntryPoint\",\"urlTemplate\":\"https:\/\/www.nettali.com\/?s={search_term_string}\"},\"query-input\":\"required name=search_term_string\"}],\"inLanguage\":\"fr-FR\"},{\"@type\":\"ImageObject\",\"@id\":\"https:\/\/www.nettali.com\/2021\/02\/17\/vaccination-contre-la-fievre-jaune-les-craintes-des-enseignants\/#primaryimage\",\"inLanguage\":\"fr-FR\",\"url\":\"https:\/\/www.nettali.com\/wp-content\/uploads\/2020\/06\/ECOLE.jpg\",\"contentUrl\":\"https:\/\/www.nettali.com\/wp-content\/uploads\/2020\/06\/ECOLE.jpg\",\"width\":678,\"height\":381},{\"@type\":\"WebPage\",\"@id\":\"https:\/\/www.nettali.com\/2021\/02\/17\/vaccination-contre-la-fievre-jaune-les-craintes-des-enseignants\/#webpage\",\"url\":\"https:\/\/www.nettali.com\/2021\/02\/17\/vaccination-contre-la-fievre-jaune-les-craintes-des-enseignants\/\",\"name\":\"VACCINATION CONTRE LA FIEVRE JAUNE \\u2013 Les craintes des enseignants | Nettali.com\",\"isPartOf\":{\"@id\":\"https:\/\/www.nettali.com\/#website\"},\"primaryImageOfPage\":{\"@id\":\"https:\/\/www.nettali.com\/2021\/02\/17\/vaccination-contre-la-fievre-jaune-les-craintes-des-enseignants\/#primaryimage\"},\"datePublished\":\"2021-02-17T12:20:07+00:00\",\"dateModified\":\"2021-02-17T12:20:07+00:00\",\"author\":{\"@id\":\"https:\/\/www.nettali.com\/#\/schema\/person\/8a06c6bd7b19304cf4bf985862900b5b\"},\"breadcrumb\":{\"@id\":\"https:\/\/www.nettali.com\/2021\/02\/17\/vaccination-contre-la-fievre-jaune-les-craintes-des-enseignants\/#breadcrumb\"},\"inLanguage\":\"fr-FR\",\"potentialAction\":[{\"@type\":\"ReadAction\",\"target\":[\"https:\/\/www.nettali.com\/2021\/02\/17\/vaccination-contre-la-fievre-jaune-les-craintes-des-enseignants\/\"]}]},{\"@type\":\"BreadcrumbList\",\"@id\":\"https:\/\/www.nettali.com\/2021\/02\/17\/vaccination-contre-la-fievre-jaune-les-craintes-des-enseignants\/#breadcrumb\",\"itemListElement\":[{\"@type\":\"ListItem\",\"position\":1,\"name\":\"Accueil\",\"item\":\"https:\/\/www.nettali.com\/\"},{\"@type\":\"ListItem\",\"position\":2,\"name\":\"VACCINATION CONTRE LA FIEVRE JAUNE \\u2013 Les craintes des enseignants\"}]},{\"@type\":\"Person\",\"@id\":\"https:\/\/www.nettali.com\/#\/schema\/person\/8a06c6bd7b19304cf4bf985862900b5b\",\"name\":\"Thierno Diop\",\"image\":{\"@type\":\"ImageObject\",\"@id\":\"https:\/\/www.nettali.com\/#personlogo\",\"inLanguage\":\"fr-FR\",\"url\":\"https:\/\/secure.gravatar.com\/avatar\/c8ca58550c94fd2ac856d27391a6c866?s=96&d=mm&r=g\",\"contentUrl\":\"https:\/\/secure.gravatar.com\/avatar\/c8ca58550c94fd2ac856d27391a6c866?s=96&d=mm&r=g\",\"caption\":\"Thierno Diop\"},\"sameAs\":[\"https:\/\/nettali.com\"]}]}<\/script>\n<!-- \/ Yoast SEO Premium plugin. -->","yoast_head_json":{"title":"VACCINATION CONTRE LA FIEVRE JAUNE \u2013 Les craintes des enseignants | Nettali.com","robots":{"index":"index","follow":"follow","max-snippet":"max-snippet:-1","max-image-preview":"max-image-preview:large","max-video-preview":"max-video-preview:-1"},"canonical":"https:\/\/www.nettali.com\/2021\/02\/17\/vaccination-contre-la-fievre-jaune-les-craintes-des-enseignants\/","og_locale":"fr_FR","og_type":"article","og_title":"VACCINATION CONTRE LA FIEVRE JAUNE \u2013 Les craintes des enseignants","og_description":"NETTALI.COM - Les enseignants alertent sur la situation actuelle des vaccins contre la fi\u00e8vre jaune dans les \u00e9tablissements. Le secr\u00e9taire g\u00e9n\u00e9ral du Sels\/A, Abdou Faty, d\u00e9nonce, en effet, un manque d\u2019information. \u201cDans un contexte particulier tr\u00e8s compliqu\u00e9 de suspicion g\u00e9n\u00e9rale des vaccins contre la Covid-19 et pour ne pas mettre la vie des enseignants en [&hellip;]","og_url":"https:\/\/www.nettali.com\/2021\/02\/17\/vaccination-contre-la-fievre-jaune-les-craintes-des-enseignants\/","og_site_name":"Nettali.com","article_publisher":"https:\/\/www.facebook.com\/nettalicom","article_published_time":"2021-02-17T12:20:07+00:00","og_image":[{"width":678,"height":381,"url":"https:\/\/www.nettali.com\/wp-content\/uploads\/2020\/06\/ECOLE.jpg","type":"image\/jpeg"}],"twitter_card":"summary_large_image","twitter_misc":{"\u00c9crit par":"Thierno Diop","Dur\u00e9e de lecture estim\u00e9e":"1 minute"},"schema":{"@context":"https:\/\/schema.org","@graph":[{"@type":"WebSite","@id":"https:\/\/www.nettali.com\/#website","url":"https:\/\/www.nettali.com\/","name":"Nettali.com","description":"Le rendez-vous critique du Net","potentialAction":[{"@type":"SearchAction","target":{"@type":"EntryPoint","urlTemplate":"https:\/\/www.nettali.com\/?s={search_term_string}"},"query-input":"required name=search_term_string"}],"inLanguage":"fr-FR"},{"@type":"ImageObject","@id":"https:\/\/www.nettali.com\/2021\/02\/17\/vaccination-contre-la-fievre-jaune-les-craintes-des-enseignants\/#primaryimage","inLanguage":"fr-FR","url":"https:\/\/www.nettali.com\/wp-content\/uploads\/2020\/06\/ECOLE.jpg","contentUrl":"https:\/\/www.nettali.com\/wp-content\/uploads\/2020\/06\/ECOLE.jpg","width":678,"height":381},{"@type":"WebPage","@id":"https:\/\/www.nettali.com\/2021\/02\/17\/vaccination-contre-la-fievre-jaune-les-craintes-des-enseignants\/#webpage","url":"https:\/\/www.nettali.com\/2021\/02\/17\/vaccination-contre-la-fievre-jaune-les-craintes-des-enseignants\/","name":"VACCINATION CONTRE LA FIEVRE JAUNE \u2013 Les craintes des enseignants | Nettali.com","isPartOf":{"@id":"https:\/\/www.nettali.com\/#website"},"primaryImageOfPage":{"@id":"https:\/\/www.nettali.com\/2021\/02\/17\/vaccination-contre-la-fievre-jaune-les-craintes-des-enseignants\/#primaryimage"},"datePublished":"2021-02-17T12:20:07+00:00","dateModified":"2021-02-17T12:20:07+00:00","author":{"@id":"https:\/\/www.nettali.com\/#\/schema\/person\/8a06c6bd7b19304cf4bf985862900b5b"},"breadcrumb":{"@id":"https:\/\/www.nettali.com\/2021\/02\/17\/vaccination-contre-la-fievre-jaune-les-craintes-des-enseignants\/#breadcrumb"},"inLanguage":"fr-FR","potentialAction":[{"@type":"ReadAction","target":["https:\/\/www.nettali.com\/2021\/02\/17\/vaccination-contre-la-fievre-jaune-les-craintes-des-enseignants\/"]}]},{"@type":"BreadcrumbList","@id":"https:\/\/www.nettali.com\/2021\/02\/17\/vaccination-contre-la-fievre-jaune-les-craintes-des-enseignants\/#breadcrumb","itemListElement":[{"@type":"ListItem","position":1,"name":"Accueil","item":"https:\/\/www.nettali.com\/"},{"@type":"ListItem","position":2,"name":"VACCINATION CONTRE LA FIEVRE JAUNE \u2013 Les craintes des enseignants"}]},{"@type":"Person","@id":"https:\/\/www.nettali.com\/#\/schema\/person\/8a06c6bd7b19304cf4bf985862900b5b","name":"Thierno Diop","image":{"@type":"ImageObject","@id":"https:\/\/www.nettali.com\/#personlogo","inLanguage":"fr-FR","url":"https:\/\/secure.gravatar.com\/avatar\/c8ca58550c94fd2ac856d27391a6c866?s=96&d=mm&r=g","contentUrl":"https:\/\/secure.gravatar.com\/avatar\/c8ca58550c94fd2ac856d27391a6c866?s=96&d=mm&r=g","caption":"Thierno Diop"},"sameAs":["https:\/\/nettali.com"]}]}},"_links":{"self":[{"href":"https:\/\/www.nettali.com\/rest\/wp\/v2\/posts\/57799"}],"collection":[{"href":"https:\/\/www.nettali.com\/rest\/wp\/v2\/posts"}],"about":[{"href":"https:\/\/www.nettali.com\/rest\/wp\/v2\/types\/post"}],"author":[{"embeddable":true,"href":"https:\/\/www.nettali.com\/rest\/wp\/v2\/users\/11"}],"replies":[{"embeddable":true,"href":"https:\/\/www.nettali.com\/rest\/wp\/v2\/comments?post=57799"}],"version-history":[{"count":1,"href":"https:\/\/www.nettali.com\/rest\/wp\/v2\/posts\/57799\/revisions"}],"predecessor-version":[{"id":57800,"href":"https:\/\/www.nettali.com\/rest\/wp\/v2\/posts\/57799\/revisions\/57800"}],"wp:featuredmedia":[{"embeddable":true,"href":"https:\/\/www.nettali.com\/rest\/wp\/v2\/media\/37647"}],"wp:attachment":[{"href":"https:\/\/www.nettali.com\/rest\/wp\/v2\/media?parent=57799"}],"wp:term":[{"taxonomy":"category","embeddable":true,"href":"https:\/\/www.nettali.com\/rest\/wp\/v2\/categories?post=57799"},{"taxonomy":"post_tag","embeddable":true,"href":"https:\/\/www.nettali.com\/rest\/wp\/v2\/tags?post=57799"}],"curies":[{"name":"wp","href":"https:\/\/api.w.org\/{rel}","templated":true}]}}