{"id":57796,"date":"2021-02-17T12:20:59","date_gmt":"2021-02-17T12:20:59","guid":{"rendered":"https:\/\/www.nettali.com\/?p=57796"},"modified":"2021-02-17T17:26:20","modified_gmt":"2021-02-17T17:26:20","slug":"levee-de-limmunite-de-sonko-lopposition-parlementaire-quitte-les-travaux","status":"publish","type":"post","link":"https:\/\/www.nettali.com\/2021\/02\/17\/levee-de-limmunite-de-sonko-lopposition-parlementaire-quitte-les-travaux\/","title":{"rendered":"LEVEE DE L'IMMUNITE DE SONKO - L'opposition parlementaire quitte les travaux"},"content":{"rendered":"<p><strong>NETTALI.COM\u00a0 - C'est ce mercredi que l'Assembl\u00e9e nationale installe la commission ad-hoc devant travailler \u00e0 la lev\u00e9e de l'immunit\u00e9 parlementaire d'Ousmane Sonko. Aux derni\u00e8res nouvelles, les d\u00e9put\u00e9s de l'opposition ont quitt\u00e9 les travaux.<\/strong><\/p>\n<p>Les d\u00e9put\u00e9s de la majorit\u00e9 parlementaire et leurs coll\u00e8gues de l'opposition ne parlent pas le m\u00eame langage. Alors que l'Assembl\u00e9e nationale se r\u00e9unit ce mercredi pour installer la commission ad hoc devant travailler \u00e0 la lev\u00e9e de l'immunit\u00e9 parlementaire d'Ousmane Sonko, l'opposition parlementaire a pr\u00e9f\u00e9r\u00e9 quitter les travaux. Une fa\u00e7on de d\u00e9noncer le libell\u00e9 m\u00eame de la saisine du Parlement par le ministre de la Justice.<\/p>\n<p>\"<em>On ne peut pas, sur la base d'une plainte contre x, lever l'immunit\u00e9 d'un d\u00e9put\u00e9<\/em>\", a d\u00e9nonc\u00e9 El Malick Gueye, d\u00e9put\u00e9 membre du Grand parti d'El hadji Malick Gackou. Selon le jeune parlementaire, l'opposition a demand\u00e9 plus de pr\u00e9cision avant la poursuite des travaux.<\/p>\n<p>Ancien de l'Alliance des forces de progr\u00e8s (Afp), Malick Gueye s'en est \u00e9galement pris \u00e0 Moustapha Niasse. D'apr\u00e8s lui, le pr\u00e9sident de l'Assembl\u00e9e nationale doit, \u00e0 son \u00e2ge, penser \u00e0 autre chose qu'\u00e0 des combines politiques.<\/p>\n<div class='share-to-whatsapp-wrapper'><div class='share-on-whsp'>PARTAGER SUR : <\/div><a data-text='LEVEE DE L'IMMUNITE DE SONKO - L'opposition parlementaire quitte les travaux' data-link='https:\/\/www.nettali.com\/2021\/02\/17\/levee-de-limmunite-de-sonko-lopposition-parlementaire-quitte-les-travaux\/' class='whatsapp-button whatsapp-share'>WhatsApp<\/a><div class='clear '><\/div><\/div>","protected":false},"excerpt":{"rendered":"<p>NETTALI.COM\u00a0 - C'est ce mercredi que l'Assembl\u00e9e nationale installe la commission ad-hoc devant travailler \u00e0 la lev\u00e9e de l'immunit\u00e9 parlementaire d'Ousmane Sonko. Aux derni\u00e8res nouvelles, les d\u00e9put\u00e9s de l'opposition ont quitt\u00e9 les travaux. Les d\u00e9put\u00e9s de la majorit\u00e9 parlementaire et leurs coll\u00e8gues de l'opposition ne parlent pas le m\u00eame langage. Alors que l'Assembl\u00e9e nationale se [&hellip;]<\/p>\n","protected":false},"author":3,"featured_media":7183,"comment_status":"open","ping_status":"open","sticky":false,"template":"","format":"standard","meta":{"_et_pb_use_builder":"","_et_pb_old_content":""},"categories":[2],"tags":[],"yoast_head":"<!-- This site is optimized with the Yoast SEO Premium plugin v17.8 (Yoast SEO v17.8) - https:\/\/yoast.com\/wordpress\/plugins\/seo\/ -->\n<title>LEVEE DE L&#039;IMMUNITE DE SONKO - L&#039;opposition parlementaire quitte les travaux | Nettali.com<\/title>\n<meta name=\"robots\" content=\"index, follow, max-snippet:-1, max-image-preview:large, max-video-preview:-1\" \/>\n<link rel=\"canonical\" href=\"https:\/\/www.nettali.com\/2021\/02\/17\/levee-de-limmunite-de-sonko-lopposition-parlementaire-quitte-les-travaux\/\" \/>\n<meta property=\"og:locale\" content=\"fr_FR\" \/>\n<meta property=\"og:type\" content=\"article\" \/>\n<meta property=\"og:title\" content=\"LEVEE DE L&#039;IMMUNITE DE SONKO - L&#039;opposition parlementaire quitte les travaux\" \/>\n<meta property=\"og:description\" content=\"NETTALI.COM\u00a0 - C&#039;est ce mercredi que l&#039;Assembl\u00e9e nationale installe la commission ad-hoc devant travailler \u00e0 la lev\u00e9e de l&#039;immunit\u00e9 parlementaire d&#039;Ousmane Sonko. Aux derni\u00e8res nouvelles, les d\u00e9put\u00e9s de l&#039;opposition ont quitt\u00e9 les travaux. Les d\u00e9put\u00e9s de la majorit\u00e9 parlementaire et leurs coll\u00e8gues de l&#039;opposition ne parlent pas le m\u00eame langage. Alors que l&#039;Assembl\u00e9e nationale se [&hellip;]\" \/>\n<meta property=\"og:url\" content=\"https:\/\/www.nettali.com\/2021\/02\/17\/levee-de-limmunite-de-sonko-lopposition-parlementaire-quitte-les-travaux\/\" \/>\n<meta property=\"og:site_name\" content=\"Nettali.com\" \/>\n<meta property=\"article:publisher\" content=\"https:\/\/www.facebook.com\/nettalicom\" \/>\n<meta property=\"article:published_time\" content=\"2021-02-17T12:20:59+00:00\" \/>\n<meta property=\"article:modified_time\" content=\"2021-02-17T17:26:20+00:00\" \/>\n<meta property=\"og:image\" content=\"https:\/\/www.nettali.com\/wp-content\/uploads\/2019\/04\/assembleenationale_sen.jpg\" \/>\n\t<meta property=\"og:image:width\" content=\"600\" \/>\n\t<meta property=\"og:image:height\" content=\"402\" \/>\n<meta name=\"twitter:card\" content=\"summary_large_image\" \/>\n<meta name=\"twitter:label1\" content=\"\u00c9crit par\" \/>\n\t<meta name=\"twitter:data1\" content=\"Moustapha\" \/>\n\t<meta name=\"twitter:label2\" content=\"Dur\u00e9e de lecture estim\u00e9e\" \/>\n\t<meta name=\"twitter:data2\" content=\"1 minute\" \/>\n<script type=\"application\/ld+json\" class=\"yoast-schema-graph\">{\"@context\":\"https:\/\/schema.org\",\"@graph\":[{\"@type\":\"WebSite\",\"@id\":\"https:\/\/www.nettali.com\/#website\",\"url\":\"https:\/\/www.nettali.com\/\",\"name\":\"Nettali.com\",\"description\":\"Le rendez-vous critique du Net\",\"potentialAction\":[{\"@type\":\"SearchAction\",\"target\":{\"@type\":\"EntryPoint\",\"urlTemplate\":\"https:\/\/www.nettali.com\/?s={search_term_string}\"},\"query-input\":\"required name=search_term_string\"}],\"inLanguage\":\"fr-FR\"},{\"@type\":\"ImageObject\",\"@id\":\"https:\/\/www.nettali.com\/2021\/02\/17\/levee-de-limmunite-de-sonko-lopposition-parlementaire-quitte-les-travaux\/#primaryimage\",\"inLanguage\":\"fr-FR\",\"url\":\"https:\/\/www.nettali.com\/wp-content\/uploads\/2019\/04\/assembleenationale_sen.jpg\",\"contentUrl\":\"https:\/\/www.nettali.com\/wp-content\/uploads\/2019\/04\/assembleenationale_sen.jpg\",\"width\":600,\"height\":402},{\"@type\":\"WebPage\",\"@id\":\"https:\/\/www.nettali.com\/2021\/02\/17\/levee-de-limmunite-de-sonko-lopposition-parlementaire-quitte-les-travaux\/#webpage\",\"url\":\"https:\/\/www.nettali.com\/2021\/02\/17\/levee-de-limmunite-de-sonko-lopposition-parlementaire-quitte-les-travaux\/\",\"name\":\"LEVEE DE L'IMMUNITE DE SONKO - L'opposition parlementaire quitte les travaux | Nettali.com\",\"isPartOf\":{\"@id\":\"https:\/\/www.nettali.com\/#website\"},\"primaryImageOfPage\":{\"@id\":\"https:\/\/www.nettali.com\/2021\/02\/17\/levee-de-limmunite-de-sonko-lopposition-parlementaire-quitte-les-travaux\/#primaryimage\"},\"datePublished\":\"2021-02-17T12:20:59+00:00\",\"dateModified\":\"2021-02-17T17:26:20+00:00\",\"author\":{\"@id\":\"https:\/\/www.nettali.com\/#\/schema\/person\/7962a12a6e0267f88f0ffa544c36469a\"},\"breadcrumb\":{\"@id\":\"https:\/\/www.nettali.com\/2021\/02\/17\/levee-de-limmunite-de-sonko-lopposition-parlementaire-quitte-les-travaux\/#breadcrumb\"},\"inLanguage\":\"fr-FR\",\"potentialAction\":[{\"@type\":\"ReadAction\",\"target\":[\"https:\/\/www.nettali.com\/2021\/02\/17\/levee-de-limmunite-de-sonko-lopposition-parlementaire-quitte-les-travaux\/\"]}]},{\"@type\":\"BreadcrumbList\",\"@id\":\"https:\/\/www.nettali.com\/2021\/02\/17\/levee-de-limmunite-de-sonko-lopposition-parlementaire-quitte-les-travaux\/#breadcrumb\",\"itemListElement\":[{\"@type\":\"ListItem\",\"position\":1,\"name\":\"Accueil\",\"item\":\"https:\/\/www.nettali.com\/\"},{\"@type\":\"ListItem\",\"position\":2,\"name\":\"LEVEE DE L&rsquo;IMMUNITE DE SONKO &#8211; L&rsquo;opposition parlementaire quitte les travaux\"}]},{\"@type\":\"Person\",\"@id\":\"https:\/\/www.nettali.com\/#\/schema\/person\/7962a12a6e0267f88f0ffa544c36469a\",\"name\":\"Moustapha\",\"image\":{\"@type\":\"ImageObject\",\"@id\":\"https:\/\/www.nettali.com\/#personlogo\",\"inLanguage\":\"fr-FR\",\"url\":\"https:\/\/secure.gravatar.com\/avatar\/10fdf6a071cccdcf374e3dbe45159590?s=96&d=mm&r=g\",\"contentUrl\":\"https:\/\/secure.gravatar.com\/avatar\/10fdf6a071cccdcf374e3dbe45159590?s=96&d=mm&r=g\",\"caption\":\"Moustapha\"},\"sameAs\":[\"https:\/\/www.nettali.com\"]}]}<\/script>\n<!-- \/ Yoast SEO Premium plugin. -->","yoast_head_json":{"title":"LEVEE DE L'IMMUNITE DE SONKO - L'opposition parlementaire quitte les travaux | Nettali.com","robots":{"index":"index","follow":"follow","max-snippet":"max-snippet:-1","max-image-preview":"max-image-preview:large","max-video-preview":"max-video-preview:-1"},"canonical":"https:\/\/www.nettali.com\/2021\/02\/17\/levee-de-limmunite-de-sonko-lopposition-parlementaire-quitte-les-travaux\/","og_locale":"fr_FR","og_type":"article","og_title":"LEVEE DE L'IMMUNITE DE SONKO - L'opposition parlementaire quitte les travaux","og_description":"NETTALI.COM\u00a0 - C'est ce mercredi que l'Assembl\u00e9e nationale installe la commission ad-hoc devant travailler \u00e0 la lev\u00e9e de l'immunit\u00e9 parlementaire d'Ousmane Sonko. Aux derni\u00e8res nouvelles, les d\u00e9put\u00e9s de l'opposition ont quitt\u00e9 les travaux. Les d\u00e9put\u00e9s de la majorit\u00e9 parlementaire et leurs coll\u00e8gues de l'opposition ne parlent pas le m\u00eame langage. Alors que l'Assembl\u00e9e nationale se [&hellip;]","og_url":"https:\/\/www.nettali.com\/2021\/02\/17\/levee-de-limmunite-de-sonko-lopposition-parlementaire-quitte-les-travaux\/","og_site_name":"Nettali.com","article_publisher":"https:\/\/www.facebook.com\/nettalicom","article_published_time":"2021-02-17T12:20:59+00:00","article_modified_time":"2021-02-17T17:26:20+00:00","og_image":[{"width":600,"height":402,"url":"https:\/\/www.nettali.com\/wp-content\/uploads\/2019\/04\/assembleenationale_sen.jpg","type":"image\/jpeg"}],"twitter_card":"summary_large_image","twitter_misc":{"\u00c9crit par":"Moustapha","Dur\u00e9e de lecture estim\u00e9e":"1 minute"},"schema":{"@context":"https:\/\/schema.org","@graph":[{"@type":"WebSite","@id":"https:\/\/www.nettali.com\/#website","url":"https:\/\/www.nettali.com\/","name":"Nettali.com","description":"Le rendez-vous critique du Net","potentialAction":[{"@type":"SearchAction","target":{"@type":"EntryPoint","urlTemplate":"https:\/\/www.nettali.com\/?s={search_term_string}"},"query-input":"required name=search_term_string"}],"inLanguage":"fr-FR"},{"@type":"ImageObject","@id":"https:\/\/www.nettali.com\/2021\/02\/17\/levee-de-limmunite-de-sonko-lopposition-parlementaire-quitte-les-travaux\/#primaryimage","inLanguage":"fr-FR","url":"https:\/\/www.nettali.com\/wp-content\/uploads\/2019\/04\/assembleenationale_sen.jpg","contentUrl":"https:\/\/www.nettali.com\/wp-content\/uploads\/2019\/04\/assembleenationale_sen.jpg","width":600,"height":402},{"@type":"WebPage","@id":"https:\/\/www.nettali.com\/2021\/02\/17\/levee-de-limmunite-de-sonko-lopposition-parlementaire-quitte-les-travaux\/#webpage","url":"https:\/\/www.nettali.com\/2021\/02\/17\/levee-de-limmunite-de-sonko-lopposition-parlementaire-quitte-les-travaux\/","name":"LEVEE DE L'IMMUNITE DE SONKO - L'opposition parlementaire quitte les travaux | Nettali.com","isPartOf":{"@id":"https:\/\/www.nettali.com\/#website"},"primaryImageOfPage":{"@id":"https:\/\/www.nettali.com\/2021\/02\/17\/levee-de-limmunite-de-sonko-lopposition-parlementaire-quitte-les-travaux\/#primaryimage"},"datePublished":"2021-02-17T12:20:59+00:00","dateModified":"2021-02-17T17:26:20+00:00","author":{"@id":"https:\/\/www.nettali.com\/#\/schema\/person\/7962a12a6e0267f88f0ffa544c36469a"},"breadcrumb":{"@id":"https:\/\/www.nettali.com\/2021\/02\/17\/levee-de-limmunite-de-sonko-lopposition-parlementaire-quitte-les-travaux\/#breadcrumb"},"inLanguage":"fr-FR","potentialAction":[{"@type":"ReadAction","target":["https:\/\/www.nettali.com\/2021\/02\/17\/levee-de-limmunite-de-sonko-lopposition-parlementaire-quitte-les-travaux\/"]}]},{"@type":"BreadcrumbList","@id":"https:\/\/www.nettali.com\/2021\/02\/17\/levee-de-limmunite-de-sonko-lopposition-parlementaire-quitte-les-travaux\/#breadcrumb","itemListElement":[{"@type":"ListItem","position":1,"name":"Accueil","item":"https:\/\/www.nettali.com\/"},{"@type":"ListItem","position":2,"name":"LEVEE DE L&rsquo;IMMUNITE DE SONKO &#8211; L&rsquo;opposition parlementaire quitte les travaux"}]},{"@type":"Person","@id":"https:\/\/www.nettali.com\/#\/schema\/person\/7962a12a6e0267f88f0ffa544c36469a","name":"Moustapha","image":{"@type":"ImageObject","@id":"https:\/\/www.nettali.com\/#personlogo","inLanguage":"fr-FR","url":"https:\/\/secure.gravatar.com\/avatar\/10fdf6a071cccdcf374e3dbe45159590?s=96&d=mm&r=g","contentUrl":"https:\/\/secure.gravatar.com\/avatar\/10fdf6a071cccdcf374e3dbe45159590?s=96&d=mm&r=g","caption":"Moustapha"},"sameAs":["https:\/\/www.nettali.com"]}]}},"_links":{"self":[{"href":"https:\/\/www.nettali.com\/rest\/wp\/v2\/posts\/57796"}],"collection":[{"href":"https:\/\/www.nettali.com\/rest\/wp\/v2\/posts"}],"about":[{"href":"https:\/\/www.nettali.com\/rest\/wp\/v2\/types\/post"}],"author":[{"embeddable":true,"href":"https:\/\/www.nettali.com\/rest\/wp\/v2\/users\/3"}],"replies":[{"embeddable":true,"href":"https:\/\/www.nettali.com\/rest\/wp\/v2\/comments?post=57796"}],"version-history":[{"count":1,"href":"https:\/\/www.nettali.com\/rest\/wp\/v2\/posts\/57796\/revisions"}],"predecessor-version":[{"id":57801,"href":"https:\/\/www.nettali.com\/rest\/wp\/v2\/posts\/57796\/revisions\/57801"}],"wp:featuredmedia":[{"embeddable":true,"href":"https:\/\/www.nettali.com\/rest\/wp\/v2\/media\/7183"}],"wp:attachment":[{"href":"https:\/\/www.nettali.com\/rest\/wp\/v2\/media?parent=57796"}],"wp:term":[{"taxonomy":"category","embeddable":true,"href":"https:\/\/www.nettali.com\/rest\/wp\/v2\/categories?post=57796"},{"taxonomy":"post_tag","embeddable":true,"href":"https:\/\/www.nettali.com\/rest\/wp\/v2\/tags?post=57796"}],"curies":[{"name":"wp","href":"https:\/\/api.w.org\/{rel}","templated":true}]}}