{"id":57768,"date":"2021-02-17T00:39:53","date_gmt":"2021-02-17T00:39:53","guid":{"rendered":"https:\/\/www.nettali.com\/?p=57768"},"modified":"2021-03-09T14:50:57","modified_gmt":"2021-03-09T14:50:57","slug":"ahmed-khalifa-niass-pourquoi-le-senegal-a-besoin-de-sonko","status":"publish","type":"post","link":"https:\/\/www.nettali.com\/2021\/02\/17\/ahmed-khalifa-niass-pourquoi-le-senegal-a-besoin-de-sonko\/","title":{"rendered":"AHMED KHALIFA NIASS - \"Pourquoi le S\u00e9n\u00e9gal a besoin de Sonko\""},"content":{"rendered":"<p><strong>NETTALI.COM\u00a0 - Le leader de Pastef-Les Patriotes ne doit pas aller en prison. C'est du moins ce que soutient Ahmed Khalifa Niass. Pour ce dernier, c'est le S\u00e9n\u00e9gal qui a besoin d'Ousmane Sonko.<\/strong><\/p>\n<p>Ahmed Khalifa Niass plaide pour Ousmane Sonko. C'est en tout cas ce que son discours laisse entendre. Invit\u00e9 de l'\u00e9mission <em>\"Balance\"<\/em> sur <em>Walf Tv,<\/em> le marabout et homme politique se dit convaincu que \"<em>le S\u00e9n\u00e9gal a besoin d'Ousmane Sonko pour la pacification de la Casamance<\/em>\". Selon lui, le pr\u00e9sident de Pastef peut jouer un r\u00f4le d\u00e9terminant dans le processus de paix en Casamance. \"<em>C'est un fils de la r\u00e9gion. Et \u00e7a peut aider \u00e0 r\u00e9concilier les diff\u00e9rents protagonistes<\/em>\", dit-il.<\/p>\n<p>Ahmed Khalifa Niass souligne, d'ailleurs, qu'il ne souhaite surtout pas qu'Ousmane Sonko aille en prison. S'il admet que Sonko est son adversaire, le marabout dit ne souhaiter la prison \u00e0 personne. \"<em>Je connais nos prisons et les conditions de d\u00e9tention. J'ai fait la prison et ce que j'ai vu, je ne le souhaite \u00e0 personne<\/em>\", a martel\u00e9 l'invit\u00e9 de <em>\"Balance\".<\/em><\/p>\n<p>En fait, Ahmed Khalifa Niass ne croit pas aux accusations de \"<em>viols r\u00e9p\u00e9t\u00e9s<\/em>\" et de \"<em>menaces de mort<\/em>\" brandies contre le pr\u00e9sident de Pastef. \"<em>Ma conviction personnelle est qu\u2019il n\u2019a pas fait ce qu\u2019on lui reproche<\/em>\", dit-il. Non sans ajouter : \"<em>Je ne dis pas qu'il n'a rien fait, mais moi, je n\u2019y crois pas<\/em>\", insiste-t-il. Ahmed Khalifa Niass pense, d'ailleurs, que le r\u00e9gime doit \u00e9viter l'erreur d'envoyer Ousmane Sonko en prison. \"<em>Ceux qui, en 1968, conseillaient \u00e0 Senghor de mater les \u00e9tudiants gr\u00e9vistes, demandent aujourd\u2019hui \u00e0 Macky Sall de lever l\u2019immunit\u00e9 du d\u00e9put\u00e9 Ousmane Sonko<\/em>\", avertit le marabout et homme politique.<\/p>\n<p>&nbsp;<\/p>\n<div class='share-to-whatsapp-wrapper'><div class='share-on-whsp'>PARTAGER SUR : <\/div><a data-text='AHMED KHALIFA NIASS - \"Pourquoi le S\u00e9n\u00e9gal a besoin de Sonko\"' data-link='https:\/\/www.nettali.com\/2021\/02\/17\/ahmed-khalifa-niass-pourquoi-le-senegal-a-besoin-de-sonko\/' class='whatsapp-button whatsapp-share'>WhatsApp<\/a><div class='clear '><\/div><\/div>","protected":false},"excerpt":{"rendered":"<p>NETTALI.COM\u00a0 - Le leader de Pastef-Les Patriotes ne doit pas aller en prison. C'est du moins ce que soutient Ahmed Khalifa Niass. Pour ce dernier, c'est le S\u00e9n\u00e9gal qui a besoin d'Ousmane Sonko. Ahmed Khalifa Niass plaide pour Ousmane Sonko. C'est en tout cas ce que son discours laisse entendre. Invit\u00e9 de l'\u00e9mission \"Balance\" sur [&hellip;]<\/p>\n","protected":false},"author":3,"featured_media":8901,"comment_status":"open","ping_status":"open","sticky":false,"template":"","format":"standard","meta":{"_et_pb_use_builder":"","_et_pb_old_content":""},"categories":[2],"tags":[],"yoast_head":"<!-- This site is optimized with the Yoast SEO Premium plugin v17.8 (Yoast SEO v17.8) - https:\/\/yoast.com\/wordpress\/plugins\/seo\/ -->\n<title>AHMED KHALIFA NIASS - &quot;Pourquoi le S\u00e9n\u00e9gal a besoin de Sonko&quot; | Nettali.com<\/title>\n<meta name=\"robots\" content=\"index, follow, max-snippet:-1, max-image-preview:large, max-video-preview:-1\" \/>\n<link rel=\"canonical\" href=\"https:\/\/www.nettali.com\/2021\/02\/17\/ahmed-khalifa-niass-pourquoi-le-senegal-a-besoin-de-sonko\/\" \/>\n<meta property=\"og:locale\" content=\"fr_FR\" \/>\n<meta property=\"og:type\" content=\"article\" \/>\n<meta property=\"og:title\" content=\"AHMED KHALIFA NIASS - &quot;Pourquoi le S\u00e9n\u00e9gal a besoin de Sonko&quot;\" \/>\n<meta property=\"og:description\" content=\"NETTALI.COM\u00a0 - Le leader de Pastef-Les Patriotes ne doit pas aller en prison. C&#039;est du moins ce que soutient Ahmed Khalifa Niass. Pour ce dernier, c&#039;est le S\u00e9n\u00e9gal qui a besoin d&#039;Ousmane Sonko. Ahmed Khalifa Niass plaide pour Ousmane Sonko. C&#039;est en tout cas ce que son discours laisse entendre. Invit\u00e9 de l&#039;\u00e9mission &quot;Balance&quot; sur [&hellip;]\" \/>\n<meta property=\"og:url\" content=\"https:\/\/www.nettali.com\/2021\/02\/17\/ahmed-khalifa-niass-pourquoi-le-senegal-a-besoin-de-sonko\/\" \/>\n<meta property=\"og:site_name\" content=\"Nettali.com\" \/>\n<meta property=\"article:publisher\" content=\"https:\/\/www.facebook.com\/nettalicom\" \/>\n<meta property=\"article:published_time\" content=\"2021-02-17T00:39:53+00:00\" \/>\n<meta property=\"article:modified_time\" content=\"2021-03-09T14:50:57+00:00\" \/>\n<meta property=\"og:image\" content=\"https:\/\/www.nettali.com\/wp-content\/uploads\/2019\/05\/AHMED-KHALIFA-NIASSE.png\" \/>\n\t<meta property=\"og:image:width\" content=\"957\" \/>\n\t<meta property=\"og:image:height\" content=\"602\" \/>\n<meta name=\"twitter:card\" content=\"summary_large_image\" \/>\n<meta name=\"twitter:label1\" content=\"\u00c9crit par\" \/>\n\t<meta name=\"twitter:data1\" content=\"Moustapha\" \/>\n\t<meta name=\"twitter:label2\" content=\"Dur\u00e9e de lecture estim\u00e9e\" \/>\n\t<meta name=\"twitter:data2\" content=\"1 minute\" \/>\n<script type=\"application\/ld+json\" class=\"yoast-schema-graph\">{\"@context\":\"https:\/\/schema.org\",\"@graph\":[{\"@type\":\"WebSite\",\"@id\":\"https:\/\/www.nettali.com\/#website\",\"url\":\"https:\/\/www.nettali.com\/\",\"name\":\"Nettali.com\",\"description\":\"Le rendez-vous critique du Net\",\"potentialAction\":[{\"@type\":\"SearchAction\",\"target\":{\"@type\":\"EntryPoint\",\"urlTemplate\":\"https:\/\/www.nettali.com\/?s={search_term_string}\"},\"query-input\":\"required name=search_term_string\"}],\"inLanguage\":\"fr-FR\"},{\"@type\":\"ImageObject\",\"@id\":\"https:\/\/www.nettali.com\/2021\/02\/17\/ahmed-khalifa-niass-pourquoi-le-senegal-a-besoin-de-sonko\/#primaryimage\",\"inLanguage\":\"fr-FR\",\"url\":\"https:\/\/www.nettali.com\/wp-content\/uploads\/2019\/05\/AHMED-KHALIFA-NIASSE.png\",\"contentUrl\":\"https:\/\/www.nettali.com\/wp-content\/uploads\/2019\/05\/AHMED-KHALIFA-NIASSE.png\",\"width\":957,\"height\":602},{\"@type\":\"WebPage\",\"@id\":\"https:\/\/www.nettali.com\/2021\/02\/17\/ahmed-khalifa-niass-pourquoi-le-senegal-a-besoin-de-sonko\/#webpage\",\"url\":\"https:\/\/www.nettali.com\/2021\/02\/17\/ahmed-khalifa-niass-pourquoi-le-senegal-a-besoin-de-sonko\/\",\"name\":\"AHMED KHALIFA NIASS - \\\"Pourquoi le S\\u00e9n\\u00e9gal a besoin de Sonko\\\" | Nettali.com\",\"isPartOf\":{\"@id\":\"https:\/\/www.nettali.com\/#website\"},\"primaryImageOfPage\":{\"@id\":\"https:\/\/www.nettali.com\/2021\/02\/17\/ahmed-khalifa-niass-pourquoi-le-senegal-a-besoin-de-sonko\/#primaryimage\"},\"datePublished\":\"2021-02-17T00:39:53+00:00\",\"dateModified\":\"2021-03-09T14:50:57+00:00\",\"author\":{\"@id\":\"https:\/\/www.nettali.com\/#\/schema\/person\/7962a12a6e0267f88f0ffa544c36469a\"},\"breadcrumb\":{\"@id\":\"https:\/\/www.nettali.com\/2021\/02\/17\/ahmed-khalifa-niass-pourquoi-le-senegal-a-besoin-de-sonko\/#breadcrumb\"},\"inLanguage\":\"fr-FR\",\"potentialAction\":[{\"@type\":\"ReadAction\",\"target\":[\"https:\/\/www.nettali.com\/2021\/02\/17\/ahmed-khalifa-niass-pourquoi-le-senegal-a-besoin-de-sonko\/\"]}]},{\"@type\":\"BreadcrumbList\",\"@id\":\"https:\/\/www.nettali.com\/2021\/02\/17\/ahmed-khalifa-niass-pourquoi-le-senegal-a-besoin-de-sonko\/#breadcrumb\",\"itemListElement\":[{\"@type\":\"ListItem\",\"position\":1,\"name\":\"Accueil\",\"item\":\"https:\/\/www.nettali.com\/\"},{\"@type\":\"ListItem\",\"position\":2,\"name\":\"AHMED KHALIFA NIASS &#8211; \\u00ab\\u00a0Pourquoi le S\\u00e9n\\u00e9gal a besoin de Sonko\\u00a0\\u00bb\"}]},{\"@type\":\"Person\",\"@id\":\"https:\/\/www.nettali.com\/#\/schema\/person\/7962a12a6e0267f88f0ffa544c36469a\",\"name\":\"Moustapha\",\"image\":{\"@type\":\"ImageObject\",\"@id\":\"https:\/\/www.nettali.com\/#personlogo\",\"inLanguage\":\"fr-FR\",\"url\":\"https:\/\/secure.gravatar.com\/avatar\/10fdf6a071cccdcf374e3dbe45159590?s=96&d=mm&r=g\",\"contentUrl\":\"https:\/\/secure.gravatar.com\/avatar\/10fdf6a071cccdcf374e3dbe45159590?s=96&d=mm&r=g\",\"caption\":\"Moustapha\"},\"sameAs\":[\"https:\/\/www.nettali.com\"]}]}<\/script>\n<!-- \/ Yoast SEO Premium plugin. -->","yoast_head_json":{"title":"AHMED KHALIFA NIASS - \"Pourquoi le S\u00e9n\u00e9gal a besoin de Sonko\" | Nettali.com","robots":{"index":"index","follow":"follow","max-snippet":"max-snippet:-1","max-image-preview":"max-image-preview:large","max-video-preview":"max-video-preview:-1"},"canonical":"https:\/\/www.nettali.com\/2021\/02\/17\/ahmed-khalifa-niass-pourquoi-le-senegal-a-besoin-de-sonko\/","og_locale":"fr_FR","og_type":"article","og_title":"AHMED KHALIFA NIASS - \"Pourquoi le S\u00e9n\u00e9gal a besoin de Sonko\"","og_description":"NETTALI.COM\u00a0 - Le leader de Pastef-Les Patriotes ne doit pas aller en prison. C'est du moins ce que soutient Ahmed Khalifa Niass. Pour ce dernier, c'est le S\u00e9n\u00e9gal qui a besoin d'Ousmane Sonko. Ahmed Khalifa Niass plaide pour Ousmane Sonko. C'est en tout cas ce que son discours laisse entendre. Invit\u00e9 de l'\u00e9mission \"Balance\" sur [&hellip;]","og_url":"https:\/\/www.nettali.com\/2021\/02\/17\/ahmed-khalifa-niass-pourquoi-le-senegal-a-besoin-de-sonko\/","og_site_name":"Nettali.com","article_publisher":"https:\/\/www.facebook.com\/nettalicom","article_published_time":"2021-02-17T00:39:53+00:00","article_modified_time":"2021-03-09T14:50:57+00:00","og_image":[{"width":957,"height":602,"url":"https:\/\/www.nettali.com\/wp-content\/uploads\/2019\/05\/AHMED-KHALIFA-NIASSE.png","type":"image\/png"}],"twitter_card":"summary_large_image","twitter_misc":{"\u00c9crit par":"Moustapha","Dur\u00e9e de lecture estim\u00e9e":"1 minute"},"schema":{"@context":"https:\/\/schema.org","@graph":[{"@type":"WebSite","@id":"https:\/\/www.nettali.com\/#website","url":"https:\/\/www.nettali.com\/","name":"Nettali.com","description":"Le rendez-vous critique du Net","potentialAction":[{"@type":"SearchAction","target":{"@type":"EntryPoint","urlTemplate":"https:\/\/www.nettali.com\/?s={search_term_string}"},"query-input":"required name=search_term_string"}],"inLanguage":"fr-FR"},{"@type":"ImageObject","@id":"https:\/\/www.nettali.com\/2021\/02\/17\/ahmed-khalifa-niass-pourquoi-le-senegal-a-besoin-de-sonko\/#primaryimage","inLanguage":"fr-FR","url":"https:\/\/www.nettali.com\/wp-content\/uploads\/2019\/05\/AHMED-KHALIFA-NIASSE.png","contentUrl":"https:\/\/www.nettali.com\/wp-content\/uploads\/2019\/05\/AHMED-KHALIFA-NIASSE.png","width":957,"height":602},{"@type":"WebPage","@id":"https:\/\/www.nettali.com\/2021\/02\/17\/ahmed-khalifa-niass-pourquoi-le-senegal-a-besoin-de-sonko\/#webpage","url":"https:\/\/www.nettali.com\/2021\/02\/17\/ahmed-khalifa-niass-pourquoi-le-senegal-a-besoin-de-sonko\/","name":"AHMED KHALIFA NIASS - \"Pourquoi le S\u00e9n\u00e9gal a besoin de Sonko\" | Nettali.com","isPartOf":{"@id":"https:\/\/www.nettali.com\/#website"},"primaryImageOfPage":{"@id":"https:\/\/www.nettali.com\/2021\/02\/17\/ahmed-khalifa-niass-pourquoi-le-senegal-a-besoin-de-sonko\/#primaryimage"},"datePublished":"2021-02-17T00:39:53+00:00","dateModified":"2021-03-09T14:50:57+00:00","author":{"@id":"https:\/\/www.nettali.com\/#\/schema\/person\/7962a12a6e0267f88f0ffa544c36469a"},"breadcrumb":{"@id":"https:\/\/www.nettali.com\/2021\/02\/17\/ahmed-khalifa-niass-pourquoi-le-senegal-a-besoin-de-sonko\/#breadcrumb"},"inLanguage":"fr-FR","potentialAction":[{"@type":"ReadAction","target":["https:\/\/www.nettali.com\/2021\/02\/17\/ahmed-khalifa-niass-pourquoi-le-senegal-a-besoin-de-sonko\/"]}]},{"@type":"BreadcrumbList","@id":"https:\/\/www.nettali.com\/2021\/02\/17\/ahmed-khalifa-niass-pourquoi-le-senegal-a-besoin-de-sonko\/#breadcrumb","itemListElement":[{"@type":"ListItem","position":1,"name":"Accueil","item":"https:\/\/www.nettali.com\/"},{"@type":"ListItem","position":2,"name":"AHMED KHALIFA NIASS &#8211; \u00ab\u00a0Pourquoi le S\u00e9n\u00e9gal a besoin de Sonko\u00a0\u00bb"}]},{"@type":"Person","@id":"https:\/\/www.nettali.com\/#\/schema\/person\/7962a12a6e0267f88f0ffa544c36469a","name":"Moustapha","image":{"@type":"ImageObject","@id":"https:\/\/www.nettali.com\/#personlogo","inLanguage":"fr-FR","url":"https:\/\/secure.gravatar.com\/avatar\/10fdf6a071cccdcf374e3dbe45159590?s=96&d=mm&r=g","contentUrl":"https:\/\/secure.gravatar.com\/avatar\/10fdf6a071cccdcf374e3dbe45159590?s=96&d=mm&r=g","caption":"Moustapha"},"sameAs":["https:\/\/www.nettali.com"]}]}},"_links":{"self":[{"href":"https:\/\/www.nettali.com\/rest\/wp\/v2\/posts\/57768"}],"collection":[{"href":"https:\/\/www.nettali.com\/rest\/wp\/v2\/posts"}],"about":[{"href":"https:\/\/www.nettali.com\/rest\/wp\/v2\/types\/post"}],"author":[{"embeddable":true,"href":"https:\/\/www.nettali.com\/rest\/wp\/v2\/users\/3"}],"replies":[{"embeddable":true,"href":"https:\/\/www.nettali.com\/rest\/wp\/v2\/comments?post=57768"}],"version-history":[{"count":3,"href":"https:\/\/www.nettali.com\/rest\/wp\/v2\/posts\/57768\/revisions"}],"predecessor-version":[{"id":57920,"href":"https:\/\/www.nettali.com\/rest\/wp\/v2\/posts\/57768\/revisions\/57920"}],"wp:featuredmedia":[{"embeddable":true,"href":"https:\/\/www.nettali.com\/rest\/wp\/v2\/media\/8901"}],"wp:attachment":[{"href":"https:\/\/www.nettali.com\/rest\/wp\/v2\/media?parent=57768"}],"wp:term":[{"taxonomy":"category","embeddable":true,"href":"https:\/\/www.nettali.com\/rest\/wp\/v2\/categories?post=57768"},{"taxonomy":"post_tag","embeddable":true,"href":"https:\/\/www.nettali.com\/rest\/wp\/v2\/tags?post=57768"}],"curies":[{"name":"wp","href":"https:\/\/api.w.org\/{rel}","templated":true}]}}