{"id":57709,"date":"2021-02-15T18:19:42","date_gmt":"2021-02-15T18:19:42","guid":{"rendered":"https:\/\/www.nettali.com\/?p=57709"},"modified":"2021-02-15T18:19:42","modified_gmt":"2021-02-15T18:19:42","slug":"omc-la-nigeriane-ngozi-okonjo-iweala-aux-commandes","status":"publish","type":"post","link":"https:\/\/www.nettali.com\/2021\/02\/15\/omc-la-nigeriane-ngozi-okonjo-iweala-aux-commandes\/","title":{"rendered":"OMC \u2013 La Nig\u00e9riane, Ngozi Okonjo-Iweala, aux commandes"},"content":{"rendered":"<p>NETTALI.COM - Trois mois apr\u00e8s que l'administration Trump lui a barr\u00e9 la route, l'ancienne ministre nig\u00e9riane des Finances Ngozi Okonjo-Iweala a obtenu lundi le soutien qui lui permet de devenir non seulement la premi\u00e8re femme, mais aussi la premi\u00e8re repr\u00e9sentante du continent africain \u00e0 diriger l'Organisation mondiale du commerce (OMC).<\/p>\n<p>Ngozi Okonjo-Iweala, 66 ans, aura du pain sur la planche d\u00e8s son arriv\u00e9e \u00e0 la t\u00eate de l'institution.<\/p>\n<p>Elle devra notamment faire progresser les n\u00e9gociations internationales, perturb\u00e9es par les tensions accrues entre les \u00c9tats-Unis et la Chine, r\u00e9pondre aux pressions de r\u00e9forme des r\u00e8gles commerciales multilat\u00e9rales, et g\u00e9rer les mesures de protectionnisme renforc\u00e9es par la pand\u00e9mie en 2020.<\/p>\n<p>L'OMC se trouve par ailleurs dans une impasse alors qu'elle doit renoncer aux droits de propri\u00e9t\u00e9 intellectuelle sur les biens essentiels dans la lutte contre le coronavirus.<\/p>\n<p>Les subventions \u00e0 la p\u00eache devraient \u00e9galement figurer en bonne place sur la liste des sujets \u00e0 r\u00e9gler, apr\u00e8s que les n\u00e9gociateurs de l'OMC ne sont pas parvenus \u00e0 un accord avant l'\u00e9ch\u00e9ance de fin d'ann\u00e9e.<\/p>\n<p>La cl\u00e9 de son succ\u00e8s sera sa capacit\u00e9 \u00e0 op\u00e9rer au centre d'un \"triangle \u00c9tats-Unis-UE-Chine\", a comment\u00e9 l'ancien chef de l'OMC Pascal Lamy.<\/p>\n<p>Interrog\u00e9e sur les d\u00e9fis \u00e0 relever, Ngozi Okonjo-Iweala a plaisant\u00e9 en disant que l'ouvrage qu'elle avait \u00e9crit sur la r\u00e9paration des institutions bris\u00e9es du Nig\u00e9ria pourrait bien s'appliquer \u00e0 l'OMC aujourd'hui : \"R\u00e9former le non r\u00e9formable\".<\/p>\n<p>Dans le discours suivant sa d\u00e9signation, la nouvelle directrice g\u00e9n\u00e9rale de l'organisation a qualifi\u00e9 les d\u00e9fis auxquels celle-ci \u00e9tait confront\u00e9e de \"nombreux et d\u00e9licats mais pas insurmontables\".<\/p>\n<p>\"Je sens que je peux r\u00e9soudre les probl\u00e8mes. Je suis une r\u00e9formatrice connue, pas quelqu'un qui en parle\", a-t-elle affirm\u00e9. \"Je l'ai fait.\"<\/p>\n<p>Adolescente de la \"g\u00e9n\u00e9ration Biafra\", Ngozi Okonjo-Iweala a \u00e9tudi\u00e9 l'\u00e9conomie du d\u00e9veloppement \u00e0 Harvard avant de revenir dans son pays en 2003 pour y occuper le poste de ministre des Finances. Ses talents de n\u00e9gociatrice ont \u00e9t\u00e9 reconnus deux ans plus tard, lorsqu'elle prend part \u00e0 la conclusion d'un accord destin\u00e9 \u00e0 l'annulation des milliards de dollars de dette nig\u00e9riane aupr\u00e8s du Club de Paris.<\/p>\n<p>\"Elle apporte de la stature, elle apporte de l'exp\u00e9rience, un r\u00e9seau et un temp\u00e9rament pour faire avancer les choses, ce qui \u00e0 mon avis est tout \u00e0 fait bienvenu\", a d\u00e9clar\u00e9 Pascal Lamy.<\/p>\n<p>\"Les gens reconnaissent que ce n'est pas quelqu'un qui va tol\u00e9rer des absurdit\u00e9s\", a indiqu\u00e9 son fils \u00e9crivain Uzodinma Iweala.<\/p>\n<p>Ngozi Okonjo-Iweala rejoindra le si\u00e8ge de l'OMC, au bord du lac \u00e0 Gen\u00e8ve, dans quelques semaines, o\u00f9 son portrait sera accroch\u00e9 \u00e0 c\u00f4t\u00e9 d'autres hommes, pour la plupart blancs et originaires de pays riches.<\/p>\n<p>&nbsp;<\/p>\n<div class='share-to-whatsapp-wrapper'><div class='share-on-whsp'>PARTAGER SUR : <\/div><a data-text='OMC \u2013 La Nig\u00e9riane, Ngozi Okonjo-Iweala, aux commandes' data-link='https:\/\/www.nettali.com\/2021\/02\/15\/omc-la-nigeriane-ngozi-okonjo-iweala-aux-commandes\/' class='whatsapp-button whatsapp-share'>WhatsApp<\/a><div class='clear '><\/div><\/div>","protected":false},"excerpt":{"rendered":"<p>NETTALI.COM - Trois mois apr\u00e8s que l'administration Trump lui a barr\u00e9 la route, l'ancienne ministre nig\u00e9riane des Finances Ngozi Okonjo-Iweala a obtenu lundi le soutien qui lui permet de devenir non seulement la premi\u00e8re femme, mais aussi la premi\u00e8re repr\u00e9sentante du continent africain \u00e0 diriger l'Organisation mondiale du commerce (OMC). Ngozi Okonjo-Iweala, 66 ans, aura [&hellip;]<\/p>\n","protected":false},"author":11,"featured_media":57090,"comment_status":"open","ping_status":"open","sticky":false,"template":"","format":"standard","meta":{"_et_pb_use_builder":"","_et_pb_old_content":""},"categories":[8],"tags":[],"yoast_head":"<!-- This site is optimized with the Yoast SEO Premium plugin v17.8 (Yoast SEO v17.8) - https:\/\/yoast.com\/wordpress\/plugins\/seo\/ -->\n<title>OMC \u2013 La Nig\u00e9riane, Ngozi Okonjo-Iweala, aux commandes | Nettali.com<\/title>\n<meta name=\"robots\" content=\"index, follow, max-snippet:-1, max-image-preview:large, max-video-preview:-1\" \/>\n<link rel=\"canonical\" href=\"https:\/\/www.nettali.com\/2021\/02\/15\/omc-la-nigeriane-ngozi-okonjo-iweala-aux-commandes\/\" \/>\n<meta property=\"og:locale\" content=\"fr_FR\" \/>\n<meta property=\"og:type\" content=\"article\" \/>\n<meta property=\"og:title\" content=\"OMC \u2013 La Nig\u00e9riane, Ngozi Okonjo-Iweala, aux commandes\" \/>\n<meta property=\"og:description\" content=\"NETTALI.COM - Trois mois apr\u00e8s que l&#039;administration Trump lui a barr\u00e9 la route, l&#039;ancienne ministre nig\u00e9riane des Finances Ngozi Okonjo-Iweala a obtenu lundi le soutien qui lui permet de devenir non seulement la premi\u00e8re femme, mais aussi la premi\u00e8re repr\u00e9sentante du continent africain \u00e0 diriger l&#039;Organisation mondiale du commerce (OMC). Ngozi Okonjo-Iweala, 66 ans, aura [&hellip;]\" \/>\n<meta property=\"og:url\" content=\"https:\/\/www.nettali.com\/2021\/02\/15\/omc-la-nigeriane-ngozi-okonjo-iweala-aux-commandes\/\" \/>\n<meta property=\"og:site_name\" content=\"Nettali.com\" \/>\n<meta property=\"article:publisher\" content=\"https:\/\/www.facebook.com\/nettalicom\" \/>\n<meta property=\"article:published_time\" content=\"2021-02-15T18:19:42+00:00\" \/>\n<meta property=\"og:image\" content=\"https:\/\/www.nettali.com\/wp-content\/uploads\/2021\/02\/omcc.jpg\" \/>\n\t<meta property=\"og:image:width\" content=\"1000\" \/>\n\t<meta property=\"og:image:height\" content=\"750\" \/>\n<meta name=\"twitter:card\" content=\"summary_large_image\" \/>\n<meta name=\"twitter:label1\" content=\"\u00c9crit par\" \/>\n\t<meta name=\"twitter:data1\" content=\"Thierno Diop\" \/>\n\t<meta name=\"twitter:label2\" content=\"Dur\u00e9e de lecture estim\u00e9e\" \/>\n\t<meta name=\"twitter:data2\" content=\"2 minutes\" \/>\n<script type=\"application\/ld+json\" class=\"yoast-schema-graph\">{\"@context\":\"https:\/\/schema.org\",\"@graph\":[{\"@type\":\"WebSite\",\"@id\":\"https:\/\/www.nettali.com\/#website\",\"url\":\"https:\/\/www.nettali.com\/\",\"name\":\"Nettali.com\",\"description\":\"Le rendez-vous critique du Net\",\"potentialAction\":[{\"@type\":\"SearchAction\",\"target\":{\"@type\":\"EntryPoint\",\"urlTemplate\":\"https:\/\/www.nettali.com\/?s={search_term_string}\"},\"query-input\":\"required name=search_term_string\"}],\"inLanguage\":\"fr-FR\"},{\"@type\":\"ImageObject\",\"@id\":\"https:\/\/www.nettali.com\/2021\/02\/15\/omc-la-nigeriane-ngozi-okonjo-iweala-aux-commandes\/#primaryimage\",\"inLanguage\":\"fr-FR\",\"url\":\"https:\/\/www.nettali.com\/wp-content\/uploads\/2021\/02\/omcc.jpg\",\"contentUrl\":\"https:\/\/www.nettali.com\/wp-content\/uploads\/2021\/02\/omcc.jpg\",\"width\":1000,\"height\":750},{\"@type\":\"WebPage\",\"@id\":\"https:\/\/www.nettali.com\/2021\/02\/15\/omc-la-nigeriane-ngozi-okonjo-iweala-aux-commandes\/#webpage\",\"url\":\"https:\/\/www.nettali.com\/2021\/02\/15\/omc-la-nigeriane-ngozi-okonjo-iweala-aux-commandes\/\",\"name\":\"OMC \\u2013 La Nig\\u00e9riane, Ngozi Okonjo-Iweala, aux commandes | Nettali.com\",\"isPartOf\":{\"@id\":\"https:\/\/www.nettali.com\/#website\"},\"primaryImageOfPage\":{\"@id\":\"https:\/\/www.nettali.com\/2021\/02\/15\/omc-la-nigeriane-ngozi-okonjo-iweala-aux-commandes\/#primaryimage\"},\"datePublished\":\"2021-02-15T18:19:42+00:00\",\"dateModified\":\"2021-02-15T18:19:42+00:00\",\"author\":{\"@id\":\"https:\/\/www.nettali.com\/#\/schema\/person\/8a06c6bd7b19304cf4bf985862900b5b\"},\"breadcrumb\":{\"@id\":\"https:\/\/www.nettali.com\/2021\/02\/15\/omc-la-nigeriane-ngozi-okonjo-iweala-aux-commandes\/#breadcrumb\"},\"inLanguage\":\"fr-FR\",\"potentialAction\":[{\"@type\":\"ReadAction\",\"target\":[\"https:\/\/www.nettali.com\/2021\/02\/15\/omc-la-nigeriane-ngozi-okonjo-iweala-aux-commandes\/\"]}]},{\"@type\":\"BreadcrumbList\",\"@id\":\"https:\/\/www.nettali.com\/2021\/02\/15\/omc-la-nigeriane-ngozi-okonjo-iweala-aux-commandes\/#breadcrumb\",\"itemListElement\":[{\"@type\":\"ListItem\",\"position\":1,\"name\":\"Accueil\",\"item\":\"https:\/\/www.nettali.com\/\"},{\"@type\":\"ListItem\",\"position\":2,\"name\":\"OMC \\u2013 La Nig\\u00e9riane, Ngozi Okonjo-Iweala, aux commandes\"}]},{\"@type\":\"Person\",\"@id\":\"https:\/\/www.nettali.com\/#\/schema\/person\/8a06c6bd7b19304cf4bf985862900b5b\",\"name\":\"Thierno Diop\",\"image\":{\"@type\":\"ImageObject\",\"@id\":\"https:\/\/www.nettali.com\/#personlogo\",\"inLanguage\":\"fr-FR\",\"url\":\"https:\/\/secure.gravatar.com\/avatar\/c8ca58550c94fd2ac856d27391a6c866?s=96&d=mm&r=g\",\"contentUrl\":\"https:\/\/secure.gravatar.com\/avatar\/c8ca58550c94fd2ac856d27391a6c866?s=96&d=mm&r=g\",\"caption\":\"Thierno Diop\"},\"sameAs\":[\"https:\/\/nettali.com\"]}]}<\/script>\n<!-- \/ Yoast SEO Premium plugin. -->","yoast_head_json":{"title":"OMC \u2013 La Nig\u00e9riane, Ngozi Okonjo-Iweala, aux commandes | Nettali.com","robots":{"index":"index","follow":"follow","max-snippet":"max-snippet:-1","max-image-preview":"max-image-preview:large","max-video-preview":"max-video-preview:-1"},"canonical":"https:\/\/www.nettali.com\/2021\/02\/15\/omc-la-nigeriane-ngozi-okonjo-iweala-aux-commandes\/","og_locale":"fr_FR","og_type":"article","og_title":"OMC \u2013 La Nig\u00e9riane, Ngozi Okonjo-Iweala, aux commandes","og_description":"NETTALI.COM - Trois mois apr\u00e8s que l'administration Trump lui a barr\u00e9 la route, l'ancienne ministre nig\u00e9riane des Finances Ngozi Okonjo-Iweala a obtenu lundi le soutien qui lui permet de devenir non seulement la premi\u00e8re femme, mais aussi la premi\u00e8re repr\u00e9sentante du continent africain \u00e0 diriger l'Organisation mondiale du commerce (OMC). Ngozi Okonjo-Iweala, 66 ans, aura [&hellip;]","og_url":"https:\/\/www.nettali.com\/2021\/02\/15\/omc-la-nigeriane-ngozi-okonjo-iweala-aux-commandes\/","og_site_name":"Nettali.com","article_publisher":"https:\/\/www.facebook.com\/nettalicom","article_published_time":"2021-02-15T18:19:42+00:00","og_image":[{"width":1000,"height":750,"url":"https:\/\/www.nettali.com\/wp-content\/uploads\/2021\/02\/omcc.jpg","type":"image\/jpeg"}],"twitter_card":"summary_large_image","twitter_misc":{"\u00c9crit par":"Thierno Diop","Dur\u00e9e de lecture estim\u00e9e":"2 minutes"},"schema":{"@context":"https:\/\/schema.org","@graph":[{"@type":"WebSite","@id":"https:\/\/www.nettali.com\/#website","url":"https:\/\/www.nettali.com\/","name":"Nettali.com","description":"Le rendez-vous critique du Net","potentialAction":[{"@type":"SearchAction","target":{"@type":"EntryPoint","urlTemplate":"https:\/\/www.nettali.com\/?s={search_term_string}"},"query-input":"required name=search_term_string"}],"inLanguage":"fr-FR"},{"@type":"ImageObject","@id":"https:\/\/www.nettali.com\/2021\/02\/15\/omc-la-nigeriane-ngozi-okonjo-iweala-aux-commandes\/#primaryimage","inLanguage":"fr-FR","url":"https:\/\/www.nettali.com\/wp-content\/uploads\/2021\/02\/omcc.jpg","contentUrl":"https:\/\/www.nettali.com\/wp-content\/uploads\/2021\/02\/omcc.jpg","width":1000,"height":750},{"@type":"WebPage","@id":"https:\/\/www.nettali.com\/2021\/02\/15\/omc-la-nigeriane-ngozi-okonjo-iweala-aux-commandes\/#webpage","url":"https:\/\/www.nettali.com\/2021\/02\/15\/omc-la-nigeriane-ngozi-okonjo-iweala-aux-commandes\/","name":"OMC \u2013 La Nig\u00e9riane, Ngozi Okonjo-Iweala, aux commandes | Nettali.com","isPartOf":{"@id":"https:\/\/www.nettali.com\/#website"},"primaryImageOfPage":{"@id":"https:\/\/www.nettali.com\/2021\/02\/15\/omc-la-nigeriane-ngozi-okonjo-iweala-aux-commandes\/#primaryimage"},"datePublished":"2021-02-15T18:19:42+00:00","dateModified":"2021-02-15T18:19:42+00:00","author":{"@id":"https:\/\/www.nettali.com\/#\/schema\/person\/8a06c6bd7b19304cf4bf985862900b5b"},"breadcrumb":{"@id":"https:\/\/www.nettali.com\/2021\/02\/15\/omc-la-nigeriane-ngozi-okonjo-iweala-aux-commandes\/#breadcrumb"},"inLanguage":"fr-FR","potentialAction":[{"@type":"ReadAction","target":["https:\/\/www.nettali.com\/2021\/02\/15\/omc-la-nigeriane-ngozi-okonjo-iweala-aux-commandes\/"]}]},{"@type":"BreadcrumbList","@id":"https:\/\/www.nettali.com\/2021\/02\/15\/omc-la-nigeriane-ngozi-okonjo-iweala-aux-commandes\/#breadcrumb","itemListElement":[{"@type":"ListItem","position":1,"name":"Accueil","item":"https:\/\/www.nettali.com\/"},{"@type":"ListItem","position":2,"name":"OMC \u2013 La Nig\u00e9riane, Ngozi Okonjo-Iweala, aux commandes"}]},{"@type":"Person","@id":"https:\/\/www.nettali.com\/#\/schema\/person\/8a06c6bd7b19304cf4bf985862900b5b","name":"Thierno Diop","image":{"@type":"ImageObject","@id":"https:\/\/www.nettali.com\/#personlogo","inLanguage":"fr-FR","url":"https:\/\/secure.gravatar.com\/avatar\/c8ca58550c94fd2ac856d27391a6c866?s=96&d=mm&r=g","contentUrl":"https:\/\/secure.gravatar.com\/avatar\/c8ca58550c94fd2ac856d27391a6c866?s=96&d=mm&r=g","caption":"Thierno Diop"},"sameAs":["https:\/\/nettali.com"]}]}},"_links":{"self":[{"href":"https:\/\/www.nettali.com\/rest\/wp\/v2\/posts\/57709"}],"collection":[{"href":"https:\/\/www.nettali.com\/rest\/wp\/v2\/posts"}],"about":[{"href":"https:\/\/www.nettali.com\/rest\/wp\/v2\/types\/post"}],"author":[{"embeddable":true,"href":"https:\/\/www.nettali.com\/rest\/wp\/v2\/users\/11"}],"replies":[{"embeddable":true,"href":"https:\/\/www.nettali.com\/rest\/wp\/v2\/comments?post=57709"}],"version-history":[{"count":1,"href":"https:\/\/www.nettali.com\/rest\/wp\/v2\/posts\/57709\/revisions"}],"predecessor-version":[{"id":57710,"href":"https:\/\/www.nettali.com\/rest\/wp\/v2\/posts\/57709\/revisions\/57710"}],"wp:featuredmedia":[{"embeddable":true,"href":"https:\/\/www.nettali.com\/rest\/wp\/v2\/media\/57090"}],"wp:attachment":[{"href":"https:\/\/www.nettali.com\/rest\/wp\/v2\/media?parent=57709"}],"wp:term":[{"taxonomy":"category","embeddable":true,"href":"https:\/\/www.nettali.com\/rest\/wp\/v2\/categories?post=57709"},{"taxonomy":"post_tag","embeddable":true,"href":"https:\/\/www.nettali.com\/rest\/wp\/v2\/tags?post=57709"}],"curies":[{"name":"wp","href":"https:\/\/api.w.org\/{rel}","templated":true}]}}