{"id":57516,"date":"2021-02-12T14:08:07","date_gmt":"2021-02-12T14:08:07","guid":{"rendered":"https:\/\/www.nettali.com\/?p=57516"},"modified":"2021-03-09T14:50:57","modified_gmt":"2021-03-09T14:50:57","slug":"video-affaire-sonko-des-senegalais-devant-le-consul-du-senegal-en-italie-pour-soutenir-sonko","status":"publish","type":"post","link":"https:\/\/www.nettali.com\/2021\/02\/12\/video-affaire-sonko-des-senegalais-devant-le-consul-du-senegal-en-italie-pour-soutenir-sonko\/","title":{"rendered":"VIDEO - AFFAIRE SONKO - Des s\u00e9n\u00e9galais devant le consul du S\u00e9n\u00e9gal en Italie pour soutenir Sonko"},"content":{"rendered":"<p><strong>NETTALI.COM - Apr\u00e8s plusieurs quartiers de Dakar, Bignona et Paris, l\u2019Italie prend le relai dans la vague de soutiens d\u00e9clench\u00e9e depuis lundi par les partisans du leader de Pastef, accus\u00e9 de viols r\u00e9p\u00e9titifs et menaces de mort par la masseuse Adji Sarr. Ce vendredi, beaucoup de S\u00e9n\u00e9galais vivant en Italie se sont donn\u00e9s rendez-vous devant le consul du S\u00e9n\u00e9gal en Italie pour manifester leur soutien \u00e0 Ousmane Sonko.<\/strong><\/p>\n<p><iframe loading=\"lazy\" src=\"https:\/\/www.youtube.com\/embed\/tBhs_a6EDOg\" width=\"560\" height=\"315\" frameborder=\"0\" allowfullscreen=\"allowfullscreen\"><\/iframe><\/p>\n<div class='share-to-whatsapp-wrapper'><div class='share-on-whsp'>PARTAGER SUR : <\/div><a data-text='VIDEO - AFFAIRE SONKO - Des s\u00e9n\u00e9galais devant le consul du S\u00e9n\u00e9gal en Italie pour soutenir Sonko' data-link='https:\/\/www.nettali.com\/2021\/02\/12\/video-affaire-sonko-des-senegalais-devant-le-consul-du-senegal-en-italie-pour-soutenir-sonko\/' class='whatsapp-button whatsapp-share'>WhatsApp<\/a><div class='clear '><\/div><\/div>","protected":false},"excerpt":{"rendered":"<p>NETTALI.COM - Apr\u00e8s plusieurs quartiers de Dakar, Bignona et Paris, l\u2019Italie prend le relai dans la vague de soutiens d\u00e9clench\u00e9e depuis lundi par les partisans du leader de Pastef, accus\u00e9 de viols r\u00e9p\u00e9titifs et menaces de mort par la masseuse Adji Sarr. Ce vendredi, beaucoup de S\u00e9n\u00e9galais vivant en Italie se sont donn\u00e9s rendez-vous devant [&hellip;]<\/p>\n","protected":false},"author":5,"featured_media":57518,"comment_status":"open","ping_status":"open","sticky":false,"template":"","format":"standard","meta":{"_et_pb_use_builder":"","_et_pb_old_content":""},"categories":[3],"tags":[],"yoast_head":"<!-- This site is optimized with the Yoast SEO Premium plugin v17.8 (Yoast SEO v17.8) - https:\/\/yoast.com\/wordpress\/plugins\/seo\/ -->\n<title>VIDEO - AFFAIRE SONKO - Des s\u00e9n\u00e9galais devant le consul du S\u00e9n\u00e9gal en Italie pour soutenir Sonko | Nettali.com<\/title>\n<meta name=\"robots\" content=\"index, follow, max-snippet:-1, max-image-preview:large, max-video-preview:-1\" \/>\n<link rel=\"canonical\" href=\"https:\/\/www.nettali.com\/2021\/02\/12\/video-affaire-sonko-des-senegalais-devant-le-consul-du-senegal-en-italie-pour-soutenir-sonko\/\" \/>\n<meta property=\"og:locale\" content=\"fr_FR\" \/>\n<meta property=\"og:type\" content=\"article\" \/>\n<meta property=\"og:title\" content=\"VIDEO - AFFAIRE SONKO - Des s\u00e9n\u00e9galais devant le consul du S\u00e9n\u00e9gal en Italie pour soutenir Sonko\" \/>\n<meta property=\"og:description\" content=\"NETTALI.COM - Apr\u00e8s plusieurs quartiers de Dakar, Bignona et Paris, l\u2019Italie prend le relai dans la vague de soutiens d\u00e9clench\u00e9e depuis lundi par les partisans du leader de Pastef, accus\u00e9 de viols r\u00e9p\u00e9titifs et menaces de mort par la masseuse Adji Sarr. Ce vendredi, beaucoup de S\u00e9n\u00e9galais vivant en Italie se sont donn\u00e9s rendez-vous devant [&hellip;]\" \/>\n<meta property=\"og:url\" content=\"https:\/\/www.nettali.com\/2021\/02\/12\/video-affaire-sonko-des-senegalais-devant-le-consul-du-senegal-en-italie-pour-soutenir-sonko\/\" \/>\n<meta property=\"og:site_name\" content=\"Nettali.com\" \/>\n<meta property=\"article:publisher\" content=\"https:\/\/www.facebook.com\/nettalicom\" \/>\n<meta property=\"article:published_time\" content=\"2021-02-12T14:08:07+00:00\" \/>\n<meta property=\"article:modified_time\" content=\"2021-03-09T14:50:57+00:00\" \/>\n<meta property=\"og:image\" content=\"https:\/\/www.nettali.com\/wp-content\/uploads\/2021\/02\/000_1ce6so_1_0-1.jpg\" \/>\n\t<meta property=\"og:image:width\" content=\"1244\" \/>\n\t<meta property=\"og:image:height\" content=\"720\" \/>\n<meta name=\"twitter:card\" content=\"summary_large_image\" \/>\n<meta name=\"twitter:label1\" content=\"\u00c9crit par\" \/>\n\t<meta name=\"twitter:data1\" content=\"Ibrahima\" \/>\n<script type=\"application\/ld+json\" class=\"yoast-schema-graph\">{\"@context\":\"https:\/\/schema.org\",\"@graph\":[{\"@type\":\"WebSite\",\"@id\":\"https:\/\/www.nettali.com\/#website\",\"url\":\"https:\/\/www.nettali.com\/\",\"name\":\"Nettali.com\",\"description\":\"Le rendez-vous critique du Net\",\"potentialAction\":[{\"@type\":\"SearchAction\",\"target\":{\"@type\":\"EntryPoint\",\"urlTemplate\":\"https:\/\/www.nettali.com\/?s={search_term_string}\"},\"query-input\":\"required name=search_term_string\"}],\"inLanguage\":\"fr-FR\"},{\"@type\":\"ImageObject\",\"@id\":\"https:\/\/www.nettali.com\/2021\/02\/12\/video-affaire-sonko-des-senegalais-devant-le-consul-du-senegal-en-italie-pour-soutenir-sonko\/#primaryimage\",\"inLanguage\":\"fr-FR\",\"url\":\"https:\/\/www.nettali.com\/wp-content\/uploads\/2021\/02\/000_1ce6so_1_0-1.jpg\",\"contentUrl\":\"https:\/\/www.nettali.com\/wp-content\/uploads\/2021\/02\/000_1ce6so_1_0-1.jpg\",\"width\":1244,\"height\":720},{\"@type\":\"WebPage\",\"@id\":\"https:\/\/www.nettali.com\/2021\/02\/12\/video-affaire-sonko-des-senegalais-devant-le-consul-du-senegal-en-italie-pour-soutenir-sonko\/#webpage\",\"url\":\"https:\/\/www.nettali.com\/2021\/02\/12\/video-affaire-sonko-des-senegalais-devant-le-consul-du-senegal-en-italie-pour-soutenir-sonko\/\",\"name\":\"VIDEO - AFFAIRE SONKO - Des s\\u00e9n\\u00e9galais devant le consul du S\\u00e9n\\u00e9gal en Italie pour soutenir Sonko | Nettali.com\",\"isPartOf\":{\"@id\":\"https:\/\/www.nettali.com\/#website\"},\"primaryImageOfPage\":{\"@id\":\"https:\/\/www.nettali.com\/2021\/02\/12\/video-affaire-sonko-des-senegalais-devant-le-consul-du-senegal-en-italie-pour-soutenir-sonko\/#primaryimage\"},\"datePublished\":\"2021-02-12T14:08:07+00:00\",\"dateModified\":\"2021-03-09T14:50:57+00:00\",\"author\":{\"@id\":\"https:\/\/www.nettali.com\/#\/schema\/person\/bb147657c2986240405a608162b9bb23\"},\"breadcrumb\":{\"@id\":\"https:\/\/www.nettali.com\/2021\/02\/12\/video-affaire-sonko-des-senegalais-devant-le-consul-du-senegal-en-italie-pour-soutenir-sonko\/#breadcrumb\"},\"inLanguage\":\"fr-FR\",\"potentialAction\":[{\"@type\":\"ReadAction\",\"target\":[\"https:\/\/www.nettali.com\/2021\/02\/12\/video-affaire-sonko-des-senegalais-devant-le-consul-du-senegal-en-italie-pour-soutenir-sonko\/\"]}]},{\"@type\":\"BreadcrumbList\",\"@id\":\"https:\/\/www.nettali.com\/2021\/02\/12\/video-affaire-sonko-des-senegalais-devant-le-consul-du-senegal-en-italie-pour-soutenir-sonko\/#breadcrumb\",\"itemListElement\":[{\"@type\":\"ListItem\",\"position\":1,\"name\":\"Accueil\",\"item\":\"https:\/\/www.nettali.com\/\"},{\"@type\":\"ListItem\",\"position\":2,\"name\":\"VIDEO &#8211; AFFAIRE SONKO &#8211; Des s\\u00e9n\\u00e9galais devant le consul du S\\u00e9n\\u00e9gal en Italie pour soutenir Sonko\"}]},{\"@type\":\"Person\",\"@id\":\"https:\/\/www.nettali.com\/#\/schema\/person\/bb147657c2986240405a608162b9bb23\",\"name\":\"Ibrahima\",\"image\":{\"@type\":\"ImageObject\",\"@id\":\"https:\/\/www.nettali.com\/#personlogo\",\"inLanguage\":\"fr-FR\",\"url\":\"https:\/\/secure.gravatar.com\/avatar\/26a8a81f09f0dd7624c9d5c36c9ba3a2?s=96&d=mm&r=g\",\"contentUrl\":\"https:\/\/secure.gravatar.com\/avatar\/26a8a81f09f0dd7624c9d5c36c9ba3a2?s=96&d=mm&r=g\",\"caption\":\"Ibrahima\"},\"sameAs\":[\"https:\/\/www.nettali.com\"]}]}<\/script>\n<!-- \/ Yoast SEO Premium plugin. -->","yoast_head_json":{"title":"VIDEO - AFFAIRE SONKO - Des s\u00e9n\u00e9galais devant le consul du S\u00e9n\u00e9gal en Italie pour soutenir Sonko | Nettali.com","robots":{"index":"index","follow":"follow","max-snippet":"max-snippet:-1","max-image-preview":"max-image-preview:large","max-video-preview":"max-video-preview:-1"},"canonical":"https:\/\/www.nettali.com\/2021\/02\/12\/video-affaire-sonko-des-senegalais-devant-le-consul-du-senegal-en-italie-pour-soutenir-sonko\/","og_locale":"fr_FR","og_type":"article","og_title":"VIDEO - AFFAIRE SONKO - Des s\u00e9n\u00e9galais devant le consul du S\u00e9n\u00e9gal en Italie pour soutenir Sonko","og_description":"NETTALI.COM - Apr\u00e8s plusieurs quartiers de Dakar, Bignona et Paris, l\u2019Italie prend le relai dans la vague de soutiens d\u00e9clench\u00e9e depuis lundi par les partisans du leader de Pastef, accus\u00e9 de viols r\u00e9p\u00e9titifs et menaces de mort par la masseuse Adji Sarr. Ce vendredi, beaucoup de S\u00e9n\u00e9galais vivant en Italie se sont donn\u00e9s rendez-vous devant [&hellip;]","og_url":"https:\/\/www.nettali.com\/2021\/02\/12\/video-affaire-sonko-des-senegalais-devant-le-consul-du-senegal-en-italie-pour-soutenir-sonko\/","og_site_name":"Nettali.com","article_publisher":"https:\/\/www.facebook.com\/nettalicom","article_published_time":"2021-02-12T14:08:07+00:00","article_modified_time":"2021-03-09T14:50:57+00:00","og_image":[{"width":1244,"height":720,"url":"https:\/\/www.nettali.com\/wp-content\/uploads\/2021\/02\/000_1ce6so_1_0-1.jpg","type":"image\/jpeg"}],"twitter_card":"summary_large_image","twitter_misc":{"\u00c9crit par":"Ibrahima"},"schema":{"@context":"https:\/\/schema.org","@graph":[{"@type":"WebSite","@id":"https:\/\/www.nettali.com\/#website","url":"https:\/\/www.nettali.com\/","name":"Nettali.com","description":"Le rendez-vous critique du Net","potentialAction":[{"@type":"SearchAction","target":{"@type":"EntryPoint","urlTemplate":"https:\/\/www.nettali.com\/?s={search_term_string}"},"query-input":"required name=search_term_string"}],"inLanguage":"fr-FR"},{"@type":"ImageObject","@id":"https:\/\/www.nettali.com\/2021\/02\/12\/video-affaire-sonko-des-senegalais-devant-le-consul-du-senegal-en-italie-pour-soutenir-sonko\/#primaryimage","inLanguage":"fr-FR","url":"https:\/\/www.nettali.com\/wp-content\/uploads\/2021\/02\/000_1ce6so_1_0-1.jpg","contentUrl":"https:\/\/www.nettali.com\/wp-content\/uploads\/2021\/02\/000_1ce6so_1_0-1.jpg","width":1244,"height":720},{"@type":"WebPage","@id":"https:\/\/www.nettali.com\/2021\/02\/12\/video-affaire-sonko-des-senegalais-devant-le-consul-du-senegal-en-italie-pour-soutenir-sonko\/#webpage","url":"https:\/\/www.nettali.com\/2021\/02\/12\/video-affaire-sonko-des-senegalais-devant-le-consul-du-senegal-en-italie-pour-soutenir-sonko\/","name":"VIDEO - AFFAIRE SONKO - Des s\u00e9n\u00e9galais devant le consul du S\u00e9n\u00e9gal en Italie pour soutenir Sonko | Nettali.com","isPartOf":{"@id":"https:\/\/www.nettali.com\/#website"},"primaryImageOfPage":{"@id":"https:\/\/www.nettali.com\/2021\/02\/12\/video-affaire-sonko-des-senegalais-devant-le-consul-du-senegal-en-italie-pour-soutenir-sonko\/#primaryimage"},"datePublished":"2021-02-12T14:08:07+00:00","dateModified":"2021-03-09T14:50:57+00:00","author":{"@id":"https:\/\/www.nettali.com\/#\/schema\/person\/bb147657c2986240405a608162b9bb23"},"breadcrumb":{"@id":"https:\/\/www.nettali.com\/2021\/02\/12\/video-affaire-sonko-des-senegalais-devant-le-consul-du-senegal-en-italie-pour-soutenir-sonko\/#breadcrumb"},"inLanguage":"fr-FR","potentialAction":[{"@type":"ReadAction","target":["https:\/\/www.nettali.com\/2021\/02\/12\/video-affaire-sonko-des-senegalais-devant-le-consul-du-senegal-en-italie-pour-soutenir-sonko\/"]}]},{"@type":"BreadcrumbList","@id":"https:\/\/www.nettali.com\/2021\/02\/12\/video-affaire-sonko-des-senegalais-devant-le-consul-du-senegal-en-italie-pour-soutenir-sonko\/#breadcrumb","itemListElement":[{"@type":"ListItem","position":1,"name":"Accueil","item":"https:\/\/www.nettali.com\/"},{"@type":"ListItem","position":2,"name":"VIDEO &#8211; AFFAIRE SONKO &#8211; Des s\u00e9n\u00e9galais devant le consul du S\u00e9n\u00e9gal en Italie pour soutenir Sonko"}]},{"@type":"Person","@id":"https:\/\/www.nettali.com\/#\/schema\/person\/bb147657c2986240405a608162b9bb23","name":"Ibrahima","image":{"@type":"ImageObject","@id":"https:\/\/www.nettali.com\/#personlogo","inLanguage":"fr-FR","url":"https:\/\/secure.gravatar.com\/avatar\/26a8a81f09f0dd7624c9d5c36c9ba3a2?s=96&d=mm&r=g","contentUrl":"https:\/\/secure.gravatar.com\/avatar\/26a8a81f09f0dd7624c9d5c36c9ba3a2?s=96&d=mm&r=g","caption":"Ibrahima"},"sameAs":["https:\/\/www.nettali.com"]}]}},"_links":{"self":[{"href":"https:\/\/www.nettali.com\/rest\/wp\/v2\/posts\/57516"}],"collection":[{"href":"https:\/\/www.nettali.com\/rest\/wp\/v2\/posts"}],"about":[{"href":"https:\/\/www.nettali.com\/rest\/wp\/v2\/types\/post"}],"author":[{"embeddable":true,"href":"https:\/\/www.nettali.com\/rest\/wp\/v2\/users\/5"}],"replies":[{"embeddable":true,"href":"https:\/\/www.nettali.com\/rest\/wp\/v2\/comments?post=57516"}],"version-history":[{"count":3,"href":"https:\/\/www.nettali.com\/rest\/wp\/v2\/posts\/57516\/revisions"}],"predecessor-version":[{"id":57530,"href":"https:\/\/www.nettali.com\/rest\/wp\/v2\/posts\/57516\/revisions\/57530"}],"wp:featuredmedia":[{"embeddable":true,"href":"https:\/\/www.nettali.com\/rest\/wp\/v2\/media\/57518"}],"wp:attachment":[{"href":"https:\/\/www.nettali.com\/rest\/wp\/v2\/media?parent=57516"}],"wp:term":[{"taxonomy":"category","embeddable":true,"href":"https:\/\/www.nettali.com\/rest\/wp\/v2\/categories?post=57516"},{"taxonomy":"post_tag","embeddable":true,"href":"https:\/\/www.nettali.com\/rest\/wp\/v2\/tags?post=57516"}],"curies":[{"name":"wp","href":"https:\/\/api.w.org\/{rel}","templated":true}]}}