{"id":57508,"date":"2021-02-12T10:22:28","date_gmt":"2021-02-12T10:22:28","guid":{"rendered":"https:\/\/www.nettali.com\/?p=57508"},"modified":"2021-02-12T10:22:28","modified_gmt":"2021-02-12T10:22:28","slug":"octroi-illegal-de-cartes-de-presse-le-cdeps-met-en-garde","status":"publish","type":"post","link":"https:\/\/www.nettali.com\/2021\/02\/12\/octroi-illegal-de-cartes-de-presse-le-cdeps-met-en-garde\/","title":{"rendered":"OCTROI ILLEGAL DE CARTES DE PRESSE \u2013 Le CDEPS met en garde"},"content":{"rendered":"<p><strong>NETTALI.COM - Le pr\u00e9sident du Conseil des diffuseurs et \u00e9diteurs de presse du S\u00e9n\u00e9gal (CDEPS) est contre toute complaisance dans l\u2019octroi des cartes de presse en cette p\u00e9riode de couvre-feu. \u00a0<\/strong><\/p>\n<p>Les responsables des entreprises de presse sont appel\u00e9es \u00e0 retirer toutes les cartes de presse octroy\u00e9es par \u201ccomplaisance ou de fa\u00e7on ill\u00e9gale\u2019\u2019. Le pr\u00e9sident du Conseil des diffuseurs et \u00e9diteurs de presse du S\u00e9n\u00e9gal (CDEPS rel\u00e8ve, qu\u2019en cette p\u00e9riode de couvre-feu, il a \u00e9t\u00e9 d\u00e9cid\u00e9, par les autorit\u00e9s, que les journalistes pouvaient circuler sur simple pr\u00e9sentation de leur carte de presse. Une mani\u00e8re de leur faciliter le travail dans un contexte de restriction. Mais Mamadou Ibra Kane dit \u00eatre inform\u00e9, par le conseiller du minist\u00e8re de l\u2019Int\u00e9rieur, de \u201cl\u2019octroi de la carte de presse par certains patron de presse \u00e0 leurs amis\u2019\u2019.<\/p>\n<p>Mamadou Ibra Kane de pr\u00e9ciser qu\u2019il a \u00e9t\u00e9 lui-m\u00eame inform\u00e9 que certaines chaines de t\u00e9l\u00e9vision octroyaient des cartes de presse \u00e0 leurs invit\u00e9s des \u00e9missions nocturnes. Face \u00e0 cette \u201cirresponsabilit\u00e9 criminelle\u2019\u2019, M. Kane invite les entreprises de presse \u00e0 retirer toutes ces cartes allou\u00e9es. Et aux travailleurs de m\u00e9dias de se servir de leur carte professionnelle qu\u2019en situation de besoin de service. A d\u00e9faut de se plier \u00e0 cette recommandation, il attire l\u2019attention des entreprises de presse que \u201cdes sanctions administratives et p\u00e9nales seraient encourues, en cas de fraudes constat\u00e9es\u2019\u2019.<\/p>\n<p>En outre, il annonce que cette situation a suscit\u00e9 la r\u00e9action du ministre de l\u2019Int\u00e9rieur qui a \u201cbrandi la menace\u2019\u2019 que la carte de presse pourrait ne plus \u00eatre un laissez-passer pour les travailleurs des m\u00e9dias. Et, de plus, il r\u00e9tablirait les autorisations de circuler pour la presse.<\/p>\n<p>Toutes choses qui font que Mamadou Ibra Kane signale qu\u2019une telle d\u00e9cision serait une catastrophe pour les m\u00e9dias. Toute la presse, soutient-il, citant les r\u00e9dactions, techniciens des t\u00e9l\u00e9s et radios, imprimeries, chauffeurs et distribution de la presse quotidienne, en serait affect\u00e9e. M\u00eame s\u2019il dit avoir demand\u00e9 \u00e0 l\u2019autorit\u00e9 d\u2019accorder une p\u00e9riode de probation \u00e0 l\u2019issue de laquelle le ministre de l\u2019Int\u00e9rieur pourrait prendre une d\u00e9cision.<\/p>\n<p>Quid des conditions d\u2019acquisition de ces autorisations de circulation\u00a0? Il rappelle que d\u00e8s l\u2019annonce de l\u2019\u00e9tat d\u2019urgence, le CDEPS avait fait un communiqu\u00e9 pour, dit-il, demander au ministre de l\u2019Int\u00e9rieur d\u2019autoriser des cartes de presse comme laissez-passer pour les travailleurs des m\u00e9dias. Apr\u00e8s deux s\u00e9ances de rencontre, poursuit il, cela a \u00e9t\u00e9 ent\u00e9rin\u00e9. Mais \u201cjusqu\u2019\u00e0 pr\u00e9sent, il n\u2019y a aucun arr\u00eat\u00e9 du ministre de l\u2019Int\u00e9rieur sur les cartes de presse ou toute d\u00e9cision administrative. Cette situation est d\u00e9j\u00e0 pr\u00e9caire et le non-respect de l\u2019accord moral peut d\u00e9boucher \u00e0 l\u2019annulation des cartes de presse comme laissez-passer\u2019\u2019, pr\u00e9vient-il.<\/p>\n<div class='share-to-whatsapp-wrapper'><div class='share-on-whsp'>PARTAGER SUR : <\/div><a data-text='OCTROI ILLEGAL DE CARTES DE PRESSE \u2013 Le CDEPS met en garde' data-link='https:\/\/www.nettali.com\/2021\/02\/12\/octroi-illegal-de-cartes-de-presse-le-cdeps-met-en-garde\/' class='whatsapp-button whatsapp-share'>WhatsApp<\/a><div class='clear '><\/div><\/div>","protected":false},"excerpt":{"rendered":"<p>NETTALI.COM - Le pr\u00e9sident du Conseil des diffuseurs et \u00e9diteurs de presse du S\u00e9n\u00e9gal (CDEPS) est contre toute complaisance dans l\u2019octroi des cartes de presse en cette p\u00e9riode de couvre-feu. \u00a0 Les responsables des entreprises de presse sont appel\u00e9es \u00e0 retirer toutes les cartes de presse octroy\u00e9es par \u201ccomplaisance ou de fa\u00e7on ill\u00e9gale\u2019\u2019. Le pr\u00e9sident [&hellip;]<\/p>\n","protected":false},"author":11,"featured_media":49053,"comment_status":"open","ping_status":"open","sticky":false,"template":"","format":"standard","meta":{"_et_pb_use_builder":"","_et_pb_old_content":""},"categories":[3],"tags":[],"yoast_head":"<!-- This site is optimized with the Yoast SEO Premium plugin v17.8 (Yoast SEO v17.8) - https:\/\/yoast.com\/wordpress\/plugins\/seo\/ -->\n<title>OCTROI ILLEGAL DE CARTES DE PRESSE \u2013 Le CDEPS met en garde | Nettali.com<\/title>\n<meta name=\"robots\" content=\"index, follow, max-snippet:-1, max-image-preview:large, max-video-preview:-1\" \/>\n<link rel=\"canonical\" href=\"https:\/\/www.nettali.com\/2021\/02\/12\/octroi-illegal-de-cartes-de-presse-le-cdeps-met-en-garde\/\" \/>\n<meta property=\"og:locale\" content=\"fr_FR\" \/>\n<meta property=\"og:type\" content=\"article\" \/>\n<meta property=\"og:title\" content=\"OCTROI ILLEGAL DE CARTES DE PRESSE \u2013 Le CDEPS met en garde\" \/>\n<meta property=\"og:description\" content=\"NETTALI.COM - Le pr\u00e9sident du Conseil des diffuseurs et \u00e9diteurs de presse du S\u00e9n\u00e9gal (CDEPS) est contre toute complaisance dans l\u2019octroi des cartes de presse en cette p\u00e9riode de couvre-feu. \u00a0 Les responsables des entreprises de presse sont appel\u00e9es \u00e0 retirer toutes les cartes de presse octroy\u00e9es par \u201ccomplaisance ou de fa\u00e7on ill\u00e9gale\u2019\u2019. Le pr\u00e9sident [&hellip;]\" \/>\n<meta property=\"og:url\" content=\"https:\/\/www.nettali.com\/2021\/02\/12\/octroi-illegal-de-cartes-de-presse-le-cdeps-met-en-garde\/\" \/>\n<meta property=\"og:site_name\" content=\"Nettali.com\" \/>\n<meta property=\"article:publisher\" content=\"https:\/\/www.facebook.com\/nettalicom\" \/>\n<meta property=\"article:published_time\" content=\"2021-02-12T10:22:28+00:00\" \/>\n<meta property=\"og:image\" content=\"https:\/\/www.nettali.com\/wp-content\/uploads\/2020\/10\/presse-0002.jpg\" \/>\n\t<meta property=\"og:image:width\" content=\"678\" \/>\n\t<meta property=\"og:image:height\" content=\"381\" \/>\n<meta name=\"twitter:card\" content=\"summary_large_image\" \/>\n<meta name=\"twitter:label1\" content=\"\u00c9crit par\" \/>\n\t<meta name=\"twitter:data1\" content=\"Thierno Diop\" \/>\n\t<meta name=\"twitter:label2\" content=\"Dur\u00e9e de lecture estim\u00e9e\" \/>\n\t<meta name=\"twitter:data2\" content=\"3 minutes\" \/>\n<script type=\"application\/ld+json\" class=\"yoast-schema-graph\">{\"@context\":\"https:\/\/schema.org\",\"@graph\":[{\"@type\":\"WebSite\",\"@id\":\"https:\/\/www.nettali.com\/#website\",\"url\":\"https:\/\/www.nettali.com\/\",\"name\":\"Nettali.com\",\"description\":\"Le rendez-vous critique du Net\",\"potentialAction\":[{\"@type\":\"SearchAction\",\"target\":{\"@type\":\"EntryPoint\",\"urlTemplate\":\"https:\/\/www.nettali.com\/?s={search_term_string}\"},\"query-input\":\"required name=search_term_string\"}],\"inLanguage\":\"fr-FR\"},{\"@type\":\"ImageObject\",\"@id\":\"https:\/\/www.nettali.com\/2021\/02\/12\/octroi-illegal-de-cartes-de-presse-le-cdeps-met-en-garde\/#primaryimage\",\"inLanguage\":\"fr-FR\",\"url\":\"https:\/\/www.nettali.com\/wp-content\/uploads\/2020\/10\/presse-0002.jpg\",\"contentUrl\":\"https:\/\/www.nettali.com\/wp-content\/uploads\/2020\/10\/presse-0002.jpg\",\"width\":678,\"height\":381},{\"@type\":\"WebPage\",\"@id\":\"https:\/\/www.nettali.com\/2021\/02\/12\/octroi-illegal-de-cartes-de-presse-le-cdeps-met-en-garde\/#webpage\",\"url\":\"https:\/\/www.nettali.com\/2021\/02\/12\/octroi-illegal-de-cartes-de-presse-le-cdeps-met-en-garde\/\",\"name\":\"OCTROI ILLEGAL DE CARTES DE PRESSE \\u2013 Le CDEPS met en garde | Nettali.com\",\"isPartOf\":{\"@id\":\"https:\/\/www.nettali.com\/#website\"},\"primaryImageOfPage\":{\"@id\":\"https:\/\/www.nettali.com\/2021\/02\/12\/octroi-illegal-de-cartes-de-presse-le-cdeps-met-en-garde\/#primaryimage\"},\"datePublished\":\"2021-02-12T10:22:28+00:00\",\"dateModified\":\"2021-02-12T10:22:28+00:00\",\"author\":{\"@id\":\"https:\/\/www.nettali.com\/#\/schema\/person\/8a06c6bd7b19304cf4bf985862900b5b\"},\"breadcrumb\":{\"@id\":\"https:\/\/www.nettali.com\/2021\/02\/12\/octroi-illegal-de-cartes-de-presse-le-cdeps-met-en-garde\/#breadcrumb\"},\"inLanguage\":\"fr-FR\",\"potentialAction\":[{\"@type\":\"ReadAction\",\"target\":[\"https:\/\/www.nettali.com\/2021\/02\/12\/octroi-illegal-de-cartes-de-presse-le-cdeps-met-en-garde\/\"]}]},{\"@type\":\"BreadcrumbList\",\"@id\":\"https:\/\/www.nettali.com\/2021\/02\/12\/octroi-illegal-de-cartes-de-presse-le-cdeps-met-en-garde\/#breadcrumb\",\"itemListElement\":[{\"@type\":\"ListItem\",\"position\":1,\"name\":\"Accueil\",\"item\":\"https:\/\/www.nettali.com\/\"},{\"@type\":\"ListItem\",\"position\":2,\"name\":\"OCTROI ILLEGAL DE CARTES DE PRESSE \\u2013 Le CDEPS met en garde\"}]},{\"@type\":\"Person\",\"@id\":\"https:\/\/www.nettali.com\/#\/schema\/person\/8a06c6bd7b19304cf4bf985862900b5b\",\"name\":\"Thierno Diop\",\"image\":{\"@type\":\"ImageObject\",\"@id\":\"https:\/\/www.nettali.com\/#personlogo\",\"inLanguage\":\"fr-FR\",\"url\":\"https:\/\/secure.gravatar.com\/avatar\/c8ca58550c94fd2ac856d27391a6c866?s=96&d=mm&r=g\",\"contentUrl\":\"https:\/\/secure.gravatar.com\/avatar\/c8ca58550c94fd2ac856d27391a6c866?s=96&d=mm&r=g\",\"caption\":\"Thierno Diop\"},\"sameAs\":[\"https:\/\/nettali.com\"]}]}<\/script>\n<!-- \/ Yoast SEO Premium plugin. -->","yoast_head_json":{"title":"OCTROI ILLEGAL DE CARTES DE PRESSE \u2013 Le CDEPS met en garde | Nettali.com","robots":{"index":"index","follow":"follow","max-snippet":"max-snippet:-1","max-image-preview":"max-image-preview:large","max-video-preview":"max-video-preview:-1"},"canonical":"https:\/\/www.nettali.com\/2021\/02\/12\/octroi-illegal-de-cartes-de-presse-le-cdeps-met-en-garde\/","og_locale":"fr_FR","og_type":"article","og_title":"OCTROI ILLEGAL DE CARTES DE PRESSE \u2013 Le CDEPS met en garde","og_description":"NETTALI.COM - Le pr\u00e9sident du Conseil des diffuseurs et \u00e9diteurs de presse du S\u00e9n\u00e9gal (CDEPS) est contre toute complaisance dans l\u2019octroi des cartes de presse en cette p\u00e9riode de couvre-feu. \u00a0 Les responsables des entreprises de presse sont appel\u00e9es \u00e0 retirer toutes les cartes de presse octroy\u00e9es par \u201ccomplaisance ou de fa\u00e7on ill\u00e9gale\u2019\u2019. Le pr\u00e9sident [&hellip;]","og_url":"https:\/\/www.nettali.com\/2021\/02\/12\/octroi-illegal-de-cartes-de-presse-le-cdeps-met-en-garde\/","og_site_name":"Nettali.com","article_publisher":"https:\/\/www.facebook.com\/nettalicom","article_published_time":"2021-02-12T10:22:28+00:00","og_image":[{"width":678,"height":381,"url":"https:\/\/www.nettali.com\/wp-content\/uploads\/2020\/10\/presse-0002.jpg","type":"image\/jpeg"}],"twitter_card":"summary_large_image","twitter_misc":{"\u00c9crit par":"Thierno Diop","Dur\u00e9e de lecture estim\u00e9e":"3 minutes"},"schema":{"@context":"https:\/\/schema.org","@graph":[{"@type":"WebSite","@id":"https:\/\/www.nettali.com\/#website","url":"https:\/\/www.nettali.com\/","name":"Nettali.com","description":"Le rendez-vous critique du Net","potentialAction":[{"@type":"SearchAction","target":{"@type":"EntryPoint","urlTemplate":"https:\/\/www.nettali.com\/?s={search_term_string}"},"query-input":"required name=search_term_string"}],"inLanguage":"fr-FR"},{"@type":"ImageObject","@id":"https:\/\/www.nettali.com\/2021\/02\/12\/octroi-illegal-de-cartes-de-presse-le-cdeps-met-en-garde\/#primaryimage","inLanguage":"fr-FR","url":"https:\/\/www.nettali.com\/wp-content\/uploads\/2020\/10\/presse-0002.jpg","contentUrl":"https:\/\/www.nettali.com\/wp-content\/uploads\/2020\/10\/presse-0002.jpg","width":678,"height":381},{"@type":"WebPage","@id":"https:\/\/www.nettali.com\/2021\/02\/12\/octroi-illegal-de-cartes-de-presse-le-cdeps-met-en-garde\/#webpage","url":"https:\/\/www.nettali.com\/2021\/02\/12\/octroi-illegal-de-cartes-de-presse-le-cdeps-met-en-garde\/","name":"OCTROI ILLEGAL DE CARTES DE PRESSE \u2013 Le CDEPS met en garde | Nettali.com","isPartOf":{"@id":"https:\/\/www.nettali.com\/#website"},"primaryImageOfPage":{"@id":"https:\/\/www.nettali.com\/2021\/02\/12\/octroi-illegal-de-cartes-de-presse-le-cdeps-met-en-garde\/#primaryimage"},"datePublished":"2021-02-12T10:22:28+00:00","dateModified":"2021-02-12T10:22:28+00:00","author":{"@id":"https:\/\/www.nettali.com\/#\/schema\/person\/8a06c6bd7b19304cf4bf985862900b5b"},"breadcrumb":{"@id":"https:\/\/www.nettali.com\/2021\/02\/12\/octroi-illegal-de-cartes-de-presse-le-cdeps-met-en-garde\/#breadcrumb"},"inLanguage":"fr-FR","potentialAction":[{"@type":"ReadAction","target":["https:\/\/www.nettali.com\/2021\/02\/12\/octroi-illegal-de-cartes-de-presse-le-cdeps-met-en-garde\/"]}]},{"@type":"BreadcrumbList","@id":"https:\/\/www.nettali.com\/2021\/02\/12\/octroi-illegal-de-cartes-de-presse-le-cdeps-met-en-garde\/#breadcrumb","itemListElement":[{"@type":"ListItem","position":1,"name":"Accueil","item":"https:\/\/www.nettali.com\/"},{"@type":"ListItem","position":2,"name":"OCTROI ILLEGAL DE CARTES DE PRESSE \u2013 Le CDEPS met en garde"}]},{"@type":"Person","@id":"https:\/\/www.nettali.com\/#\/schema\/person\/8a06c6bd7b19304cf4bf985862900b5b","name":"Thierno Diop","image":{"@type":"ImageObject","@id":"https:\/\/www.nettali.com\/#personlogo","inLanguage":"fr-FR","url":"https:\/\/secure.gravatar.com\/avatar\/c8ca58550c94fd2ac856d27391a6c866?s=96&d=mm&r=g","contentUrl":"https:\/\/secure.gravatar.com\/avatar\/c8ca58550c94fd2ac856d27391a6c866?s=96&d=mm&r=g","caption":"Thierno Diop"},"sameAs":["https:\/\/nettali.com"]}]}},"_links":{"self":[{"href":"https:\/\/www.nettali.com\/rest\/wp\/v2\/posts\/57508"}],"collection":[{"href":"https:\/\/www.nettali.com\/rest\/wp\/v2\/posts"}],"about":[{"href":"https:\/\/www.nettali.com\/rest\/wp\/v2\/types\/post"}],"author":[{"embeddable":true,"href":"https:\/\/www.nettali.com\/rest\/wp\/v2\/users\/11"}],"replies":[{"embeddable":true,"href":"https:\/\/www.nettali.com\/rest\/wp\/v2\/comments?post=57508"}],"version-history":[{"count":1,"href":"https:\/\/www.nettali.com\/rest\/wp\/v2\/posts\/57508\/revisions"}],"predecessor-version":[{"id":57509,"href":"https:\/\/www.nettali.com\/rest\/wp\/v2\/posts\/57508\/revisions\/57509"}],"wp:featuredmedia":[{"embeddable":true,"href":"https:\/\/www.nettali.com\/rest\/wp\/v2\/media\/49053"}],"wp:attachment":[{"href":"https:\/\/www.nettali.com\/rest\/wp\/v2\/media?parent=57508"}],"wp:term":[{"taxonomy":"category","embeddable":true,"href":"https:\/\/www.nettali.com\/rest\/wp\/v2\/categories?post=57508"},{"taxonomy":"post_tag","embeddable":true,"href":"https:\/\/www.nettali.com\/rest\/wp\/v2\/tags?post=57508"}],"curies":[{"name":"wp","href":"https:\/\/api.w.org\/{rel}","templated":true}]}}