{"id":57435,"date":"2021-02-11T10:27:32","date_gmt":"2021-02-11T10:27:32","guid":{"rendered":"https:\/\/www.nettali.com\/?p=57435"},"modified":"2021-02-11T13:04:28","modified_gmt":"2021-02-11T13:04:28","slug":"supposee-soutien-a-sonko-leglise-dement-et-precise","status":"publish","type":"post","link":"https:\/\/www.nettali.com\/2021\/02\/11\/supposee-soutien-a-sonko-leglise-dement-et-precise\/","title":{"rendered":"SUPPOSEE SOUTIEN A SONKO - L'Eglise d\u00e9ment et pr\u00e9cise"},"content":{"rendered":"<p><strong>NETTALI.COM \u2013 Dans un message vocal attribu\u00e9 au chef de l\u2019Eglise, quelqu\u2019un alerte sur les risques de guerre civile qui p\u00e8seraient sur le S\u00e9n\u00e9gal, relativement \u00e0 l\u2019affaire Sonko \/ Adji Sarr. L\u2019autorit\u00e9 religieuse rejette la paternit\u00e9 des propos contenus dans l\u2019\u00e9l\u00e9ment sonore et met en garde ses vrais auteurs.\u00a0 <\/strong><\/p>\n<p>L\u2019affaire Sonko \/ Adji Sarr charrie bien des rumeurs, notamment sur les r\u00e9seaux sociaux. C\u2019est ainsi qu\u2019un message attribu\u00e9 au chef de l\u2019Eglise s\u00e9n\u00e9galaise, Monseigneur Benjamin Ndiaye, a circul\u00e9 hier.<\/p>\n<p>Dans la d\u00e9claration intitul\u00e9e \u201cDiscours \u00e0 la nation\u2019\u2019, l\u2019auteur alerte : \u2019\u2019L\u2019histoire retiendra qu\u2019une femme aura d\u00e9truit le S\u00e9n\u00e9gal, qu\u2019on se soit servi d\u2019une femme pour d\u00e9truire le S\u00e9n\u00e9gal. (\u2026).\u2019\u2019 Toujours dans le message vocal, l\u2019on avertit que le S\u00e9n\u00e9gal est au bord d\u2019une guerre civile depuis trois jours. Une d\u00e9claration qui n\u2019a pas tard\u00e9 \u00e0 faire r\u00e9agir l\u2019Eglise s\u00e9n\u00e9galaise, par le biais de l\u2019abb\u00e9 Roger Gomis.<\/p>\n<p>Cette autorit\u00e9 religieuse d\u00e9nonce une manipulation, une usurpation, un usage de faux. A l\u2019en croire, cette pratique est absolument inacceptable. \u201cLes auteurs de cette manipulation naus\u00e9abonde sont certainement dans leur r\u00f4le, mais de l\u00e0 \u00e0 usurper l\u2019identit\u00e9 de nos chefs religieux pour servir leur cause\u2026 Ils franchissent des seuils qui mettent en p\u00e9ril des fondamentaux de notre soci\u00e9t\u00e9 s\u00e9n\u00e9galaise et portent gravement atteinte \u00e0 l\u2019image, au sens de la responsabilit\u00e9 et de la dignit\u00e9 de notre communaut\u00e9 chr\u00e9tienne et nationale\u2019\u2019, s\u2019indigne l\u2019abb\u00e9 Roger Gomis.<\/p>\n<p>Selon ce dernier, tous les S\u00e9n\u00e9galais devraient d\u00e9noncer avec la plus grande fermet\u00e9 cet acte et appeler \u00e0 plus de responsabilit\u00e9s, au calme et \u00e0 la s\u00e9r\u00e9nit\u00e9, dans ces moments difficiles que traverse le pays.<\/p>\n<p>&nbsp;<\/p>\n<div class='share-to-whatsapp-wrapper'><div class='share-on-whsp'>PARTAGER SUR : <\/div><a data-text='SUPPOSEE SOUTIEN A SONKO - L'Eglise d\u00e9ment et pr\u00e9cise' data-link='https:\/\/www.nettali.com\/2021\/02\/11\/supposee-soutien-a-sonko-leglise-dement-et-precise\/' class='whatsapp-button whatsapp-share'>WhatsApp<\/a><div class='clear '><\/div><\/div>","protected":false},"excerpt":{"rendered":"<p>NETTALI.COM \u2013 Dans un message vocal attribu\u00e9 au chef de l\u2019Eglise, quelqu\u2019un alerte sur les risques de guerre civile qui p\u00e8seraient sur le S\u00e9n\u00e9gal, relativement \u00e0 l\u2019affaire Sonko \/ Adji Sarr. L\u2019autorit\u00e9 religieuse rejette la paternit\u00e9 des propos contenus dans l\u2019\u00e9l\u00e9ment sonore et met en garde ses vrais auteurs.\u00a0 L\u2019affaire Sonko \/ Adji Sarr charrie [&hellip;]<\/p>\n","protected":false},"author":11,"featured_media":22391,"comment_status":"open","ping_status":"open","sticky":false,"template":"","format":"standard","meta":{"_et_pb_use_builder":"","_et_pb_old_content":""},"categories":[2],"tags":[],"yoast_head":"<!-- This site is optimized with the Yoast SEO Premium plugin v17.8 (Yoast SEO v17.8) - https:\/\/yoast.com\/wordpress\/plugins\/seo\/ -->\n<title>SUPPOSEE SOUTIEN A SONKO - L&#039;Eglise d\u00e9ment et pr\u00e9cise | Nettali.com<\/title>\n<meta name=\"robots\" content=\"index, follow, max-snippet:-1, max-image-preview:large, max-video-preview:-1\" \/>\n<link rel=\"canonical\" href=\"https:\/\/www.nettali.com\/2021\/02\/11\/supposee-soutien-a-sonko-leglise-dement-et-precise\/\" \/>\n<meta property=\"og:locale\" content=\"fr_FR\" \/>\n<meta property=\"og:type\" content=\"article\" \/>\n<meta property=\"og:title\" content=\"SUPPOSEE SOUTIEN A SONKO - L&#039;Eglise d\u00e9ment et pr\u00e9cise\" \/>\n<meta property=\"og:description\" content=\"NETTALI.COM \u2013 Dans un message vocal attribu\u00e9 au chef de l\u2019Eglise, quelqu\u2019un alerte sur les risques de guerre civile qui p\u00e8seraient sur le S\u00e9n\u00e9gal, relativement \u00e0 l\u2019affaire Sonko \/ Adji Sarr. L\u2019autorit\u00e9 religieuse rejette la paternit\u00e9 des propos contenus dans l\u2019\u00e9l\u00e9ment sonore et met en garde ses vrais auteurs.\u00a0 L\u2019affaire Sonko \/ Adji Sarr charrie [&hellip;]\" \/>\n<meta property=\"og:url\" content=\"https:\/\/www.nettali.com\/2021\/02\/11\/supposee-soutien-a-sonko-leglise-dement-et-precise\/\" \/>\n<meta property=\"og:site_name\" content=\"Nettali.com\" \/>\n<meta property=\"article:publisher\" content=\"https:\/\/www.facebook.com\/nettalicom\" \/>\n<meta property=\"article:published_time\" content=\"2021-02-11T10:27:32+00:00\" \/>\n<meta property=\"article:modified_time\" content=\"2021-02-11T13:04:28+00:00\" \/>\n<meta property=\"og:image\" content=\"https:\/\/www.nettali.com\/wp-content\/uploads\/2019\/11\/eglise.jpg\" \/>\n\t<meta property=\"og:image:width\" content=\"1200\" \/>\n\t<meta property=\"og:image:height\" content=\"400\" \/>\n<meta name=\"twitter:card\" content=\"summary_large_image\" \/>\n<meta name=\"twitter:label1\" content=\"\u00c9crit par\" \/>\n\t<meta name=\"twitter:data1\" content=\"Thierno Diop\" \/>\n\t<meta name=\"twitter:label2\" content=\"Dur\u00e9e de lecture estim\u00e9e\" \/>\n\t<meta name=\"twitter:data2\" content=\"2 minutes\" \/>\n<script type=\"application\/ld+json\" class=\"yoast-schema-graph\">{\"@context\":\"https:\/\/schema.org\",\"@graph\":[{\"@type\":\"WebSite\",\"@id\":\"https:\/\/www.nettali.com\/#website\",\"url\":\"https:\/\/www.nettali.com\/\",\"name\":\"Nettali.com\",\"description\":\"Le rendez-vous critique du Net\",\"potentialAction\":[{\"@type\":\"SearchAction\",\"target\":{\"@type\":\"EntryPoint\",\"urlTemplate\":\"https:\/\/www.nettali.com\/?s={search_term_string}\"},\"query-input\":\"required name=search_term_string\"}],\"inLanguage\":\"fr-FR\"},{\"@type\":\"ImageObject\",\"@id\":\"https:\/\/www.nettali.com\/2021\/02\/11\/supposee-soutien-a-sonko-leglise-dement-et-precise\/#primaryimage\",\"inLanguage\":\"fr-FR\",\"url\":\"https:\/\/www.nettali.com\/wp-content\/uploads\/2019\/11\/eglise.jpg\",\"contentUrl\":\"https:\/\/www.nettali.com\/wp-content\/uploads\/2019\/11\/eglise.jpg\",\"width\":1200,\"height\":400},{\"@type\":\"WebPage\",\"@id\":\"https:\/\/www.nettali.com\/2021\/02\/11\/supposee-soutien-a-sonko-leglise-dement-et-precise\/#webpage\",\"url\":\"https:\/\/www.nettali.com\/2021\/02\/11\/supposee-soutien-a-sonko-leglise-dement-et-precise\/\",\"name\":\"SUPPOSEE SOUTIEN A SONKO - L'Eglise d\\u00e9ment et pr\\u00e9cise | Nettali.com\",\"isPartOf\":{\"@id\":\"https:\/\/www.nettali.com\/#website\"},\"primaryImageOfPage\":{\"@id\":\"https:\/\/www.nettali.com\/2021\/02\/11\/supposee-soutien-a-sonko-leglise-dement-et-precise\/#primaryimage\"},\"datePublished\":\"2021-02-11T10:27:32+00:00\",\"dateModified\":\"2021-02-11T13:04:28+00:00\",\"author\":{\"@id\":\"https:\/\/www.nettali.com\/#\/schema\/person\/8a06c6bd7b19304cf4bf985862900b5b\"},\"breadcrumb\":{\"@id\":\"https:\/\/www.nettali.com\/2021\/02\/11\/supposee-soutien-a-sonko-leglise-dement-et-precise\/#breadcrumb\"},\"inLanguage\":\"fr-FR\",\"potentialAction\":[{\"@type\":\"ReadAction\",\"target\":[\"https:\/\/www.nettali.com\/2021\/02\/11\/supposee-soutien-a-sonko-leglise-dement-et-precise\/\"]}]},{\"@type\":\"BreadcrumbList\",\"@id\":\"https:\/\/www.nettali.com\/2021\/02\/11\/supposee-soutien-a-sonko-leglise-dement-et-precise\/#breadcrumb\",\"itemListElement\":[{\"@type\":\"ListItem\",\"position\":1,\"name\":\"Accueil\",\"item\":\"https:\/\/www.nettali.com\/\"},{\"@type\":\"ListItem\",\"position\":2,\"name\":\"SUPPOSEE SOUTIEN A SONKO &#8211; L&rsquo;Eglise d\\u00e9ment et pr\\u00e9cise\"}]},{\"@type\":\"Person\",\"@id\":\"https:\/\/www.nettali.com\/#\/schema\/person\/8a06c6bd7b19304cf4bf985862900b5b\",\"name\":\"Thierno Diop\",\"image\":{\"@type\":\"ImageObject\",\"@id\":\"https:\/\/www.nettali.com\/#personlogo\",\"inLanguage\":\"fr-FR\",\"url\":\"https:\/\/secure.gravatar.com\/avatar\/c8ca58550c94fd2ac856d27391a6c866?s=96&d=mm&r=g\",\"contentUrl\":\"https:\/\/secure.gravatar.com\/avatar\/c8ca58550c94fd2ac856d27391a6c866?s=96&d=mm&r=g\",\"caption\":\"Thierno Diop\"},\"sameAs\":[\"https:\/\/nettali.com\"]}]}<\/script>\n<!-- \/ Yoast SEO Premium plugin. -->","yoast_head_json":{"title":"SUPPOSEE SOUTIEN A SONKO - L'Eglise d\u00e9ment et pr\u00e9cise | Nettali.com","robots":{"index":"index","follow":"follow","max-snippet":"max-snippet:-1","max-image-preview":"max-image-preview:large","max-video-preview":"max-video-preview:-1"},"canonical":"https:\/\/www.nettali.com\/2021\/02\/11\/supposee-soutien-a-sonko-leglise-dement-et-precise\/","og_locale":"fr_FR","og_type":"article","og_title":"SUPPOSEE SOUTIEN A SONKO - L'Eglise d\u00e9ment et pr\u00e9cise","og_description":"NETTALI.COM \u2013 Dans un message vocal attribu\u00e9 au chef de l\u2019Eglise, quelqu\u2019un alerte sur les risques de guerre civile qui p\u00e8seraient sur le S\u00e9n\u00e9gal, relativement \u00e0 l\u2019affaire Sonko \/ Adji Sarr. L\u2019autorit\u00e9 religieuse rejette la paternit\u00e9 des propos contenus dans l\u2019\u00e9l\u00e9ment sonore et met en garde ses vrais auteurs.\u00a0 L\u2019affaire Sonko \/ Adji Sarr charrie [&hellip;]","og_url":"https:\/\/www.nettali.com\/2021\/02\/11\/supposee-soutien-a-sonko-leglise-dement-et-precise\/","og_site_name":"Nettali.com","article_publisher":"https:\/\/www.facebook.com\/nettalicom","article_published_time":"2021-02-11T10:27:32+00:00","article_modified_time":"2021-02-11T13:04:28+00:00","og_image":[{"width":1200,"height":400,"url":"https:\/\/www.nettali.com\/wp-content\/uploads\/2019\/11\/eglise.jpg","type":"image\/jpeg"}],"twitter_card":"summary_large_image","twitter_misc":{"\u00c9crit par":"Thierno Diop","Dur\u00e9e de lecture estim\u00e9e":"2 minutes"},"schema":{"@context":"https:\/\/schema.org","@graph":[{"@type":"WebSite","@id":"https:\/\/www.nettali.com\/#website","url":"https:\/\/www.nettali.com\/","name":"Nettali.com","description":"Le rendez-vous critique du Net","potentialAction":[{"@type":"SearchAction","target":{"@type":"EntryPoint","urlTemplate":"https:\/\/www.nettali.com\/?s={search_term_string}"},"query-input":"required name=search_term_string"}],"inLanguage":"fr-FR"},{"@type":"ImageObject","@id":"https:\/\/www.nettali.com\/2021\/02\/11\/supposee-soutien-a-sonko-leglise-dement-et-precise\/#primaryimage","inLanguage":"fr-FR","url":"https:\/\/www.nettali.com\/wp-content\/uploads\/2019\/11\/eglise.jpg","contentUrl":"https:\/\/www.nettali.com\/wp-content\/uploads\/2019\/11\/eglise.jpg","width":1200,"height":400},{"@type":"WebPage","@id":"https:\/\/www.nettali.com\/2021\/02\/11\/supposee-soutien-a-sonko-leglise-dement-et-precise\/#webpage","url":"https:\/\/www.nettali.com\/2021\/02\/11\/supposee-soutien-a-sonko-leglise-dement-et-precise\/","name":"SUPPOSEE SOUTIEN A SONKO - L'Eglise d\u00e9ment et pr\u00e9cise | Nettali.com","isPartOf":{"@id":"https:\/\/www.nettali.com\/#website"},"primaryImageOfPage":{"@id":"https:\/\/www.nettali.com\/2021\/02\/11\/supposee-soutien-a-sonko-leglise-dement-et-precise\/#primaryimage"},"datePublished":"2021-02-11T10:27:32+00:00","dateModified":"2021-02-11T13:04:28+00:00","author":{"@id":"https:\/\/www.nettali.com\/#\/schema\/person\/8a06c6bd7b19304cf4bf985862900b5b"},"breadcrumb":{"@id":"https:\/\/www.nettali.com\/2021\/02\/11\/supposee-soutien-a-sonko-leglise-dement-et-precise\/#breadcrumb"},"inLanguage":"fr-FR","potentialAction":[{"@type":"ReadAction","target":["https:\/\/www.nettali.com\/2021\/02\/11\/supposee-soutien-a-sonko-leglise-dement-et-precise\/"]}]},{"@type":"BreadcrumbList","@id":"https:\/\/www.nettali.com\/2021\/02\/11\/supposee-soutien-a-sonko-leglise-dement-et-precise\/#breadcrumb","itemListElement":[{"@type":"ListItem","position":1,"name":"Accueil","item":"https:\/\/www.nettali.com\/"},{"@type":"ListItem","position":2,"name":"SUPPOSEE SOUTIEN A SONKO &#8211; L&rsquo;Eglise d\u00e9ment et pr\u00e9cise"}]},{"@type":"Person","@id":"https:\/\/www.nettali.com\/#\/schema\/person\/8a06c6bd7b19304cf4bf985862900b5b","name":"Thierno Diop","image":{"@type":"ImageObject","@id":"https:\/\/www.nettali.com\/#personlogo","inLanguage":"fr-FR","url":"https:\/\/secure.gravatar.com\/avatar\/c8ca58550c94fd2ac856d27391a6c866?s=96&d=mm&r=g","contentUrl":"https:\/\/secure.gravatar.com\/avatar\/c8ca58550c94fd2ac856d27391a6c866?s=96&d=mm&r=g","caption":"Thierno Diop"},"sameAs":["https:\/\/nettali.com"]}]}},"_links":{"self":[{"href":"https:\/\/www.nettali.com\/rest\/wp\/v2\/posts\/57435"}],"collection":[{"href":"https:\/\/www.nettali.com\/rest\/wp\/v2\/posts"}],"about":[{"href":"https:\/\/www.nettali.com\/rest\/wp\/v2\/types\/post"}],"author":[{"embeddable":true,"href":"https:\/\/www.nettali.com\/rest\/wp\/v2\/users\/11"}],"replies":[{"embeddable":true,"href":"https:\/\/www.nettali.com\/rest\/wp\/v2\/comments?post=57435"}],"version-history":[{"count":1,"href":"https:\/\/www.nettali.com\/rest\/wp\/v2\/posts\/57435\/revisions"}],"predecessor-version":[{"id":57440,"href":"https:\/\/www.nettali.com\/rest\/wp\/v2\/posts\/57435\/revisions\/57440"}],"wp:featuredmedia":[{"embeddable":true,"href":"https:\/\/www.nettali.com\/rest\/wp\/v2\/media\/22391"}],"wp:attachment":[{"href":"https:\/\/www.nettali.com\/rest\/wp\/v2\/media?parent=57435"}],"wp:term":[{"taxonomy":"category","embeddable":true,"href":"https:\/\/www.nettali.com\/rest\/wp\/v2\/categories?post=57435"},{"taxonomy":"post_tag","embeddable":true,"href":"https:\/\/www.nettali.com\/rest\/wp\/v2\/tags?post=57435"}],"curies":[{"name":"wp","href":"https:\/\/api.w.org\/{rel}","templated":true}]}}