{"id":57302,"date":"2021-02-09T15:25:59","date_gmt":"2021-02-09T15:25:59","guid":{"rendered":"https:\/\/www.nettali.com\/?p=57302"},"modified":"2021-02-09T15:25:59","modified_gmt":"2021-02-09T15:25:59","slug":"levee-immunite-parlementaire-de-ousmane-sonko-les-membres-du-bureau-de-lassemblee-nationale-convoques","status":"publish","type":"post","link":"https:\/\/www.nettali.com\/2021\/02\/09\/levee-immunite-parlementaire-de-ousmane-sonko-les-membres-du-bureau-de-lassemblee-nationale-convoques\/","title":{"rendered":"LEV\u00c9E IMMUNIT\u00c9 PARLEMENTAIRE DE OUSMANE SONKO - Les membres du bureau de l\u2019Assembl\u00e9e nationale convoqu\u00e9s"},"content":{"rendered":"<p><strong>NETTALI.COM- La proc\u00e9dure de lev\u00e9e de l'immunit\u00e9 parlementaire de Ousmane Sonko est enclench\u00e9e\u00a0 puisque les membres du bureau de l\u2019Assembl\u00e9e nationale convoqu\u00e9s.<\/strong><\/p>\n<p>Accus\u00e9 de viol et menace de mort par une masseuse d\u2019un institut de beaut\u00e9, le leader de Ousmane Sonko exige la lev\u00e9e de son immunit\u00e9 parlementaire avant de d\u00e9f\u00e9rer \u00e0 la convocation de la Section de recherches pour donner sa version des faits. Les choses semblent bouger. D\u2019autant plus que l\u2019Assembl\u00e9e nationale a \u00e9t\u00e9 saisie de cette affaire.<\/p>\n<p>D\u2019ailleurs, les membres du bureau sont convoqu\u00e9s jeudi prochain \u00e0 12h. Ils vont examiner les affaires qui sont en instance. Les travaux relatifs \u00e0 la lev\u00e9e de l\u2019immunit\u00e9 parlementaire du d\u00e9put\u00e9 peuvent \u00eatre boucl\u00e9s d\u2019ici 8 jours.<\/p>\n<div class='share-to-whatsapp-wrapper'><div class='share-on-whsp'>PARTAGER SUR : <\/div><a data-text='LEV\u00c9E IMMUNIT\u00c9 PARLEMENTAIRE DE OUSMANE SONKO - Les membres du bureau de l\u2019Assembl\u00e9e nationale convoqu\u00e9s' data-link='https:\/\/www.nettali.com\/2021\/02\/09\/levee-immunite-parlementaire-de-ousmane-sonko-les-membres-du-bureau-de-lassemblee-nationale-convoques\/' class='whatsapp-button whatsapp-share'>WhatsApp<\/a><div class='clear '><\/div><\/div>","protected":false},"excerpt":{"rendered":"<p>NETTALI.COM- La proc\u00e9dure de lev\u00e9e de l'immunit\u00e9 parlementaire de Ousmane Sonko est enclench\u00e9e\u00a0 puisque les membres du bureau de l\u2019Assembl\u00e9e nationale convoqu\u00e9s. Accus\u00e9 de viol et menace de mort par une masseuse d\u2019un institut de beaut\u00e9, le leader de Ousmane Sonko exige la lev\u00e9e de son immunit\u00e9 parlementaire avant de d\u00e9f\u00e9rer \u00e0 la convocation de [&hellip;]<\/p>\n","protected":false},"author":6,"featured_media":19208,"comment_status":"open","ping_status":"open","sticky":false,"template":"","format":"standard","meta":{"_et_pb_use_builder":"","_et_pb_old_content":""},"categories":[3],"tags":[],"yoast_head":"<!-- This site is optimized with the Yoast SEO Premium plugin v17.8 (Yoast SEO v17.8) - https:\/\/yoast.com\/wordpress\/plugins\/seo\/ -->\n<title>LEV\u00c9E IMMUNIT\u00c9 PARLEMENTAIRE DE OUSMANE SONKO - Les membres du bureau de l\u2019Assembl\u00e9e nationale convoqu\u00e9s | Nettali.com<\/title>\n<meta name=\"robots\" content=\"index, follow, max-snippet:-1, max-image-preview:large, max-video-preview:-1\" \/>\n<link rel=\"canonical\" href=\"https:\/\/www.nettali.com\/2021\/02\/09\/levee-immunite-parlementaire-de-ousmane-sonko-les-membres-du-bureau-de-lassemblee-nationale-convoques\/\" \/>\n<meta property=\"og:locale\" content=\"fr_FR\" \/>\n<meta property=\"og:type\" content=\"article\" \/>\n<meta property=\"og:title\" content=\"LEV\u00c9E IMMUNIT\u00c9 PARLEMENTAIRE DE OUSMANE SONKO - Les membres du bureau de l\u2019Assembl\u00e9e nationale convoqu\u00e9s\" \/>\n<meta property=\"og:description\" content=\"NETTALI.COM- La proc\u00e9dure de lev\u00e9e de l&#039;immunit\u00e9 parlementaire de Ousmane Sonko est enclench\u00e9e\u00a0 puisque les membres du bureau de l\u2019Assembl\u00e9e nationale convoqu\u00e9s. Accus\u00e9 de viol et menace de mort par une masseuse d\u2019un institut de beaut\u00e9, le leader de Ousmane Sonko exige la lev\u00e9e de son immunit\u00e9 parlementaire avant de d\u00e9f\u00e9rer \u00e0 la convocation de [&hellip;]\" \/>\n<meta property=\"og:url\" content=\"https:\/\/www.nettali.com\/2021\/02\/09\/levee-immunite-parlementaire-de-ousmane-sonko-les-membres-du-bureau-de-lassemblee-nationale-convoques\/\" \/>\n<meta property=\"og:site_name\" content=\"Nettali.com\" \/>\n<meta property=\"article:publisher\" content=\"https:\/\/www.facebook.com\/nettalicom\" \/>\n<meta property=\"article:published_time\" content=\"2021-02-09T15:25:59+00:00\" \/>\n<meta property=\"og:image\" content=\"https:\/\/www.nettali.com\/wp-content\/uploads\/2019\/10\/Assemblee-nationale.jpg\" \/>\n\t<meta property=\"og:image:width\" content=\"1200\" \/>\n\t<meta property=\"og:image:height\" content=\"674\" \/>\n<meta name=\"twitter:card\" content=\"summary_large_image\" \/>\n<meta name=\"twitter:label1\" content=\"\u00c9crit par\" \/>\n\t<meta name=\"twitter:data1\" content=\"Fatou\" \/>\n\t<meta name=\"twitter:label2\" content=\"Dur\u00e9e de lecture estim\u00e9e\" \/>\n\t<meta name=\"twitter:data2\" content=\"1 minute\" \/>\n<script type=\"application\/ld+json\" class=\"yoast-schema-graph\">{\"@context\":\"https:\/\/schema.org\",\"@graph\":[{\"@type\":\"WebSite\",\"@id\":\"https:\/\/www.nettali.com\/#website\",\"url\":\"https:\/\/www.nettali.com\/\",\"name\":\"Nettali.com\",\"description\":\"Le rendez-vous critique du Net\",\"potentialAction\":[{\"@type\":\"SearchAction\",\"target\":{\"@type\":\"EntryPoint\",\"urlTemplate\":\"https:\/\/www.nettali.com\/?s={search_term_string}\"},\"query-input\":\"required name=search_term_string\"}],\"inLanguage\":\"fr-FR\"},{\"@type\":\"ImageObject\",\"@id\":\"https:\/\/www.nettali.com\/2021\/02\/09\/levee-immunite-parlementaire-de-ousmane-sonko-les-membres-du-bureau-de-lassemblee-nationale-convoques\/#primaryimage\",\"inLanguage\":\"fr-FR\",\"url\":\"https:\/\/www.nettali.com\/wp-content\/uploads\/2019\/10\/Assemblee-nationale.jpg\",\"contentUrl\":\"https:\/\/www.nettali.com\/wp-content\/uploads\/2019\/10\/Assemblee-nationale.jpg\",\"width\":1200,\"height\":674},{\"@type\":\"WebPage\",\"@id\":\"https:\/\/www.nettali.com\/2021\/02\/09\/levee-immunite-parlementaire-de-ousmane-sonko-les-membres-du-bureau-de-lassemblee-nationale-convoques\/#webpage\",\"url\":\"https:\/\/www.nettali.com\/2021\/02\/09\/levee-immunite-parlementaire-de-ousmane-sonko-les-membres-du-bureau-de-lassemblee-nationale-convoques\/\",\"name\":\"LEV\\u00c9E IMMUNIT\\u00c9 PARLEMENTAIRE DE OUSMANE SONKO - Les membres du bureau de l\\u2019Assembl\\u00e9e nationale convoqu\\u00e9s | Nettali.com\",\"isPartOf\":{\"@id\":\"https:\/\/www.nettali.com\/#website\"},\"primaryImageOfPage\":{\"@id\":\"https:\/\/www.nettali.com\/2021\/02\/09\/levee-immunite-parlementaire-de-ousmane-sonko-les-membres-du-bureau-de-lassemblee-nationale-convoques\/#primaryimage\"},\"datePublished\":\"2021-02-09T15:25:59+00:00\",\"dateModified\":\"2021-02-09T15:25:59+00:00\",\"author\":{\"@id\":\"https:\/\/www.nettali.com\/#\/schema\/person\/418274a86bdf87caff7a3ef476bd0bbf\"},\"breadcrumb\":{\"@id\":\"https:\/\/www.nettali.com\/2021\/02\/09\/levee-immunite-parlementaire-de-ousmane-sonko-les-membres-du-bureau-de-lassemblee-nationale-convoques\/#breadcrumb\"},\"inLanguage\":\"fr-FR\",\"potentialAction\":[{\"@type\":\"ReadAction\",\"target\":[\"https:\/\/www.nettali.com\/2021\/02\/09\/levee-immunite-parlementaire-de-ousmane-sonko-les-membres-du-bureau-de-lassemblee-nationale-convoques\/\"]}]},{\"@type\":\"BreadcrumbList\",\"@id\":\"https:\/\/www.nettali.com\/2021\/02\/09\/levee-immunite-parlementaire-de-ousmane-sonko-les-membres-du-bureau-de-lassemblee-nationale-convoques\/#breadcrumb\",\"itemListElement\":[{\"@type\":\"ListItem\",\"position\":1,\"name\":\"Accueil\",\"item\":\"https:\/\/www.nettali.com\/\"},{\"@type\":\"ListItem\",\"position\":2,\"name\":\"LEV\\u00c9E IMMUNIT\\u00c9 PARLEMENTAIRE DE OUSMANE SONKO &#8211; Les membres du bureau de l\\u2019Assembl\\u00e9e nationale convoqu\\u00e9s\"}]},{\"@type\":\"Person\",\"@id\":\"https:\/\/www.nettali.com\/#\/schema\/person\/418274a86bdf87caff7a3ef476bd0bbf\",\"name\":\"Fatou\",\"image\":{\"@type\":\"ImageObject\",\"@id\":\"https:\/\/www.nettali.com\/#personlogo\",\"inLanguage\":\"fr-FR\",\"url\":\"https:\/\/secure.gravatar.com\/avatar\/5a9442a2bee7b4dcf167cab035858e9a?s=96&d=mm&r=g\",\"contentUrl\":\"https:\/\/secure.gravatar.com\/avatar\/5a9442a2bee7b4dcf167cab035858e9a?s=96&d=mm&r=g\",\"caption\":\"Fatou\"},\"sameAs\":[\"https:\/\/www.nettali.com\"]}]}<\/script>\n<!-- \/ Yoast SEO Premium plugin. -->","yoast_head_json":{"title":"LEV\u00c9E IMMUNIT\u00c9 PARLEMENTAIRE DE OUSMANE SONKO - Les membres du bureau de l\u2019Assembl\u00e9e nationale convoqu\u00e9s | Nettali.com","robots":{"index":"index","follow":"follow","max-snippet":"max-snippet:-1","max-image-preview":"max-image-preview:large","max-video-preview":"max-video-preview:-1"},"canonical":"https:\/\/www.nettali.com\/2021\/02\/09\/levee-immunite-parlementaire-de-ousmane-sonko-les-membres-du-bureau-de-lassemblee-nationale-convoques\/","og_locale":"fr_FR","og_type":"article","og_title":"LEV\u00c9E IMMUNIT\u00c9 PARLEMENTAIRE DE OUSMANE SONKO - Les membres du bureau de l\u2019Assembl\u00e9e nationale convoqu\u00e9s","og_description":"NETTALI.COM- La proc\u00e9dure de lev\u00e9e de l'immunit\u00e9 parlementaire de Ousmane Sonko est enclench\u00e9e\u00a0 puisque les membres du bureau de l\u2019Assembl\u00e9e nationale convoqu\u00e9s. Accus\u00e9 de viol et menace de mort par une masseuse d\u2019un institut de beaut\u00e9, le leader de Ousmane Sonko exige la lev\u00e9e de son immunit\u00e9 parlementaire avant de d\u00e9f\u00e9rer \u00e0 la convocation de [&hellip;]","og_url":"https:\/\/www.nettali.com\/2021\/02\/09\/levee-immunite-parlementaire-de-ousmane-sonko-les-membres-du-bureau-de-lassemblee-nationale-convoques\/","og_site_name":"Nettali.com","article_publisher":"https:\/\/www.facebook.com\/nettalicom","article_published_time":"2021-02-09T15:25:59+00:00","og_image":[{"width":1200,"height":674,"url":"https:\/\/www.nettali.com\/wp-content\/uploads\/2019\/10\/Assemblee-nationale.jpg","type":"image\/jpeg"}],"twitter_card":"summary_large_image","twitter_misc":{"\u00c9crit par":"Fatou","Dur\u00e9e de lecture estim\u00e9e":"1 minute"},"schema":{"@context":"https:\/\/schema.org","@graph":[{"@type":"WebSite","@id":"https:\/\/www.nettali.com\/#website","url":"https:\/\/www.nettali.com\/","name":"Nettali.com","description":"Le rendez-vous critique du Net","potentialAction":[{"@type":"SearchAction","target":{"@type":"EntryPoint","urlTemplate":"https:\/\/www.nettali.com\/?s={search_term_string}"},"query-input":"required name=search_term_string"}],"inLanguage":"fr-FR"},{"@type":"ImageObject","@id":"https:\/\/www.nettali.com\/2021\/02\/09\/levee-immunite-parlementaire-de-ousmane-sonko-les-membres-du-bureau-de-lassemblee-nationale-convoques\/#primaryimage","inLanguage":"fr-FR","url":"https:\/\/www.nettali.com\/wp-content\/uploads\/2019\/10\/Assemblee-nationale.jpg","contentUrl":"https:\/\/www.nettali.com\/wp-content\/uploads\/2019\/10\/Assemblee-nationale.jpg","width":1200,"height":674},{"@type":"WebPage","@id":"https:\/\/www.nettali.com\/2021\/02\/09\/levee-immunite-parlementaire-de-ousmane-sonko-les-membres-du-bureau-de-lassemblee-nationale-convoques\/#webpage","url":"https:\/\/www.nettali.com\/2021\/02\/09\/levee-immunite-parlementaire-de-ousmane-sonko-les-membres-du-bureau-de-lassemblee-nationale-convoques\/","name":"LEV\u00c9E IMMUNIT\u00c9 PARLEMENTAIRE DE OUSMANE SONKO - Les membres du bureau de l\u2019Assembl\u00e9e nationale convoqu\u00e9s | Nettali.com","isPartOf":{"@id":"https:\/\/www.nettali.com\/#website"},"primaryImageOfPage":{"@id":"https:\/\/www.nettali.com\/2021\/02\/09\/levee-immunite-parlementaire-de-ousmane-sonko-les-membres-du-bureau-de-lassemblee-nationale-convoques\/#primaryimage"},"datePublished":"2021-02-09T15:25:59+00:00","dateModified":"2021-02-09T15:25:59+00:00","author":{"@id":"https:\/\/www.nettali.com\/#\/schema\/person\/418274a86bdf87caff7a3ef476bd0bbf"},"breadcrumb":{"@id":"https:\/\/www.nettali.com\/2021\/02\/09\/levee-immunite-parlementaire-de-ousmane-sonko-les-membres-du-bureau-de-lassemblee-nationale-convoques\/#breadcrumb"},"inLanguage":"fr-FR","potentialAction":[{"@type":"ReadAction","target":["https:\/\/www.nettali.com\/2021\/02\/09\/levee-immunite-parlementaire-de-ousmane-sonko-les-membres-du-bureau-de-lassemblee-nationale-convoques\/"]}]},{"@type":"BreadcrumbList","@id":"https:\/\/www.nettali.com\/2021\/02\/09\/levee-immunite-parlementaire-de-ousmane-sonko-les-membres-du-bureau-de-lassemblee-nationale-convoques\/#breadcrumb","itemListElement":[{"@type":"ListItem","position":1,"name":"Accueil","item":"https:\/\/www.nettali.com\/"},{"@type":"ListItem","position":2,"name":"LEV\u00c9E IMMUNIT\u00c9 PARLEMENTAIRE DE OUSMANE SONKO &#8211; Les membres du bureau de l\u2019Assembl\u00e9e nationale convoqu\u00e9s"}]},{"@type":"Person","@id":"https:\/\/www.nettali.com\/#\/schema\/person\/418274a86bdf87caff7a3ef476bd0bbf","name":"Fatou","image":{"@type":"ImageObject","@id":"https:\/\/www.nettali.com\/#personlogo","inLanguage":"fr-FR","url":"https:\/\/secure.gravatar.com\/avatar\/5a9442a2bee7b4dcf167cab035858e9a?s=96&d=mm&r=g","contentUrl":"https:\/\/secure.gravatar.com\/avatar\/5a9442a2bee7b4dcf167cab035858e9a?s=96&d=mm&r=g","caption":"Fatou"},"sameAs":["https:\/\/www.nettali.com"]}]}},"_links":{"self":[{"href":"https:\/\/www.nettali.com\/rest\/wp\/v2\/posts\/57302"}],"collection":[{"href":"https:\/\/www.nettali.com\/rest\/wp\/v2\/posts"}],"about":[{"href":"https:\/\/www.nettali.com\/rest\/wp\/v2\/types\/post"}],"author":[{"embeddable":true,"href":"https:\/\/www.nettali.com\/rest\/wp\/v2\/users\/6"}],"replies":[{"embeddable":true,"href":"https:\/\/www.nettali.com\/rest\/wp\/v2\/comments?post=57302"}],"version-history":[{"count":2,"href":"https:\/\/www.nettali.com\/rest\/wp\/v2\/posts\/57302\/revisions"}],"predecessor-version":[{"id":57307,"href":"https:\/\/www.nettali.com\/rest\/wp\/v2\/posts\/57302\/revisions\/57307"}],"wp:featuredmedia":[{"embeddable":true,"href":"https:\/\/www.nettali.com\/rest\/wp\/v2\/media\/19208"}],"wp:attachment":[{"href":"https:\/\/www.nettali.com\/rest\/wp\/v2\/media?parent=57302"}],"wp:term":[{"taxonomy":"category","embeddable":true,"href":"https:\/\/www.nettali.com\/rest\/wp\/v2\/categories?post=57302"},{"taxonomy":"post_tag","embeddable":true,"href":"https:\/\/www.nettali.com\/rest\/wp\/v2\/tags?post=57302"}],"curies":[{"name":"wp","href":"https:\/\/api.w.org\/{rel}","templated":true}]}}