{"id":57245,"date":"2021-02-09T09:24:13","date_gmt":"2021-02-09T09:24:13","guid":{"rendered":"https:\/\/www.nettali.com\/?p=57245"},"modified":"2021-03-09T14:50:57","modified_gmt":"2021-03-09T14:50:57","slug":"idiovisuel-excroissances-dun-sweet-massage","status":"publish","type":"post","link":"https:\/\/www.nettali.com\/2021\/02\/09\/idiovisuel-excroissances-dun-sweet-massage\/","title":{"rendered":"IDIOVISUEL - Excroissances d\u2019un \u00ab sweet \u00bb massage !"},"content":{"rendered":"<p><strong>NETTALI.COM - Tout commence d\u2019un point de vue m\u00e9diatique, un certain vendredi 5 f\u00e9vrier apr\u00e8s que le journal \u00ab <em>Les Echos<\/em> \u00bb a barr\u00e9 \u00e0 sa une \u00ab <em>Ousmane Sonko, accus\u00e9 de viol et de menaces de mort<\/em> \u00bb avec des sous titres qui \u00e9voquent la fr\u00e9quence de l\u2019homme politique dans un salon de massage o\u00f9 \u00ab <em>il se pr\u00e9sente r\u00e9guli\u00e8rement en qualit\u00e9 de client\u2026 et exige toujours des faveurs sexuelles<\/em> \u00bb ; le ras bol de la masseuse d\u00e9nomm\u00e9e Adji Sarr : \u00ab <em>je n\u2019arrive plus \u00e0 vivre sous ses viols r\u00e9p\u00e9t\u00e9s. Je vis dans un stress perp\u00e9tuel et un d\u00e9go\u00fbt de mon corps<\/em> \u00bb.<\/strong><\/p>\n<p>Et le journal de nous apprendre que cette derni\u00e8re et sa patronne ont \u00e9t\u00e9 longuement auditionn\u00e9es, le jeudi 4 f\u00e9vrier \u00e0 la Section de recherches et l\u2019auteure de la plainte \u00ab<em>envoy\u00e9e chez un sp\u00e9cialiste pour des pr\u00e9l\u00e8vements<\/em> \u00bb. Et le m\u00eame quotidien de nous livrer la r\u00e9action d\u2019Ousmane Sonko qui affirme n\u2019avoir \u00e9t\u00e9 \u00ab <em>inform\u00e9 d\u2019aucune plainte, ni par voie d\u2019huissier, ni par assignation<\/em> \u00bb et encore moins \u00ab <em>par signification<\/em> \u00bb.<\/p>\n<p>Une affaire rapidement reprise par les sites d\u2019informations en ligne. C\u2019est le d\u00e9chainement sur les r\u00e9seaux sociaux. Et beaucoup d\u2019internautes pro Sonko ont vite fini de crier au complot et y sont all\u00e9s de leurs commentaires pour dire qu\u2019ils s\u2019y attendaient. Ce d\u2019autant qu\u2019ils avaient maintes et mille fois \u00e9t\u00e9 pr\u00e9venus de complots en vue.<\/p>\n<p>Une r\u00e9action qui \u00e9tait \u00e9videmment attendue, celle d\u2019Ousmane Sonko, a tr\u00e8s vite \u00e9t\u00e9 not\u00e9e sur sa page Facebook. Le pr\u00e9sident de Pastef-Les Patriotes balaie ainsi d\u2019un revers de main ce qu\u2019il qualifie de \u00ab<em> mensonges crapuleux<\/em> \u00bb tout en se pla\u00e7ant sur la posture de l\u2019homme politique pers\u00e9cut\u00e9. \u00ab <em>Apr\u00e8s les financements russes, apr\u00e8s les liens avec le Mfdc, apr\u00e8s les financements par l\u2019\u00e9tat islamique, apr\u00e8s la plainte pour diffamation portant sur les 94milliards, apr\u00e8s la plainte fantoche de Franck Timis et tutti quanti, apr\u00e8s les dizaines de millions de Tullow oil, apr\u00e8s les mallettes de Karim Wade et Yaya Diam\u00e9\u2026, voici venue l\u2019affaire des viols r\u00e9p\u00e9titifs sous la menace de deux pistolets, en pr\u00e9sence de t\u00e9moins et avec envoi pr\u00e9alable de Sms par le violeur pour annoncer son arriv\u00e9e \u00e0 sa victime<\/em> \u00bb, \u00e9crit celui-ci. Qui constate : \u00ab <em>Aucun homme politique n\u2019a jamais \u00e9t\u00e9 autant diffam\u00e9, calomni\u00e9 et pers\u00e9cut\u00e9 en si peu de temps. Et c\u2019est r\u00e9v\u00e9lateur de leurs tentatives de d\u00e9stabilisation, aussi inlassables que vaines.<\/em> \u00bb. La liste des accusations est longue, si l\u2019on en croit ses conclusions. R\u00e9action \u00e0 chaud, mais certainement avec moins de recul \u00e0 ce stade.<\/p>\n<p>Et le leader des patriotes, de montrer qu\u2019il n\u2019est pas surpris par ces accusations ainsi qu\u2019il le fait remarquer : \u00ab <em>Nous savions qu\u2019apr\u00e8s les liquidations de Khalifa Sall et Karim Wade, le nouvel attelage de Macky Sall n\u2019avait qu\u2019une mission : liquider Sonko \u00e0 tout prix avant 2024, y compris en manipulant des individus pour une besogne aussi abjecte.<\/em> \u00bb Mieux, ajoute-t-il, \u00ab <em>depuis des mois, des amis, y compris de l\u2019int\u00e9rieur, n\u2019ont cess\u00e9 de m\u2019alerter sur un complot \u00e0 venir portant sur des questions de m\u0153urs, puisque tous les autres avaient lamentablement \u00e9chou\u00e9<\/em> \u00bb.<\/p>\n<p><strong>L\u2019emballement m\u00e9diatique<\/strong><\/p>\n<p>Samedi 6 f\u00e9vrier, c\u2019est l\u2019emballement m\u00e9diatique alors que beaucoup de quotidiens se sont int\u00e9ress\u00e9s \u00e0 l\u2019affaire. Bon nombre de titres ont ainsi repris les termes du d\u00e9menti pour relever l\u2019aspect complot que Sonko a affirm\u00e9 ; l\u00e0 o\u00f9 d\u2019autres se sont int\u00e9ress\u00e9s au salon de massage, au contenu des auditions. \u00ab <em>Lib\u00e9ration<\/em> \u00bb nous a par exemple appris que les enqu\u00eateurs vont remettre une convocation au leader du Pastef ce week-end, tout en nous informant que le salon a \u00e9t\u00e9 investi. La m\u00eame convocation de Sonko est mise en avant par \u00ab <em>Les Echos<\/em> \u00bb. \u00ab <em>Vox Populi<\/em> \u00bb lui, a relat\u00e9 les t\u00e9moignages de la propri\u00e9taire du salon et nous informe qu\u2019elle a blanchi Ousmane Sonko.<\/p>\n<p>\u00ab <em>Source A<\/em> \u00bb s\u2019est quant \u00e0 lui int\u00e9ress\u00e9 au salon de massage o\u00f9 ce dernier s\u2019est rendu et nous a inform\u00e9s que \u00ab <em>les activit\u00e9s du salon \u00e9taient jusque-l\u00e0 inconnues de la plupart des riverains, avant d\u2019ajouter que les annonces ainsi que les images sur la page du salon sont d\u2019une sensualit\u00e9 explosive<\/em> \u00bb. \u00ab<em> Le Quotidien<\/em> \u00bb y est all\u00e9 de sa titraille bien astucieuse consistant \u00e0 un jeu de mots mais ironique \u00e0 la fois \u00ab <em>Les sweet d\u2019un massage<\/em> \u00bb pour ne pas dire \u00ab les suites d\u2019un massage \u00bb en r\u00e9f\u00e9rence au nom du salon, tout en mettant en sous-titre, la r\u00e9action de Sonko : \u00ab <em>apr\u00e8s Karim et Khalifa, Macky veut me liquider avant 2024<\/em> \u00bb<\/p>\n<p>Un t\u00e9moignage de la propri\u00e9taire des lieux a toutefois tent\u00e9 de disculper l'ex-inspecteur des imp\u00f4ts. Et l\u2019on peut entendre sur un audio qui a circul\u00e9, celle-ci affirmer qu\u2019 \u00ab <em>il ne peut y avoir de viol, dans la mesure o\u00f9 les deux chambres (la salle de massage et celle des parents) sont s\u00e9par\u00e9es par un mur. S\u2019il y avait viol, on aurait entendu quelque chose.<\/em> \u00bb Et la version de la dame accr\u00e9dite l\u2019id\u00e9e que Sonko passait r\u00e9guli\u00e8rement dans le salon : \u00ab <em>Sonko passait l\u00e0-bas de temps en temps, qu\u2019il n\u2019est pas du genre \u00e0 faire \u00e7a. Si elle \u00e9tait occup\u00e9e, Ousmane ne faisait pas son massage \u00e0 visage d\u00e9couvert. Il mettait toujours un turban sur son visage<\/em> \u00bb. La patronne du salon n\u2019a toutefois pas h\u00e9sit\u00e9 \u00e0 jeter le discr\u00e9dit sur son employ\u00e9e : \u00ab <em>Elle a aussi \u00e9t\u00e9 surprise au t\u00e9l\u00e9phone et quelqu\u2019un lui disait de tout faire pour le faire \u00e9jaculer. Et le jour de son d\u00e9part, elle disait au t\u00e9l\u00e9phone que c\u2019est fait. La nuit m\u00eame, deux hommes sont venus la prendre dans un v\u00e9hicule de marque 4X4 noir, en ces temps de couvre-feu<\/em> \u00bb.<\/p>\n<p>Quid des relations entre la dame et Ousmane Sonko ? Relations de confiance ou relations personnelles ? Amy Diop, tant\u00f4t Absa Diagne ou Fina Coulibaly, la patronne de \"sweet beauty spa\" qui se nomme en r\u00e9alit\u00e9 Nd\u00e8ye Khady Ndiaye et est la patronne de l\u2019institut \u201cSweet Beaut\u00e9 Spa\u201d a d'abord \u00e9t\u00e9 plac\u00e9e en garde \u00e0 vue avant d\u2019\u00eatre rel\u00e2ch\u00e9e. Il lui est reproch\u00e9 les d\u00e9lits de prox\u00e9n\u00e9tisme, d\u2019incitation \u00e0 la d\u00e9bauche et de diffusions d\u2019images contraires aux bonnes m\u0153urs.<\/p>\n<p><strong>Op\u00e9ration lavage \u00e0 grande eau et questionnements\u00a0<\/strong><\/p>\n<p>Ousmane Sonko, a-t-il subitement senti l\u2019\u00e9tau se resserrer autour de lui qu'il a senti le besoin de s'exprimer ? En tout cas, dimanche soir, c\u2019est \u00e0 un rebondissement qu\u2019on a eu droit apr\u00e8s sa r\u00e9action sur sa page facebook que l\u2019on croyait suffisante \u00e0 ce stade. Il nous a d\u2019ailleurs fait savoir qu\u2019il avait boss\u00e9 depuis le matin jusqu\u2019\u00e0 16 H avec ses conseils. Il a d\u00fb sentir un coup fourr\u00e9 avant de remettre une couche sur conseils avis\u00e9 de ses avocats certainement. L'option \u00e9tait d\u00e8s lors de se montrer plus pr\u00e9cis que sur sa page facebook o\u00f9 beaucoup n'ont pas senti un d\u00e9menti quant aux raisons\u00a0 de sa pr\u00e9sence dans ce salon de massage.<\/p>\n<p>Dans sa d\u00e9claration faite \u00e0 son domicile - largement relay\u00e9e par la presse t\u00e9l\u00e9visuelle, les sites d\u2019informations et le lendemain par l\u2019ensemble de la presse \u00e9crite \u00e0 l\u2019exception notable du quotidien \u00ab <em>Le Soleil<\/em> \u00bb - il annonc\u00e9 qu\u2019il ne d\u00e9f\u00e9rerait pas \u00e0 une convocation, le lendemain lundi 8 f\u00e9vrier, couvert qu'il est par son\u00a0 immunit\u00e9 parlementaire. Dans une sortie digne des t\u00e9nors du barreau, le leader de Pastef se livrera \u00e0 une v\u00e9ritable plaidoirie, \u00e9voquant les raisons de sa pr\u00e9sence dans ce salon qu\u2019il lie \u00e0 des raisons m\u00e9dicales. \u00ab<em> Sweet Beauty<\/em> \u00bb, un endroit qui selon lui, d\u00e9tient un agr\u00e9ment en bonne et due forme. Il informera avoir au passage m\u00eame recueilli l\u2019avis d\u2019un religieux pour savoir s\u2019il \u00e9tait permis \u00e0 un musulman de se faire masser par des femmes, d\u2019autant plus que dans ce salon, n\u2019officie aucun homme. Il pr\u00e9cisera \u00e9galement avoir exig\u00e9 \u00e0 chaque fois, la pr\u00e9sence de deux masseuses.<\/p>\n<p>Le leader de Pastef a, se basant sur les propos tenus par un proche de la dame, auparavant d\u00e9clar\u00e9 que la rondelette somme de 15 millions F Cfa a \u00e9t\u00e9 propos\u00e9e \u00e0 la propri\u00e9taire du salon pour le mouiller. Pis, accuse-t-il encore, le procureur de la R\u00e9publique a donn\u00e9 ordre aux gendarmes d\u2019enfermer la patronne de \u00ab <em>Sweet Beauty<\/em> \u00bb, \u00ab alors que son enfant est un b\u00e9b\u00e9 pr\u00e9matur\u00e9 qui ne p\u00e8se que 800 g (...) <em>Ils sont \u00e0 pr\u00eats \u00e0 tuer un b\u00e9b\u00e9 uniquement pour pousser sa m\u00e8re \u00e0 charger Ousmane Sonko. Du jamais vu en politique<\/em> \u00bb.<\/p>\n<p>Apr\u00e8s ce fut l'offensive guerri\u00e8re puisqu'il a not\u00e9 un complot foment\u00e9 par Macky Sall dans le but de le \u00ab <em>liquider<\/em> \u00bb, estimant qu'\"<em>il n\u2019a pas le courage d\u2019affronter ses adversaires \u00e0 armes \u00e9gales et ne connait que les armes non-conventionnelles<\/em>\". Ousmane Sonko ira m\u00eame plus loin, accusant le ministre de l\u2019Int\u00e9rieur et le procureur de la R\u00e9publique de tirer les ficelles. \u00ab <em>Un crime n\u2019est jamais parfait. Le voleur laisse toujours des traces<\/em> \u00bb, a-t-il, par ailleurs, soutenu. Aussi, demandera t-il \u00e0 ses militants et partisans de se mobiliser : \u00ab <em>On ne peut pas vouloir une chose et son contraire. Le changement n\u00e9cessite des sacrifices. Ce n\u2019est plus une affaire de commentaires, il faut se battre et ne pas rester sur les r\u00e9seaux sociaux. On ne doit montrer aucun signe de faiblesse<\/em> \u00bb.<\/p>\n<p>Une affaire qui tombe mal pour Ousmane Sonko, le principal opposant du moment. Et certains analystes de la presse qui excluent toute possibilit\u00e9 de viol, y sont m\u00eame all\u00e9s de leurs commentaires, relevant un manque de prudence de celui-ci pour avoir pr\u00eat\u00e9 le flanc, surtout pour un politique de son envergure et principal opposant du moment.<\/p>\n<p>Difficile en effet de croire que Sonko ait pu violer la jeune masseuse \u00e0 plusieurs reprises, dans ce lieu habit\u00e9, sans qu\u2019elle n\u2019ait eu une seule fois \u00e0 se plaindre ou \u00e0 crier. Ce que d\u2019ailleurs avance la propri\u00e9taire du salon. Dire aussi que Sonko avait deux (2) armes avec lesquelles, il l\u2019aurait menac\u00e9e, semble tout aussi invraisemblable. Et m\u00eame \u00e0 supposer que quelque chose se serait pass\u00e9 entre elle et lui, cela voudrait dire qu\u2019il y a \u00e0 ne pas en douter, consentement. Mais on ne peut nullement \u00eatre affirmatifs. La justice s'en chargera en toute ind\u00e9pendance, osons-nous croire. La jeune masseuse a, semble-t-il voulu corser l\u2019addition au point d\u2019exag\u00e9rer la menace, si tant est qu\u2019elle existe.<\/p>\n<p>Dans \"<em>Le t\u00e9moin\"<\/em> de ce mardi 9 f\u00e9vrier, Pape Ndiaye se pose la question de la moralit\u00e9 et des moeurs des hommes politiques qui aspirent \u00e0 nous diriger. Et selon lui, que cette affaire \"<em>soit une machination diabolique ou un complot politique ourdi, toujours est-il qu\u2019une personnalit\u00e9 politique comme le leader de Pastef ne doit pas se rendre nuitamment dans un salon de massage<\/em>.\" Avant de s'interroger : \"<em>A quoi \u00e7a sert la kin\u00e9sith\u00e9rapie \u00e0 domicile ?<\/em>\", puis de se lancer dans une comparaison : \" <em>en tout cas, l\u2019affaire de Sonko nous rappelle celle de l\u2019ancien patron du Fmi Dominique Strauss-Kahn dont la carri\u00e8re politique avait \u00e9t\u00e9 bris\u00e9e par une histoire de moeurs.\" Pour le journaliste, un homme politique respectable doit \u00e9viter certains milieux douteux et fr\u00e9quentations \u00e9quivoques ayant pour enseignes : \u00ab discoth\u00e8ques \u00bb, \u00ab bars \u00bb, \u00ab salons de massage \u00bb, \u00ab casinos<\/em> \u00bb etc \"<em>Rien que le fait de s\u2019\u00eatre rendu dans ce salon de massage constitue un crime\u2026social pour Sonko dans la mesure o\u00f9 bon nombre d\u2019\u00e9tablissements de ce genre sont des lieux de d\u00e9bauche. Et m\u00eame si le salon \u00ab Sweet Beaut\u00e9 Spa \u00bb \u00e9tait g\u00e9r\u00e9 par des masseurs (hommes), les d\u00e9tracteurs de Sonko auraient pu l\u2019accuser d\u2019accointances gay ! Comme quoi, il devait \u00e9viter ce genre de milieux !<\/em>\", ajoute-t-il<\/p>\n<p>Le journaliste ne manque d'ailleurs pas de citer un m\u00e9decin orthop\u00e9diste- traumatologue, selon qui, de nombreuses personnalit\u00e9s politiques, diplomatiques et autres richissimes patients qu\u2019il a eu \u00e0 traiter ou op\u00e9rer, font leurs s\u00e9ances de massages th\u00e9rapeutiques \u00e0 domicile. \u00ab <em>Ce, avec des tarifs plus ou moins abordables de 25.000 cfa par s\u00e9ance. Mieux, ce sont des kin\u00e9sith\u00e9rapeutes professionnels voire dipl\u00f4m\u00e9s d\u2019Etat qui se d\u00e9placent \u00e0 domicile pour accompagner les patients pour tout type d\u2019acte de kin\u00e9. Avec une ordonnance de votre m\u00e9decin, les actes de kin\u00e9sith\u00e9rapie \u00e0 domicile sont comme ceux qui se font dans les h\u00f4pitaux car ils prennent en charge la r\u00e9\u00e9ducation, le renforcement musculaire, la kin\u00e9sith\u00e9rapie respiratoire ou d\u2019autres types. Mieux, le massage th\u00e9rapeutique \u00e0 domicile est plus discret et moins contraignant<\/em> \u00bb explique ce m\u00e9decin sp\u00e9cialis\u00e9 en chirurgie orthop\u00e9dique et traumatologique. Juste histoire de dire qu\u2019Ousmane Sonko aurait pu b\u00e9n\u00e9ficier facilement des s\u00e9ances de massage \u00e0 domicile comme le recommandent certains m\u00e9decins.<\/p>\n<p><strong>Des affrontements, des saccages et des soutiens<\/strong><\/p>\n<p>Ce lundi 8 f\u00e9vrier, r\u00e9pondant \u00e0 l\u2019appel de leur leader, des partisans d\u2019Ousmane Sonko, d\u00e9termin\u00e9s \u00e0 le d\u00e9fendre, ont, d\u00e8s les premi\u00e8res heures de la matin\u00e9e, pris d\u2019assaut la maison de leur leader sise \u00e0 la cit\u00e9 Keur Gorgui pour dire non \u00e0 ce qu\u2019ils consid\u00e8rent comme un complot politique. Les journaux de ce mardi 9 f\u00e9vrier sont ainsi largement revenus sur cette journ\u00e9e et ont globalement \u00e9voqu\u00e9 les manifestations teint\u00e9es de violence et de saccages. Et les quotidiens sont revenus sur le saccage \"<em>des symboles de la France\"<\/em> (Auchan Sacr\u00e9 C\u0153ur dont la devanture est incendi\u00e9, \"<em>Total Khar Yallah<\/em>\", Orange... (par Walf Quotidien), les domiciles de Mahmouth Saleh et de Mamour Diallo \u00e0 Louga, des bus Dakar Dem Dikk, 2 v\u00e9hicules du Prodac \u00e0 Cit\u00e9 Keur Gorgui. Des pneus sont br\u00fbl\u00e9s sur l\u2019axe rond-point boulangerie jaune-Libert\u00e9 6. Des bless\u00e9s sont enregistr\u00e9s selon \"Source A\" dont Assane Diouf, touch\u00e9 \u00e0 la t\u00eate, un policier assomm\u00e9 par une brique.<\/p>\n<p>Les policiers pr\u00e9sents sur les lieux pour s\u00e9curiser le quartier, ont d\u00fb proc\u00e9der \u00e0 des arrestations de personnes venues apporter leur soutien au pr\u00e9sident et d\u00e9put\u00e9 de Pastef dont la proc\u00e9dure de la lev\u00e9e de l\u2019immunit\u00e9 parlementaire devrait \u00eatre enclench\u00e9e, malgr\u00e9 l\u2019opposition de Toussaint Manga qui refuse de la voter. Abdoulaye Wilane, d\u00e9put\u00e9 de la majorit\u00e9, a sur la 7 TV, sans \u00eatre tr\u00e8s explicite, d\u00e9plor\u00e9 l\u2019irruption des histoires de m\u0153urs dans la vie publique, avant d\u2019appeler \u00e0 l\u2019\u00e9l\u00e9gance dans l\u2019adversit\u00e9 politique, sans toutefois dire clairement s\u2019il votera oui ou non, la lev\u00e9e de l\u2019immunit\u00e9 parlementaire du d\u00e9put\u00e9 Sonko.<\/p>\n<p>Sur le champ de l\u2019opposition, le Front de R\u00e9sistance Nationale ( FRN) est mont\u00e9 au cr\u00e9neau pour apporter son soutien \u00e0 Ousmane Sonko. S\u2019indignant des accusations de viol port\u00e9es contre la personne de Ousmane Sonko, il a appel\u00e9 \u00e0 une mobilisation pour faire face au r\u00e9gime de Macky Sall qui, selon lui, veut r\u00e9duire l\u2019opposition \u00e0 sa plus simple expression.<\/p>\n<p>A travers un communiqu\u00e9, Aliou San\u00e9 et compagnie de \"Y'en a marre\" a mis en garde les autorit\u00e9s \u00e9tatiques contre toute instrumentalisation de notre pouvoir judiciaire \u00e0 des fins politiciennes. Guy Marius Sagna de Frapp a \u00e9galement publi\u00e9 un communiqu\u00e9 pour d\u00e9noncer \"<em>les violences physiques faites sur des citoyens venus t\u00e9moigner leurs soutiens \u00e0 leur leader...<\/em>\"<\/p>\n<p>Une affaire qui ne manque pas de cons\u00e9quences pour l\u2019un des premiers quotidiens \u00e0 avoir \u00e9voqu\u00e9 le sujet apr\u00e8s \u00ab <em>Le Quotidien<\/em> \u00bb, le journal \u00ab<em> Les Echos<\/em> \u00bb, victime d\u2019 \u00ab<em> attaques par appels t\u00e9l\u00e9phoniques<\/em> \u00bb et \u00ab <em>des posts sur les r\u00e9seaux sociaux<\/em> \u00bb, si l\u2019on en croit le Synpics qui est mont\u00e9 au cr\u00e9neau pour d\u00e9noncer ces faits. \u00ab Le Syndicat national des professionnels de l\u2019information et de la communication du S\u00e9n\u00e9gal a ainsi \u00ab <em>appel\u00e9 \u00e0 la s\u00e9r\u00e9nit\u00e9 et au sens de la responsabilit\u00e9 de tous<\/em> \u00bb et a dit suivre \u00ab <em>avec un grand int\u00e9r\u00eat les d\u00e9veloppements de cette affaire en ce qu\u2019elle semble d\u00e9sormais non pas opposer l\u2019accusatrice et l\u2019accus\u00e9e, mais constituer un pr\u00e9texte pour certains de jeter le discr\u00e9dit sur la presse s\u00e9n\u00e9galaise, par tout moyen, y compris la violence verbale et\/ ou physique<\/em> \u00bb Il convient juste de rappeler que beaucoup d\u2019internautes avec cette affaire, se sont mis \u00e0 rappeler et \u00e0 d\u00e9noncer la posture du journal \"les Echos\". Ce dernier avait en effet inform\u00e9 que le guide des Moustarchidins \u00e9tait atteint de Covid (une info qui avait co\u00efncid\u00e9 avec le saccage du journal \u00ab Les Echos \u00bb). Un fait qui, pour beaucoup relevait de la vie priv\u00e9e du marabout lorsqu'il ne consid\u00e9rait pas l'info tout simplement fausse.<\/p>\n<p>Dans tous les cas, cette affaire qu\u2019on ne peut d\u00e9connecter de la politique, n\u2019a pas encore livr\u00e9 tous ses secrets. Au-del\u00e0 des sp\u00e9culations des uns et des autres, la section de recherches d\u00e9tient certainement des informations que nous n\u2019avons pas \u00e0 notre disposition. Et l\u2019on s\u2019achemine vraisemblablement vers la lev\u00e9e de l\u2019immunit\u00e9 d\u2019Ousmane Sonko dans le courant de la semaine. Affaire donc \u00e0 suivre.<\/p>\n<div class='share-to-whatsapp-wrapper'><div class='share-on-whsp'>PARTAGER SUR : <\/div><a data-text='IDIOVISUEL - Excroissances d\u2019un \u00ab sweet \u00bb massage !' data-link='https:\/\/www.nettali.com\/2021\/02\/09\/idiovisuel-excroissances-dun-sweet-massage\/' class='whatsapp-button whatsapp-share'>WhatsApp<\/a><div class='clear '><\/div><\/div>","protected":false},"excerpt":{"rendered":"<p>NETTALI.COM - Tout commence d\u2019un point de vue m\u00e9diatique, un certain vendredi 5 f\u00e9vrier apr\u00e8s que le journal \u00ab Les Echos \u00bb a barr\u00e9 \u00e0 sa une \u00ab Ousmane Sonko, accus\u00e9 de viol et de menaces de mort \u00bb avec des sous titres qui \u00e9voquent la fr\u00e9quence de l\u2019homme politique dans un salon de massage [&hellip;]<\/p>\n","protected":false},"author":2,"featured_media":57256,"comment_status":"open","ping_status":"open","sticky":false,"template":"","format":"standard","meta":{"_et_pb_use_builder":"","_et_pb_old_content":""},"categories":[9],"tags":[],"yoast_head":"<!-- This site is optimized with the Yoast SEO Premium plugin v17.8 (Yoast SEO v17.8) - https:\/\/yoast.com\/wordpress\/plugins\/seo\/ -->\n<title>IDIOVISUEL - Excroissances d\u2019un \u00ab sweet \u00bb massage ! | Nettali.com<\/title>\n<meta name=\"robots\" content=\"index, follow, max-snippet:-1, max-image-preview:large, max-video-preview:-1\" \/>\n<link rel=\"canonical\" href=\"https:\/\/www.nettali.com\/2021\/02\/09\/idiovisuel-excroissances-dun-sweet-massage\/\" \/>\n<meta property=\"og:locale\" content=\"fr_FR\" \/>\n<meta property=\"og:type\" content=\"article\" \/>\n<meta property=\"og:title\" content=\"IDIOVISUEL - Excroissances d\u2019un \u00ab sweet \u00bb massage !\" \/>\n<meta property=\"og:description\" content=\"NETTALI.COM - Tout commence d\u2019un point de vue m\u00e9diatique, un certain vendredi 5 f\u00e9vrier apr\u00e8s que le journal \u00ab Les Echos \u00bb a barr\u00e9 \u00e0 sa une \u00ab Ousmane Sonko, accus\u00e9 de viol et de menaces de mort \u00bb avec des sous titres qui \u00e9voquent la fr\u00e9quence de l\u2019homme politique dans un salon de massage [&hellip;]\" \/>\n<meta property=\"og:url\" content=\"https:\/\/www.nettali.com\/2021\/02\/09\/idiovisuel-excroissances-dun-sweet-massage\/\" \/>\n<meta property=\"og:site_name\" content=\"Nettali.com\" \/>\n<meta property=\"article:publisher\" content=\"https:\/\/www.facebook.com\/nettalicom\" \/>\n<meta property=\"article:published_time\" content=\"2021-02-09T09:24:13+00:00\" \/>\n<meta property=\"article:modified_time\" content=\"2021-03-09T14:50:57+00:00\" \/>\n<meta property=\"og:image\" content=\"https:\/\/www.nettali.com\/wp-content\/uploads\/2021\/02\/sonko-emeutes.jpg\" \/>\n\t<meta property=\"og:image:width\" content=\"1280\" \/>\n\t<meta property=\"og:image:height\" content=\"600\" \/>\n<meta name=\"twitter:card\" content=\"summary_large_image\" \/>\n<meta name=\"twitter:label1\" content=\"\u00c9crit par\" \/>\n\t<meta name=\"twitter:data1\" content=\"CK\" \/>\n\t<meta name=\"twitter:label2\" content=\"Dur\u00e9e de lecture estim\u00e9e\" \/>\n\t<meta name=\"twitter:data2\" content=\"15 minutes\" \/>\n<script type=\"application\/ld+json\" class=\"yoast-schema-graph\">{\"@context\":\"https:\/\/schema.org\",\"@graph\":[{\"@type\":\"WebSite\",\"@id\":\"https:\/\/www.nettali.com\/#website\",\"url\":\"https:\/\/www.nettali.com\/\",\"name\":\"Nettali.com\",\"description\":\"Le rendez-vous critique du Net\",\"potentialAction\":[{\"@type\":\"SearchAction\",\"target\":{\"@type\":\"EntryPoint\",\"urlTemplate\":\"https:\/\/www.nettali.com\/?s={search_term_string}\"},\"query-input\":\"required name=search_term_string\"}],\"inLanguage\":\"fr-FR\"},{\"@type\":\"ImageObject\",\"@id\":\"https:\/\/www.nettali.com\/2021\/02\/09\/idiovisuel-excroissances-dun-sweet-massage\/#primaryimage\",\"inLanguage\":\"fr-FR\",\"url\":\"https:\/\/www.nettali.com\/wp-content\/uploads\/2021\/02\/sonko-emeutes.jpg\",\"contentUrl\":\"https:\/\/www.nettali.com\/wp-content\/uploads\/2021\/02\/sonko-emeutes.jpg\",\"width\":1280,\"height\":600},{\"@type\":\"WebPage\",\"@id\":\"https:\/\/www.nettali.com\/2021\/02\/09\/idiovisuel-excroissances-dun-sweet-massage\/#webpage\",\"url\":\"https:\/\/www.nettali.com\/2021\/02\/09\/idiovisuel-excroissances-dun-sweet-massage\/\",\"name\":\"IDIOVISUEL - Excroissances d\\u2019un \\u00ab sweet \\u00bb massage ! | Nettali.com\",\"isPartOf\":{\"@id\":\"https:\/\/www.nettali.com\/#website\"},\"primaryImageOfPage\":{\"@id\":\"https:\/\/www.nettali.com\/2021\/02\/09\/idiovisuel-excroissances-dun-sweet-massage\/#primaryimage\"},\"datePublished\":\"2021-02-09T09:24:13+00:00\",\"dateModified\":\"2021-03-09T14:50:57+00:00\",\"author\":{\"@id\":\"https:\/\/www.nettali.com\/#\/schema\/person\/d8ac7b7e27ddad43f1c0d2ef090d7f71\"},\"breadcrumb\":{\"@id\":\"https:\/\/www.nettali.com\/2021\/02\/09\/idiovisuel-excroissances-dun-sweet-massage\/#breadcrumb\"},\"inLanguage\":\"fr-FR\",\"potentialAction\":[{\"@type\":\"ReadAction\",\"target\":[\"https:\/\/www.nettali.com\/2021\/02\/09\/idiovisuel-excroissances-dun-sweet-massage\/\"]}]},{\"@type\":\"BreadcrumbList\",\"@id\":\"https:\/\/www.nettali.com\/2021\/02\/09\/idiovisuel-excroissances-dun-sweet-massage\/#breadcrumb\",\"itemListElement\":[{\"@type\":\"ListItem\",\"position\":1,\"name\":\"Accueil\",\"item\":\"https:\/\/www.nettali.com\/\"},{\"@type\":\"ListItem\",\"position\":2,\"name\":\"IDIOVISUEL &#8211; Excroissances d\\u2019un \\u00ab sweet \\u00bb massage !\"}]},{\"@type\":\"Person\",\"@id\":\"https:\/\/www.nettali.com\/#\/schema\/person\/d8ac7b7e27ddad43f1c0d2ef090d7f71\",\"name\":\"CK\",\"image\":{\"@type\":\"ImageObject\",\"@id\":\"https:\/\/www.nettali.com\/#personlogo\",\"inLanguage\":\"fr-FR\",\"url\":\"https:\/\/secure.gravatar.com\/avatar\/1d8d5118b9327d94da7cd4ce7f17fec2?s=96&d=mm&r=g\",\"contentUrl\":\"https:\/\/secure.gravatar.com\/avatar\/1d8d5118b9327d94da7cd4ce7f17fec2?s=96&d=mm&r=g\",\"caption\":\"CK\"},\"sameAs\":[\"https:\/\/www.nettali.com\"]}]}<\/script>\n<!-- \/ Yoast SEO Premium plugin. -->","yoast_head_json":{"title":"IDIOVISUEL - Excroissances d\u2019un \u00ab sweet \u00bb massage ! | Nettali.com","robots":{"index":"index","follow":"follow","max-snippet":"max-snippet:-1","max-image-preview":"max-image-preview:large","max-video-preview":"max-video-preview:-1"},"canonical":"https:\/\/www.nettali.com\/2021\/02\/09\/idiovisuel-excroissances-dun-sweet-massage\/","og_locale":"fr_FR","og_type":"article","og_title":"IDIOVISUEL - Excroissances d\u2019un \u00ab sweet \u00bb massage !","og_description":"NETTALI.COM - Tout commence d\u2019un point de vue m\u00e9diatique, un certain vendredi 5 f\u00e9vrier apr\u00e8s que le journal \u00ab Les Echos \u00bb a barr\u00e9 \u00e0 sa une \u00ab Ousmane Sonko, accus\u00e9 de viol et de menaces de mort \u00bb avec des sous titres qui \u00e9voquent la fr\u00e9quence de l\u2019homme politique dans un salon de massage [&hellip;]","og_url":"https:\/\/www.nettali.com\/2021\/02\/09\/idiovisuel-excroissances-dun-sweet-massage\/","og_site_name":"Nettali.com","article_publisher":"https:\/\/www.facebook.com\/nettalicom","article_published_time":"2021-02-09T09:24:13+00:00","article_modified_time":"2021-03-09T14:50:57+00:00","og_image":[{"width":1280,"height":600,"url":"https:\/\/www.nettali.com\/wp-content\/uploads\/2021\/02\/sonko-emeutes.jpg","type":"image\/jpeg"}],"twitter_card":"summary_large_image","twitter_misc":{"\u00c9crit par":"CK","Dur\u00e9e de lecture estim\u00e9e":"15 minutes"},"schema":{"@context":"https:\/\/schema.org","@graph":[{"@type":"WebSite","@id":"https:\/\/www.nettali.com\/#website","url":"https:\/\/www.nettali.com\/","name":"Nettali.com","description":"Le rendez-vous critique du Net","potentialAction":[{"@type":"SearchAction","target":{"@type":"EntryPoint","urlTemplate":"https:\/\/www.nettali.com\/?s={search_term_string}"},"query-input":"required name=search_term_string"}],"inLanguage":"fr-FR"},{"@type":"ImageObject","@id":"https:\/\/www.nettali.com\/2021\/02\/09\/idiovisuel-excroissances-dun-sweet-massage\/#primaryimage","inLanguage":"fr-FR","url":"https:\/\/www.nettali.com\/wp-content\/uploads\/2021\/02\/sonko-emeutes.jpg","contentUrl":"https:\/\/www.nettali.com\/wp-content\/uploads\/2021\/02\/sonko-emeutes.jpg","width":1280,"height":600},{"@type":"WebPage","@id":"https:\/\/www.nettali.com\/2021\/02\/09\/idiovisuel-excroissances-dun-sweet-massage\/#webpage","url":"https:\/\/www.nettali.com\/2021\/02\/09\/idiovisuel-excroissances-dun-sweet-massage\/","name":"IDIOVISUEL - Excroissances d\u2019un \u00ab sweet \u00bb massage ! | Nettali.com","isPartOf":{"@id":"https:\/\/www.nettali.com\/#website"},"primaryImageOfPage":{"@id":"https:\/\/www.nettali.com\/2021\/02\/09\/idiovisuel-excroissances-dun-sweet-massage\/#primaryimage"},"datePublished":"2021-02-09T09:24:13+00:00","dateModified":"2021-03-09T14:50:57+00:00","author":{"@id":"https:\/\/www.nettali.com\/#\/schema\/person\/d8ac7b7e27ddad43f1c0d2ef090d7f71"},"breadcrumb":{"@id":"https:\/\/www.nettali.com\/2021\/02\/09\/idiovisuel-excroissances-dun-sweet-massage\/#breadcrumb"},"inLanguage":"fr-FR","potentialAction":[{"@type":"ReadAction","target":["https:\/\/www.nettali.com\/2021\/02\/09\/idiovisuel-excroissances-dun-sweet-massage\/"]}]},{"@type":"BreadcrumbList","@id":"https:\/\/www.nettali.com\/2021\/02\/09\/idiovisuel-excroissances-dun-sweet-massage\/#breadcrumb","itemListElement":[{"@type":"ListItem","position":1,"name":"Accueil","item":"https:\/\/www.nettali.com\/"},{"@type":"ListItem","position":2,"name":"IDIOVISUEL &#8211; Excroissances d\u2019un \u00ab sweet \u00bb massage !"}]},{"@type":"Person","@id":"https:\/\/www.nettali.com\/#\/schema\/person\/d8ac7b7e27ddad43f1c0d2ef090d7f71","name":"CK","image":{"@type":"ImageObject","@id":"https:\/\/www.nettali.com\/#personlogo","inLanguage":"fr-FR","url":"https:\/\/secure.gravatar.com\/avatar\/1d8d5118b9327d94da7cd4ce7f17fec2?s=96&d=mm&r=g","contentUrl":"https:\/\/secure.gravatar.com\/avatar\/1d8d5118b9327d94da7cd4ce7f17fec2?s=96&d=mm&r=g","caption":"CK"},"sameAs":["https:\/\/www.nettali.com"]}]}},"_links":{"self":[{"href":"https:\/\/www.nettali.com\/rest\/wp\/v2\/posts\/57245"}],"collection":[{"href":"https:\/\/www.nettali.com\/rest\/wp\/v2\/posts"}],"about":[{"href":"https:\/\/www.nettali.com\/rest\/wp\/v2\/types\/post"}],"author":[{"embeddable":true,"href":"https:\/\/www.nettali.com\/rest\/wp\/v2\/users\/2"}],"replies":[{"embeddable":true,"href":"https:\/\/www.nettali.com\/rest\/wp\/v2\/comments?post=57245"}],"version-history":[{"count":11,"href":"https:\/\/www.nettali.com\/rest\/wp\/v2\/posts\/57245\/revisions"}],"predecessor-version":[{"id":57645,"href":"https:\/\/www.nettali.com\/rest\/wp\/v2\/posts\/57245\/revisions\/57645"}],"wp:featuredmedia":[{"embeddable":true,"href":"https:\/\/www.nettali.com\/rest\/wp\/v2\/media\/57256"}],"wp:attachment":[{"href":"https:\/\/www.nettali.com\/rest\/wp\/v2\/media?parent=57245"}],"wp:term":[{"taxonomy":"category","embeddable":true,"href":"https:\/\/www.nettali.com\/rest\/wp\/v2\/categories?post=57245"},{"taxonomy":"post_tag","embeddable":true,"href":"https:\/\/www.nettali.com\/rest\/wp\/v2\/tags?post=57245"}],"curies":[{"name":"wp","href":"https:\/\/api.w.org\/{rel}","templated":true}]}}