{"id":57157,"date":"2021-02-07T22:53:58","date_gmt":"2021-02-07T22:53:58","guid":{"rendered":"https:\/\/www.nettali.com\/?p=57157"},"modified":"2021-02-08T11:00:15","modified_gmt":"2021-02-08T11:00:15","slug":"convocation-a-la-section-de-recherches-sonko-refuse-deferer-et-menace","status":"publish","type":"post","link":"https:\/\/www.nettali.com\/2021\/02\/07\/convocation-a-la-section-de-recherches-sonko-refuse-deferer-et-menace\/","title":{"rendered":"CONVOCATION A LA SECTION DE RECHERCHES \u2013 Sonko refuse d\u00e9f\u00e9rer et menace"},"content":{"rendered":"<p><strong>NETTALI.COM \u2013 Ousmane Sonko exige la lev\u00e9e de son immunit\u00e9 parlementaire pour justifier son refus de d\u00e9f\u00e9rer, ce lundi 8 f\u00e9vrier, \u00e0 sa convocation \u00e0 la Section de recherches de la gendarmerie nationale. Le leader de Pastef, qui donnait un point de presse ce dimanche, se pronon\u00e7ait sur les accusations de viols qui p\u00e8sent sur lui. \u00a0<\/strong><\/p>\n<p>Ousmane Sonko ne compte pas d\u00e9f\u00e9rer, ce lundi 8 f\u00e9vrier\u00a0 \u00e0 sa convocation \u00e0 la Section de recherches de la gendarmerie. \u00ab <em>Je ne vais pas d\u00e9f\u00e9rer demain \u00e0 la convocation. Ce n\u2019est pas parce que je ne respecte pas la loi, mais un d\u00e9put\u00e9, on ne peut pas le convoquer tant que l\u2019on n\u2019a pas lev\u00e9 son immunit\u00e9 parlementaire. La loi est faite pour \u00eatre respect\u00e9e<\/em> \u00bb, justifie-t-il ; non sans avertir : \u00ab <em>Serigne Bassirou Gu\u00e8ye a d\u00e9j\u00e0 ordonn\u00e9 mon arrestation. S\u2019ils m\u2019arr\u00eatent de force, nous r\u00e9sisterons par tous les moyens disponibles<\/em> \u00bb.<\/p>\n<p>Ainsi, il demande \u00e0 ses militants et partisans de se mobiliser et harangue : \u00ab <em>On ne peut pas vouloir une chose et son contraire. Le changement n\u00e9cessite des sacrifices. Ce n\u2019est plus une affaire de commentaires, il faut se battre et ne pas rester sur les r\u00e9seaux sociaux. On ne doit montrer aucun signe de faiblesse<\/em> \u00bb.<\/p>\n<p>Sonko a, se basant sur les propos tenus par un proche de la dame, auparavant d\u00e9clar\u00e9 que la rondelette somme de 15 millions \u00a0F Cfa a \u00e9t\u00e9 propos\u00e9e \u00e0 la propri\u00e9taire du salon pour le mouiller. Pis, accuse-t-il encore, le procureur de la R\u00e9publique a donn\u00e9 ordre aux gendarmes d\u2019enfermer la patronne de \u00ab <em>Sweet Beauty<\/em> \u00bb, \u00ab <em>alors que son enfant est un b\u00e9b\u00e9 pr\u00e9matur\u00e9 qui ne p\u00e8se que 800 g \u00bb. \u00ab Serigne Bassirou Gueye a dit \u00e0 l\u2019avocat : je maintiens ma position<\/em>\u00a0\u00bb, rapporte-t-il ; d\u00e9plorant : \u00ab <em>Ils sont \u00e0 pr\u00eats \u00e0 tuer un b\u00e9b\u00e9 uniquement pour pousser sa m\u00e8re \u00e0 charger Ousmane Sonko. Du jamais vu en politique<\/em> \u00bb.<\/p>\n<p><strong>\u00a0<\/strong>A en croire Ousmane Sonko, ses accusateurs se sont rendus compte qu\u2019il y a des failles dans leur ligne de d\u00e9fense et ils sont en train de rectifier. Il r\u00e9v\u00e8le qu\u2019on a donn\u00e9 de l\u2019argent \u00e0 la fille pour que cette derni\u00e8re le mouille. \u00ab\u00a0Je connais les noms de certains interm\u00e9diaires par qui l\u2019argent est pass\u00e9\u00a0\u00bb, informe-t-il.<\/p>\n<div class='share-to-whatsapp-wrapper'><div class='share-on-whsp'>PARTAGER SUR : <\/div><a data-text='CONVOCATION A LA SECTION DE RECHERCHES \u2013 Sonko refuse d\u00e9f\u00e9rer et menace' data-link='https:\/\/www.nettali.com\/2021\/02\/07\/convocation-a-la-section-de-recherches-sonko-refuse-deferer-et-menace\/' class='whatsapp-button whatsapp-share'>WhatsApp<\/a><div class='clear '><\/div><\/div>","protected":false},"excerpt":{"rendered":"<p>NETTALI.COM \u2013 Ousmane Sonko exige la lev\u00e9e de son immunit\u00e9 parlementaire pour justifier son refus de d\u00e9f\u00e9rer, ce lundi 8 f\u00e9vrier, \u00e0 sa convocation \u00e0 la Section de recherches de la gendarmerie nationale. Le leader de Pastef, qui donnait un point de presse ce dimanche, se pronon\u00e7ait sur les accusations de viols qui p\u00e8sent sur [&hellip;]<\/p>\n","protected":false},"author":11,"featured_media":26889,"comment_status":"open","ping_status":"open","sticky":false,"template":"","format":"standard","meta":{"_et_pb_use_builder":"","_et_pb_old_content":""},"categories":[2],"tags":[],"yoast_head":"<!-- This site is optimized with the Yoast SEO Premium plugin v17.8 (Yoast SEO v17.8) - https:\/\/yoast.com\/wordpress\/plugins\/seo\/ -->\n<title>CONVOCATION A LA SECTION DE RECHERCHES \u2013 Sonko refuse d\u00e9f\u00e9rer et menace | Nettali.com<\/title>\n<meta name=\"robots\" content=\"index, follow, max-snippet:-1, max-image-preview:large, max-video-preview:-1\" \/>\n<link rel=\"canonical\" href=\"https:\/\/www.nettali.com\/2021\/02\/07\/convocation-a-la-section-de-recherches-sonko-refuse-deferer-et-menace\/\" \/>\n<meta property=\"og:locale\" content=\"fr_FR\" \/>\n<meta property=\"og:type\" content=\"article\" \/>\n<meta property=\"og:title\" content=\"CONVOCATION A LA SECTION DE RECHERCHES \u2013 Sonko refuse d\u00e9f\u00e9rer et menace\" \/>\n<meta property=\"og:description\" content=\"NETTALI.COM \u2013 Ousmane Sonko exige la lev\u00e9e de son immunit\u00e9 parlementaire pour justifier son refus de d\u00e9f\u00e9rer, ce lundi 8 f\u00e9vrier, \u00e0 sa convocation \u00e0 la Section de recherches de la gendarmerie nationale. Le leader de Pastef, qui donnait un point de presse ce dimanche, se pronon\u00e7ait sur les accusations de viols qui p\u00e8sent sur [&hellip;]\" \/>\n<meta property=\"og:url\" content=\"https:\/\/www.nettali.com\/2021\/02\/07\/convocation-a-la-section-de-recherches-sonko-refuse-deferer-et-menace\/\" \/>\n<meta property=\"og:site_name\" content=\"Nettali.com\" \/>\n<meta property=\"article:publisher\" content=\"https:\/\/www.facebook.com\/nettalicom\" \/>\n<meta property=\"article:published_time\" content=\"2021-02-07T22:53:58+00:00\" \/>\n<meta property=\"article:modified_time\" content=\"2021-02-08T11:00:15+00:00\" \/>\n<meta property=\"og:image\" content=\"https:\/\/www.nettali.com\/wp-content\/uploads\/2020\/01\/sonko_14_9.jpg\" \/>\n\t<meta property=\"og:image:width\" content=\"800\" \/>\n\t<meta property=\"og:image:height\" content=\"531\" \/>\n<meta name=\"twitter:card\" content=\"summary_large_image\" \/>\n<meta name=\"twitter:label1\" content=\"\u00c9crit par\" \/>\n\t<meta name=\"twitter:data1\" content=\"Thierno Diop\" \/>\n\t<meta name=\"twitter:label2\" content=\"Dur\u00e9e de lecture estim\u00e9e\" \/>\n\t<meta name=\"twitter:data2\" content=\"2 minutes\" \/>\n<script type=\"application\/ld+json\" class=\"yoast-schema-graph\">{\"@context\":\"https:\/\/schema.org\",\"@graph\":[{\"@type\":\"WebSite\",\"@id\":\"https:\/\/www.nettali.com\/#website\",\"url\":\"https:\/\/www.nettali.com\/\",\"name\":\"Nettali.com\",\"description\":\"Le rendez-vous critique du Net\",\"potentialAction\":[{\"@type\":\"SearchAction\",\"target\":{\"@type\":\"EntryPoint\",\"urlTemplate\":\"https:\/\/www.nettali.com\/?s={search_term_string}\"},\"query-input\":\"required name=search_term_string\"}],\"inLanguage\":\"fr-FR\"},{\"@type\":\"ImageObject\",\"@id\":\"https:\/\/www.nettali.com\/2021\/02\/07\/convocation-a-la-section-de-recherches-sonko-refuse-deferer-et-menace\/#primaryimage\",\"inLanguage\":\"fr-FR\",\"url\":\"https:\/\/www.nettali.com\/wp-content\/uploads\/2020\/01\/sonko_14_9.jpg\",\"contentUrl\":\"https:\/\/www.nettali.com\/wp-content\/uploads\/2020\/01\/sonko_14_9.jpg\",\"width\":800,\"height\":531},{\"@type\":\"WebPage\",\"@id\":\"https:\/\/www.nettali.com\/2021\/02\/07\/convocation-a-la-section-de-recherches-sonko-refuse-deferer-et-menace\/#webpage\",\"url\":\"https:\/\/www.nettali.com\/2021\/02\/07\/convocation-a-la-section-de-recherches-sonko-refuse-deferer-et-menace\/\",\"name\":\"CONVOCATION A LA SECTION DE RECHERCHES \\u2013 Sonko refuse d\\u00e9f\\u00e9rer et menace | Nettali.com\",\"isPartOf\":{\"@id\":\"https:\/\/www.nettali.com\/#website\"},\"primaryImageOfPage\":{\"@id\":\"https:\/\/www.nettali.com\/2021\/02\/07\/convocation-a-la-section-de-recherches-sonko-refuse-deferer-et-menace\/#primaryimage\"},\"datePublished\":\"2021-02-07T22:53:58+00:00\",\"dateModified\":\"2021-02-08T11:00:15+00:00\",\"author\":{\"@id\":\"https:\/\/www.nettali.com\/#\/schema\/person\/8a06c6bd7b19304cf4bf985862900b5b\"},\"breadcrumb\":{\"@id\":\"https:\/\/www.nettali.com\/2021\/02\/07\/convocation-a-la-section-de-recherches-sonko-refuse-deferer-et-menace\/#breadcrumb\"},\"inLanguage\":\"fr-FR\",\"potentialAction\":[{\"@type\":\"ReadAction\",\"target\":[\"https:\/\/www.nettali.com\/2021\/02\/07\/convocation-a-la-section-de-recherches-sonko-refuse-deferer-et-menace\/\"]}]},{\"@type\":\"BreadcrumbList\",\"@id\":\"https:\/\/www.nettali.com\/2021\/02\/07\/convocation-a-la-section-de-recherches-sonko-refuse-deferer-et-menace\/#breadcrumb\",\"itemListElement\":[{\"@type\":\"ListItem\",\"position\":1,\"name\":\"Accueil\",\"item\":\"https:\/\/www.nettali.com\/\"},{\"@type\":\"ListItem\",\"position\":2,\"name\":\"CONVOCATION A LA SECTION DE RECHERCHES \\u2013 Sonko refuse d\\u00e9f\\u00e9rer et menace\"}]},{\"@type\":\"Person\",\"@id\":\"https:\/\/www.nettali.com\/#\/schema\/person\/8a06c6bd7b19304cf4bf985862900b5b\",\"name\":\"Thierno Diop\",\"image\":{\"@type\":\"ImageObject\",\"@id\":\"https:\/\/www.nettali.com\/#personlogo\",\"inLanguage\":\"fr-FR\",\"url\":\"https:\/\/secure.gravatar.com\/avatar\/c8ca58550c94fd2ac856d27391a6c866?s=96&d=mm&r=g\",\"contentUrl\":\"https:\/\/secure.gravatar.com\/avatar\/c8ca58550c94fd2ac856d27391a6c866?s=96&d=mm&r=g\",\"caption\":\"Thierno Diop\"},\"sameAs\":[\"https:\/\/nettali.com\"]}]}<\/script>\n<!-- \/ Yoast SEO Premium plugin. -->","yoast_head_json":{"title":"CONVOCATION A LA SECTION DE RECHERCHES \u2013 Sonko refuse d\u00e9f\u00e9rer et menace | Nettali.com","robots":{"index":"index","follow":"follow","max-snippet":"max-snippet:-1","max-image-preview":"max-image-preview:large","max-video-preview":"max-video-preview:-1"},"canonical":"https:\/\/www.nettali.com\/2021\/02\/07\/convocation-a-la-section-de-recherches-sonko-refuse-deferer-et-menace\/","og_locale":"fr_FR","og_type":"article","og_title":"CONVOCATION A LA SECTION DE RECHERCHES \u2013 Sonko refuse d\u00e9f\u00e9rer et menace","og_description":"NETTALI.COM \u2013 Ousmane Sonko exige la lev\u00e9e de son immunit\u00e9 parlementaire pour justifier son refus de d\u00e9f\u00e9rer, ce lundi 8 f\u00e9vrier, \u00e0 sa convocation \u00e0 la Section de recherches de la gendarmerie nationale. Le leader de Pastef, qui donnait un point de presse ce dimanche, se pronon\u00e7ait sur les accusations de viols qui p\u00e8sent sur [&hellip;]","og_url":"https:\/\/www.nettali.com\/2021\/02\/07\/convocation-a-la-section-de-recherches-sonko-refuse-deferer-et-menace\/","og_site_name":"Nettali.com","article_publisher":"https:\/\/www.facebook.com\/nettalicom","article_published_time":"2021-02-07T22:53:58+00:00","article_modified_time":"2021-02-08T11:00:15+00:00","og_image":[{"width":800,"height":531,"url":"https:\/\/www.nettali.com\/wp-content\/uploads\/2020\/01\/sonko_14_9.jpg","type":"image\/jpeg"}],"twitter_card":"summary_large_image","twitter_misc":{"\u00c9crit par":"Thierno Diop","Dur\u00e9e de lecture estim\u00e9e":"2 minutes"},"schema":{"@context":"https:\/\/schema.org","@graph":[{"@type":"WebSite","@id":"https:\/\/www.nettali.com\/#website","url":"https:\/\/www.nettali.com\/","name":"Nettali.com","description":"Le rendez-vous critique du Net","potentialAction":[{"@type":"SearchAction","target":{"@type":"EntryPoint","urlTemplate":"https:\/\/www.nettali.com\/?s={search_term_string}"},"query-input":"required name=search_term_string"}],"inLanguage":"fr-FR"},{"@type":"ImageObject","@id":"https:\/\/www.nettali.com\/2021\/02\/07\/convocation-a-la-section-de-recherches-sonko-refuse-deferer-et-menace\/#primaryimage","inLanguage":"fr-FR","url":"https:\/\/www.nettali.com\/wp-content\/uploads\/2020\/01\/sonko_14_9.jpg","contentUrl":"https:\/\/www.nettali.com\/wp-content\/uploads\/2020\/01\/sonko_14_9.jpg","width":800,"height":531},{"@type":"WebPage","@id":"https:\/\/www.nettali.com\/2021\/02\/07\/convocation-a-la-section-de-recherches-sonko-refuse-deferer-et-menace\/#webpage","url":"https:\/\/www.nettali.com\/2021\/02\/07\/convocation-a-la-section-de-recherches-sonko-refuse-deferer-et-menace\/","name":"CONVOCATION A LA SECTION DE RECHERCHES \u2013 Sonko refuse d\u00e9f\u00e9rer et menace | Nettali.com","isPartOf":{"@id":"https:\/\/www.nettali.com\/#website"},"primaryImageOfPage":{"@id":"https:\/\/www.nettali.com\/2021\/02\/07\/convocation-a-la-section-de-recherches-sonko-refuse-deferer-et-menace\/#primaryimage"},"datePublished":"2021-02-07T22:53:58+00:00","dateModified":"2021-02-08T11:00:15+00:00","author":{"@id":"https:\/\/www.nettali.com\/#\/schema\/person\/8a06c6bd7b19304cf4bf985862900b5b"},"breadcrumb":{"@id":"https:\/\/www.nettali.com\/2021\/02\/07\/convocation-a-la-section-de-recherches-sonko-refuse-deferer-et-menace\/#breadcrumb"},"inLanguage":"fr-FR","potentialAction":[{"@type":"ReadAction","target":["https:\/\/www.nettali.com\/2021\/02\/07\/convocation-a-la-section-de-recherches-sonko-refuse-deferer-et-menace\/"]}]},{"@type":"BreadcrumbList","@id":"https:\/\/www.nettali.com\/2021\/02\/07\/convocation-a-la-section-de-recherches-sonko-refuse-deferer-et-menace\/#breadcrumb","itemListElement":[{"@type":"ListItem","position":1,"name":"Accueil","item":"https:\/\/www.nettali.com\/"},{"@type":"ListItem","position":2,"name":"CONVOCATION A LA SECTION DE RECHERCHES \u2013 Sonko refuse d\u00e9f\u00e9rer et menace"}]},{"@type":"Person","@id":"https:\/\/www.nettali.com\/#\/schema\/person\/8a06c6bd7b19304cf4bf985862900b5b","name":"Thierno Diop","image":{"@type":"ImageObject","@id":"https:\/\/www.nettali.com\/#personlogo","inLanguage":"fr-FR","url":"https:\/\/secure.gravatar.com\/avatar\/c8ca58550c94fd2ac856d27391a6c866?s=96&d=mm&r=g","contentUrl":"https:\/\/secure.gravatar.com\/avatar\/c8ca58550c94fd2ac856d27391a6c866?s=96&d=mm&r=g","caption":"Thierno Diop"},"sameAs":["https:\/\/nettali.com"]}]}},"_links":{"self":[{"href":"https:\/\/www.nettali.com\/rest\/wp\/v2\/posts\/57157"}],"collection":[{"href":"https:\/\/www.nettali.com\/rest\/wp\/v2\/posts"}],"about":[{"href":"https:\/\/www.nettali.com\/rest\/wp\/v2\/types\/post"}],"author":[{"embeddable":true,"href":"https:\/\/www.nettali.com\/rest\/wp\/v2\/users\/11"}],"replies":[{"embeddable":true,"href":"https:\/\/www.nettali.com\/rest\/wp\/v2\/comments?post=57157"}],"version-history":[{"count":4,"href":"https:\/\/www.nettali.com\/rest\/wp\/v2\/posts\/57157\/revisions"}],"predecessor-version":[{"id":57168,"href":"https:\/\/www.nettali.com\/rest\/wp\/v2\/posts\/57157\/revisions\/57168"}],"wp:featuredmedia":[{"embeddable":true,"href":"https:\/\/www.nettali.com\/rest\/wp\/v2\/media\/26889"}],"wp:attachment":[{"href":"https:\/\/www.nettali.com\/rest\/wp\/v2\/media?parent=57157"}],"wp:term":[{"taxonomy":"category","embeddable":true,"href":"https:\/\/www.nettali.com\/rest\/wp\/v2\/categories?post=57157"},{"taxonomy":"post_tag","embeddable":true,"href":"https:\/\/www.nettali.com\/rest\/wp\/v2\/tags?post=57157"}],"curies":[{"name":"wp","href":"https:\/\/api.w.org\/{rel}","templated":true}]}}