{"id":57120,"date":"2021-02-07T14:03:10","date_gmt":"2021-02-07T14:03:10","guid":{"rendered":"https:\/\/www.nettali.com\/?p=57120"},"modified":"2021-02-07T14:26:05","modified_gmt":"2021-02-07T14:26:05","slug":"coronavirus-cheikh-bakhoum-plaide-pour-la-reglementation-du-teletravail","status":"publish","type":"post","link":"https:\/\/www.nettali.com\/2021\/02\/07\/coronavirus-cheikh-bakhoum-plaide-pour-la-reglementation-du-teletravail\/","title":{"rendered":"CORONAVIRUS - Cheikh Bakhoum plaide pour la r\u00e9glementation du t\u00e9l\u00e9travail"},"content":{"rendered":"<p><strong>NETTALI.COM- Le t\u00e9l\u00e9travail est une bonne option mais il n\u2019est pas encadr\u00e9 au S\u00e9n\u00e9gal. C\u2019est le constat du Directeur g\u00e9n\u00e9ral de l\u2019Agence de l\u2019informatique de l\u2019Etat du S\u00e9n\u00e9gal (ADIE) qui demande\u00a0 qu'il soit r\u00e9glement\u00e9. Cheikh\u00a0 Bakhou, qui \u00e9tait l'invit\u00e9 de Jury du dimanche, assure que le Conseil des ministres qui se d\u00e9roule par visioconf\u00e9rence \u00e0 cause de la Covid-19 est s\u00e9curis\u00e9.\u00a0<\/strong><\/p>\n<p>Pour limiter la propagation du Coronavirus, plusieurs entreprises et structures de l'\u00c9tat ont opt\u00e9 pour le t\u00e9l\u00e9-travail. Ce qu'appr\u00e9cie le Directeur g\u00e9n\u00e9ral de l'Agence de l'Informatique de l'\u00c9tat (ADIE) qui d\u00e9plore que cela ne soit pas r\u00e9glement\u00e9 au S\u00e9n\u00e9gal. C'est pourquoi, Cheikh Bakhoum demande ainsi le d\u00e9veloppement de l\u2019aspect r\u00e9glementaire et l\u00e9gislatif du t\u00e9l\u00e9travail. \u00ab Il faudrait pouvoir contr\u00f4ler le travail qui est effectu\u00e9 par l\u2019agent chez lui. Ainsi, il faut un certain nombre de dispositifs pour pouvoir contr\u00f4ler r\u00e9ellement le travail. Donc, \u00e0 ce niveau, le Gouvernement est en pleine r\u00e9flexion pour encadrer cette activit\u00e9 et la mettre dans le code du travail. Il faut r\u00e9former la l\u00e9gislation du travail. Aujourd\u2019hui l\u2019Adie a l\u2019ensemble des outils pour pouvoir faire du travail \u00bb, a soutenu M. Bakhoum.<\/p>\n<p>Selon lui, le t\u00e9l\u00e9travail, au-del\u00e0 de la pand\u00e9mie, doit \u00eatre une r\u00e9alit\u00e9 dans notre pays parce que c\u2019est un gain de temps, c\u2019est beaucoup d\u2019\u00e9conomie. Etayant ses propos, il renseigne qu\u2019ils ont ouvert 10 mille sessions depuis le d\u00e9but de la pand\u00e9mie. Des sessions en ligne qui en temps normal se tiendraient dans des salles de r\u00e9unions des h\u00f4tels. En effet, pour que le t\u00e9l\u00e9travail soit effectif dans tout le pays il faut \u00e9galement une couverture de la connexion dans toutes les zones.<\/p>\n<p>Ainsi, Cheikh Bakhoum rappelle les obligations des op\u00e9rateurs qui doivent couvrir tout l\u2019espace. \u00ab Nous avons connect\u00e9 plus de 100 sites de l\u2019Etat en fibres optiques. C\u2019est une r\u00e9volution num\u00e9rique. On a \u00e0 peu pr\u00e8s 400 gigas de bande passante quasiment disponibles. Aujourd\u2019hui, on est \u00e0 un taux de couverture de 62 % relatif \u00e0 l\u2019acc\u00e8s \u00e0 internet. Nous sommes pr\u00e9sents quasiment dans les 45 d\u00e9partements. Nous allons ouvrir le r\u00e9seau aux op\u00e9rateurs \u00bb, soutient-il.<\/p>\n<p><strong>\u00ab Les conseils des ministres par visioconf\u00e9rence sont bien s\u00e9curis\u00e9s \u00bb<\/strong><\/p>\n<p>Le DG de l'ADIE s'est prononc\u00e9 sur les conseils des ministres qui se font maintenant par visioconf\u00e9rence \u00e0 cause de la pand\u00e9mie. Cheikh Bakhoum rassure que ces rencontres \u00e0 distance du Gouvernement sont bien s\u00e9curis\u00e9es. \u00ab Le conseil des ministres a \u00e9t\u00e9 la r\u00e9union la plus solennelle et c\u2019est une r\u00e9union secr\u00e8te. Donc, il fallait tout de suite imaginer un dispositif qui puisse permettre \u00e0 ce que nous puissions tenir cette rencontre au plus haut sommet de l\u2019Etat avec toute la s\u00e9curit\u00e9 qui sied. On a pris l\u2019option d\u2019avoir des outils \u00ab in house \u00bb. Le Conseil ne se passe pas sur internet. \u00c7a se passe sur l\u2019intranet administratif. Les donn\u00e9es passent sur la fibre optique qui connecte l\u2019ensemble des b\u00e2timents o\u00f9 sont pr\u00e9sents les ministres \u00bb, a expliqu\u00e9 M. Bakhoum.<\/p>\n<p>Avant d\u2019ajouter : \u00ab Nous avons mis un dispositif dans chaque structure pour pouvoir superviser tous les fils qui entrent et qui sortent dans ces b\u00e2timents. Ce, avec des dispositifs de derni\u00e8re g\u00e9n\u00e9ration, avec une qualit\u00e9 d\u2019image extraordinaire \u00bb.<\/p>\n<p>Par ailleurs, l'invit\u00e9 de I-radio a indiqu\u00e9 que l\u2019ADIE a un package qu\u2019on appelle package Covid-19 pour permettre \u00e0 chaque administration de pouvoir fonctionner sans pour autant que les agents puissent \u00eatre syst\u00e9matiquement pr\u00e9sents.<\/p>\n<p><strong>S\u00e9curisation des donn\u00e9es personnelles<\/strong><\/p>\n<p>Au-del\u00e0 des membres du gouvernement, le Directeur g\u00e9n\u00e9ral de l\u2019ADIE s'est prononc\u00e9 sur la s\u00e9curisation des donn\u00e9es personnelles d'une mani\u00e8re g\u00e9n\u00e9rale. Il a soutenu que tout Etat s\u00e9rieux doit avoir une vraie politique relative \u00e0 la gestion des donn\u00e9es. Pour que cela soit possible, dit-il, il faut de bonnes infrastructures parce que les entit\u00e9s publiques comme priv\u00e9es, ce qui les int\u00e9resse est de pouvoir h\u00e9berger leurs donn\u00e9es et d\u2019y avoir acc\u00e8s. \u00ab Il faut que ce probl\u00e8me soit r\u00e9gl\u00e9. Il faudrait qu\u2019on trouve un mod\u00e8le qui permettrait \u00e0 toutes les administrations d\u2019avoir acc\u00e8s \u00e0 leurs donn\u00e9es quand elles le veulent. Il faut une structure centrale qui g\u00e8re la gestion des donn\u00e9es. Il faut que les gens fassent confiance \u00e0 l\u2019ADIE. Les datas center que nous avons mis en place sont pour l\u2019administration et on va s\u2019ouvrir de plus en plus au secteur priv\u00e9. Nous allons bient\u00f4t inaugurer le plus grand data center du S\u00e9n\u00e9gal qui permettra de prendre en charge tous les besoins de l\u2019Etat. Avec l\u2019acc\u00e8s \u00e0 l\u2019infrastructure de ADIE on peut baisser les co\u00fbts de l\u2019internet \u00bb, a d\u00e9clar\u00e9 Cheikh Bakhoum.<\/p>\n<p>Poursuivant, il indique que la donn\u00e9e personnelle est la devise de l\u2019\u00e9conomie num\u00e9rique. C\u2019est aujourd\u2019hui un enjeu majeur d\u2019autant plus que qui maitrise les donn\u00e9es a plus de capacit\u00e9 \u00e0 anticiper, \u00e0 d\u00e9velopper des services \u00e0 valeur ajout\u00e9e qui permettent \u00e0 son pays de prendre un essor. Donc, \u00e0 son avis la gestion des donn\u00e9es doit \u00eatre une probl\u00e9matique qui doit \u00eatre g\u00e9r\u00e9e par l\u2019Etat de mani\u00e8re beaucoup plus rigoureuse pour nous permettre d\u2019avancer.<\/p>\n<p>Par rapport aux donn\u00e9es personnelles sur la sant\u00e9, ce sont des donn\u00e9es personnelles sensibles. Et ce n\u2019est pas toutes les structures qui ont le droit d\u2019h\u00e9berger des donn\u00e9es personnelles de sant\u00e9. \u00ab Les op\u00e9rateurs de t\u00e9l\u00e9phonie n\u2019ont pas le droit d\u2019h\u00e9berger des donn\u00e9es de sant\u00e9. Maintenant si le minist\u00e8re de la Sant\u00e9 leur donne un agr\u00e9ment pour pouvoir g\u00e9rer une partie de leurs activit\u00e9s comme n\u2019importe quelle entit\u00e9 priv\u00e9e, ces donn\u00e9es doivent \u00eatre h\u00e9berg\u00e9es dans les datas center de l\u2019Etat pour \u00eatre pr\u00e9serv\u00e9es \u00bb, explique-t-il.<\/p>\n<div class='share-to-whatsapp-wrapper'><div class='share-on-whsp'>PARTAGER SUR : <\/div><a data-text='CORONAVIRUS - Cheikh Bakhoum plaide pour la r\u00e9glementation du t\u00e9l\u00e9travail' data-link='https:\/\/www.nettali.com\/2021\/02\/07\/coronavirus-cheikh-bakhoum-plaide-pour-la-reglementation-du-teletravail\/' class='whatsapp-button whatsapp-share'>WhatsApp<\/a><div class='clear '><\/div><\/div>","protected":false},"excerpt":{"rendered":"<p>NETTALI.COM- Le t\u00e9l\u00e9travail est une bonne option mais il n\u2019est pas encadr\u00e9 au S\u00e9n\u00e9gal. C\u2019est le constat du Directeur g\u00e9n\u00e9ral de l\u2019Agence de l\u2019informatique de l\u2019Etat du S\u00e9n\u00e9gal (ADIE) qui demande\u00a0 qu'il soit r\u00e9glement\u00e9. Cheikh\u00a0 Bakhou, qui \u00e9tait l'invit\u00e9 de Jury du dimanche, assure que le Conseil des ministres qui se d\u00e9roule par visioconf\u00e9rence \u00e0 [&hellip;]<\/p>\n","protected":false},"author":6,"featured_media":12367,"comment_status":"open","ping_status":"open","sticky":false,"template":"","format":"standard","meta":{"_et_pb_use_builder":"","_et_pb_old_content":""},"categories":[3],"tags":[],"yoast_head":"<!-- This site is optimized with the Yoast SEO Premium plugin v17.8 (Yoast SEO v17.8) - https:\/\/yoast.com\/wordpress\/plugins\/seo\/ -->\n<title>CORONAVIRUS - Cheikh Bakhoum plaide pour la r\u00e9glementation du t\u00e9l\u00e9travail | Nettali.com<\/title>\n<meta name=\"robots\" content=\"index, follow, max-snippet:-1, max-image-preview:large, max-video-preview:-1\" \/>\n<link rel=\"canonical\" href=\"https:\/\/www.nettali.com\/2021\/02\/07\/coronavirus-cheikh-bakhoum-plaide-pour-la-reglementation-du-teletravail\/\" \/>\n<meta property=\"og:locale\" content=\"fr_FR\" \/>\n<meta property=\"og:type\" content=\"article\" \/>\n<meta property=\"og:title\" content=\"CORONAVIRUS - Cheikh Bakhoum plaide pour la r\u00e9glementation du t\u00e9l\u00e9travail\" \/>\n<meta property=\"og:description\" content=\"NETTALI.COM- Le t\u00e9l\u00e9travail est une bonne option mais il n\u2019est pas encadr\u00e9 au S\u00e9n\u00e9gal. C\u2019est le constat du Directeur g\u00e9n\u00e9ral de l\u2019Agence de l\u2019informatique de l\u2019Etat du S\u00e9n\u00e9gal (ADIE) qui demande\u00a0 qu&#039;il soit r\u00e9glement\u00e9. Cheikh\u00a0 Bakhou, qui \u00e9tait l&#039;invit\u00e9 de Jury du dimanche, assure que le Conseil des ministres qui se d\u00e9roule par visioconf\u00e9rence \u00e0 [&hellip;]\" \/>\n<meta property=\"og:url\" content=\"https:\/\/www.nettali.com\/2021\/02\/07\/coronavirus-cheikh-bakhoum-plaide-pour-la-reglementation-du-teletravail\/\" \/>\n<meta property=\"og:site_name\" content=\"Nettali.com\" \/>\n<meta property=\"article:publisher\" content=\"https:\/\/www.facebook.com\/nettalicom\" \/>\n<meta property=\"article:published_time\" content=\"2021-02-07T14:03:10+00:00\" \/>\n<meta property=\"article:modified_time\" content=\"2021-02-07T14:26:05+00:00\" \/>\n<meta property=\"og:image\" content=\"https:\/\/www.nettali.com\/wp-content\/uploads\/2019\/06\/cheikh-bakhoum-dg-adie-4.png\" \/>\n\t<meta property=\"og:image:width\" content=\"700\" \/>\n\t<meta property=\"og:image:height\" content=\"352\" \/>\n<meta name=\"twitter:card\" content=\"summary_large_image\" \/>\n<meta name=\"twitter:label1\" content=\"\u00c9crit par\" \/>\n\t<meta name=\"twitter:data1\" content=\"Fatou\" \/>\n\t<meta name=\"twitter:label2\" content=\"Dur\u00e9e de lecture estim\u00e9e\" \/>\n\t<meta name=\"twitter:data2\" content=\"5 minutes\" \/>\n<script type=\"application\/ld+json\" class=\"yoast-schema-graph\">{\"@context\":\"https:\/\/schema.org\",\"@graph\":[{\"@type\":\"WebSite\",\"@id\":\"https:\/\/www.nettali.com\/#website\",\"url\":\"https:\/\/www.nettali.com\/\",\"name\":\"Nettali.com\",\"description\":\"Le rendez-vous critique du Net\",\"potentialAction\":[{\"@type\":\"SearchAction\",\"target\":{\"@type\":\"EntryPoint\",\"urlTemplate\":\"https:\/\/www.nettali.com\/?s={search_term_string}\"},\"query-input\":\"required name=search_term_string\"}],\"inLanguage\":\"fr-FR\"},{\"@type\":\"ImageObject\",\"@id\":\"https:\/\/www.nettali.com\/2021\/02\/07\/coronavirus-cheikh-bakhoum-plaide-pour-la-reglementation-du-teletravail\/#primaryimage\",\"inLanguage\":\"fr-FR\",\"url\":\"https:\/\/www.nettali.com\/wp-content\/uploads\/2019\/06\/cheikh-bakhoum-dg-adie-4.png\",\"contentUrl\":\"https:\/\/www.nettali.com\/wp-content\/uploads\/2019\/06\/cheikh-bakhoum-dg-adie-4.png\",\"width\":700,\"height\":352},{\"@type\":\"WebPage\",\"@id\":\"https:\/\/www.nettali.com\/2021\/02\/07\/coronavirus-cheikh-bakhoum-plaide-pour-la-reglementation-du-teletravail\/#webpage\",\"url\":\"https:\/\/www.nettali.com\/2021\/02\/07\/coronavirus-cheikh-bakhoum-plaide-pour-la-reglementation-du-teletravail\/\",\"name\":\"CORONAVIRUS - Cheikh Bakhoum plaide pour la r\\u00e9glementation du t\\u00e9l\\u00e9travail | Nettali.com\",\"isPartOf\":{\"@id\":\"https:\/\/www.nettali.com\/#website\"},\"primaryImageOfPage\":{\"@id\":\"https:\/\/www.nettali.com\/2021\/02\/07\/coronavirus-cheikh-bakhoum-plaide-pour-la-reglementation-du-teletravail\/#primaryimage\"},\"datePublished\":\"2021-02-07T14:03:10+00:00\",\"dateModified\":\"2021-02-07T14:26:05+00:00\",\"author\":{\"@id\":\"https:\/\/www.nettali.com\/#\/schema\/person\/418274a86bdf87caff7a3ef476bd0bbf\"},\"breadcrumb\":{\"@id\":\"https:\/\/www.nettali.com\/2021\/02\/07\/coronavirus-cheikh-bakhoum-plaide-pour-la-reglementation-du-teletravail\/#breadcrumb\"},\"inLanguage\":\"fr-FR\",\"potentialAction\":[{\"@type\":\"ReadAction\",\"target\":[\"https:\/\/www.nettali.com\/2021\/02\/07\/coronavirus-cheikh-bakhoum-plaide-pour-la-reglementation-du-teletravail\/\"]}]},{\"@type\":\"BreadcrumbList\",\"@id\":\"https:\/\/www.nettali.com\/2021\/02\/07\/coronavirus-cheikh-bakhoum-plaide-pour-la-reglementation-du-teletravail\/#breadcrumb\",\"itemListElement\":[{\"@type\":\"ListItem\",\"position\":1,\"name\":\"Accueil\",\"item\":\"https:\/\/www.nettali.com\/\"},{\"@type\":\"ListItem\",\"position\":2,\"name\":\"CORONAVIRUS &#8211; Cheikh Bakhoum plaide pour la r\\u00e9glementation du t\\u00e9l\\u00e9travail\"}]},{\"@type\":\"Person\",\"@id\":\"https:\/\/www.nettali.com\/#\/schema\/person\/418274a86bdf87caff7a3ef476bd0bbf\",\"name\":\"Fatou\",\"image\":{\"@type\":\"ImageObject\",\"@id\":\"https:\/\/www.nettali.com\/#personlogo\",\"inLanguage\":\"fr-FR\",\"url\":\"https:\/\/secure.gravatar.com\/avatar\/5a9442a2bee7b4dcf167cab035858e9a?s=96&d=mm&r=g\",\"contentUrl\":\"https:\/\/secure.gravatar.com\/avatar\/5a9442a2bee7b4dcf167cab035858e9a?s=96&d=mm&r=g\",\"caption\":\"Fatou\"},\"sameAs\":[\"https:\/\/www.nettali.com\"]}]}<\/script>\n<!-- \/ Yoast SEO Premium plugin. -->","yoast_head_json":{"title":"CORONAVIRUS - Cheikh Bakhoum plaide pour la r\u00e9glementation du t\u00e9l\u00e9travail | Nettali.com","robots":{"index":"index","follow":"follow","max-snippet":"max-snippet:-1","max-image-preview":"max-image-preview:large","max-video-preview":"max-video-preview:-1"},"canonical":"https:\/\/www.nettali.com\/2021\/02\/07\/coronavirus-cheikh-bakhoum-plaide-pour-la-reglementation-du-teletravail\/","og_locale":"fr_FR","og_type":"article","og_title":"CORONAVIRUS - Cheikh Bakhoum plaide pour la r\u00e9glementation du t\u00e9l\u00e9travail","og_description":"NETTALI.COM- Le t\u00e9l\u00e9travail est une bonne option mais il n\u2019est pas encadr\u00e9 au S\u00e9n\u00e9gal. C\u2019est le constat du Directeur g\u00e9n\u00e9ral de l\u2019Agence de l\u2019informatique de l\u2019Etat du S\u00e9n\u00e9gal (ADIE) qui demande\u00a0 qu'il soit r\u00e9glement\u00e9. Cheikh\u00a0 Bakhou, qui \u00e9tait l'invit\u00e9 de Jury du dimanche, assure que le Conseil des ministres qui se d\u00e9roule par visioconf\u00e9rence \u00e0 [&hellip;]","og_url":"https:\/\/www.nettali.com\/2021\/02\/07\/coronavirus-cheikh-bakhoum-plaide-pour-la-reglementation-du-teletravail\/","og_site_name":"Nettali.com","article_publisher":"https:\/\/www.facebook.com\/nettalicom","article_published_time":"2021-02-07T14:03:10+00:00","article_modified_time":"2021-02-07T14:26:05+00:00","og_image":[{"width":700,"height":352,"url":"https:\/\/www.nettali.com\/wp-content\/uploads\/2019\/06\/cheikh-bakhoum-dg-adie-4.png","type":"image\/png"}],"twitter_card":"summary_large_image","twitter_misc":{"\u00c9crit par":"Fatou","Dur\u00e9e de lecture estim\u00e9e":"5 minutes"},"schema":{"@context":"https:\/\/schema.org","@graph":[{"@type":"WebSite","@id":"https:\/\/www.nettali.com\/#website","url":"https:\/\/www.nettali.com\/","name":"Nettali.com","description":"Le rendez-vous critique du Net","potentialAction":[{"@type":"SearchAction","target":{"@type":"EntryPoint","urlTemplate":"https:\/\/www.nettali.com\/?s={search_term_string}"},"query-input":"required name=search_term_string"}],"inLanguage":"fr-FR"},{"@type":"ImageObject","@id":"https:\/\/www.nettali.com\/2021\/02\/07\/coronavirus-cheikh-bakhoum-plaide-pour-la-reglementation-du-teletravail\/#primaryimage","inLanguage":"fr-FR","url":"https:\/\/www.nettali.com\/wp-content\/uploads\/2019\/06\/cheikh-bakhoum-dg-adie-4.png","contentUrl":"https:\/\/www.nettali.com\/wp-content\/uploads\/2019\/06\/cheikh-bakhoum-dg-adie-4.png","width":700,"height":352},{"@type":"WebPage","@id":"https:\/\/www.nettali.com\/2021\/02\/07\/coronavirus-cheikh-bakhoum-plaide-pour-la-reglementation-du-teletravail\/#webpage","url":"https:\/\/www.nettali.com\/2021\/02\/07\/coronavirus-cheikh-bakhoum-plaide-pour-la-reglementation-du-teletravail\/","name":"CORONAVIRUS - Cheikh Bakhoum plaide pour la r\u00e9glementation du t\u00e9l\u00e9travail | Nettali.com","isPartOf":{"@id":"https:\/\/www.nettali.com\/#website"},"primaryImageOfPage":{"@id":"https:\/\/www.nettali.com\/2021\/02\/07\/coronavirus-cheikh-bakhoum-plaide-pour-la-reglementation-du-teletravail\/#primaryimage"},"datePublished":"2021-02-07T14:03:10+00:00","dateModified":"2021-02-07T14:26:05+00:00","author":{"@id":"https:\/\/www.nettali.com\/#\/schema\/person\/418274a86bdf87caff7a3ef476bd0bbf"},"breadcrumb":{"@id":"https:\/\/www.nettali.com\/2021\/02\/07\/coronavirus-cheikh-bakhoum-plaide-pour-la-reglementation-du-teletravail\/#breadcrumb"},"inLanguage":"fr-FR","potentialAction":[{"@type":"ReadAction","target":["https:\/\/www.nettali.com\/2021\/02\/07\/coronavirus-cheikh-bakhoum-plaide-pour-la-reglementation-du-teletravail\/"]}]},{"@type":"BreadcrumbList","@id":"https:\/\/www.nettali.com\/2021\/02\/07\/coronavirus-cheikh-bakhoum-plaide-pour-la-reglementation-du-teletravail\/#breadcrumb","itemListElement":[{"@type":"ListItem","position":1,"name":"Accueil","item":"https:\/\/www.nettali.com\/"},{"@type":"ListItem","position":2,"name":"CORONAVIRUS &#8211; Cheikh Bakhoum plaide pour la r\u00e9glementation du t\u00e9l\u00e9travail"}]},{"@type":"Person","@id":"https:\/\/www.nettali.com\/#\/schema\/person\/418274a86bdf87caff7a3ef476bd0bbf","name":"Fatou","image":{"@type":"ImageObject","@id":"https:\/\/www.nettali.com\/#personlogo","inLanguage":"fr-FR","url":"https:\/\/secure.gravatar.com\/avatar\/5a9442a2bee7b4dcf167cab035858e9a?s=96&d=mm&r=g","contentUrl":"https:\/\/secure.gravatar.com\/avatar\/5a9442a2bee7b4dcf167cab035858e9a?s=96&d=mm&r=g","caption":"Fatou"},"sameAs":["https:\/\/www.nettali.com"]}]}},"_links":{"self":[{"href":"https:\/\/www.nettali.com\/rest\/wp\/v2\/posts\/57120"}],"collection":[{"href":"https:\/\/www.nettali.com\/rest\/wp\/v2\/posts"}],"about":[{"href":"https:\/\/www.nettali.com\/rest\/wp\/v2\/types\/post"}],"author":[{"embeddable":true,"href":"https:\/\/www.nettali.com\/rest\/wp\/v2\/users\/6"}],"replies":[{"embeddable":true,"href":"https:\/\/www.nettali.com\/rest\/wp\/v2\/comments?post=57120"}],"version-history":[{"count":4,"href":"https:\/\/www.nettali.com\/rest\/wp\/v2\/posts\/57120\/revisions"}],"predecessor-version":[{"id":57128,"href":"https:\/\/www.nettali.com\/rest\/wp\/v2\/posts\/57120\/revisions\/57128"}],"wp:featuredmedia":[{"embeddable":true,"href":"https:\/\/www.nettali.com\/rest\/wp\/v2\/media\/12367"}],"wp:attachment":[{"href":"https:\/\/www.nettali.com\/rest\/wp\/v2\/media?parent=57120"}],"wp:term":[{"taxonomy":"category","embeddable":true,"href":"https:\/\/www.nettali.com\/rest\/wp\/v2\/categories?post=57120"},{"taxonomy":"post_tag","embeddable":true,"href":"https:\/\/www.nettali.com\/rest\/wp\/v2\/tags?post=57120"}],"curies":[{"name":"wp","href":"https:\/\/api.w.org\/{rel}","templated":true}]}}