{"id":57118,"date":"2021-02-07T13:27:00","date_gmt":"2021-02-07T13:27:00","guid":{"rendered":"https:\/\/www.nettali.com\/?p=57118"},"modified":"2021-02-07T22:55:06","modified_gmt":"2021-02-07T22:55:06","slug":"affaire-ousmane-sonko-cheikh-bakhoum-refute-la-these-du-complot-brandi-par-le-leader-de-pastef","status":"publish","type":"post","link":"https:\/\/www.nettali.com\/2021\/02\/07\/affaire-ousmane-sonko-cheikh-bakhoum-refute-la-these-du-complot-brandi-par-le-leader-de-pastef\/","title":{"rendered":"AFFAIRE OUSMANE SONKO- Cheikh Bakhoum r\u00e9fute la th\u00e8se du complot brandie par le leader de Pastef"},"content":{"rendered":"<p><strong>NETTALI.COM- M\u00eame\u00a0 s'il a laiss\u00e9 entendre qu'il n'a pas de commentaire \u00e0 faire sur l'affaire Ousmane Sonko, le Directeur de l'Agence de l'informatique de l'\u00c9tat\u00a0 n'est pas convaincu par la th\u00e8se du complot brandie par le pr\u00e9sident de Pastef. Pour Cheikh Bakhoum, c'est juste un acte de d\u00e9fense.<\/strong><\/p>\n<p>Cheikh Bakhoum, Directeur g\u00e9n\u00e9ral de l\u2019Agence de l\u2019informatique de l\u2019Etat du S\u00e9n\u00e9gal (ADIE) \u00e9tait, ce dimanche, l\u2019invit\u00e9 du Jury du dimanche Interpell\u00e9 sur les accusations de viols r\u00e9p\u00e9titifs port\u00e9es contre la personne du leader du Pastef, Ousmane Sonko, il\u00a0 n\u2019a pas voulu \u00e9piloguer outre mesure sur cette affaire de m\u0153urs qui d\u00e9fraie la chronique et qui n\u2019a pas r\u00e9v\u00e9l\u00e9 tous ses secrets. \u00ab Je n\u2019ai aucun commentaire \u00e0 faire par rapport \u00e0 ces faits-l\u00e0. Je les ai d\u00e9couverts comme tous les S\u00e9n\u00e9galais \u00e0 travers la presse. Je consid\u00e8re que c\u2019est une affaire priv\u00e9e et j\u2019esp\u00e8re que la justice sera dite \u00bb, a-t-il soutenu.<\/p>\n<p>A la question de savoir pourquoi Ousmane Sonko indexe-t-il le pouvoir comme \u00e9tant l\u2019instigateur de cette affaire, il r\u00e9torque : \u00ab C\u2019est un axe de d\u00e9fense \u00bb.<\/p>\n<p>En outre, il a fait savoir qu\u2019il a re\u00e7u aucune consigne \u00e9manant du chef de l\u2019Etat qui leur interdit de se prononcer sur le sujet. Il pr\u00e9cise vouloir \u00eatre neutre parce que \u00ab c\u2019est une affaire qui concerne deux personnes priv\u00e9es \u00bb.<\/p>\n<div class='share-to-whatsapp-wrapper'><div class='share-on-whsp'>PARTAGER SUR : <\/div><a data-text='AFFAIRE OUSMANE SONKO- Cheikh Bakhoum r\u00e9fute la th\u00e8se du complot brandie par le leader de Pastef' data-link='https:\/\/www.nettali.com\/2021\/02\/07\/affaire-ousmane-sonko-cheikh-bakhoum-refute-la-these-du-complot-brandi-par-le-leader-de-pastef\/' class='whatsapp-button whatsapp-share'>WhatsApp<\/a><div class='clear '><\/div><\/div>","protected":false},"excerpt":{"rendered":"<p>NETTALI.COM- M\u00eame\u00a0 s'il a laiss\u00e9 entendre qu'il n'a pas de commentaire \u00e0 faire sur l'affaire Ousmane Sonko, le Directeur de l'Agence de l'informatique de l'\u00c9tat\u00a0 n'est pas convaincu par la th\u00e8se du complot brandie par le pr\u00e9sident de Pastef. Pour Cheikh Bakhoum, c'est juste un acte de d\u00e9fense. Cheikh Bakhoum, Directeur g\u00e9n\u00e9ral de l\u2019Agence de [&hellip;]<\/p>\n","protected":false},"author":6,"featured_media":12367,"comment_status":"open","ping_status":"open","sticky":false,"template":"","format":"standard","meta":{"_et_pb_use_builder":"","_et_pb_old_content":""},"categories":[3],"tags":[],"yoast_head":"<!-- This site is optimized with the Yoast SEO Premium plugin v17.8 (Yoast SEO v17.8) - https:\/\/yoast.com\/wordpress\/plugins\/seo\/ -->\n<title>AFFAIRE OUSMANE SONKO- Cheikh Bakhoum r\u00e9fute la th\u00e8se du complot brandie par le leader de Pastef | Nettali.com<\/title>\n<meta name=\"robots\" content=\"index, follow, max-snippet:-1, max-image-preview:large, max-video-preview:-1\" \/>\n<link rel=\"canonical\" href=\"https:\/\/www.nettali.com\/2021\/02\/07\/affaire-ousmane-sonko-cheikh-bakhoum-refute-la-these-du-complot-brandi-par-le-leader-de-pastef\/\" \/>\n<meta property=\"og:locale\" content=\"fr_FR\" \/>\n<meta property=\"og:type\" content=\"article\" \/>\n<meta property=\"og:title\" content=\"AFFAIRE OUSMANE SONKO- Cheikh Bakhoum r\u00e9fute la th\u00e8se du complot brandie par le leader de Pastef\" \/>\n<meta property=\"og:description\" content=\"NETTALI.COM- M\u00eame\u00a0 s&#039;il a laiss\u00e9 entendre qu&#039;il n&#039;a pas de commentaire \u00e0 faire sur l&#039;affaire Ousmane Sonko, le Directeur de l&#039;Agence de l&#039;informatique de l&#039;\u00c9tat\u00a0 n&#039;est pas convaincu par la th\u00e8se du complot brandie par le pr\u00e9sident de Pastef. Pour Cheikh Bakhoum, c&#039;est juste un acte de d\u00e9fense. Cheikh Bakhoum, Directeur g\u00e9n\u00e9ral de l\u2019Agence de [&hellip;]\" \/>\n<meta property=\"og:url\" content=\"https:\/\/www.nettali.com\/2021\/02\/07\/affaire-ousmane-sonko-cheikh-bakhoum-refute-la-these-du-complot-brandi-par-le-leader-de-pastef\/\" \/>\n<meta property=\"og:site_name\" content=\"Nettali.com\" \/>\n<meta property=\"article:publisher\" content=\"https:\/\/www.facebook.com\/nettalicom\" \/>\n<meta property=\"article:published_time\" content=\"2021-02-07T13:27:00+00:00\" \/>\n<meta property=\"article:modified_time\" content=\"2021-02-07T22:55:06+00:00\" \/>\n<meta property=\"og:image\" content=\"https:\/\/www.nettali.com\/wp-content\/uploads\/2019\/06\/cheikh-bakhoum-dg-adie-4.png\" \/>\n\t<meta property=\"og:image:width\" content=\"700\" \/>\n\t<meta property=\"og:image:height\" content=\"352\" \/>\n<meta name=\"twitter:card\" content=\"summary_large_image\" \/>\n<meta name=\"twitter:label1\" content=\"\u00c9crit par\" \/>\n\t<meta name=\"twitter:data1\" content=\"Fatou\" \/>\n\t<meta name=\"twitter:label2\" content=\"Dur\u00e9e de lecture estim\u00e9e\" \/>\n\t<meta name=\"twitter:data2\" content=\"1 minute\" \/>\n<script type=\"application\/ld+json\" class=\"yoast-schema-graph\">{\"@context\":\"https:\/\/schema.org\",\"@graph\":[{\"@type\":\"WebSite\",\"@id\":\"https:\/\/www.nettali.com\/#website\",\"url\":\"https:\/\/www.nettali.com\/\",\"name\":\"Nettali.com\",\"description\":\"Le rendez-vous critique du Net\",\"potentialAction\":[{\"@type\":\"SearchAction\",\"target\":{\"@type\":\"EntryPoint\",\"urlTemplate\":\"https:\/\/www.nettali.com\/?s={search_term_string}\"},\"query-input\":\"required name=search_term_string\"}],\"inLanguage\":\"fr-FR\"},{\"@type\":\"ImageObject\",\"@id\":\"https:\/\/www.nettali.com\/2021\/02\/07\/affaire-ousmane-sonko-cheikh-bakhoum-refute-la-these-du-complot-brandi-par-le-leader-de-pastef\/#primaryimage\",\"inLanguage\":\"fr-FR\",\"url\":\"https:\/\/www.nettali.com\/wp-content\/uploads\/2019\/06\/cheikh-bakhoum-dg-adie-4.png\",\"contentUrl\":\"https:\/\/www.nettali.com\/wp-content\/uploads\/2019\/06\/cheikh-bakhoum-dg-adie-4.png\",\"width\":700,\"height\":352},{\"@type\":\"WebPage\",\"@id\":\"https:\/\/www.nettali.com\/2021\/02\/07\/affaire-ousmane-sonko-cheikh-bakhoum-refute-la-these-du-complot-brandi-par-le-leader-de-pastef\/#webpage\",\"url\":\"https:\/\/www.nettali.com\/2021\/02\/07\/affaire-ousmane-sonko-cheikh-bakhoum-refute-la-these-du-complot-brandi-par-le-leader-de-pastef\/\",\"name\":\"AFFAIRE OUSMANE SONKO- Cheikh Bakhoum r\\u00e9fute la th\\u00e8se du complot brandie par le leader de Pastef | Nettali.com\",\"isPartOf\":{\"@id\":\"https:\/\/www.nettali.com\/#website\"},\"primaryImageOfPage\":{\"@id\":\"https:\/\/www.nettali.com\/2021\/02\/07\/affaire-ousmane-sonko-cheikh-bakhoum-refute-la-these-du-complot-brandi-par-le-leader-de-pastef\/#primaryimage\"},\"datePublished\":\"2021-02-07T13:27:00+00:00\",\"dateModified\":\"2021-02-07T22:55:06+00:00\",\"author\":{\"@id\":\"https:\/\/www.nettali.com\/#\/schema\/person\/418274a86bdf87caff7a3ef476bd0bbf\"},\"breadcrumb\":{\"@id\":\"https:\/\/www.nettali.com\/2021\/02\/07\/affaire-ousmane-sonko-cheikh-bakhoum-refute-la-these-du-complot-brandi-par-le-leader-de-pastef\/#breadcrumb\"},\"inLanguage\":\"fr-FR\",\"potentialAction\":[{\"@type\":\"ReadAction\",\"target\":[\"https:\/\/www.nettali.com\/2021\/02\/07\/affaire-ousmane-sonko-cheikh-bakhoum-refute-la-these-du-complot-brandi-par-le-leader-de-pastef\/\"]}]},{\"@type\":\"BreadcrumbList\",\"@id\":\"https:\/\/www.nettali.com\/2021\/02\/07\/affaire-ousmane-sonko-cheikh-bakhoum-refute-la-these-du-complot-brandi-par-le-leader-de-pastef\/#breadcrumb\",\"itemListElement\":[{\"@type\":\"ListItem\",\"position\":1,\"name\":\"Accueil\",\"item\":\"https:\/\/www.nettali.com\/\"},{\"@type\":\"ListItem\",\"position\":2,\"name\":\"AFFAIRE OUSMANE SONKO- Cheikh Bakhoum r\\u00e9fute la th\\u00e8se du complot brandie par le leader de Pastef\"}]},{\"@type\":\"Person\",\"@id\":\"https:\/\/www.nettali.com\/#\/schema\/person\/418274a86bdf87caff7a3ef476bd0bbf\",\"name\":\"Fatou\",\"image\":{\"@type\":\"ImageObject\",\"@id\":\"https:\/\/www.nettali.com\/#personlogo\",\"inLanguage\":\"fr-FR\",\"url\":\"https:\/\/secure.gravatar.com\/avatar\/5a9442a2bee7b4dcf167cab035858e9a?s=96&d=mm&r=g\",\"contentUrl\":\"https:\/\/secure.gravatar.com\/avatar\/5a9442a2bee7b4dcf167cab035858e9a?s=96&d=mm&r=g\",\"caption\":\"Fatou\"},\"sameAs\":[\"https:\/\/www.nettali.com\"]}]}<\/script>\n<!-- \/ Yoast SEO Premium plugin. -->","yoast_head_json":{"title":"AFFAIRE OUSMANE SONKO- Cheikh Bakhoum r\u00e9fute la th\u00e8se du complot brandie par le leader de Pastef | Nettali.com","robots":{"index":"index","follow":"follow","max-snippet":"max-snippet:-1","max-image-preview":"max-image-preview:large","max-video-preview":"max-video-preview:-1"},"canonical":"https:\/\/www.nettali.com\/2021\/02\/07\/affaire-ousmane-sonko-cheikh-bakhoum-refute-la-these-du-complot-brandi-par-le-leader-de-pastef\/","og_locale":"fr_FR","og_type":"article","og_title":"AFFAIRE OUSMANE SONKO- Cheikh Bakhoum r\u00e9fute la th\u00e8se du complot brandie par le leader de Pastef","og_description":"NETTALI.COM- M\u00eame\u00a0 s'il a laiss\u00e9 entendre qu'il n'a pas de commentaire \u00e0 faire sur l'affaire Ousmane Sonko, le Directeur de l'Agence de l'informatique de l'\u00c9tat\u00a0 n'est pas convaincu par la th\u00e8se du complot brandie par le pr\u00e9sident de Pastef. Pour Cheikh Bakhoum, c'est juste un acte de d\u00e9fense. Cheikh Bakhoum, Directeur g\u00e9n\u00e9ral de l\u2019Agence de [&hellip;]","og_url":"https:\/\/www.nettali.com\/2021\/02\/07\/affaire-ousmane-sonko-cheikh-bakhoum-refute-la-these-du-complot-brandi-par-le-leader-de-pastef\/","og_site_name":"Nettali.com","article_publisher":"https:\/\/www.facebook.com\/nettalicom","article_published_time":"2021-02-07T13:27:00+00:00","article_modified_time":"2021-02-07T22:55:06+00:00","og_image":[{"width":700,"height":352,"url":"https:\/\/www.nettali.com\/wp-content\/uploads\/2019\/06\/cheikh-bakhoum-dg-adie-4.png","type":"image\/png"}],"twitter_card":"summary_large_image","twitter_misc":{"\u00c9crit par":"Fatou","Dur\u00e9e de lecture estim\u00e9e":"1 minute"},"schema":{"@context":"https:\/\/schema.org","@graph":[{"@type":"WebSite","@id":"https:\/\/www.nettali.com\/#website","url":"https:\/\/www.nettali.com\/","name":"Nettali.com","description":"Le rendez-vous critique du Net","potentialAction":[{"@type":"SearchAction","target":{"@type":"EntryPoint","urlTemplate":"https:\/\/www.nettali.com\/?s={search_term_string}"},"query-input":"required name=search_term_string"}],"inLanguage":"fr-FR"},{"@type":"ImageObject","@id":"https:\/\/www.nettali.com\/2021\/02\/07\/affaire-ousmane-sonko-cheikh-bakhoum-refute-la-these-du-complot-brandi-par-le-leader-de-pastef\/#primaryimage","inLanguage":"fr-FR","url":"https:\/\/www.nettali.com\/wp-content\/uploads\/2019\/06\/cheikh-bakhoum-dg-adie-4.png","contentUrl":"https:\/\/www.nettali.com\/wp-content\/uploads\/2019\/06\/cheikh-bakhoum-dg-adie-4.png","width":700,"height":352},{"@type":"WebPage","@id":"https:\/\/www.nettali.com\/2021\/02\/07\/affaire-ousmane-sonko-cheikh-bakhoum-refute-la-these-du-complot-brandi-par-le-leader-de-pastef\/#webpage","url":"https:\/\/www.nettali.com\/2021\/02\/07\/affaire-ousmane-sonko-cheikh-bakhoum-refute-la-these-du-complot-brandi-par-le-leader-de-pastef\/","name":"AFFAIRE OUSMANE SONKO- Cheikh Bakhoum r\u00e9fute la th\u00e8se du complot brandie par le leader de Pastef | Nettali.com","isPartOf":{"@id":"https:\/\/www.nettali.com\/#website"},"primaryImageOfPage":{"@id":"https:\/\/www.nettali.com\/2021\/02\/07\/affaire-ousmane-sonko-cheikh-bakhoum-refute-la-these-du-complot-brandi-par-le-leader-de-pastef\/#primaryimage"},"datePublished":"2021-02-07T13:27:00+00:00","dateModified":"2021-02-07T22:55:06+00:00","author":{"@id":"https:\/\/www.nettali.com\/#\/schema\/person\/418274a86bdf87caff7a3ef476bd0bbf"},"breadcrumb":{"@id":"https:\/\/www.nettali.com\/2021\/02\/07\/affaire-ousmane-sonko-cheikh-bakhoum-refute-la-these-du-complot-brandi-par-le-leader-de-pastef\/#breadcrumb"},"inLanguage":"fr-FR","potentialAction":[{"@type":"ReadAction","target":["https:\/\/www.nettali.com\/2021\/02\/07\/affaire-ousmane-sonko-cheikh-bakhoum-refute-la-these-du-complot-brandi-par-le-leader-de-pastef\/"]}]},{"@type":"BreadcrumbList","@id":"https:\/\/www.nettali.com\/2021\/02\/07\/affaire-ousmane-sonko-cheikh-bakhoum-refute-la-these-du-complot-brandi-par-le-leader-de-pastef\/#breadcrumb","itemListElement":[{"@type":"ListItem","position":1,"name":"Accueil","item":"https:\/\/www.nettali.com\/"},{"@type":"ListItem","position":2,"name":"AFFAIRE OUSMANE SONKO- Cheikh Bakhoum r\u00e9fute la th\u00e8se du complot brandie par le leader de Pastef"}]},{"@type":"Person","@id":"https:\/\/www.nettali.com\/#\/schema\/person\/418274a86bdf87caff7a3ef476bd0bbf","name":"Fatou","image":{"@type":"ImageObject","@id":"https:\/\/www.nettali.com\/#personlogo","inLanguage":"fr-FR","url":"https:\/\/secure.gravatar.com\/avatar\/5a9442a2bee7b4dcf167cab035858e9a?s=96&d=mm&r=g","contentUrl":"https:\/\/secure.gravatar.com\/avatar\/5a9442a2bee7b4dcf167cab035858e9a?s=96&d=mm&r=g","caption":"Fatou"},"sameAs":["https:\/\/www.nettali.com"]}]}},"_links":{"self":[{"href":"https:\/\/www.nettali.com\/rest\/wp\/v2\/posts\/57118"}],"collection":[{"href":"https:\/\/www.nettali.com\/rest\/wp\/v2\/posts"}],"about":[{"href":"https:\/\/www.nettali.com\/rest\/wp\/v2\/types\/post"}],"author":[{"embeddable":true,"href":"https:\/\/www.nettali.com\/rest\/wp\/v2\/users\/6"}],"replies":[{"embeddable":true,"href":"https:\/\/www.nettali.com\/rest\/wp\/v2\/comments?post=57118"}],"version-history":[{"count":4,"href":"https:\/\/www.nettali.com\/rest\/wp\/v2\/posts\/57118\/revisions"}],"predecessor-version":[{"id":57159,"href":"https:\/\/www.nettali.com\/rest\/wp\/v2\/posts\/57118\/revisions\/57159"}],"wp:featuredmedia":[{"embeddable":true,"href":"https:\/\/www.nettali.com\/rest\/wp\/v2\/media\/12367"}],"wp:attachment":[{"href":"https:\/\/www.nettali.com\/rest\/wp\/v2\/media?parent=57118"}],"wp:term":[{"taxonomy":"category","embeddable":true,"href":"https:\/\/www.nettali.com\/rest\/wp\/v2\/categories?post=57118"},{"taxonomy":"post_tag","embeddable":true,"href":"https:\/\/www.nettali.com\/rest\/wp\/v2\/tags?post=57118"}],"curies":[{"name":"wp","href":"https:\/\/api.w.org\/{rel}","templated":true}]}}