{"id":57102,"date":"2021-02-06T20:31:17","date_gmt":"2021-02-06T20:31:17","guid":{"rendered":"https:\/\/www.nettali.com\/?p=57102"},"modified":"2021-02-06T21:12:55","modified_gmt":"2021-02-06T21:12:55","slug":"securite-alimentaire-les-productrices-de-riz-des-regions-de-kolda-et-sedhiou-impactees-par-le-covid-19","status":"publish","type":"post","link":"https:\/\/www.nettali.com\/2021\/02\/06\/securite-alimentaire-les-productrices-de-riz-des-regions-de-kolda-et-sedhiou-impactees-par-le-covid-19\/","title":{"rendered":"S\u00c9CURIT\u00c9 ALIMENTAIRE - Les productrices de riz des r\u00e9gions de Kolda et S\u00e9dhiou impact\u00e9es par le Covid-19"},"content":{"rendered":"<p><strong>NETTALI.COM - La pand\u00e9mie de covid-19 a aggrav\u00e9 l\u2019ins\u00e9curit\u00e9 alimentaire et la situation \u00e9conomique des m\u00e9nages qui sont d\u00e9j\u00e0 parmi les plus vuln\u00e9rables au S\u00e9n\u00e9gal dans les r\u00e9gions de Kolda et S\u00e9dhiou. C\u2019est ce que r\u00e9v\u00e8le une enqu\u00eate men\u00e9e aupr\u00e8s des productrices de riz desdites localit\u00e9s de la Casamance.\u00a0<\/strong><\/p>\n<p>Le projet Papsen Assistance technique et recherche pour le d\u00e9veloppement (Ppat&amp;Rd), en collaboration avec les programmes Papsen Pais, a men\u00e9 une enqu\u00eate aupr\u00e8s de 1.339 productrices de riz des r\u00e9gions de S\u00e9dhiou et de Kolda o\u00f9 la riziculture, une activit\u00e9 cruciale pour la subsistance des m\u00e9nages, est essentiellement port\u00e9e par les femmes qui sont parmi les cat\u00e9gories les plus vuln\u00e9rables au S\u00e9n\u00e9gal. Et, il ressort des r\u00e9sultats de cette enqu\u00eate men\u00e9e entre octobre et novembre 2020 que \" <em>la pand\u00e9mie a largement contribu\u00e9 \u00e0 la d\u00e9t\u00e9rioration de la s\u00e9curit\u00e9 alimentaire d\u00e9j\u00e0 menac\u00e9e par la mauvaise campagne agricole de l\u2019ann\u00e9e 2019<\/em>\", mentionne un communiqu\u00e9 parvenu \u00e0 notre r\u00e9daction.<\/p>\n<p>L\u2019enqu\u00eate de r\u00e9v\u00e9ler que \"<em>la majeure partie des m\u00e9nages a saut\u00e9 un repas<\/em>\". Pire, \" certains d\u00e9clarent rester d\u00e8s fois une journ\u00e9e sans manger, tandis que d\u2019autres ont \u00e9t\u00e9 contraints de r\u00e9duire la quantit\u00e9 \u00e0 manger\", explique la source. Face au manque de nourriture, \" <em>les rizicultrices ont d\u00fb recourir \u00e0 leurs stocks alimentaires (64%) ou \u00e0 leurs \u00e9pargnes (47%). D\u2019autres, par contre, ont vendu une partie de leur b\u00e9tail (45%) ou chang\u00e9 leurs habitudes alimentaires en achetant des aliments moins chers (38%)<\/em>\", souligne l\u2019enqu\u00eate.<\/p>\n<p>L\u2019\u00e9tude de mentionner que la riziculture a \u00e9t\u00e9 une importante strat\u00e9gie de r\u00e9silience en cette p\u00e9riode cruciale. Pour les productrices, cette activit\u00e9 est un v\u00e9ritable moyen de subsistance et de r\u00e9silience. Elle est per\u00e7ue comme le premier secteur d\u2019investissement pour la prochaine ann\u00e9e. Ce qui fait que malgr\u00e9 les difficult\u00e9s \u00e9conomiques, \" <em>56% des productrices ont choisi d\u2019investir dans la production de riz en augmentant le nombre des parcelles cultiv\u00e9es<\/em>\".<\/p>\n<p>Et cela a \u00e9t\u00e9 possible gr\u00e2ce \" <em>\u00e0 l\u2019augmentation de la main d\u2019\u0153uvre due \u00e0 la perte d\u2019emplois des membres de leurs m\u00e9nages qui sont tourn\u00e9s vers la riziculture<\/em>\". Les r\u00e9sultats de cette enqu\u00eate ont \u00e9galement montr\u00e9 que, malgr\u00e9 l\u2019enclavement et l\u2019acc\u00e8s limit\u00e9 aux informations de la plupart de ces m\u00e9nages, \" <em>la quasi-totalit\u00e9 des productrices de riz connait la covid19 et se d\u00e9clare beaucoup pr\u00e9occup\u00e9e par la pand\u00e9mie qui les a touch\u00e9es dans les domaines \u00e9conomiques, alimentaires et sanitaires<\/em> \".<br \/>\nAfin d\u2019\u00e9viter la diffusion de la maladie, \"<em>84% des productrices ont adopt\u00e9 au moins une barri\u00e8re comme l\u2019utilisation des masques, du d\u00e9sinfectant ou la distanciation physique<\/em>\", nous apprend l\u2019enqu\u00eate.<\/p>\n<div class='share-to-whatsapp-wrapper'><div class='share-on-whsp'>PARTAGER SUR : <\/div><a data-text='S\u00c9CURIT\u00c9 ALIMENTAIRE - Les productrices de riz des r\u00e9gions de Kolda et S\u00e9dhiou impact\u00e9es par le Covid-19' data-link='https:\/\/www.nettali.com\/2021\/02\/06\/securite-alimentaire-les-productrices-de-riz-des-regions-de-kolda-et-sedhiou-impactees-par-le-covid-19\/' class='whatsapp-button whatsapp-share'>WhatsApp<\/a><div class='clear '><\/div><\/div>","protected":false},"excerpt":{"rendered":"<p>NETTALI.COM - La pand\u00e9mie de covid-19 a aggrav\u00e9 l\u2019ins\u00e9curit\u00e9 alimentaire et la situation \u00e9conomique des m\u00e9nages qui sont d\u00e9j\u00e0 parmi les plus vuln\u00e9rables au S\u00e9n\u00e9gal dans les r\u00e9gions de Kolda et S\u00e9dhiou. C\u2019est ce que r\u00e9v\u00e8le une enqu\u00eate men\u00e9e aupr\u00e8s des productrices de riz desdites localit\u00e9s de la Casamance.\u00a0 Le projet Papsen Assistance technique et [&hellip;]<\/p>\n","protected":false},"author":5,"featured_media":57103,"comment_status":"open","ping_status":"open","sticky":false,"template":"","format":"standard","meta":{"_et_pb_use_builder":"","_et_pb_old_content":""},"categories":[3],"tags":[],"yoast_head":"<!-- This site is optimized with the Yoast SEO Premium plugin v17.8 (Yoast SEO v17.8) - https:\/\/yoast.com\/wordpress\/plugins\/seo\/ -->\n<title>S\u00c9CURIT\u00c9 ALIMENTAIRE - Les productrices de riz des r\u00e9gions de Kolda et S\u00e9dhiou impact\u00e9es par le Covid-19 | Nettali.com<\/title>\n<meta name=\"robots\" content=\"index, follow, max-snippet:-1, max-image-preview:large, max-video-preview:-1\" \/>\n<link rel=\"canonical\" href=\"https:\/\/www.nettali.com\/2021\/02\/06\/securite-alimentaire-les-productrices-de-riz-des-regions-de-kolda-et-sedhiou-impactees-par-le-covid-19\/\" \/>\n<meta property=\"og:locale\" content=\"fr_FR\" \/>\n<meta property=\"og:type\" content=\"article\" \/>\n<meta property=\"og:title\" content=\"S\u00c9CURIT\u00c9 ALIMENTAIRE - Les productrices de riz des r\u00e9gions de Kolda et S\u00e9dhiou impact\u00e9es par le Covid-19\" \/>\n<meta property=\"og:description\" content=\"NETTALI.COM - La pand\u00e9mie de covid-19 a aggrav\u00e9 l\u2019ins\u00e9curit\u00e9 alimentaire et la situation \u00e9conomique des m\u00e9nages qui sont d\u00e9j\u00e0 parmi les plus vuln\u00e9rables au S\u00e9n\u00e9gal dans les r\u00e9gions de Kolda et S\u00e9dhiou. C\u2019est ce que r\u00e9v\u00e8le une enqu\u00eate men\u00e9e aupr\u00e8s des productrices de riz desdites localit\u00e9s de la Casamance.\u00a0 Le projet Papsen Assistance technique et [&hellip;]\" \/>\n<meta property=\"og:url\" content=\"https:\/\/www.nettali.com\/2021\/02\/06\/securite-alimentaire-les-productrices-de-riz-des-regions-de-kolda-et-sedhiou-impactees-par-le-covid-19\/\" \/>\n<meta property=\"og:site_name\" content=\"Nettali.com\" \/>\n<meta property=\"article:publisher\" content=\"https:\/\/www.facebook.com\/nettalicom\" \/>\n<meta property=\"article:published_time\" content=\"2021-02-06T20:31:17+00:00\" \/>\n<meta property=\"article:modified_time\" content=\"2021-02-06T21:12:55+00:00\" \/>\n<meta property=\"og:image\" content=\"https:\/\/www.nettali.com\/wp-content\/uploads\/2021\/02\/unnamed-1-1.jpg\" \/>\n\t<meta property=\"og:image:width\" content=\"512\" \/>\n\t<meta property=\"og:image:height\" content=\"312\" \/>\n<meta name=\"twitter:card\" content=\"summary_large_image\" \/>\n<meta name=\"twitter:label1\" content=\"\u00c9crit par\" \/>\n\t<meta name=\"twitter:data1\" content=\"Ibrahima\" \/>\n\t<meta name=\"twitter:label2\" content=\"Dur\u00e9e de lecture estim\u00e9e\" \/>\n\t<meta name=\"twitter:data2\" content=\"2 minutes\" \/>\n<script type=\"application\/ld+json\" class=\"yoast-schema-graph\">{\"@context\":\"https:\/\/schema.org\",\"@graph\":[{\"@type\":\"WebSite\",\"@id\":\"https:\/\/www.nettali.com\/#website\",\"url\":\"https:\/\/www.nettali.com\/\",\"name\":\"Nettali.com\",\"description\":\"Le rendez-vous critique du Net\",\"potentialAction\":[{\"@type\":\"SearchAction\",\"target\":{\"@type\":\"EntryPoint\",\"urlTemplate\":\"https:\/\/www.nettali.com\/?s={search_term_string}\"},\"query-input\":\"required name=search_term_string\"}],\"inLanguage\":\"fr-FR\"},{\"@type\":\"ImageObject\",\"@id\":\"https:\/\/www.nettali.com\/2021\/02\/06\/securite-alimentaire-les-productrices-de-riz-des-regions-de-kolda-et-sedhiou-impactees-par-le-covid-19\/#primaryimage\",\"inLanguage\":\"fr-FR\",\"url\":\"https:\/\/www.nettali.com\/wp-content\/uploads\/2021\/02\/unnamed-1-1.jpg\",\"contentUrl\":\"https:\/\/www.nettali.com\/wp-content\/uploads\/2021\/02\/unnamed-1-1.jpg\",\"width\":512,\"height\":312},{\"@type\":\"WebPage\",\"@id\":\"https:\/\/www.nettali.com\/2021\/02\/06\/securite-alimentaire-les-productrices-de-riz-des-regions-de-kolda-et-sedhiou-impactees-par-le-covid-19\/#webpage\",\"url\":\"https:\/\/www.nettali.com\/2021\/02\/06\/securite-alimentaire-les-productrices-de-riz-des-regions-de-kolda-et-sedhiou-impactees-par-le-covid-19\/\",\"name\":\"S\\u00c9CURIT\\u00c9 ALIMENTAIRE - Les productrices de riz des r\\u00e9gions de Kolda et S\\u00e9dhiou impact\\u00e9es par le Covid-19 | Nettali.com\",\"isPartOf\":{\"@id\":\"https:\/\/www.nettali.com\/#website\"},\"primaryImageOfPage\":{\"@id\":\"https:\/\/www.nettali.com\/2021\/02\/06\/securite-alimentaire-les-productrices-de-riz-des-regions-de-kolda-et-sedhiou-impactees-par-le-covid-19\/#primaryimage\"},\"datePublished\":\"2021-02-06T20:31:17+00:00\",\"dateModified\":\"2021-02-06T21:12:55+00:00\",\"author\":{\"@id\":\"https:\/\/www.nettali.com\/#\/schema\/person\/bb147657c2986240405a608162b9bb23\"},\"breadcrumb\":{\"@id\":\"https:\/\/www.nettali.com\/2021\/02\/06\/securite-alimentaire-les-productrices-de-riz-des-regions-de-kolda-et-sedhiou-impactees-par-le-covid-19\/#breadcrumb\"},\"inLanguage\":\"fr-FR\",\"potentialAction\":[{\"@type\":\"ReadAction\",\"target\":[\"https:\/\/www.nettali.com\/2021\/02\/06\/securite-alimentaire-les-productrices-de-riz-des-regions-de-kolda-et-sedhiou-impactees-par-le-covid-19\/\"]}]},{\"@type\":\"BreadcrumbList\",\"@id\":\"https:\/\/www.nettali.com\/2021\/02\/06\/securite-alimentaire-les-productrices-de-riz-des-regions-de-kolda-et-sedhiou-impactees-par-le-covid-19\/#breadcrumb\",\"itemListElement\":[{\"@type\":\"ListItem\",\"position\":1,\"name\":\"Accueil\",\"item\":\"https:\/\/www.nettali.com\/\"},{\"@type\":\"ListItem\",\"position\":2,\"name\":\"S\\u00c9CURIT\\u00c9 ALIMENTAIRE &#8211; Les productrices de riz des r\\u00e9gions de Kolda et S\\u00e9dhiou impact\\u00e9es par le Covid-19\"}]},{\"@type\":\"Person\",\"@id\":\"https:\/\/www.nettali.com\/#\/schema\/person\/bb147657c2986240405a608162b9bb23\",\"name\":\"Ibrahima\",\"image\":{\"@type\":\"ImageObject\",\"@id\":\"https:\/\/www.nettali.com\/#personlogo\",\"inLanguage\":\"fr-FR\",\"url\":\"https:\/\/secure.gravatar.com\/avatar\/26a8a81f09f0dd7624c9d5c36c9ba3a2?s=96&d=mm&r=g\",\"contentUrl\":\"https:\/\/secure.gravatar.com\/avatar\/26a8a81f09f0dd7624c9d5c36c9ba3a2?s=96&d=mm&r=g\",\"caption\":\"Ibrahima\"},\"sameAs\":[\"https:\/\/www.nettali.com\"]}]}<\/script>\n<!-- \/ Yoast SEO Premium plugin. -->","yoast_head_json":{"title":"S\u00c9CURIT\u00c9 ALIMENTAIRE - Les productrices de riz des r\u00e9gions de Kolda et S\u00e9dhiou impact\u00e9es par le Covid-19 | Nettali.com","robots":{"index":"index","follow":"follow","max-snippet":"max-snippet:-1","max-image-preview":"max-image-preview:large","max-video-preview":"max-video-preview:-1"},"canonical":"https:\/\/www.nettali.com\/2021\/02\/06\/securite-alimentaire-les-productrices-de-riz-des-regions-de-kolda-et-sedhiou-impactees-par-le-covid-19\/","og_locale":"fr_FR","og_type":"article","og_title":"S\u00c9CURIT\u00c9 ALIMENTAIRE - Les productrices de riz des r\u00e9gions de Kolda et S\u00e9dhiou impact\u00e9es par le Covid-19","og_description":"NETTALI.COM - La pand\u00e9mie de covid-19 a aggrav\u00e9 l\u2019ins\u00e9curit\u00e9 alimentaire et la situation \u00e9conomique des m\u00e9nages qui sont d\u00e9j\u00e0 parmi les plus vuln\u00e9rables au S\u00e9n\u00e9gal dans les r\u00e9gions de Kolda et S\u00e9dhiou. C\u2019est ce que r\u00e9v\u00e8le une enqu\u00eate men\u00e9e aupr\u00e8s des productrices de riz desdites localit\u00e9s de la Casamance.\u00a0 Le projet Papsen Assistance technique et [&hellip;]","og_url":"https:\/\/www.nettali.com\/2021\/02\/06\/securite-alimentaire-les-productrices-de-riz-des-regions-de-kolda-et-sedhiou-impactees-par-le-covid-19\/","og_site_name":"Nettali.com","article_publisher":"https:\/\/www.facebook.com\/nettalicom","article_published_time":"2021-02-06T20:31:17+00:00","article_modified_time":"2021-02-06T21:12:55+00:00","og_image":[{"width":512,"height":312,"url":"https:\/\/www.nettali.com\/wp-content\/uploads\/2021\/02\/unnamed-1-1.jpg","type":"image\/jpeg"}],"twitter_card":"summary_large_image","twitter_misc":{"\u00c9crit par":"Ibrahima","Dur\u00e9e de lecture estim\u00e9e":"2 minutes"},"schema":{"@context":"https:\/\/schema.org","@graph":[{"@type":"WebSite","@id":"https:\/\/www.nettali.com\/#website","url":"https:\/\/www.nettali.com\/","name":"Nettali.com","description":"Le rendez-vous critique du Net","potentialAction":[{"@type":"SearchAction","target":{"@type":"EntryPoint","urlTemplate":"https:\/\/www.nettali.com\/?s={search_term_string}"},"query-input":"required name=search_term_string"}],"inLanguage":"fr-FR"},{"@type":"ImageObject","@id":"https:\/\/www.nettali.com\/2021\/02\/06\/securite-alimentaire-les-productrices-de-riz-des-regions-de-kolda-et-sedhiou-impactees-par-le-covid-19\/#primaryimage","inLanguage":"fr-FR","url":"https:\/\/www.nettali.com\/wp-content\/uploads\/2021\/02\/unnamed-1-1.jpg","contentUrl":"https:\/\/www.nettali.com\/wp-content\/uploads\/2021\/02\/unnamed-1-1.jpg","width":512,"height":312},{"@type":"WebPage","@id":"https:\/\/www.nettali.com\/2021\/02\/06\/securite-alimentaire-les-productrices-de-riz-des-regions-de-kolda-et-sedhiou-impactees-par-le-covid-19\/#webpage","url":"https:\/\/www.nettali.com\/2021\/02\/06\/securite-alimentaire-les-productrices-de-riz-des-regions-de-kolda-et-sedhiou-impactees-par-le-covid-19\/","name":"S\u00c9CURIT\u00c9 ALIMENTAIRE - Les productrices de riz des r\u00e9gions de Kolda et S\u00e9dhiou impact\u00e9es par le Covid-19 | Nettali.com","isPartOf":{"@id":"https:\/\/www.nettali.com\/#website"},"primaryImageOfPage":{"@id":"https:\/\/www.nettali.com\/2021\/02\/06\/securite-alimentaire-les-productrices-de-riz-des-regions-de-kolda-et-sedhiou-impactees-par-le-covid-19\/#primaryimage"},"datePublished":"2021-02-06T20:31:17+00:00","dateModified":"2021-02-06T21:12:55+00:00","author":{"@id":"https:\/\/www.nettali.com\/#\/schema\/person\/bb147657c2986240405a608162b9bb23"},"breadcrumb":{"@id":"https:\/\/www.nettali.com\/2021\/02\/06\/securite-alimentaire-les-productrices-de-riz-des-regions-de-kolda-et-sedhiou-impactees-par-le-covid-19\/#breadcrumb"},"inLanguage":"fr-FR","potentialAction":[{"@type":"ReadAction","target":["https:\/\/www.nettali.com\/2021\/02\/06\/securite-alimentaire-les-productrices-de-riz-des-regions-de-kolda-et-sedhiou-impactees-par-le-covid-19\/"]}]},{"@type":"BreadcrumbList","@id":"https:\/\/www.nettali.com\/2021\/02\/06\/securite-alimentaire-les-productrices-de-riz-des-regions-de-kolda-et-sedhiou-impactees-par-le-covid-19\/#breadcrumb","itemListElement":[{"@type":"ListItem","position":1,"name":"Accueil","item":"https:\/\/www.nettali.com\/"},{"@type":"ListItem","position":2,"name":"S\u00c9CURIT\u00c9 ALIMENTAIRE &#8211; Les productrices de riz des r\u00e9gions de Kolda et S\u00e9dhiou impact\u00e9es par le Covid-19"}]},{"@type":"Person","@id":"https:\/\/www.nettali.com\/#\/schema\/person\/bb147657c2986240405a608162b9bb23","name":"Ibrahima","image":{"@type":"ImageObject","@id":"https:\/\/www.nettali.com\/#personlogo","inLanguage":"fr-FR","url":"https:\/\/secure.gravatar.com\/avatar\/26a8a81f09f0dd7624c9d5c36c9ba3a2?s=96&d=mm&r=g","contentUrl":"https:\/\/secure.gravatar.com\/avatar\/26a8a81f09f0dd7624c9d5c36c9ba3a2?s=96&d=mm&r=g","caption":"Ibrahima"},"sameAs":["https:\/\/www.nettali.com"]}]}},"_links":{"self":[{"href":"https:\/\/www.nettali.com\/rest\/wp\/v2\/posts\/57102"}],"collection":[{"href":"https:\/\/www.nettali.com\/rest\/wp\/v2\/posts"}],"about":[{"href":"https:\/\/www.nettali.com\/rest\/wp\/v2\/types\/post"}],"author":[{"embeddable":true,"href":"https:\/\/www.nettali.com\/rest\/wp\/v2\/users\/5"}],"replies":[{"embeddable":true,"href":"https:\/\/www.nettali.com\/rest\/wp\/v2\/comments?post=57102"}],"version-history":[{"count":4,"href":"https:\/\/www.nettali.com\/rest\/wp\/v2\/posts\/57102\/revisions"}],"predecessor-version":[{"id":57107,"href":"https:\/\/www.nettali.com\/rest\/wp\/v2\/posts\/57102\/revisions\/57107"}],"wp:featuredmedia":[{"embeddable":true,"href":"https:\/\/www.nettali.com\/rest\/wp\/v2\/media\/57103"}],"wp:attachment":[{"href":"https:\/\/www.nettali.com\/rest\/wp\/v2\/media?parent=57102"}],"wp:term":[{"taxonomy":"category","embeddable":true,"href":"https:\/\/www.nettali.com\/rest\/wp\/v2\/categories?post=57102"},{"taxonomy":"post_tag","embeddable":true,"href":"https:\/\/www.nettali.com\/rest\/wp\/v2\/tags?post=57102"}],"curies":[{"name":"wp","href":"https:\/\/api.w.org\/{rel}","templated":true}]}}