{"id":57036,"date":"2021-02-05T16:40:05","date_gmt":"2021-02-05T16:40:05","guid":{"rendered":"https:\/\/www.nettali.com\/?p=57036"},"modified":"2021-03-09T14:50:57","modified_gmt":"2021-03-09T14:50:57","slug":"accusations-de-viol-la-reaction-de-sonko","status":"publish","type":"post","link":"https:\/\/www.nettali.com\/2021\/02\/05\/accusations-de-viol-la-reaction-de-sonko\/","title":{"rendered":"ACCUSATIONS DE VIOL \u2013 La r\u00e9action de Sonko"},"content":{"rendered":"<p><strong>NETTALI.COM \u2013 Ousmane Sonko accus\u00e9 de viols r\u00e9p\u00e9titifs par une jeune dame. C\u2019est qu\u2019\u00e9crit le quotidien \"Les Echos\" dans son \u00e9dition de ce vendredi. Mais le leader de Pastef-Les Patriotes rassure ses militants, amis et sympathisants qu\u2019il n\u2019a rien \u00e0 voir avec \"<em>ces mensonges crapuleux<\/em>\".<\/strong><\/p>\n<p>C\u2019est sur sa page Facebook que le pr\u00e9sident de Pastef-Les Patriotes vient de r\u00e9agir \u00e0 l\u2019article du journal \"Les Echos\" faisant \u00e9tat d\u2019une plainte d\u00e9pos\u00e9e contre sa personne pour \"<em>viols r\u00e9p\u00e9titifs<\/em>\" et \"<em>menaces de morts<\/em>\". Et c\u2019est pour balayer d\u2019un revers de main tous \"<em>ces mensonges crapuleux<\/em>\".<\/p>\n<p>\"<em>Apr\u00e8s les \u2018financements russes\u2019, apr\u00e8s les \u2018liens avec le Mfdc\u2019, apr\u00e8s les \u2018financements par l'\u00e9tat islamique\u2019, apr\u00e8s la plainte pour \u2018diffamation\u2019 portant sur les 94milliards, apr\u00e8s la plainte fantoche de Franck Timis et tutti quanti, apr\u00e8s les \u2018dizaines de millions de Tullow oil\u2019, \u2018apr\u00e8s les mallettes de Karim Wade et Yaya Diam\u00e9\u2026, voici venue l'affaire des viols \u2018r\u00e9p\u00e9titifs\u2019 sous la menace de deux pistolets, en pr\u00e9sence de t\u00e9moins et avec envoi pr\u00e9alable de Sms par le violeur pour annoncer son arriv\u00e9e \u00e0 sa victime<\/em>\", \u00e9crit Ousmane Sonko. Qui constate : \"<em>Aucun homme politique n'a jamais \u00e9t\u00e9 autant diffam\u00e9, calomni\u00e9 et pers\u00e9cut\u00e9 en si peu de temps. Et c'est r\u00e9v\u00e9lateur de leurs tentatives de d\u00e9stabilisation, aussi inlassables que vaines.<\/em>\"<\/p>\n<p>Pourtant, le leader de Pastef ne semble pas surpris par ces accusations. Il \u00e9crit : \"<em>Nous savions qu'apr\u00e8s les liquidations de Khalifa Sall et Karim Wade, le nouvel attelage de Macky Sall n'avait qu'une mission : liquider Sonko \u00e0 tout prix avant 2024, y compris en manipulant des individus pour une besogne aussi abjecte<\/em>.\" Mieux, ajoute-t-il, \"<em>depuis des mois des amis, y compris de l'int\u00e9rieur, n'ont cess\u00e9 de m'alerter sur un complot \u00e0 venir portant sur des questions de m\u0153urs, puisque tous les autres avaient lamentablement \u00e9chou\u00e9<\/em>\". \"<em>Chers amis, militants et sympathisants, soyez rassur\u00e9s que je n'ai rien \u00e0 voir avec ces mensonges crapuleux<\/em>\", dit-il. Avant de lancer un appel \u00e0 ses militants : \"<em>En attendant la notification officielle d'une plainte ou d'une convocation, je vous invite \u00e0 rester mobilis\u00e9s comme \u00e0 l\u2019accoutum\u00e9e et \u00e0 continuer le travail de massification, d\u2019enr\u00f4lement des primo votants et d\u2019installation de cellules dans tous les coins et recoins du S\u00e9n\u00e9gal, car 2024 c\u2019est maintenant!<\/em>\"<\/p>\n<div class='share-to-whatsapp-wrapper'><div class='share-on-whsp'>PARTAGER SUR : <\/div><a data-text='ACCUSATIONS DE VIOL \u2013 La r\u00e9action de Sonko' data-link='https:\/\/www.nettali.com\/2021\/02\/05\/accusations-de-viol-la-reaction-de-sonko\/' class='whatsapp-button whatsapp-share'>WhatsApp<\/a><div class='clear '><\/div><\/div>","protected":false},"excerpt":{"rendered":"<p>NETTALI.COM \u2013 Ousmane Sonko accus\u00e9 de viols r\u00e9p\u00e9titifs par une jeune dame. C\u2019est qu\u2019\u00e9crit le quotidien \"Les Echos\" dans son \u00e9dition de ce vendredi. Mais le leader de Pastef-Les Patriotes rassure ses militants, amis et sympathisants qu\u2019il n\u2019a rien \u00e0 voir avec \"ces mensonges crapuleux\". C\u2019est sur sa page Facebook que le pr\u00e9sident de Pastef-Les [&hellip;]<\/p>\n","protected":false},"author":3,"featured_media":26031,"comment_status":"open","ping_status":"open","sticky":false,"template":"","format":"standard","meta":{"_et_pb_use_builder":"","_et_pb_old_content":""},"categories":[2],"tags":[],"yoast_head":"<!-- This site is optimized with the Yoast SEO Premium plugin v17.8 (Yoast SEO v17.8) - https:\/\/yoast.com\/wordpress\/plugins\/seo\/ -->\n<title>ACCUSATIONS DE VIOL \u2013 La r\u00e9action de Sonko | Nettali.com<\/title>\n<meta name=\"robots\" content=\"index, follow, max-snippet:-1, max-image-preview:large, max-video-preview:-1\" \/>\n<link rel=\"canonical\" href=\"https:\/\/www.nettali.com\/2021\/02\/05\/accusations-de-viol-la-reaction-de-sonko\/\" \/>\n<meta property=\"og:locale\" content=\"fr_FR\" \/>\n<meta property=\"og:type\" content=\"article\" \/>\n<meta property=\"og:title\" content=\"ACCUSATIONS DE VIOL \u2013 La r\u00e9action de Sonko\" \/>\n<meta property=\"og:description\" content=\"NETTALI.COM \u2013 Ousmane Sonko accus\u00e9 de viols r\u00e9p\u00e9titifs par une jeune dame. C\u2019est qu\u2019\u00e9crit le quotidien &quot;Les Echos&quot; dans son \u00e9dition de ce vendredi. Mais le leader de Pastef-Les Patriotes rassure ses militants, amis et sympathisants qu\u2019il n\u2019a rien \u00e0 voir avec &quot;ces mensonges crapuleux&quot;. C\u2019est sur sa page Facebook que le pr\u00e9sident de Pastef-Les [&hellip;]\" \/>\n<meta property=\"og:url\" content=\"https:\/\/www.nettali.com\/2021\/02\/05\/accusations-de-viol-la-reaction-de-sonko\/\" \/>\n<meta property=\"og:site_name\" content=\"Nettali.com\" \/>\n<meta property=\"article:publisher\" content=\"https:\/\/www.facebook.com\/nettalicom\" \/>\n<meta property=\"article:published_time\" content=\"2021-02-05T16:40:05+00:00\" \/>\n<meta property=\"article:modified_time\" content=\"2021-03-09T14:50:57+00:00\" \/>\n<meta property=\"og:image\" content=\"https:\/\/www.nettali.com\/wp-content\/uploads\/2019\/12\/sonko.jpg\" \/>\n\t<meta property=\"og:image:width\" content=\"720\" \/>\n\t<meta property=\"og:image:height\" content=\"438\" \/>\n<meta name=\"twitter:card\" content=\"summary_large_image\" \/>\n<meta name=\"twitter:label1\" content=\"\u00c9crit par\" \/>\n\t<meta name=\"twitter:data1\" content=\"Moustapha\" \/>\n\t<meta name=\"twitter:label2\" content=\"Dur\u00e9e de lecture estim\u00e9e\" \/>\n\t<meta name=\"twitter:data2\" content=\"2 minutes\" \/>\n<script type=\"application\/ld+json\" class=\"yoast-schema-graph\">{\"@context\":\"https:\/\/schema.org\",\"@graph\":[{\"@type\":\"WebSite\",\"@id\":\"https:\/\/www.nettali.com\/#website\",\"url\":\"https:\/\/www.nettali.com\/\",\"name\":\"Nettali.com\",\"description\":\"Le rendez-vous critique du Net\",\"potentialAction\":[{\"@type\":\"SearchAction\",\"target\":{\"@type\":\"EntryPoint\",\"urlTemplate\":\"https:\/\/www.nettali.com\/?s={search_term_string}\"},\"query-input\":\"required name=search_term_string\"}],\"inLanguage\":\"fr-FR\"},{\"@type\":\"ImageObject\",\"@id\":\"https:\/\/www.nettali.com\/2021\/02\/05\/accusations-de-viol-la-reaction-de-sonko\/#primaryimage\",\"inLanguage\":\"fr-FR\",\"url\":\"https:\/\/www.nettali.com\/wp-content\/uploads\/2019\/12\/sonko.jpg\",\"contentUrl\":\"https:\/\/www.nettali.com\/wp-content\/uploads\/2019\/12\/sonko.jpg\",\"width\":720,\"height\":438},{\"@type\":\"WebPage\",\"@id\":\"https:\/\/www.nettali.com\/2021\/02\/05\/accusations-de-viol-la-reaction-de-sonko\/#webpage\",\"url\":\"https:\/\/www.nettali.com\/2021\/02\/05\/accusations-de-viol-la-reaction-de-sonko\/\",\"name\":\"ACCUSATIONS DE VIOL \\u2013 La r\\u00e9action de Sonko | Nettali.com\",\"isPartOf\":{\"@id\":\"https:\/\/www.nettali.com\/#website\"},\"primaryImageOfPage\":{\"@id\":\"https:\/\/www.nettali.com\/2021\/02\/05\/accusations-de-viol-la-reaction-de-sonko\/#primaryimage\"},\"datePublished\":\"2021-02-05T16:40:05+00:00\",\"dateModified\":\"2021-03-09T14:50:57+00:00\",\"author\":{\"@id\":\"https:\/\/www.nettali.com\/#\/schema\/person\/7962a12a6e0267f88f0ffa544c36469a\"},\"breadcrumb\":{\"@id\":\"https:\/\/www.nettali.com\/2021\/02\/05\/accusations-de-viol-la-reaction-de-sonko\/#breadcrumb\"},\"inLanguage\":\"fr-FR\",\"potentialAction\":[{\"@type\":\"ReadAction\",\"target\":[\"https:\/\/www.nettali.com\/2021\/02\/05\/accusations-de-viol-la-reaction-de-sonko\/\"]}]},{\"@type\":\"BreadcrumbList\",\"@id\":\"https:\/\/www.nettali.com\/2021\/02\/05\/accusations-de-viol-la-reaction-de-sonko\/#breadcrumb\",\"itemListElement\":[{\"@type\":\"ListItem\",\"position\":1,\"name\":\"Accueil\",\"item\":\"https:\/\/www.nettali.com\/\"},{\"@type\":\"ListItem\",\"position\":2,\"name\":\"ACCUSATIONS DE VIOL \\u2013 La r\\u00e9action de Sonko\"}]},{\"@type\":\"Person\",\"@id\":\"https:\/\/www.nettali.com\/#\/schema\/person\/7962a12a6e0267f88f0ffa544c36469a\",\"name\":\"Moustapha\",\"image\":{\"@type\":\"ImageObject\",\"@id\":\"https:\/\/www.nettali.com\/#personlogo\",\"inLanguage\":\"fr-FR\",\"url\":\"https:\/\/secure.gravatar.com\/avatar\/10fdf6a071cccdcf374e3dbe45159590?s=96&d=mm&r=g\",\"contentUrl\":\"https:\/\/secure.gravatar.com\/avatar\/10fdf6a071cccdcf374e3dbe45159590?s=96&d=mm&r=g\",\"caption\":\"Moustapha\"},\"sameAs\":[\"https:\/\/www.nettali.com\"]}]}<\/script>\n<!-- \/ Yoast SEO Premium plugin. -->","yoast_head_json":{"title":"ACCUSATIONS DE VIOL \u2013 La r\u00e9action de Sonko | Nettali.com","robots":{"index":"index","follow":"follow","max-snippet":"max-snippet:-1","max-image-preview":"max-image-preview:large","max-video-preview":"max-video-preview:-1"},"canonical":"https:\/\/www.nettali.com\/2021\/02\/05\/accusations-de-viol-la-reaction-de-sonko\/","og_locale":"fr_FR","og_type":"article","og_title":"ACCUSATIONS DE VIOL \u2013 La r\u00e9action de Sonko","og_description":"NETTALI.COM \u2013 Ousmane Sonko accus\u00e9 de viols r\u00e9p\u00e9titifs par une jeune dame. C\u2019est qu\u2019\u00e9crit le quotidien \"Les Echos\" dans son \u00e9dition de ce vendredi. Mais le leader de Pastef-Les Patriotes rassure ses militants, amis et sympathisants qu\u2019il n\u2019a rien \u00e0 voir avec \"ces mensonges crapuleux\". C\u2019est sur sa page Facebook que le pr\u00e9sident de Pastef-Les [&hellip;]","og_url":"https:\/\/www.nettali.com\/2021\/02\/05\/accusations-de-viol-la-reaction-de-sonko\/","og_site_name":"Nettali.com","article_publisher":"https:\/\/www.facebook.com\/nettalicom","article_published_time":"2021-02-05T16:40:05+00:00","article_modified_time":"2021-03-09T14:50:57+00:00","og_image":[{"width":720,"height":438,"url":"https:\/\/www.nettali.com\/wp-content\/uploads\/2019\/12\/sonko.jpg","type":"image\/jpeg"}],"twitter_card":"summary_large_image","twitter_misc":{"\u00c9crit par":"Moustapha","Dur\u00e9e de lecture estim\u00e9e":"2 minutes"},"schema":{"@context":"https:\/\/schema.org","@graph":[{"@type":"WebSite","@id":"https:\/\/www.nettali.com\/#website","url":"https:\/\/www.nettali.com\/","name":"Nettali.com","description":"Le rendez-vous critique du Net","potentialAction":[{"@type":"SearchAction","target":{"@type":"EntryPoint","urlTemplate":"https:\/\/www.nettali.com\/?s={search_term_string}"},"query-input":"required name=search_term_string"}],"inLanguage":"fr-FR"},{"@type":"ImageObject","@id":"https:\/\/www.nettali.com\/2021\/02\/05\/accusations-de-viol-la-reaction-de-sonko\/#primaryimage","inLanguage":"fr-FR","url":"https:\/\/www.nettali.com\/wp-content\/uploads\/2019\/12\/sonko.jpg","contentUrl":"https:\/\/www.nettali.com\/wp-content\/uploads\/2019\/12\/sonko.jpg","width":720,"height":438},{"@type":"WebPage","@id":"https:\/\/www.nettali.com\/2021\/02\/05\/accusations-de-viol-la-reaction-de-sonko\/#webpage","url":"https:\/\/www.nettali.com\/2021\/02\/05\/accusations-de-viol-la-reaction-de-sonko\/","name":"ACCUSATIONS DE VIOL \u2013 La r\u00e9action de Sonko | Nettali.com","isPartOf":{"@id":"https:\/\/www.nettali.com\/#website"},"primaryImageOfPage":{"@id":"https:\/\/www.nettali.com\/2021\/02\/05\/accusations-de-viol-la-reaction-de-sonko\/#primaryimage"},"datePublished":"2021-02-05T16:40:05+00:00","dateModified":"2021-03-09T14:50:57+00:00","author":{"@id":"https:\/\/www.nettali.com\/#\/schema\/person\/7962a12a6e0267f88f0ffa544c36469a"},"breadcrumb":{"@id":"https:\/\/www.nettali.com\/2021\/02\/05\/accusations-de-viol-la-reaction-de-sonko\/#breadcrumb"},"inLanguage":"fr-FR","potentialAction":[{"@type":"ReadAction","target":["https:\/\/www.nettali.com\/2021\/02\/05\/accusations-de-viol-la-reaction-de-sonko\/"]}]},{"@type":"BreadcrumbList","@id":"https:\/\/www.nettali.com\/2021\/02\/05\/accusations-de-viol-la-reaction-de-sonko\/#breadcrumb","itemListElement":[{"@type":"ListItem","position":1,"name":"Accueil","item":"https:\/\/www.nettali.com\/"},{"@type":"ListItem","position":2,"name":"ACCUSATIONS DE VIOL \u2013 La r\u00e9action de Sonko"}]},{"@type":"Person","@id":"https:\/\/www.nettali.com\/#\/schema\/person\/7962a12a6e0267f88f0ffa544c36469a","name":"Moustapha","image":{"@type":"ImageObject","@id":"https:\/\/www.nettali.com\/#personlogo","inLanguage":"fr-FR","url":"https:\/\/secure.gravatar.com\/avatar\/10fdf6a071cccdcf374e3dbe45159590?s=96&d=mm&r=g","contentUrl":"https:\/\/secure.gravatar.com\/avatar\/10fdf6a071cccdcf374e3dbe45159590?s=96&d=mm&r=g","caption":"Moustapha"},"sameAs":["https:\/\/www.nettali.com"]}]}},"_links":{"self":[{"href":"https:\/\/www.nettali.com\/rest\/wp\/v2\/posts\/57036"}],"collection":[{"href":"https:\/\/www.nettali.com\/rest\/wp\/v2\/posts"}],"about":[{"href":"https:\/\/www.nettali.com\/rest\/wp\/v2\/types\/post"}],"author":[{"embeddable":true,"href":"https:\/\/www.nettali.com\/rest\/wp\/v2\/users\/3"}],"replies":[{"embeddable":true,"href":"https:\/\/www.nettali.com\/rest\/wp\/v2\/comments?post=57036"}],"version-history":[{"count":4,"href":"https:\/\/www.nettali.com\/rest\/wp\/v2\/posts\/57036\/revisions"}],"predecessor-version":[{"id":57040,"href":"https:\/\/www.nettali.com\/rest\/wp\/v2\/posts\/57036\/revisions\/57040"}],"wp:featuredmedia":[{"embeddable":true,"href":"https:\/\/www.nettali.com\/rest\/wp\/v2\/media\/26031"}],"wp:attachment":[{"href":"https:\/\/www.nettali.com\/rest\/wp\/v2\/media?parent=57036"}],"wp:term":[{"taxonomy":"category","embeddable":true,"href":"https:\/\/www.nettali.com\/rest\/wp\/v2\/categories?post=57036"},{"taxonomy":"post_tag","embeddable":true,"href":"https:\/\/www.nettali.com\/rest\/wp\/v2\/tags?post=57036"}],"curies":[{"name":"wp","href":"https:\/\/api.w.org\/{rel}","templated":true}]}}