{"id":56982,"date":"2021-02-04T20:27:43","date_gmt":"2021-02-04T20:27:43","guid":{"rendered":"https:\/\/www.nettali.com\/?p=56982"},"modified":"2021-02-04T20:27:43","modified_gmt":"2021-02-04T20:27:43","slug":"babacar-diop-ceux-qui-ont-publie-le-patrimoine-du-president-idrissa-seck-ont-pose-un-acte-politique","status":"publish","type":"post","link":"https:\/\/www.nettali.com\/2021\/02\/04\/babacar-diop-ceux-qui-ont-publie-le-patrimoine-du-president-idrissa-seck-ont-pose-un-acte-politique\/","title":{"rendered":"Babacar Diop : \u2018\u2019Ceux qui ont publi\u00e9 le patrimoine du pr\u00e9sident Idrissa Seck ont pos\u00e9 un acte politique\u2018\u2019"},"content":{"rendered":"<p><strong>NETTALI.COM - Pour Babacar Diop, la fuite du patrimoine du pr\u00e9sident du CESE suite \u00e0 sa d\u00e9claration \u00e0 l\u2019Ofnac, n\u2019est pas anodine<\/strong><\/p>\n<p>Pour le pr\u00e9sident du parti des FDS Les Guelwaars, la fuite du patrimoine du pr\u00e9sident du CESE suite \u00e0 sa d\u00e9claration \u00e0 l\u2019Ofnac, n\u2019est pas anodine. Invit\u00e9 de MNF sur la 7tv, Dr Babacar Diop y voient des man\u0153uvres politiciennes que les Rewmistes doivent d\u00e9crypter.<\/p>\n<p>Le pr\u00e9sident Macky Sall serait-il en train de jouer un double jeu avec son nouvel alli\u00e9 et non moins pr\u00e9sident du CESE ? En tout cas, c\u2019est ce qui se laisse entrevoir dans les propos du pr\u00e9sident des FDS. Pour Dr Babacar Diop en effet, cette fuite est une violation.<\/p>\n<p>A l\u2019en croire, il aurait compris cet acte si tous les ministres et directeurs g\u00e9n\u00e9raux avaient publi\u00e9 leur fortune. Avertissant en outre les membres du parti Rewmi, il soutient en des propos repris par le quotidien L\u2019As : \u2018\u2019Ceux qui ont publi\u00e9 le patrimoine du pr\u00e9sident Idrissa Seck ont pos\u00e9 un acte politique.\u2018\u2019 Subodorant manifestement des man\u0153uvres politiciennes, il a indiqu\u00e9 que les rewmistes doivent savoir d\u00e9crypter ce message qui en dit long sur leurs rapports avec le pr\u00e9sident Macky Sall.<\/p>\n<p>Rappelant dans la foul\u00e9e que le pr\u00e9sident Idrissa Seck l\u2019avait invit\u00e9 \u00e0 rejoindre le gouvernement avec lui. \u2018\u2019Il m\u2019a dit : tu fais partie de l\u2019espoir de ce pays et tu as besoin d\u2019une exp\u00e9rience \u00e9tatique. Ce que j\u2019ai refus\u00e9\u2018\u2019, souligne-t-il.<\/p>\n<p>&nbsp;<\/p>\n<div class='share-to-whatsapp-wrapper'><div class='share-on-whsp'>PARTAGER SUR : <\/div><a data-text='Babacar Diop : \u2018\u2019Ceux qui ont publi\u00e9 le patrimoine du pr\u00e9sident Idrissa Seck ont pos\u00e9 un acte politique\u2018\u2019' data-link='https:\/\/www.nettali.com\/2021\/02\/04\/babacar-diop-ceux-qui-ont-publie-le-patrimoine-du-president-idrissa-seck-ont-pose-un-acte-politique\/' class='whatsapp-button whatsapp-share'>WhatsApp<\/a><div class='clear '><\/div><\/div>","protected":false},"excerpt":{"rendered":"<p>NETTALI.COM - Pour Babacar Diop, la fuite du patrimoine du pr\u00e9sident du CESE suite \u00e0 sa d\u00e9claration \u00e0 l\u2019Ofnac, n\u2019est pas anodine Pour le pr\u00e9sident du parti des FDS Les Guelwaars, la fuite du patrimoine du pr\u00e9sident du CESE suite \u00e0 sa d\u00e9claration \u00e0 l\u2019Ofnac, n\u2019est pas anodine. Invit\u00e9 de MNF sur la 7tv, Dr [&hellip;]<\/p>\n","protected":false},"author":11,"featured_media":43460,"comment_status":"open","ping_status":"open","sticky":false,"template":"","format":"standard","meta":{"_et_pb_use_builder":"","_et_pb_old_content":""},"categories":[2],"tags":[],"yoast_head":"<!-- This site is optimized with the Yoast SEO Premium plugin v17.8 (Yoast SEO v17.8) - https:\/\/yoast.com\/wordpress\/plugins\/seo\/ -->\n<title>Babacar Diop : \u2018\u2019Ceux qui ont publi\u00e9 le patrimoine du pr\u00e9sident Idrissa Seck ont pos\u00e9 un acte politique\u2018\u2019 | Nettali.com<\/title>\n<meta name=\"robots\" content=\"index, follow, max-snippet:-1, max-image-preview:large, max-video-preview:-1\" \/>\n<link rel=\"canonical\" href=\"https:\/\/www.nettali.com\/2021\/02\/04\/babacar-diop-ceux-qui-ont-publie-le-patrimoine-du-president-idrissa-seck-ont-pose-un-acte-politique\/\" \/>\n<meta property=\"og:locale\" content=\"fr_FR\" \/>\n<meta property=\"og:type\" content=\"article\" \/>\n<meta property=\"og:title\" content=\"Babacar Diop : \u2018\u2019Ceux qui ont publi\u00e9 le patrimoine du pr\u00e9sident Idrissa Seck ont pos\u00e9 un acte politique\u2018\u2019\" \/>\n<meta property=\"og:description\" content=\"NETTALI.COM - Pour Babacar Diop, la fuite du patrimoine du pr\u00e9sident du CESE suite \u00e0 sa d\u00e9claration \u00e0 l\u2019Ofnac, n\u2019est pas anodine Pour le pr\u00e9sident du parti des FDS Les Guelwaars, la fuite du patrimoine du pr\u00e9sident du CESE suite \u00e0 sa d\u00e9claration \u00e0 l\u2019Ofnac, n\u2019est pas anodine. Invit\u00e9 de MNF sur la 7tv, Dr [&hellip;]\" \/>\n<meta property=\"og:url\" content=\"https:\/\/www.nettali.com\/2021\/02\/04\/babacar-diop-ceux-qui-ont-publie-le-patrimoine-du-president-idrissa-seck-ont-pose-un-acte-politique\/\" \/>\n<meta property=\"og:site_name\" content=\"Nettali.com\" \/>\n<meta property=\"article:publisher\" content=\"https:\/\/www.facebook.com\/nettalicom\" \/>\n<meta property=\"article:published_time\" content=\"2021-02-04T20:27:43+00:00\" \/>\n<meta property=\"og:image\" content=\"https:\/\/www.nettali.com\/wp-content\/uploads\/2020\/08\/Dr-Babacar-Diop-1280x640-1.png\" \/>\n\t<meta property=\"og:image:width\" content=\"1280\" \/>\n\t<meta property=\"og:image:height\" content=\"640\" \/>\n<meta name=\"twitter:card\" content=\"summary_large_image\" \/>\n<meta name=\"twitter:label1\" content=\"\u00c9crit par\" \/>\n\t<meta name=\"twitter:data1\" content=\"Thierno Diop\" \/>\n\t<meta name=\"twitter:label2\" content=\"Dur\u00e9e de lecture estim\u00e9e\" \/>\n\t<meta name=\"twitter:data2\" content=\"1 minute\" \/>\n<script type=\"application\/ld+json\" class=\"yoast-schema-graph\">{\"@context\":\"https:\/\/schema.org\",\"@graph\":[{\"@type\":\"WebSite\",\"@id\":\"https:\/\/www.nettali.com\/#website\",\"url\":\"https:\/\/www.nettali.com\/\",\"name\":\"Nettali.com\",\"description\":\"Le rendez-vous critique du Net\",\"potentialAction\":[{\"@type\":\"SearchAction\",\"target\":{\"@type\":\"EntryPoint\",\"urlTemplate\":\"https:\/\/www.nettali.com\/?s={search_term_string}\"},\"query-input\":\"required name=search_term_string\"}],\"inLanguage\":\"fr-FR\"},{\"@type\":\"ImageObject\",\"@id\":\"https:\/\/www.nettali.com\/2021\/02\/04\/babacar-diop-ceux-qui-ont-publie-le-patrimoine-du-president-idrissa-seck-ont-pose-un-acte-politique\/#primaryimage\",\"inLanguage\":\"fr-FR\",\"url\":\"https:\/\/www.nettali.com\/wp-content\/uploads\/2020\/08\/Dr-Babacar-Diop-1280x640-1.png\",\"contentUrl\":\"https:\/\/www.nettali.com\/wp-content\/uploads\/2020\/08\/Dr-Babacar-Diop-1280x640-1.png\",\"width\":1280,\"height\":640},{\"@type\":\"WebPage\",\"@id\":\"https:\/\/www.nettali.com\/2021\/02\/04\/babacar-diop-ceux-qui-ont-publie-le-patrimoine-du-president-idrissa-seck-ont-pose-un-acte-politique\/#webpage\",\"url\":\"https:\/\/www.nettali.com\/2021\/02\/04\/babacar-diop-ceux-qui-ont-publie-le-patrimoine-du-president-idrissa-seck-ont-pose-un-acte-politique\/\",\"name\":\"Babacar Diop : \\u2018\\u2019Ceux qui ont publi\\u00e9 le patrimoine du pr\\u00e9sident Idrissa Seck ont pos\\u00e9 un acte politique\\u2018\\u2019 | Nettali.com\",\"isPartOf\":{\"@id\":\"https:\/\/www.nettali.com\/#website\"},\"primaryImageOfPage\":{\"@id\":\"https:\/\/www.nettali.com\/2021\/02\/04\/babacar-diop-ceux-qui-ont-publie-le-patrimoine-du-president-idrissa-seck-ont-pose-un-acte-politique\/#primaryimage\"},\"datePublished\":\"2021-02-04T20:27:43+00:00\",\"dateModified\":\"2021-02-04T20:27:43+00:00\",\"author\":{\"@id\":\"https:\/\/www.nettali.com\/#\/schema\/person\/8a06c6bd7b19304cf4bf985862900b5b\"},\"breadcrumb\":{\"@id\":\"https:\/\/www.nettali.com\/2021\/02\/04\/babacar-diop-ceux-qui-ont-publie-le-patrimoine-du-president-idrissa-seck-ont-pose-un-acte-politique\/#breadcrumb\"},\"inLanguage\":\"fr-FR\",\"potentialAction\":[{\"@type\":\"ReadAction\",\"target\":[\"https:\/\/www.nettali.com\/2021\/02\/04\/babacar-diop-ceux-qui-ont-publie-le-patrimoine-du-president-idrissa-seck-ont-pose-un-acte-politique\/\"]}]},{\"@type\":\"BreadcrumbList\",\"@id\":\"https:\/\/www.nettali.com\/2021\/02\/04\/babacar-diop-ceux-qui-ont-publie-le-patrimoine-du-president-idrissa-seck-ont-pose-un-acte-politique\/#breadcrumb\",\"itemListElement\":[{\"@type\":\"ListItem\",\"position\":1,\"name\":\"Accueil\",\"item\":\"https:\/\/www.nettali.com\/\"},{\"@type\":\"ListItem\",\"position\":2,\"name\":\"Babacar Diop : \\u2018\\u2019Ceux qui ont publi\\u00e9 le patrimoine du pr\\u00e9sident Idrissa Seck ont pos\\u00e9 un acte politique\\u2018\\u2019\"}]},{\"@type\":\"Person\",\"@id\":\"https:\/\/www.nettali.com\/#\/schema\/person\/8a06c6bd7b19304cf4bf985862900b5b\",\"name\":\"Thierno Diop\",\"image\":{\"@type\":\"ImageObject\",\"@id\":\"https:\/\/www.nettali.com\/#personlogo\",\"inLanguage\":\"fr-FR\",\"url\":\"https:\/\/secure.gravatar.com\/avatar\/c8ca58550c94fd2ac856d27391a6c866?s=96&d=mm&r=g\",\"contentUrl\":\"https:\/\/secure.gravatar.com\/avatar\/c8ca58550c94fd2ac856d27391a6c866?s=96&d=mm&r=g\",\"caption\":\"Thierno Diop\"},\"sameAs\":[\"https:\/\/nettali.com\"]}]}<\/script>\n<!-- \/ Yoast SEO Premium plugin. -->","yoast_head_json":{"title":"Babacar Diop : \u2018\u2019Ceux qui ont publi\u00e9 le patrimoine du pr\u00e9sident Idrissa Seck ont pos\u00e9 un acte politique\u2018\u2019 | Nettali.com","robots":{"index":"index","follow":"follow","max-snippet":"max-snippet:-1","max-image-preview":"max-image-preview:large","max-video-preview":"max-video-preview:-1"},"canonical":"https:\/\/www.nettali.com\/2021\/02\/04\/babacar-diop-ceux-qui-ont-publie-le-patrimoine-du-president-idrissa-seck-ont-pose-un-acte-politique\/","og_locale":"fr_FR","og_type":"article","og_title":"Babacar Diop : \u2018\u2019Ceux qui ont publi\u00e9 le patrimoine du pr\u00e9sident Idrissa Seck ont pos\u00e9 un acte politique\u2018\u2019","og_description":"NETTALI.COM - Pour Babacar Diop, la fuite du patrimoine du pr\u00e9sident du CESE suite \u00e0 sa d\u00e9claration \u00e0 l\u2019Ofnac, n\u2019est pas anodine Pour le pr\u00e9sident du parti des FDS Les Guelwaars, la fuite du patrimoine du pr\u00e9sident du CESE suite \u00e0 sa d\u00e9claration \u00e0 l\u2019Ofnac, n\u2019est pas anodine. Invit\u00e9 de MNF sur la 7tv, Dr [&hellip;]","og_url":"https:\/\/www.nettali.com\/2021\/02\/04\/babacar-diop-ceux-qui-ont-publie-le-patrimoine-du-president-idrissa-seck-ont-pose-un-acte-politique\/","og_site_name":"Nettali.com","article_publisher":"https:\/\/www.facebook.com\/nettalicom","article_published_time":"2021-02-04T20:27:43+00:00","og_image":[{"width":1280,"height":640,"url":"https:\/\/www.nettali.com\/wp-content\/uploads\/2020\/08\/Dr-Babacar-Diop-1280x640-1.png","type":"image\/png"}],"twitter_card":"summary_large_image","twitter_misc":{"\u00c9crit par":"Thierno Diop","Dur\u00e9e de lecture estim\u00e9e":"1 minute"},"schema":{"@context":"https:\/\/schema.org","@graph":[{"@type":"WebSite","@id":"https:\/\/www.nettali.com\/#website","url":"https:\/\/www.nettali.com\/","name":"Nettali.com","description":"Le rendez-vous critique du Net","potentialAction":[{"@type":"SearchAction","target":{"@type":"EntryPoint","urlTemplate":"https:\/\/www.nettali.com\/?s={search_term_string}"},"query-input":"required name=search_term_string"}],"inLanguage":"fr-FR"},{"@type":"ImageObject","@id":"https:\/\/www.nettali.com\/2021\/02\/04\/babacar-diop-ceux-qui-ont-publie-le-patrimoine-du-president-idrissa-seck-ont-pose-un-acte-politique\/#primaryimage","inLanguage":"fr-FR","url":"https:\/\/www.nettali.com\/wp-content\/uploads\/2020\/08\/Dr-Babacar-Diop-1280x640-1.png","contentUrl":"https:\/\/www.nettali.com\/wp-content\/uploads\/2020\/08\/Dr-Babacar-Diop-1280x640-1.png","width":1280,"height":640},{"@type":"WebPage","@id":"https:\/\/www.nettali.com\/2021\/02\/04\/babacar-diop-ceux-qui-ont-publie-le-patrimoine-du-president-idrissa-seck-ont-pose-un-acte-politique\/#webpage","url":"https:\/\/www.nettali.com\/2021\/02\/04\/babacar-diop-ceux-qui-ont-publie-le-patrimoine-du-president-idrissa-seck-ont-pose-un-acte-politique\/","name":"Babacar Diop : \u2018\u2019Ceux qui ont publi\u00e9 le patrimoine du pr\u00e9sident Idrissa Seck ont pos\u00e9 un acte politique\u2018\u2019 | Nettali.com","isPartOf":{"@id":"https:\/\/www.nettali.com\/#website"},"primaryImageOfPage":{"@id":"https:\/\/www.nettali.com\/2021\/02\/04\/babacar-diop-ceux-qui-ont-publie-le-patrimoine-du-president-idrissa-seck-ont-pose-un-acte-politique\/#primaryimage"},"datePublished":"2021-02-04T20:27:43+00:00","dateModified":"2021-02-04T20:27:43+00:00","author":{"@id":"https:\/\/www.nettali.com\/#\/schema\/person\/8a06c6bd7b19304cf4bf985862900b5b"},"breadcrumb":{"@id":"https:\/\/www.nettali.com\/2021\/02\/04\/babacar-diop-ceux-qui-ont-publie-le-patrimoine-du-president-idrissa-seck-ont-pose-un-acte-politique\/#breadcrumb"},"inLanguage":"fr-FR","potentialAction":[{"@type":"ReadAction","target":["https:\/\/www.nettali.com\/2021\/02\/04\/babacar-diop-ceux-qui-ont-publie-le-patrimoine-du-president-idrissa-seck-ont-pose-un-acte-politique\/"]}]},{"@type":"BreadcrumbList","@id":"https:\/\/www.nettali.com\/2021\/02\/04\/babacar-diop-ceux-qui-ont-publie-le-patrimoine-du-president-idrissa-seck-ont-pose-un-acte-politique\/#breadcrumb","itemListElement":[{"@type":"ListItem","position":1,"name":"Accueil","item":"https:\/\/www.nettali.com\/"},{"@type":"ListItem","position":2,"name":"Babacar Diop : \u2018\u2019Ceux qui ont publi\u00e9 le patrimoine du pr\u00e9sident Idrissa Seck ont pos\u00e9 un acte politique\u2018\u2019"}]},{"@type":"Person","@id":"https:\/\/www.nettali.com\/#\/schema\/person\/8a06c6bd7b19304cf4bf985862900b5b","name":"Thierno Diop","image":{"@type":"ImageObject","@id":"https:\/\/www.nettali.com\/#personlogo","inLanguage":"fr-FR","url":"https:\/\/secure.gravatar.com\/avatar\/c8ca58550c94fd2ac856d27391a6c866?s=96&d=mm&r=g","contentUrl":"https:\/\/secure.gravatar.com\/avatar\/c8ca58550c94fd2ac856d27391a6c866?s=96&d=mm&r=g","caption":"Thierno Diop"},"sameAs":["https:\/\/nettali.com"]}]}},"_links":{"self":[{"href":"https:\/\/www.nettali.com\/rest\/wp\/v2\/posts\/56982"}],"collection":[{"href":"https:\/\/www.nettali.com\/rest\/wp\/v2\/posts"}],"about":[{"href":"https:\/\/www.nettali.com\/rest\/wp\/v2\/types\/post"}],"author":[{"embeddable":true,"href":"https:\/\/www.nettali.com\/rest\/wp\/v2\/users\/11"}],"replies":[{"embeddable":true,"href":"https:\/\/www.nettali.com\/rest\/wp\/v2\/comments?post=56982"}],"version-history":[{"count":1,"href":"https:\/\/www.nettali.com\/rest\/wp\/v2\/posts\/56982\/revisions"}],"predecessor-version":[{"id":56983,"href":"https:\/\/www.nettali.com\/rest\/wp\/v2\/posts\/56982\/revisions\/56983"}],"wp:featuredmedia":[{"embeddable":true,"href":"https:\/\/www.nettali.com\/rest\/wp\/v2\/media\/43460"}],"wp:attachment":[{"href":"https:\/\/www.nettali.com\/rest\/wp\/v2\/media?parent=56982"}],"wp:term":[{"taxonomy":"category","embeddable":true,"href":"https:\/\/www.nettali.com\/rest\/wp\/v2\/categories?post=56982"},{"taxonomy":"post_tag","embeddable":true,"href":"https:\/\/www.nettali.com\/rest\/wp\/v2\/tags?post=56982"}],"curies":[{"name":"wp","href":"https:\/\/api.w.org\/{rel}","templated":true}]}}