{"id":56875,"date":"2021-02-03T13:37:06","date_gmt":"2021-02-03T13:37:06","guid":{"rendered":"https:\/\/www.nettali.com\/?p=56875"},"modified":"2021-02-04T00:03:09","modified_gmt":"2021-02-04T00:03:09","slug":"proces-de-aminata-lo-ses-avocats-evoquent-letat-de-necessite","status":"publish","type":"post","link":"https:\/\/www.nettali.com\/2021\/02\/03\/proces-de-aminata-lo-ses-avocats-evoquent-letat-de-necessite\/","title":{"rendered":"PROCES DE AMINATA LO - La d\u00e9fense \u00e9voque l'\u00e9tat de n\u00e9cessit\u00e9"},"content":{"rendered":"<p style=\"font-weight: 400;\"><strong>NETTALI.COM- Aminata L\u00f4, ancien ministre lib\u00e9ral, a comparu, ce mercredi, \u00e0 la barre du tribunal des flagrants d\u00e9lits de Dakar pour violation du couvre-feu, outrage et usurpation d\u2019identit\u00e9. Etant donn\u00e9 qu'elle n'a reconnu que le premier d\u00e9lit, ses avocats ont plaid\u00e9 la relaxe en \u00e9voquant l'\u00e9tat de n\u00e9cessit\u00e9 qui a fait qu'elle se trouvait dans la rue \u00e0 l'heure du couvre-feu. <\/strong><\/p>\n<p style=\"font-weight: 400;\">Pour Me Aboubacry Barro, cette affaire pouvait ne pas atterrir \u00e0 la barre surtout dans ce contexte de pand\u00e9mie. Pour lui la gendarmerie, en lieu et place d\u2019inqui\u00e9ter d\u2019honn\u00eates citoyens, devrait arr\u00eater les vrais criminels. \u00ab Elle a viol\u00e9 la loi du couvre-feu, car elle \u00e9tait dans un \u00e9tat de n\u00e9cessit\u00e9.\u00a0 Donc la justice doit faire preuve de compr\u00e9hension \u00bb, a plaid\u00e9 Me Barro.<\/p>\n<p style=\"font-weight: 400;\">Embouchant la m\u00eame trompette, son confr\u00e8re, Demba Cir\u00e9 Bathily, soutient qu\u2019il n\u2019y a pas d\u2019usurpation de titre car il ne s\u2019agit pas de macaron mais plut\u00f4t un laissez-passer pour faciliter l\u2019acc\u00e8s au parking palais. Pour sa part, Me Cir\u00e9 Cl\u00e9dor Ly rel\u00e8ve que la violation de la loi sur le couvre-feu est sanctionn\u00e9e par une simple contravention avant de soutenir que celui qui veut noyer son chien l'accuse de rage. Me Nd\u00e8ye Fatou Tour\u00e9 a rejet\u00e9 l'existence d'un acte relevant d'une fonction judiciaire.<\/p>\n<p style=\"font-weight: 400;\">Dans sa plaidoirie, Me Borso Pouye a fait savoir que les d\u00e9lits ne sont pas \u00e9tablis. \u00ab Si elle n\u2019\u00e9tait pas ancienne ministre, cette affaire n\u2019aurait pas cette ampleur. C\u2019est la d\u00e9tresse d\u2019une m\u00e8re qui est \u00e0 l\u2019origine de tout. L\u2019\u00e9l\u00e9ment intentionnel n\u2019existe pas car elle est sortie avant 21 h \u00bb, a plaid\u00e9 l'avocate qui n\u2019a pas manqu\u00e9 de signaler que les quelques jours de d\u00e9tention sont arbitraires car les d\u00e9lits ne sont pas \u00e9tablis.<\/p>\n<p style=\"font-weight: 400;\">Le d\u00e9lib\u00e9r\u00e9 sera rendu en cours d\u2019audience.<\/p>\n<div class='share-to-whatsapp-wrapper'><div class='share-on-whsp'>PARTAGER SUR : <\/div><a data-text='PROCES DE AMINATA LO - La d\u00e9fense \u00e9voque l'\u00e9tat de n\u00e9cessit\u00e9' data-link='https:\/\/www.nettali.com\/2021\/02\/03\/proces-de-aminata-lo-ses-avocats-evoquent-letat-de-necessite\/' class='whatsapp-button whatsapp-share'>WhatsApp<\/a><div class='clear '><\/div><\/div>","protected":false},"excerpt":{"rendered":"<p>NETTALI.COM- Aminata L\u00f4, ancien ministre lib\u00e9ral, a comparu, ce mercredi, \u00e0 la barre du tribunal des flagrants d\u00e9lits de Dakar pour violation du couvre-feu, outrage et usurpation d\u2019identit\u00e9. Etant donn\u00e9 qu'elle n'a reconnu que le premier d\u00e9lit, ses avocats ont plaid\u00e9 la relaxe en \u00e9voquant l'\u00e9tat de n\u00e9cessit\u00e9 qui a fait qu'elle se trouvait dans [&hellip;]<\/p>\n","protected":false},"author":6,"featured_media":56764,"comment_status":"open","ping_status":"open","sticky":false,"template":"","format":"standard","meta":{"_et_pb_use_builder":"","_et_pb_old_content":""},"categories":[3],"tags":[],"yoast_head":"<!-- This site is optimized with the Yoast SEO Premium plugin v17.8 (Yoast SEO v17.8) - https:\/\/yoast.com\/wordpress\/plugins\/seo\/ -->\n<title>PROCES DE AMINATA LO - La d\u00e9fense \u00e9voque l&#039;\u00e9tat de n\u00e9cessit\u00e9 | Nettali.com<\/title>\n<meta name=\"robots\" content=\"index, follow, max-snippet:-1, max-image-preview:large, max-video-preview:-1\" \/>\n<link rel=\"canonical\" href=\"https:\/\/www.nettali.com\/2021\/02\/03\/proces-de-aminata-lo-ses-avocats-evoquent-letat-de-necessite\/\" \/>\n<meta property=\"og:locale\" content=\"fr_FR\" \/>\n<meta property=\"og:type\" content=\"article\" \/>\n<meta property=\"og:title\" content=\"PROCES DE AMINATA LO - La d\u00e9fense \u00e9voque l&#039;\u00e9tat de n\u00e9cessit\u00e9\" \/>\n<meta property=\"og:description\" content=\"NETTALI.COM- Aminata L\u00f4, ancien ministre lib\u00e9ral, a comparu, ce mercredi, \u00e0 la barre du tribunal des flagrants d\u00e9lits de Dakar pour violation du couvre-feu, outrage et usurpation d\u2019identit\u00e9. Etant donn\u00e9 qu&#039;elle n&#039;a reconnu que le premier d\u00e9lit, ses avocats ont plaid\u00e9 la relaxe en \u00e9voquant l&#039;\u00e9tat de n\u00e9cessit\u00e9 qui a fait qu&#039;elle se trouvait dans [&hellip;]\" \/>\n<meta property=\"og:url\" content=\"https:\/\/www.nettali.com\/2021\/02\/03\/proces-de-aminata-lo-ses-avocats-evoquent-letat-de-necessite\/\" \/>\n<meta property=\"og:site_name\" content=\"Nettali.com\" \/>\n<meta property=\"article:publisher\" content=\"https:\/\/www.facebook.com\/nettalicom\" \/>\n<meta property=\"article:published_time\" content=\"2021-02-03T13:37:06+00:00\" \/>\n<meta property=\"article:modified_time\" content=\"2021-02-04T00:03:09+00:00\" \/>\n<meta property=\"og:image\" content=\"https:\/\/www.nettali.com\/wp-content\/uploads\/2021\/02\/aminata-lo.jpg\" \/>\n\t<meta property=\"og:image:width\" content=\"607\" \/>\n\t<meta property=\"og:image:height\" content=\"610\" \/>\n<meta name=\"twitter:card\" content=\"summary_large_image\" \/>\n<meta name=\"twitter:label1\" content=\"\u00c9crit par\" \/>\n\t<meta name=\"twitter:data1\" content=\"Fatou\" \/>\n\t<meta name=\"twitter:label2\" content=\"Dur\u00e9e de lecture estim\u00e9e\" \/>\n\t<meta name=\"twitter:data2\" content=\"2 minutes\" \/>\n<script type=\"application\/ld+json\" class=\"yoast-schema-graph\">{\"@context\":\"https:\/\/schema.org\",\"@graph\":[{\"@type\":\"WebSite\",\"@id\":\"https:\/\/www.nettali.com\/#website\",\"url\":\"https:\/\/www.nettali.com\/\",\"name\":\"Nettali.com\",\"description\":\"Le rendez-vous critique du Net\",\"potentialAction\":[{\"@type\":\"SearchAction\",\"target\":{\"@type\":\"EntryPoint\",\"urlTemplate\":\"https:\/\/www.nettali.com\/?s={search_term_string}\"},\"query-input\":\"required name=search_term_string\"}],\"inLanguage\":\"fr-FR\"},{\"@type\":\"ImageObject\",\"@id\":\"https:\/\/www.nettali.com\/2021\/02\/03\/proces-de-aminata-lo-ses-avocats-evoquent-letat-de-necessite\/#primaryimage\",\"inLanguage\":\"fr-FR\",\"url\":\"https:\/\/www.nettali.com\/wp-content\/uploads\/2021\/02\/aminata-lo.jpg\",\"contentUrl\":\"https:\/\/www.nettali.com\/wp-content\/uploads\/2021\/02\/aminata-lo.jpg\",\"width\":607,\"height\":610},{\"@type\":\"WebPage\",\"@id\":\"https:\/\/www.nettali.com\/2021\/02\/03\/proces-de-aminata-lo-ses-avocats-evoquent-letat-de-necessite\/#webpage\",\"url\":\"https:\/\/www.nettali.com\/2021\/02\/03\/proces-de-aminata-lo-ses-avocats-evoquent-letat-de-necessite\/\",\"name\":\"PROCES DE AMINATA LO - La d\\u00e9fense \\u00e9voque l'\\u00e9tat de n\\u00e9cessit\\u00e9 | Nettali.com\",\"isPartOf\":{\"@id\":\"https:\/\/www.nettali.com\/#website\"},\"primaryImageOfPage\":{\"@id\":\"https:\/\/www.nettali.com\/2021\/02\/03\/proces-de-aminata-lo-ses-avocats-evoquent-letat-de-necessite\/#primaryimage\"},\"datePublished\":\"2021-02-03T13:37:06+00:00\",\"dateModified\":\"2021-02-04T00:03:09+00:00\",\"author\":{\"@id\":\"https:\/\/www.nettali.com\/#\/schema\/person\/418274a86bdf87caff7a3ef476bd0bbf\"},\"breadcrumb\":{\"@id\":\"https:\/\/www.nettali.com\/2021\/02\/03\/proces-de-aminata-lo-ses-avocats-evoquent-letat-de-necessite\/#breadcrumb\"},\"inLanguage\":\"fr-FR\",\"potentialAction\":[{\"@type\":\"ReadAction\",\"target\":[\"https:\/\/www.nettali.com\/2021\/02\/03\/proces-de-aminata-lo-ses-avocats-evoquent-letat-de-necessite\/\"]}]},{\"@type\":\"BreadcrumbList\",\"@id\":\"https:\/\/www.nettali.com\/2021\/02\/03\/proces-de-aminata-lo-ses-avocats-evoquent-letat-de-necessite\/#breadcrumb\",\"itemListElement\":[{\"@type\":\"ListItem\",\"position\":1,\"name\":\"Accueil\",\"item\":\"https:\/\/www.nettali.com\/\"},{\"@type\":\"ListItem\",\"position\":2,\"name\":\"PROCES DE AMINATA LO &#8211; La d\\u00e9fense \\u00e9voque l&rsquo;\\u00e9tat de n\\u00e9cessit\\u00e9\"}]},{\"@type\":\"Person\",\"@id\":\"https:\/\/www.nettali.com\/#\/schema\/person\/418274a86bdf87caff7a3ef476bd0bbf\",\"name\":\"Fatou\",\"image\":{\"@type\":\"ImageObject\",\"@id\":\"https:\/\/www.nettali.com\/#personlogo\",\"inLanguage\":\"fr-FR\",\"url\":\"https:\/\/secure.gravatar.com\/avatar\/5a9442a2bee7b4dcf167cab035858e9a?s=96&d=mm&r=g\",\"contentUrl\":\"https:\/\/secure.gravatar.com\/avatar\/5a9442a2bee7b4dcf167cab035858e9a?s=96&d=mm&r=g\",\"caption\":\"Fatou\"},\"sameAs\":[\"https:\/\/www.nettali.com\"]}]}<\/script>\n<!-- \/ Yoast SEO Premium plugin. -->","yoast_head_json":{"title":"PROCES DE AMINATA LO - La d\u00e9fense \u00e9voque l'\u00e9tat de n\u00e9cessit\u00e9 | Nettali.com","robots":{"index":"index","follow":"follow","max-snippet":"max-snippet:-1","max-image-preview":"max-image-preview:large","max-video-preview":"max-video-preview:-1"},"canonical":"https:\/\/www.nettali.com\/2021\/02\/03\/proces-de-aminata-lo-ses-avocats-evoquent-letat-de-necessite\/","og_locale":"fr_FR","og_type":"article","og_title":"PROCES DE AMINATA LO - La d\u00e9fense \u00e9voque l'\u00e9tat de n\u00e9cessit\u00e9","og_description":"NETTALI.COM- Aminata L\u00f4, ancien ministre lib\u00e9ral, a comparu, ce mercredi, \u00e0 la barre du tribunal des flagrants d\u00e9lits de Dakar pour violation du couvre-feu, outrage et usurpation d\u2019identit\u00e9. Etant donn\u00e9 qu'elle n'a reconnu que le premier d\u00e9lit, ses avocats ont plaid\u00e9 la relaxe en \u00e9voquant l'\u00e9tat de n\u00e9cessit\u00e9 qui a fait qu'elle se trouvait dans [&hellip;]","og_url":"https:\/\/www.nettali.com\/2021\/02\/03\/proces-de-aminata-lo-ses-avocats-evoquent-letat-de-necessite\/","og_site_name":"Nettali.com","article_publisher":"https:\/\/www.facebook.com\/nettalicom","article_published_time":"2021-02-03T13:37:06+00:00","article_modified_time":"2021-02-04T00:03:09+00:00","og_image":[{"width":607,"height":610,"url":"https:\/\/www.nettali.com\/wp-content\/uploads\/2021\/02\/aminata-lo.jpg","type":"image\/jpeg"}],"twitter_card":"summary_large_image","twitter_misc":{"\u00c9crit par":"Fatou","Dur\u00e9e de lecture estim\u00e9e":"2 minutes"},"schema":{"@context":"https:\/\/schema.org","@graph":[{"@type":"WebSite","@id":"https:\/\/www.nettali.com\/#website","url":"https:\/\/www.nettali.com\/","name":"Nettali.com","description":"Le rendez-vous critique du Net","potentialAction":[{"@type":"SearchAction","target":{"@type":"EntryPoint","urlTemplate":"https:\/\/www.nettali.com\/?s={search_term_string}"},"query-input":"required name=search_term_string"}],"inLanguage":"fr-FR"},{"@type":"ImageObject","@id":"https:\/\/www.nettali.com\/2021\/02\/03\/proces-de-aminata-lo-ses-avocats-evoquent-letat-de-necessite\/#primaryimage","inLanguage":"fr-FR","url":"https:\/\/www.nettali.com\/wp-content\/uploads\/2021\/02\/aminata-lo.jpg","contentUrl":"https:\/\/www.nettali.com\/wp-content\/uploads\/2021\/02\/aminata-lo.jpg","width":607,"height":610},{"@type":"WebPage","@id":"https:\/\/www.nettali.com\/2021\/02\/03\/proces-de-aminata-lo-ses-avocats-evoquent-letat-de-necessite\/#webpage","url":"https:\/\/www.nettali.com\/2021\/02\/03\/proces-de-aminata-lo-ses-avocats-evoquent-letat-de-necessite\/","name":"PROCES DE AMINATA LO - La d\u00e9fense \u00e9voque l'\u00e9tat de n\u00e9cessit\u00e9 | Nettali.com","isPartOf":{"@id":"https:\/\/www.nettali.com\/#website"},"primaryImageOfPage":{"@id":"https:\/\/www.nettali.com\/2021\/02\/03\/proces-de-aminata-lo-ses-avocats-evoquent-letat-de-necessite\/#primaryimage"},"datePublished":"2021-02-03T13:37:06+00:00","dateModified":"2021-02-04T00:03:09+00:00","author":{"@id":"https:\/\/www.nettali.com\/#\/schema\/person\/418274a86bdf87caff7a3ef476bd0bbf"},"breadcrumb":{"@id":"https:\/\/www.nettali.com\/2021\/02\/03\/proces-de-aminata-lo-ses-avocats-evoquent-letat-de-necessite\/#breadcrumb"},"inLanguage":"fr-FR","potentialAction":[{"@type":"ReadAction","target":["https:\/\/www.nettali.com\/2021\/02\/03\/proces-de-aminata-lo-ses-avocats-evoquent-letat-de-necessite\/"]}]},{"@type":"BreadcrumbList","@id":"https:\/\/www.nettali.com\/2021\/02\/03\/proces-de-aminata-lo-ses-avocats-evoquent-letat-de-necessite\/#breadcrumb","itemListElement":[{"@type":"ListItem","position":1,"name":"Accueil","item":"https:\/\/www.nettali.com\/"},{"@type":"ListItem","position":2,"name":"PROCES DE AMINATA LO &#8211; La d\u00e9fense \u00e9voque l&rsquo;\u00e9tat de n\u00e9cessit\u00e9"}]},{"@type":"Person","@id":"https:\/\/www.nettali.com\/#\/schema\/person\/418274a86bdf87caff7a3ef476bd0bbf","name":"Fatou","image":{"@type":"ImageObject","@id":"https:\/\/www.nettali.com\/#personlogo","inLanguage":"fr-FR","url":"https:\/\/secure.gravatar.com\/avatar\/5a9442a2bee7b4dcf167cab035858e9a?s=96&d=mm&r=g","contentUrl":"https:\/\/secure.gravatar.com\/avatar\/5a9442a2bee7b4dcf167cab035858e9a?s=96&d=mm&r=g","caption":"Fatou"},"sameAs":["https:\/\/www.nettali.com"]}]}},"_links":{"self":[{"href":"https:\/\/www.nettali.com\/rest\/wp\/v2\/posts\/56875"}],"collection":[{"href":"https:\/\/www.nettali.com\/rest\/wp\/v2\/posts"}],"about":[{"href":"https:\/\/www.nettali.com\/rest\/wp\/v2\/types\/post"}],"author":[{"embeddable":true,"href":"https:\/\/www.nettali.com\/rest\/wp\/v2\/users\/6"}],"replies":[{"embeddable":true,"href":"https:\/\/www.nettali.com\/rest\/wp\/v2\/comments?post=56875"}],"version-history":[{"count":4,"href":"https:\/\/www.nettali.com\/rest\/wp\/v2\/posts\/56875\/revisions"}],"predecessor-version":[{"id":56917,"href":"https:\/\/www.nettali.com\/rest\/wp\/v2\/posts\/56875\/revisions\/56917"}],"wp:featuredmedia":[{"embeddable":true,"href":"https:\/\/www.nettali.com\/rest\/wp\/v2\/media\/56764"}],"wp:attachment":[{"href":"https:\/\/www.nettali.com\/rest\/wp\/v2\/media?parent=56875"}],"wp:term":[{"taxonomy":"category","embeddable":true,"href":"https:\/\/www.nettali.com\/rest\/wp\/v2\/categories?post=56875"},{"taxonomy":"post_tag","embeddable":true,"href":"https:\/\/www.nettali.com\/rest\/wp\/v2\/tags?post=56875"}],"curies":[{"name":"wp","href":"https:\/\/api.w.org\/{rel}","templated":true}]}}