{"id":56754,"date":"2021-02-01T14:45:57","date_gmt":"2021-02-01T14:45:57","guid":{"rendered":"https:\/\/www.nettali.com\/?p=56754"},"modified":"2021-02-01T20:19:30","modified_gmt":"2021-02-01T20:19:30","slug":"caf-ahmed-ahmad-reprend-son-poste-de-president","status":"publish","type":"post","link":"https:\/\/www.nettali.com\/2021\/02\/01\/caf-ahmed-ahmad-reprend-son-poste-de-president\/","title":{"rendered":"CAF - Ahmed Ahmad reprend son poste de Pr\u00e9sident"},"content":{"rendered":"<p class=\"summary_label\"><strong>NETTALI.COM - Quarante-huit heures apr\u00e8s la lev\u00e9e provisoire de sa suspension par le Tribunal arbitral du sport (TAS), Ahmad Ahmad reprend bel et bien son poste de pr\u00e9sident de la Conf\u00e9d\u00e9ration africaine de football (CAF). Constant Omari, qui a assur\u00e9 l'int\u00e9rim \u00e0 ce poste, a act\u00e9 cette d\u00e9cision ce dimanche 31 janvier.<\/strong><\/p>\n<div id=\"printable\" class=\"text_body\">\n<p>Encore du mouvement au sommet de la CAF. Deux mois et demi apr\u00e8s avoir \u00e9t\u00e9 destitu\u00e9 de son mandat de pr\u00e9sident par la Fifa, Ahmad Ahmad est de retour. Le dirigeant malgache avait re\u00e7u un premier avis favorable vendredi 29 janvier, quand le TAS avait mis en place une \u00ab proc\u00e9dure acc\u00e9l\u00e9r\u00e9e \u00bb pour se pencher sur les accusations dont il fait l'objet, et avait suspendu provisoirement les sanctions prises par la Fifa.<\/p>\n<p>Ce dimanche 31 janvier, la CAF officialise ce que la d\u00e9cision du TAS laissait entendre : non seulement, Ahmad Ahmad peut mener campagne pour les prochaines \u00e9lections \u00e0 la pr\u00e9sidence de la CAF, mais en plus, la suspension des sanctions entra\u00eene son retour au poste de pr\u00e9sident de la CAF.<\/p>\n<p><strong>Ahmad Ahmad remercie Constant Omari pour son int\u00e9rim<\/strong><\/p>\n<p>Insistant bien sur le caract\u00e8re suspensif de la d\u00e9cision du TAS, la CAF \u00e9tablit que, \u00ab par cons\u00e9quent, il (Ahmad Ahmad) a retrouv\u00e9 sa fonction \u00bb. Constant Omari, qui a succ\u00e9d\u00e9 \u00e0 Ahmad Ahmad par int\u00e9rim, a convoqu\u00e9 par visio-conf\u00e9rence le Comit\u00e9 d'urgence de la CAF ce dimanche et a \u00ab pris acte de la d\u00e9cision du TAS \u00bb. Le communiqu\u00e9 ajoute que l'homme politique malgache \u00ab va saisir la Commission de gouvernance de la CAF d\u00e8s ce lundi \u00bb 1er f\u00e9vrier, \u00e0 propos de sa candidature aux \u00e9lections du 12 mars pour la pr\u00e9sidence de la CAF.<\/p>\n<p>\u00ab Je remercie chaleureusement Constant Omari d\u2019avoir assur\u00e9 la pr\u00e9sidence ces derni\u00e8res semaines. Il a notamment mis en \u0153uvre avec brio l\u2019organisation du CHAN TOTAL Cameroun 2020. Je vais mener \u00e0 son terme cette magnifique comp\u00e9tition, et permettre que le football, comme toujours, triomphe \u00bb, d\u00e9clare Ahmad Ahmad, qui avait succ\u00e9d\u00e9 \u00e0 Issa Hayatou \u00e0 la pr\u00e9sidence de la CAF en mars 2017.<\/p>\n<p>L'Ivoirien Jacques Anouma, le Sud-Africain Patrice Motsepe, le S\u00e9n\u00e9galais Augustin Senghor et le Mauritanien Ahmed Yahya sont \u00e9galement en lice pour les \u00e9lections du 12 mars. Des \u00e9lections auxquelles Ahmad Ahmad, r\u00e9tabli dans sa fonction de pr\u00e9sident, pourra peut-\u00eatre prendre part. Le TAS doit examiner son cas le 2 mars et se prononcer avant le 12 mars.<\/p>\n<p><strong>Avec RFI<\/strong><\/p>\n<\/div>\n<div class='share-to-whatsapp-wrapper'><div class='share-on-whsp'>PARTAGER SUR : <\/div><a data-text='CAF - Ahmed Ahmad reprend son poste de Pr\u00e9sident' data-link='https:\/\/www.nettali.com\/2021\/02\/01\/caf-ahmed-ahmad-reprend-son-poste-de-president\/' class='whatsapp-button whatsapp-share'>WhatsApp<\/a><div class='clear '><\/div><\/div>","protected":false},"excerpt":{"rendered":"<p>NETTALI.COM - Quarante-huit heures apr\u00e8s la lev\u00e9e provisoire de sa suspension par le Tribunal arbitral du sport (TAS), Ahmad Ahmad reprend bel et bien son poste de pr\u00e9sident de la Conf\u00e9d\u00e9ration africaine de football (CAF). Constant Omari, qui a assur\u00e9 l'int\u00e9rim \u00e0 ce poste, a act\u00e9 cette d\u00e9cision ce dimanche 31 janvier. Encore du mouvement [&hellip;]<\/p>\n","protected":false},"author":4,"featured_media":10950,"comment_status":"open","ping_status":"open","sticky":false,"template":"","format":"standard","meta":{"_et_pb_use_builder":"","_et_pb_old_content":""},"categories":[6],"tags":[],"yoast_head":"<!-- This site is optimized with the Yoast SEO Premium plugin v17.8 (Yoast SEO v17.8) - https:\/\/yoast.com\/wordpress\/plugins\/seo\/ -->\n<title>CAF - Ahmed Ahmad reprend son poste de Pr\u00e9sident | Nettali.com<\/title>\n<meta name=\"robots\" content=\"index, follow, max-snippet:-1, max-image-preview:large, max-video-preview:-1\" \/>\n<link rel=\"canonical\" href=\"https:\/\/www.nettali.com\/2021\/02\/01\/caf-ahmed-ahmad-reprend-son-poste-de-president\/\" \/>\n<meta property=\"og:locale\" content=\"fr_FR\" \/>\n<meta property=\"og:type\" content=\"article\" \/>\n<meta property=\"og:title\" content=\"CAF - Ahmed Ahmad reprend son poste de Pr\u00e9sident\" \/>\n<meta property=\"og:description\" content=\"NETTALI.COM - Quarante-huit heures apr\u00e8s la lev\u00e9e provisoire de sa suspension par le Tribunal arbitral du sport (TAS), Ahmad Ahmad reprend bel et bien son poste de pr\u00e9sident de la Conf\u00e9d\u00e9ration africaine de football (CAF). Constant Omari, qui a assur\u00e9 l&#039;int\u00e9rim \u00e0 ce poste, a act\u00e9 cette d\u00e9cision ce dimanche 31 janvier. Encore du mouvement [&hellip;]\" \/>\n<meta property=\"og:url\" content=\"https:\/\/www.nettali.com\/2021\/02\/01\/caf-ahmed-ahmad-reprend-son-poste-de-president\/\" \/>\n<meta property=\"og:site_name\" content=\"Nettali.com\" \/>\n<meta property=\"article:publisher\" content=\"https:\/\/www.facebook.com\/nettalicom\" \/>\n<meta property=\"article:published_time\" content=\"2021-02-01T14:45:57+00:00\" \/>\n<meta property=\"article:modified_time\" content=\"2021-02-01T20:19:30+00:00\" \/>\n<meta property=\"og:image\" content=\"https:\/\/www.nettali.com\/wp-content\/uploads\/2019\/06\/ahmed.jpg\" \/>\n\t<meta property=\"og:image:width\" content=\"1200\" \/>\n\t<meta property=\"og:image:height\" content=\"673\" \/>\n<meta name=\"twitter:card\" content=\"summary_large_image\" \/>\n<meta name=\"twitter:label1\" content=\"\u00c9crit par\" \/>\n\t<meta name=\"twitter:data1\" content=\"Daouda\" \/>\n\t<meta name=\"twitter:label2\" content=\"Dur\u00e9e de lecture estim\u00e9e\" \/>\n\t<meta name=\"twitter:data2\" content=\"2 minutes\" \/>\n<script type=\"application\/ld+json\" class=\"yoast-schema-graph\">{\"@context\":\"https:\/\/schema.org\",\"@graph\":[{\"@type\":\"WebSite\",\"@id\":\"https:\/\/www.nettali.com\/#website\",\"url\":\"https:\/\/www.nettali.com\/\",\"name\":\"Nettali.com\",\"description\":\"Le rendez-vous critique du Net\",\"potentialAction\":[{\"@type\":\"SearchAction\",\"target\":{\"@type\":\"EntryPoint\",\"urlTemplate\":\"https:\/\/www.nettali.com\/?s={search_term_string}\"},\"query-input\":\"required name=search_term_string\"}],\"inLanguage\":\"fr-FR\"},{\"@type\":\"ImageObject\",\"@id\":\"https:\/\/www.nettali.com\/2021\/02\/01\/caf-ahmed-ahmad-reprend-son-poste-de-president\/#primaryimage\",\"inLanguage\":\"fr-FR\",\"url\":\"https:\/\/www.nettali.com\/wp-content\/uploads\/2019\/06\/ahmed.jpg\",\"contentUrl\":\"https:\/\/www.nettali.com\/wp-content\/uploads\/2019\/06\/ahmed.jpg\",\"width\":1200,\"height\":673},{\"@type\":\"WebPage\",\"@id\":\"https:\/\/www.nettali.com\/2021\/02\/01\/caf-ahmed-ahmad-reprend-son-poste-de-president\/#webpage\",\"url\":\"https:\/\/www.nettali.com\/2021\/02\/01\/caf-ahmed-ahmad-reprend-son-poste-de-president\/\",\"name\":\"CAF - Ahmed Ahmad reprend son poste de Pr\\u00e9sident | Nettali.com\",\"isPartOf\":{\"@id\":\"https:\/\/www.nettali.com\/#website\"},\"primaryImageOfPage\":{\"@id\":\"https:\/\/www.nettali.com\/2021\/02\/01\/caf-ahmed-ahmad-reprend-son-poste-de-president\/#primaryimage\"},\"datePublished\":\"2021-02-01T14:45:57+00:00\",\"dateModified\":\"2021-02-01T20:19:30+00:00\",\"author\":{\"@id\":\"https:\/\/www.nettali.com\/#\/schema\/person\/3317e0bb3aa1da309fbf7b2780901bf4\"},\"breadcrumb\":{\"@id\":\"https:\/\/www.nettali.com\/2021\/02\/01\/caf-ahmed-ahmad-reprend-son-poste-de-president\/#breadcrumb\"},\"inLanguage\":\"fr-FR\",\"potentialAction\":[{\"@type\":\"ReadAction\",\"target\":[\"https:\/\/www.nettali.com\/2021\/02\/01\/caf-ahmed-ahmad-reprend-son-poste-de-president\/\"]}]},{\"@type\":\"BreadcrumbList\",\"@id\":\"https:\/\/www.nettali.com\/2021\/02\/01\/caf-ahmed-ahmad-reprend-son-poste-de-president\/#breadcrumb\",\"itemListElement\":[{\"@type\":\"ListItem\",\"position\":1,\"name\":\"Accueil\",\"item\":\"https:\/\/www.nettali.com\/\"},{\"@type\":\"ListItem\",\"position\":2,\"name\":\"CAF &#8211; Ahmed Ahmad reprend son poste de Pr\\u00e9sident\"}]},{\"@type\":\"Person\",\"@id\":\"https:\/\/www.nettali.com\/#\/schema\/person\/3317e0bb3aa1da309fbf7b2780901bf4\",\"name\":\"Daouda\",\"image\":{\"@type\":\"ImageObject\",\"@id\":\"https:\/\/www.nettali.com\/#personlogo\",\"inLanguage\":\"fr-FR\",\"url\":\"https:\/\/secure.gravatar.com\/avatar\/8d143b5a49345098ddcfee1c49c2f47c?s=96&d=mm&r=g\",\"contentUrl\":\"https:\/\/secure.gravatar.com\/avatar\/8d143b5a49345098ddcfee1c49c2f47c?s=96&d=mm&r=g\",\"caption\":\"Daouda\"},\"sameAs\":[\"https:\/\/www.nettali.com\"]}]}<\/script>\n<!-- \/ Yoast SEO Premium plugin. -->","yoast_head_json":{"title":"CAF - Ahmed Ahmad reprend son poste de Pr\u00e9sident | Nettali.com","robots":{"index":"index","follow":"follow","max-snippet":"max-snippet:-1","max-image-preview":"max-image-preview:large","max-video-preview":"max-video-preview:-1"},"canonical":"https:\/\/www.nettali.com\/2021\/02\/01\/caf-ahmed-ahmad-reprend-son-poste-de-president\/","og_locale":"fr_FR","og_type":"article","og_title":"CAF - Ahmed Ahmad reprend son poste de Pr\u00e9sident","og_description":"NETTALI.COM - Quarante-huit heures apr\u00e8s la lev\u00e9e provisoire de sa suspension par le Tribunal arbitral du sport (TAS), Ahmad Ahmad reprend bel et bien son poste de pr\u00e9sident de la Conf\u00e9d\u00e9ration africaine de football (CAF). Constant Omari, qui a assur\u00e9 l'int\u00e9rim \u00e0 ce poste, a act\u00e9 cette d\u00e9cision ce dimanche 31 janvier. Encore du mouvement [&hellip;]","og_url":"https:\/\/www.nettali.com\/2021\/02\/01\/caf-ahmed-ahmad-reprend-son-poste-de-president\/","og_site_name":"Nettali.com","article_publisher":"https:\/\/www.facebook.com\/nettalicom","article_published_time":"2021-02-01T14:45:57+00:00","article_modified_time":"2021-02-01T20:19:30+00:00","og_image":[{"width":1200,"height":673,"url":"https:\/\/www.nettali.com\/wp-content\/uploads\/2019\/06\/ahmed.jpg","type":"image\/jpeg"}],"twitter_card":"summary_large_image","twitter_misc":{"\u00c9crit par":"Daouda","Dur\u00e9e de lecture estim\u00e9e":"2 minutes"},"schema":{"@context":"https:\/\/schema.org","@graph":[{"@type":"WebSite","@id":"https:\/\/www.nettali.com\/#website","url":"https:\/\/www.nettali.com\/","name":"Nettali.com","description":"Le rendez-vous critique du Net","potentialAction":[{"@type":"SearchAction","target":{"@type":"EntryPoint","urlTemplate":"https:\/\/www.nettali.com\/?s={search_term_string}"},"query-input":"required name=search_term_string"}],"inLanguage":"fr-FR"},{"@type":"ImageObject","@id":"https:\/\/www.nettali.com\/2021\/02\/01\/caf-ahmed-ahmad-reprend-son-poste-de-president\/#primaryimage","inLanguage":"fr-FR","url":"https:\/\/www.nettali.com\/wp-content\/uploads\/2019\/06\/ahmed.jpg","contentUrl":"https:\/\/www.nettali.com\/wp-content\/uploads\/2019\/06\/ahmed.jpg","width":1200,"height":673},{"@type":"WebPage","@id":"https:\/\/www.nettali.com\/2021\/02\/01\/caf-ahmed-ahmad-reprend-son-poste-de-president\/#webpage","url":"https:\/\/www.nettali.com\/2021\/02\/01\/caf-ahmed-ahmad-reprend-son-poste-de-president\/","name":"CAF - Ahmed Ahmad reprend son poste de Pr\u00e9sident | Nettali.com","isPartOf":{"@id":"https:\/\/www.nettali.com\/#website"},"primaryImageOfPage":{"@id":"https:\/\/www.nettali.com\/2021\/02\/01\/caf-ahmed-ahmad-reprend-son-poste-de-president\/#primaryimage"},"datePublished":"2021-02-01T14:45:57+00:00","dateModified":"2021-02-01T20:19:30+00:00","author":{"@id":"https:\/\/www.nettali.com\/#\/schema\/person\/3317e0bb3aa1da309fbf7b2780901bf4"},"breadcrumb":{"@id":"https:\/\/www.nettali.com\/2021\/02\/01\/caf-ahmed-ahmad-reprend-son-poste-de-president\/#breadcrumb"},"inLanguage":"fr-FR","potentialAction":[{"@type":"ReadAction","target":["https:\/\/www.nettali.com\/2021\/02\/01\/caf-ahmed-ahmad-reprend-son-poste-de-president\/"]}]},{"@type":"BreadcrumbList","@id":"https:\/\/www.nettali.com\/2021\/02\/01\/caf-ahmed-ahmad-reprend-son-poste-de-president\/#breadcrumb","itemListElement":[{"@type":"ListItem","position":1,"name":"Accueil","item":"https:\/\/www.nettali.com\/"},{"@type":"ListItem","position":2,"name":"CAF &#8211; Ahmed Ahmad reprend son poste de Pr\u00e9sident"}]},{"@type":"Person","@id":"https:\/\/www.nettali.com\/#\/schema\/person\/3317e0bb3aa1da309fbf7b2780901bf4","name":"Daouda","image":{"@type":"ImageObject","@id":"https:\/\/www.nettali.com\/#personlogo","inLanguage":"fr-FR","url":"https:\/\/secure.gravatar.com\/avatar\/8d143b5a49345098ddcfee1c49c2f47c?s=96&d=mm&r=g","contentUrl":"https:\/\/secure.gravatar.com\/avatar\/8d143b5a49345098ddcfee1c49c2f47c?s=96&d=mm&r=g","caption":"Daouda"},"sameAs":["https:\/\/www.nettali.com"]}]}},"_links":{"self":[{"href":"https:\/\/www.nettali.com\/rest\/wp\/v2\/posts\/56754"}],"collection":[{"href":"https:\/\/www.nettali.com\/rest\/wp\/v2\/posts"}],"about":[{"href":"https:\/\/www.nettali.com\/rest\/wp\/v2\/types\/post"}],"author":[{"embeddable":true,"href":"https:\/\/www.nettali.com\/rest\/wp\/v2\/users\/4"}],"replies":[{"embeddable":true,"href":"https:\/\/www.nettali.com\/rest\/wp\/v2\/comments?post=56754"}],"version-history":[{"count":2,"href":"https:\/\/www.nettali.com\/rest\/wp\/v2\/posts\/56754\/revisions"}],"predecessor-version":[{"id":56766,"href":"https:\/\/www.nettali.com\/rest\/wp\/v2\/posts\/56754\/revisions\/56766"}],"wp:featuredmedia":[{"embeddable":true,"href":"https:\/\/www.nettali.com\/rest\/wp\/v2\/media\/10950"}],"wp:attachment":[{"href":"https:\/\/www.nettali.com\/rest\/wp\/v2\/media?parent=56754"}],"wp:term":[{"taxonomy":"category","embeddable":true,"href":"https:\/\/www.nettali.com\/rest\/wp\/v2\/categories?post=56754"},{"taxonomy":"post_tag","embeddable":true,"href":"https:\/\/www.nettali.com\/rest\/wp\/v2\/tags?post=56754"}],"curies":[{"name":"wp","href":"https:\/\/api.w.org\/{rel}","templated":true}]}}