{"id":56721,"date":"2021-02-01T10:01:13","date_gmt":"2021-02-01T10:01:13","guid":{"rendered":"https:\/\/www.nettali.com\/?p=56721"},"modified":"2021-02-01T14:15:08","modified_gmt":"2021-02-01T14:15:08","slug":"impact-economique-du-covid-19-khadim-bamba-diagne-emet-des-reserves-sur-les-restrictions","status":"publish","type":"post","link":"https:\/\/www.nettali.com\/2021\/02\/01\/impact-economique-du-covid-19-khadim-bamba-diagne-emet-des-reserves-sur-les-restrictions\/","title":{"rendered":"IMPACT ECONOMIQUE DU COVID-19 \u2013 Khadim Bamba Diagne \u00e9met des r\u00e9serves sur les restrictions"},"content":{"rendered":"<p><strong>NETTALI.COM - Docteur en \u00e9conomie, KhadimBamba Diagne \u00e9met des r\u00e9serves sur les restrictions et esp\u00e8re qu\u2019elles seront bient\u00f4t suspendues, pour des raisons \u00e9conomiques.<\/strong><\/p>\n<p><strong>\u00a0<\/strong>Le S\u00e9n\u00e9gal vit de plein fouet la seconde vague avec son lot de restrictions. Est-ce que notre \u00e9conomie peut la supporter ? Dans un entretien accord\u00e9 au quotidien Enqu\u00eate, l\u2019\u00e9conomiste Khadim Bamba Diagne croit savoir que\u00a0 \u00ab\u00a0<em>cela risque d\u2019\u00eatre tr\u00e8s compliqu\u00e9, pour ne pas dire que c\u2019est impossible<\/em>\u00a0\u00bb. <em>\u00ab\u00a0D\u2019abord, le taux d\u2019endettement est d\u00e9j\u00e0 trop \u00e9lev\u00e9, fr\u00f4lant la limite des 70 % (crit\u00e8re de convergence de l\u2019UEMOA). Certes, on n\u2019est pas tenu de rester sous la barre de ces 70 %, mais ce sera \u00e0 nos risques et p\u00e9rils. Nous perdons notre cr\u00e9dibilit\u00e9 sur le march\u00e9 international, si on d\u00e9passe ce seuil. Certains bailleurs ou Etats partenaires peuvent nous pr\u00eater avec des taux d\u2019int\u00e9r\u00eat tr\u00e8s \u00e9lev\u00e9s<\/em>\u00a0\u00bb, dit-il.<\/p>\n<p>\u00ab\u00a0<em>Sur un autre plan<\/em>, fait-il remarquer, <em>il y a une diminution du volume des recettes fiscales. Il faut savoir que l\u2019Etat gagne sur presque toutes les transactions. Si l\u2019activit\u00e9 baisse, les recettes de l\u2019Etat vont baisser. Et comme l\u2019\u00e9conomie n\u2019aime pas les incertitudes, les gens vont diminuer leurs d\u00e9penses pour se pr\u00e9munir. Cela entraine une baisse de la consommation, qui va se r\u00e9percuter sur les recettes de l\u2019Etat<\/em>\u00a0\u00bb.<\/p>\n<p>Khadim Bamba Diagne d\u2019avancer \u00a0que le grand perdant de tout \u00e7a, c\u2019est l\u2019Etat et les prochaines g\u00e9n\u00e9rations.\u00a0\u00ab\u00a0<em>On est en train de prendre l\u2019argent de la prochaine g\u00e9n\u00e9ration qui va supporter l\u2019endettement, pour prot\u00e9ger la g\u00e9n\u00e9ration actuelle. On peut quand m\u00eame<\/em>\u00a0<em>esp\u00e9rer que si Abdoulaye Daouda Diallo fait l\u2019\u00e9tat des finances au pr\u00e9sident de la R\u00e9publique, au mois de janvier, ce dernier va peut-\u00eatre revoir ses d\u00e9cisions<\/em>\u00bb, mentionne-t-il.<\/p>\n<p>A la question de savoir si un durcissement des mesures n\u2019est pas \u00e9conomiquement envisageable, l\u2019\u00e9conomiste r\u00e9torque\u00a0: \u00ab\u00a0<em>Tout d\u00e9pend des informations que le ministre des Finances donnera au pr\u00e9sident de la R\u00e9publique. Si on constate une baisse drastique des recettes, alors que les d\u00e9penses augmentent, je pense que le gouvernement sera oblig\u00e9 de revoir sa copie. Rappelons que quand le pr\u00e9sident de la R\u00e9publique prenait les mesures d\u2019assouplissement, lors de la premi\u00e8re vague, le virus \u00e9tait encore l\u00e0. Si de telles mesures avaient \u00e9t\u00e9 prises pour des raisons sanitaires, elles ont \u00e9t\u00e9 suspendues pour des raisons \u00e9conomiques. Si la m\u00eame situation se pose, je pense qu\u2019il va adopter la m\u00eame posture. Si, malgr\u00e9 une baisse des recettes, on s\u2019ent\u00eate \u00e0 maintenir les mesures, c\u2019est que l\u2019Etat veut se pendre. Il s\u2019est pendu, mais il a les moyens d\u2019enlever la corde. Il faut savoir que m\u00eame les pays d\u00e9velopp\u00e9s, \u00e0 un moment donn\u00e9, se sont rendu compte qu\u2019ils ne peuvent mettre en \u0153uvre certaines mesures, m\u00eame si la situation sanitaire le recommandait. Jusqu\u2019\u00e0 pr\u00e9sent, ils sont h\u00e9sitants. Au S\u00e9n\u00e9gal, on a l\u2019impression que les gens d\u00e9couvrent la mort, qu\u2019ils ne l\u2019ont jamais connue auparavant<\/em>\u00a0\u00bb.<\/p>\n<p>&nbsp;<\/p>\n<p>&nbsp;<\/p>\n<div class='share-to-whatsapp-wrapper'><div class='share-on-whsp'>PARTAGER SUR : <\/div><a data-text='IMPACT ECONOMIQUE DU COVID-19 \u2013 Khadim Bamba Diagne \u00e9met des r\u00e9serves sur les restrictions' data-link='https:\/\/www.nettali.com\/2021\/02\/01\/impact-economique-du-covid-19-khadim-bamba-diagne-emet-des-reserves-sur-les-restrictions\/' class='whatsapp-button whatsapp-share'>WhatsApp<\/a><div class='clear '><\/div><\/div>","protected":false},"excerpt":{"rendered":"<p>NETTALI.COM - Docteur en \u00e9conomie, KhadimBamba Diagne \u00e9met des r\u00e9serves sur les restrictions et esp\u00e8re qu\u2019elles seront bient\u00f4t suspendues, pour des raisons \u00e9conomiques. \u00a0Le S\u00e9n\u00e9gal vit de plein fouet la seconde vague avec son lot de restrictions. Est-ce que notre \u00e9conomie peut la supporter ? Dans un entretien accord\u00e9 au quotidien Enqu\u00eate, l\u2019\u00e9conomiste Khadim Bamba [&hellip;]<\/p>\n","protected":false},"author":11,"featured_media":56722,"comment_status":"open","ping_status":"open","sticky":false,"template":"","format":"standard","meta":{"_et_pb_use_builder":"","_et_pb_old_content":""},"categories":[4],"tags":[],"yoast_head":"<!-- This site is optimized with the Yoast SEO Premium plugin v17.8 (Yoast SEO v17.8) - https:\/\/yoast.com\/wordpress\/plugins\/seo\/ -->\n<title>IMPACT ECONOMIQUE DU COVID-19 \u2013 Khadim Bamba Diagne \u00e9met des r\u00e9serves sur les restrictions | Nettali.com<\/title>\n<meta name=\"robots\" content=\"index, follow, max-snippet:-1, max-image-preview:large, max-video-preview:-1\" \/>\n<link rel=\"canonical\" href=\"https:\/\/www.nettali.com\/2021\/02\/01\/impact-economique-du-covid-19-khadim-bamba-diagne-emet-des-reserves-sur-les-restrictions\/\" \/>\n<meta property=\"og:locale\" content=\"fr_FR\" \/>\n<meta property=\"og:type\" content=\"article\" \/>\n<meta property=\"og:title\" content=\"IMPACT ECONOMIQUE DU COVID-19 \u2013 Khadim Bamba Diagne \u00e9met des r\u00e9serves sur les restrictions\" \/>\n<meta property=\"og:description\" content=\"NETTALI.COM - Docteur en \u00e9conomie, KhadimBamba Diagne \u00e9met des r\u00e9serves sur les restrictions et esp\u00e8re qu\u2019elles seront bient\u00f4t suspendues, pour des raisons \u00e9conomiques. \u00a0Le S\u00e9n\u00e9gal vit de plein fouet la seconde vague avec son lot de restrictions. Est-ce que notre \u00e9conomie peut la supporter ? Dans un entretien accord\u00e9 au quotidien Enqu\u00eate, l\u2019\u00e9conomiste Khadim Bamba [&hellip;]\" \/>\n<meta property=\"og:url\" content=\"https:\/\/www.nettali.com\/2021\/02\/01\/impact-economique-du-covid-19-khadim-bamba-diagne-emet-des-reserves-sur-les-restrictions\/\" \/>\n<meta property=\"og:site_name\" content=\"Nettali.com\" \/>\n<meta property=\"article:publisher\" content=\"https:\/\/www.facebook.com\/nettalicom\" \/>\n<meta property=\"article:published_time\" content=\"2021-02-01T10:01:13+00:00\" \/>\n<meta property=\"article:modified_time\" content=\"2021-02-01T14:15:08+00:00\" \/>\n<meta property=\"og:image\" content=\"https:\/\/www.nettali.com\/wp-content\/uploads\/2021\/02\/Dr-Khadim-Bamba-Diagne.jpg\" \/>\n\t<meta property=\"og:image:width\" content=\"650\" \/>\n\t<meta property=\"og:image:height\" content=\"431\" \/>\n<meta name=\"twitter:card\" content=\"summary_large_image\" \/>\n<meta name=\"twitter:label1\" content=\"\u00c9crit par\" \/>\n\t<meta name=\"twitter:data1\" content=\"Thierno Diop\" \/>\n\t<meta name=\"twitter:label2\" content=\"Dur\u00e9e de lecture estim\u00e9e\" \/>\n\t<meta name=\"twitter:data2\" content=\"3 minutes\" \/>\n<script type=\"application\/ld+json\" class=\"yoast-schema-graph\">{\"@context\":\"https:\/\/schema.org\",\"@graph\":[{\"@type\":\"WebSite\",\"@id\":\"https:\/\/www.nettali.com\/#website\",\"url\":\"https:\/\/www.nettali.com\/\",\"name\":\"Nettali.com\",\"description\":\"Le rendez-vous critique du Net\",\"potentialAction\":[{\"@type\":\"SearchAction\",\"target\":{\"@type\":\"EntryPoint\",\"urlTemplate\":\"https:\/\/www.nettali.com\/?s={search_term_string}\"},\"query-input\":\"required name=search_term_string\"}],\"inLanguage\":\"fr-FR\"},{\"@type\":\"ImageObject\",\"@id\":\"https:\/\/www.nettali.com\/2021\/02\/01\/impact-economique-du-covid-19-khadim-bamba-diagne-emet-des-reserves-sur-les-restrictions\/#primaryimage\",\"inLanguage\":\"fr-FR\",\"url\":\"https:\/\/www.nettali.com\/wp-content\/uploads\/2021\/02\/Dr-Khadim-Bamba-Diagne.jpg\",\"contentUrl\":\"https:\/\/www.nettali.com\/wp-content\/uploads\/2021\/02\/Dr-Khadim-Bamba-Diagne.jpg\",\"width\":650,\"height\":431},{\"@type\":\"WebPage\",\"@id\":\"https:\/\/www.nettali.com\/2021\/02\/01\/impact-economique-du-covid-19-khadim-bamba-diagne-emet-des-reserves-sur-les-restrictions\/#webpage\",\"url\":\"https:\/\/www.nettali.com\/2021\/02\/01\/impact-economique-du-covid-19-khadim-bamba-diagne-emet-des-reserves-sur-les-restrictions\/\",\"name\":\"IMPACT ECONOMIQUE DU COVID-19 \\u2013 Khadim Bamba Diagne \\u00e9met des r\\u00e9serves sur les restrictions | Nettali.com\",\"isPartOf\":{\"@id\":\"https:\/\/www.nettali.com\/#website\"},\"primaryImageOfPage\":{\"@id\":\"https:\/\/www.nettali.com\/2021\/02\/01\/impact-economique-du-covid-19-khadim-bamba-diagne-emet-des-reserves-sur-les-restrictions\/#primaryimage\"},\"datePublished\":\"2021-02-01T10:01:13+00:00\",\"dateModified\":\"2021-02-01T14:15:08+00:00\",\"author\":{\"@id\":\"https:\/\/www.nettali.com\/#\/schema\/person\/8a06c6bd7b19304cf4bf985862900b5b\"},\"breadcrumb\":{\"@id\":\"https:\/\/www.nettali.com\/2021\/02\/01\/impact-economique-du-covid-19-khadim-bamba-diagne-emet-des-reserves-sur-les-restrictions\/#breadcrumb\"},\"inLanguage\":\"fr-FR\",\"potentialAction\":[{\"@type\":\"ReadAction\",\"target\":[\"https:\/\/www.nettali.com\/2021\/02\/01\/impact-economique-du-covid-19-khadim-bamba-diagne-emet-des-reserves-sur-les-restrictions\/\"]}]},{\"@type\":\"BreadcrumbList\",\"@id\":\"https:\/\/www.nettali.com\/2021\/02\/01\/impact-economique-du-covid-19-khadim-bamba-diagne-emet-des-reserves-sur-les-restrictions\/#breadcrumb\",\"itemListElement\":[{\"@type\":\"ListItem\",\"position\":1,\"name\":\"Accueil\",\"item\":\"https:\/\/www.nettali.com\/\"},{\"@type\":\"ListItem\",\"position\":2,\"name\":\"IMPACT ECONOMIQUE DU COVID-19 \\u2013 Khadim Bamba Diagne \\u00e9met des r\\u00e9serves sur les restrictions\"}]},{\"@type\":\"Person\",\"@id\":\"https:\/\/www.nettali.com\/#\/schema\/person\/8a06c6bd7b19304cf4bf985862900b5b\",\"name\":\"Thierno Diop\",\"image\":{\"@type\":\"ImageObject\",\"@id\":\"https:\/\/www.nettali.com\/#personlogo\",\"inLanguage\":\"fr-FR\",\"url\":\"https:\/\/secure.gravatar.com\/avatar\/c8ca58550c94fd2ac856d27391a6c866?s=96&d=mm&r=g\",\"contentUrl\":\"https:\/\/secure.gravatar.com\/avatar\/c8ca58550c94fd2ac856d27391a6c866?s=96&d=mm&r=g\",\"caption\":\"Thierno Diop\"},\"sameAs\":[\"https:\/\/nettali.com\"]}]}<\/script>\n<!-- \/ Yoast SEO Premium plugin. -->","yoast_head_json":{"title":"IMPACT ECONOMIQUE DU COVID-19 \u2013 Khadim Bamba Diagne \u00e9met des r\u00e9serves sur les restrictions | Nettali.com","robots":{"index":"index","follow":"follow","max-snippet":"max-snippet:-1","max-image-preview":"max-image-preview:large","max-video-preview":"max-video-preview:-1"},"canonical":"https:\/\/www.nettali.com\/2021\/02\/01\/impact-economique-du-covid-19-khadim-bamba-diagne-emet-des-reserves-sur-les-restrictions\/","og_locale":"fr_FR","og_type":"article","og_title":"IMPACT ECONOMIQUE DU COVID-19 \u2013 Khadim Bamba Diagne \u00e9met des r\u00e9serves sur les restrictions","og_description":"NETTALI.COM - Docteur en \u00e9conomie, KhadimBamba Diagne \u00e9met des r\u00e9serves sur les restrictions et esp\u00e8re qu\u2019elles seront bient\u00f4t suspendues, pour des raisons \u00e9conomiques. \u00a0Le S\u00e9n\u00e9gal vit de plein fouet la seconde vague avec son lot de restrictions. Est-ce que notre \u00e9conomie peut la supporter ? Dans un entretien accord\u00e9 au quotidien Enqu\u00eate, l\u2019\u00e9conomiste Khadim Bamba [&hellip;]","og_url":"https:\/\/www.nettali.com\/2021\/02\/01\/impact-economique-du-covid-19-khadim-bamba-diagne-emet-des-reserves-sur-les-restrictions\/","og_site_name":"Nettali.com","article_publisher":"https:\/\/www.facebook.com\/nettalicom","article_published_time":"2021-02-01T10:01:13+00:00","article_modified_time":"2021-02-01T14:15:08+00:00","og_image":[{"width":650,"height":431,"url":"https:\/\/www.nettali.com\/wp-content\/uploads\/2021\/02\/Dr-Khadim-Bamba-Diagne.jpg","type":"image\/jpeg"}],"twitter_card":"summary_large_image","twitter_misc":{"\u00c9crit par":"Thierno Diop","Dur\u00e9e de lecture estim\u00e9e":"3 minutes"},"schema":{"@context":"https:\/\/schema.org","@graph":[{"@type":"WebSite","@id":"https:\/\/www.nettali.com\/#website","url":"https:\/\/www.nettali.com\/","name":"Nettali.com","description":"Le rendez-vous critique du Net","potentialAction":[{"@type":"SearchAction","target":{"@type":"EntryPoint","urlTemplate":"https:\/\/www.nettali.com\/?s={search_term_string}"},"query-input":"required name=search_term_string"}],"inLanguage":"fr-FR"},{"@type":"ImageObject","@id":"https:\/\/www.nettali.com\/2021\/02\/01\/impact-economique-du-covid-19-khadim-bamba-diagne-emet-des-reserves-sur-les-restrictions\/#primaryimage","inLanguage":"fr-FR","url":"https:\/\/www.nettali.com\/wp-content\/uploads\/2021\/02\/Dr-Khadim-Bamba-Diagne.jpg","contentUrl":"https:\/\/www.nettali.com\/wp-content\/uploads\/2021\/02\/Dr-Khadim-Bamba-Diagne.jpg","width":650,"height":431},{"@type":"WebPage","@id":"https:\/\/www.nettali.com\/2021\/02\/01\/impact-economique-du-covid-19-khadim-bamba-diagne-emet-des-reserves-sur-les-restrictions\/#webpage","url":"https:\/\/www.nettali.com\/2021\/02\/01\/impact-economique-du-covid-19-khadim-bamba-diagne-emet-des-reserves-sur-les-restrictions\/","name":"IMPACT ECONOMIQUE DU COVID-19 \u2013 Khadim Bamba Diagne \u00e9met des r\u00e9serves sur les restrictions | Nettali.com","isPartOf":{"@id":"https:\/\/www.nettali.com\/#website"},"primaryImageOfPage":{"@id":"https:\/\/www.nettali.com\/2021\/02\/01\/impact-economique-du-covid-19-khadim-bamba-diagne-emet-des-reserves-sur-les-restrictions\/#primaryimage"},"datePublished":"2021-02-01T10:01:13+00:00","dateModified":"2021-02-01T14:15:08+00:00","author":{"@id":"https:\/\/www.nettali.com\/#\/schema\/person\/8a06c6bd7b19304cf4bf985862900b5b"},"breadcrumb":{"@id":"https:\/\/www.nettali.com\/2021\/02\/01\/impact-economique-du-covid-19-khadim-bamba-diagne-emet-des-reserves-sur-les-restrictions\/#breadcrumb"},"inLanguage":"fr-FR","potentialAction":[{"@type":"ReadAction","target":["https:\/\/www.nettali.com\/2021\/02\/01\/impact-economique-du-covid-19-khadim-bamba-diagne-emet-des-reserves-sur-les-restrictions\/"]}]},{"@type":"BreadcrumbList","@id":"https:\/\/www.nettali.com\/2021\/02\/01\/impact-economique-du-covid-19-khadim-bamba-diagne-emet-des-reserves-sur-les-restrictions\/#breadcrumb","itemListElement":[{"@type":"ListItem","position":1,"name":"Accueil","item":"https:\/\/www.nettali.com\/"},{"@type":"ListItem","position":2,"name":"IMPACT ECONOMIQUE DU COVID-19 \u2013 Khadim Bamba Diagne \u00e9met des r\u00e9serves sur les restrictions"}]},{"@type":"Person","@id":"https:\/\/www.nettali.com\/#\/schema\/person\/8a06c6bd7b19304cf4bf985862900b5b","name":"Thierno Diop","image":{"@type":"ImageObject","@id":"https:\/\/www.nettali.com\/#personlogo","inLanguage":"fr-FR","url":"https:\/\/secure.gravatar.com\/avatar\/c8ca58550c94fd2ac856d27391a6c866?s=96&d=mm&r=g","contentUrl":"https:\/\/secure.gravatar.com\/avatar\/c8ca58550c94fd2ac856d27391a6c866?s=96&d=mm&r=g","caption":"Thierno Diop"},"sameAs":["https:\/\/nettali.com"]}]}},"_links":{"self":[{"href":"https:\/\/www.nettali.com\/rest\/wp\/v2\/posts\/56721"}],"collection":[{"href":"https:\/\/www.nettali.com\/rest\/wp\/v2\/posts"}],"about":[{"href":"https:\/\/www.nettali.com\/rest\/wp\/v2\/types\/post"}],"author":[{"embeddable":true,"href":"https:\/\/www.nettali.com\/rest\/wp\/v2\/users\/11"}],"replies":[{"embeddable":true,"href":"https:\/\/www.nettali.com\/rest\/wp\/v2\/comments?post=56721"}],"version-history":[{"count":1,"href":"https:\/\/www.nettali.com\/rest\/wp\/v2\/posts\/56721\/revisions"}],"predecessor-version":[{"id":56723,"href":"https:\/\/www.nettali.com\/rest\/wp\/v2\/posts\/56721\/revisions\/56723"}],"wp:featuredmedia":[{"embeddable":true,"href":"https:\/\/www.nettali.com\/rest\/wp\/v2\/media\/56722"}],"wp:attachment":[{"href":"https:\/\/www.nettali.com\/rest\/wp\/v2\/media?parent=56721"}],"wp:term":[{"taxonomy":"category","embeddable":true,"href":"https:\/\/www.nettali.com\/rest\/wp\/v2\/categories?post=56721"},{"taxonomy":"post_tag","embeddable":true,"href":"https:\/\/www.nettali.com\/rest\/wp\/v2\/tags?post=56721"}],"curies":[{"name":"wp","href":"https:\/\/api.w.org\/{rel}","templated":true}]}}