{"id":56609,"date":"2021-01-29T18:32:47","date_gmt":"2021-01-29T18:32:47","guid":{"rendered":"https:\/\/www.nettali.com\/?p=56609"},"modified":"2021-01-29T18:32:47","modified_gmt":"2021-01-29T18:32:47","slug":"bayern-leon-goretzka-et-javi-martinez-positifs-au-coronavirus","status":"publish","type":"post","link":"https:\/\/www.nettali.com\/2021\/01\/29\/bayern-leon-goretzka-et-javi-martinez-positifs-au-coronavirus\/","title":{"rendered":"BAYERN - Leon Goretzka et Javi Martinez positifs au coronavirus"},"content":{"rendered":"<p><strong>NETTALI.COM - Les deux milieux de terrain bavarois, Leon Goretzka et Javi Martinez ont \u00e9t\u00e9 test\u00e9s positifs au Covid-19. Ils sont forfaits pour le match contre Hoffenheim samedi (15h30).<\/strong><\/p>\n<p>Pour la r\u00e9ception d\u2019Hoffenheim samedi, Hansi Flick va devoir se passer des services de Leon Goretzka et Javi Martinez, tous les deux positifs au Covid-19.<\/p>\n<p>\"\u00a0<em>Leon et Javi sont en quarantaine et seront absents<\/em>\u00a0\", a d\u00e9clar\u00e9 Hansi Flick.<br \/>\nAu del\u00e0 de ces des abscences dues au Coronavirus, le coach du club de la Bavi\u00e8re devra aussi se passer des services de Corentin Tolisso et de son gardien num\u00e9ro 2, Alexander N\u00fcbel, tous les deux bless\u00e9s.<\/p>\n<div class='share-to-whatsapp-wrapper'><div class='share-on-whsp'>PARTAGER SUR : <\/div><a data-text='BAYERN - Leon Goretzka et Javi Martinez positifs au coronavirus' data-link='https:\/\/www.nettali.com\/2021\/01\/29\/bayern-leon-goretzka-et-javi-martinez-positifs-au-coronavirus\/' class='whatsapp-button whatsapp-share'>WhatsApp<\/a><div class='clear '><\/div><\/div>","protected":false},"excerpt":{"rendered":"<p>NETTALI.COM - Les deux milieux de terrain bavarois, Leon Goretzka et Javi Martinez ont \u00e9t\u00e9 test\u00e9s positifs au Covid-19. Ils sont forfaits pour le match contre Hoffenheim samedi (15h30). Pour la r\u00e9ception d\u2019Hoffenheim samedi, Hansi Flick va devoir se passer des services de Leon Goretzka et Javi Martinez, tous les deux positifs au Covid-19. \"\u00a0Leon [&hellip;]<\/p>\n","protected":false},"author":5,"featured_media":56610,"comment_status":"open","ping_status":"open","sticky":false,"template":"","format":"standard","meta":{"_et_pb_use_builder":"","_et_pb_old_content":""},"categories":[6],"tags":[],"yoast_head":"<!-- This site is optimized with the Yoast SEO Premium plugin v17.8 (Yoast SEO v17.8) - https:\/\/yoast.com\/wordpress\/plugins\/seo\/ -->\n<title>BAYERN - Leon Goretzka et Javi Martinez positifs au coronavirus | Nettali.com<\/title>\n<meta name=\"robots\" content=\"index, follow, max-snippet:-1, max-image-preview:large, max-video-preview:-1\" \/>\n<link rel=\"canonical\" href=\"https:\/\/www.nettali.com\/2021\/01\/29\/bayern-leon-goretzka-et-javi-martinez-positifs-au-coronavirus\/\" \/>\n<meta property=\"og:locale\" content=\"fr_FR\" \/>\n<meta property=\"og:type\" content=\"article\" \/>\n<meta property=\"og:title\" content=\"BAYERN - Leon Goretzka et Javi Martinez positifs au coronavirus\" \/>\n<meta property=\"og:description\" content=\"NETTALI.COM - Les deux milieux de terrain bavarois, Leon Goretzka et Javi Martinez ont \u00e9t\u00e9 test\u00e9s positifs au Covid-19. Ils sont forfaits pour le match contre Hoffenheim samedi (15h30). Pour la r\u00e9ception d\u2019Hoffenheim samedi, Hansi Flick va devoir se passer des services de Leon Goretzka et Javi Martinez, tous les deux positifs au Covid-19. &quot;\u00a0Leon [&hellip;]\" \/>\n<meta property=\"og:url\" content=\"https:\/\/www.nettali.com\/2021\/01\/29\/bayern-leon-goretzka-et-javi-martinez-positifs-au-coronavirus\/\" \/>\n<meta property=\"og:site_name\" content=\"Nettali.com\" \/>\n<meta property=\"article:publisher\" content=\"https:\/\/www.facebook.com\/nettalicom\" \/>\n<meta property=\"article:published_time\" content=\"2021-01-29T18:32:47+00:00\" \/>\n<meta property=\"og:image\" content=\"https:\/\/www.nettali.com\/wp-content\/uploads\/2021\/01\/Goretzka-y-Javi-Martinez.jpg\" \/>\n\t<meta property=\"og:image:width\" content=\"770\" \/>\n\t<meta property=\"og:image:height\" content=\"470\" \/>\n<meta name=\"twitter:card\" content=\"summary_large_image\" \/>\n<meta name=\"twitter:label1\" content=\"\u00c9crit par\" \/>\n\t<meta name=\"twitter:data1\" content=\"Ibrahima\" \/>\n\t<meta name=\"twitter:label2\" content=\"Dur\u00e9e de lecture estim\u00e9e\" \/>\n\t<meta name=\"twitter:data2\" content=\"1 minute\" \/>\n<script type=\"application\/ld+json\" class=\"yoast-schema-graph\">{\"@context\":\"https:\/\/schema.org\",\"@graph\":[{\"@type\":\"WebSite\",\"@id\":\"https:\/\/www.nettali.com\/#website\",\"url\":\"https:\/\/www.nettali.com\/\",\"name\":\"Nettali.com\",\"description\":\"Le rendez-vous critique du Net\",\"potentialAction\":[{\"@type\":\"SearchAction\",\"target\":{\"@type\":\"EntryPoint\",\"urlTemplate\":\"https:\/\/www.nettali.com\/?s={search_term_string}\"},\"query-input\":\"required name=search_term_string\"}],\"inLanguage\":\"fr-FR\"},{\"@type\":\"ImageObject\",\"@id\":\"https:\/\/www.nettali.com\/2021\/01\/29\/bayern-leon-goretzka-et-javi-martinez-positifs-au-coronavirus\/#primaryimage\",\"inLanguage\":\"fr-FR\",\"url\":\"https:\/\/www.nettali.com\/wp-content\/uploads\/2021\/01\/Goretzka-y-Javi-Martinez.jpg\",\"contentUrl\":\"https:\/\/www.nettali.com\/wp-content\/uploads\/2021\/01\/Goretzka-y-Javi-Martinez.jpg\",\"width\":770,\"height\":470},{\"@type\":\"WebPage\",\"@id\":\"https:\/\/www.nettali.com\/2021\/01\/29\/bayern-leon-goretzka-et-javi-martinez-positifs-au-coronavirus\/#webpage\",\"url\":\"https:\/\/www.nettali.com\/2021\/01\/29\/bayern-leon-goretzka-et-javi-martinez-positifs-au-coronavirus\/\",\"name\":\"BAYERN - Leon Goretzka et Javi Martinez positifs au coronavirus | Nettali.com\",\"isPartOf\":{\"@id\":\"https:\/\/www.nettali.com\/#website\"},\"primaryImageOfPage\":{\"@id\":\"https:\/\/www.nettali.com\/2021\/01\/29\/bayern-leon-goretzka-et-javi-martinez-positifs-au-coronavirus\/#primaryimage\"},\"datePublished\":\"2021-01-29T18:32:47+00:00\",\"dateModified\":\"2021-01-29T18:32:47+00:00\",\"author\":{\"@id\":\"https:\/\/www.nettali.com\/#\/schema\/person\/bb147657c2986240405a608162b9bb23\"},\"breadcrumb\":{\"@id\":\"https:\/\/www.nettali.com\/2021\/01\/29\/bayern-leon-goretzka-et-javi-martinez-positifs-au-coronavirus\/#breadcrumb\"},\"inLanguage\":\"fr-FR\",\"potentialAction\":[{\"@type\":\"ReadAction\",\"target\":[\"https:\/\/www.nettali.com\/2021\/01\/29\/bayern-leon-goretzka-et-javi-martinez-positifs-au-coronavirus\/\"]}]},{\"@type\":\"BreadcrumbList\",\"@id\":\"https:\/\/www.nettali.com\/2021\/01\/29\/bayern-leon-goretzka-et-javi-martinez-positifs-au-coronavirus\/#breadcrumb\",\"itemListElement\":[{\"@type\":\"ListItem\",\"position\":1,\"name\":\"Accueil\",\"item\":\"https:\/\/www.nettali.com\/\"},{\"@type\":\"ListItem\",\"position\":2,\"name\":\"BAYERN &#8211; Leon Goretzka et Javi Martinez positifs au coronavirus\"}]},{\"@type\":\"Person\",\"@id\":\"https:\/\/www.nettali.com\/#\/schema\/person\/bb147657c2986240405a608162b9bb23\",\"name\":\"Ibrahima\",\"image\":{\"@type\":\"ImageObject\",\"@id\":\"https:\/\/www.nettali.com\/#personlogo\",\"inLanguage\":\"fr-FR\",\"url\":\"https:\/\/secure.gravatar.com\/avatar\/26a8a81f09f0dd7624c9d5c36c9ba3a2?s=96&d=mm&r=g\",\"contentUrl\":\"https:\/\/secure.gravatar.com\/avatar\/26a8a81f09f0dd7624c9d5c36c9ba3a2?s=96&d=mm&r=g\",\"caption\":\"Ibrahima\"},\"sameAs\":[\"https:\/\/www.nettali.com\"]}]}<\/script>\n<!-- \/ Yoast SEO Premium plugin. -->","yoast_head_json":{"title":"BAYERN - Leon Goretzka et Javi Martinez positifs au coronavirus | Nettali.com","robots":{"index":"index","follow":"follow","max-snippet":"max-snippet:-1","max-image-preview":"max-image-preview:large","max-video-preview":"max-video-preview:-1"},"canonical":"https:\/\/www.nettali.com\/2021\/01\/29\/bayern-leon-goretzka-et-javi-martinez-positifs-au-coronavirus\/","og_locale":"fr_FR","og_type":"article","og_title":"BAYERN - Leon Goretzka et Javi Martinez positifs au coronavirus","og_description":"NETTALI.COM - Les deux milieux de terrain bavarois, Leon Goretzka et Javi Martinez ont \u00e9t\u00e9 test\u00e9s positifs au Covid-19. Ils sont forfaits pour le match contre Hoffenheim samedi (15h30). Pour la r\u00e9ception d\u2019Hoffenheim samedi, Hansi Flick va devoir se passer des services de Leon Goretzka et Javi Martinez, tous les deux positifs au Covid-19. \"\u00a0Leon [&hellip;]","og_url":"https:\/\/www.nettali.com\/2021\/01\/29\/bayern-leon-goretzka-et-javi-martinez-positifs-au-coronavirus\/","og_site_name":"Nettali.com","article_publisher":"https:\/\/www.facebook.com\/nettalicom","article_published_time":"2021-01-29T18:32:47+00:00","og_image":[{"width":770,"height":470,"url":"https:\/\/www.nettali.com\/wp-content\/uploads\/2021\/01\/Goretzka-y-Javi-Martinez.jpg","type":"image\/jpeg"}],"twitter_card":"summary_large_image","twitter_misc":{"\u00c9crit par":"Ibrahima","Dur\u00e9e de lecture estim\u00e9e":"1 minute"},"schema":{"@context":"https:\/\/schema.org","@graph":[{"@type":"WebSite","@id":"https:\/\/www.nettali.com\/#website","url":"https:\/\/www.nettali.com\/","name":"Nettali.com","description":"Le rendez-vous critique du Net","potentialAction":[{"@type":"SearchAction","target":{"@type":"EntryPoint","urlTemplate":"https:\/\/www.nettali.com\/?s={search_term_string}"},"query-input":"required name=search_term_string"}],"inLanguage":"fr-FR"},{"@type":"ImageObject","@id":"https:\/\/www.nettali.com\/2021\/01\/29\/bayern-leon-goretzka-et-javi-martinez-positifs-au-coronavirus\/#primaryimage","inLanguage":"fr-FR","url":"https:\/\/www.nettali.com\/wp-content\/uploads\/2021\/01\/Goretzka-y-Javi-Martinez.jpg","contentUrl":"https:\/\/www.nettali.com\/wp-content\/uploads\/2021\/01\/Goretzka-y-Javi-Martinez.jpg","width":770,"height":470},{"@type":"WebPage","@id":"https:\/\/www.nettali.com\/2021\/01\/29\/bayern-leon-goretzka-et-javi-martinez-positifs-au-coronavirus\/#webpage","url":"https:\/\/www.nettali.com\/2021\/01\/29\/bayern-leon-goretzka-et-javi-martinez-positifs-au-coronavirus\/","name":"BAYERN - Leon Goretzka et Javi Martinez positifs au coronavirus | Nettali.com","isPartOf":{"@id":"https:\/\/www.nettali.com\/#website"},"primaryImageOfPage":{"@id":"https:\/\/www.nettali.com\/2021\/01\/29\/bayern-leon-goretzka-et-javi-martinez-positifs-au-coronavirus\/#primaryimage"},"datePublished":"2021-01-29T18:32:47+00:00","dateModified":"2021-01-29T18:32:47+00:00","author":{"@id":"https:\/\/www.nettali.com\/#\/schema\/person\/bb147657c2986240405a608162b9bb23"},"breadcrumb":{"@id":"https:\/\/www.nettali.com\/2021\/01\/29\/bayern-leon-goretzka-et-javi-martinez-positifs-au-coronavirus\/#breadcrumb"},"inLanguage":"fr-FR","potentialAction":[{"@type":"ReadAction","target":["https:\/\/www.nettali.com\/2021\/01\/29\/bayern-leon-goretzka-et-javi-martinez-positifs-au-coronavirus\/"]}]},{"@type":"BreadcrumbList","@id":"https:\/\/www.nettali.com\/2021\/01\/29\/bayern-leon-goretzka-et-javi-martinez-positifs-au-coronavirus\/#breadcrumb","itemListElement":[{"@type":"ListItem","position":1,"name":"Accueil","item":"https:\/\/www.nettali.com\/"},{"@type":"ListItem","position":2,"name":"BAYERN &#8211; Leon Goretzka et Javi Martinez positifs au coronavirus"}]},{"@type":"Person","@id":"https:\/\/www.nettali.com\/#\/schema\/person\/bb147657c2986240405a608162b9bb23","name":"Ibrahima","image":{"@type":"ImageObject","@id":"https:\/\/www.nettali.com\/#personlogo","inLanguage":"fr-FR","url":"https:\/\/secure.gravatar.com\/avatar\/26a8a81f09f0dd7624c9d5c36c9ba3a2?s=96&d=mm&r=g","contentUrl":"https:\/\/secure.gravatar.com\/avatar\/26a8a81f09f0dd7624c9d5c36c9ba3a2?s=96&d=mm&r=g","caption":"Ibrahima"},"sameAs":["https:\/\/www.nettali.com"]}]}},"_links":{"self":[{"href":"https:\/\/www.nettali.com\/rest\/wp\/v2\/posts\/56609"}],"collection":[{"href":"https:\/\/www.nettali.com\/rest\/wp\/v2\/posts"}],"about":[{"href":"https:\/\/www.nettali.com\/rest\/wp\/v2\/types\/post"}],"author":[{"embeddable":true,"href":"https:\/\/www.nettali.com\/rest\/wp\/v2\/users\/5"}],"replies":[{"embeddable":true,"href":"https:\/\/www.nettali.com\/rest\/wp\/v2\/comments?post=56609"}],"version-history":[{"count":1,"href":"https:\/\/www.nettali.com\/rest\/wp\/v2\/posts\/56609\/revisions"}],"predecessor-version":[{"id":56611,"href":"https:\/\/www.nettali.com\/rest\/wp\/v2\/posts\/56609\/revisions\/56611"}],"wp:featuredmedia":[{"embeddable":true,"href":"https:\/\/www.nettali.com\/rest\/wp\/v2\/media\/56610"}],"wp:attachment":[{"href":"https:\/\/www.nettali.com\/rest\/wp\/v2\/media?parent=56609"}],"wp:term":[{"taxonomy":"category","embeddable":true,"href":"https:\/\/www.nettali.com\/rest\/wp\/v2\/categories?post=56609"},{"taxonomy":"post_tag","embeddable":true,"href":"https:\/\/www.nettali.com\/rest\/wp\/v2\/tags?post=56609"}],"curies":[{"name":"wp","href":"https:\/\/api.w.org\/{rel}","templated":true}]}}