{"id":56602,"date":"2021-01-29T13:48:40","date_gmt":"2021-01-29T13:48:40","guid":{"rendered":"https:\/\/www.nettali.com\/?p=56602"},"modified":"2021-01-29T13:48:40","modified_gmt":"2021-01-29T13:48:40","slug":"par-thierno-bocoum-catastrophe-sanitaire-enfin-un-decret-est-sorti","status":"publish","type":"post","link":"https:\/\/www.nettali.com\/2021\/01\/29\/par-thierno-bocoum-catastrophe-sanitaire-enfin-un-decret-est-sorti\/","title":{"rendered":"PAR THIERNO BOCOUM - CATASTROPHE SANITAIRE, ENFIN UN DECRET EST SORTI"},"content":{"rendered":"<p><strong>CONTRIBUTION - Comme par enchantement, un d\u00e9cret en date du 22 janvier sur la mise en place d\u2019un \u00e9tat d\u2019exception est sorti ce 26 janvier et sign\u00e9 par le pr\u00e9sident de la R\u00e9publique. Ce qui veut dire que nous sommes dans un \u00e9tat d\u2019exception depuis 5 jours sans que les personnes sur qui s\u2019appliquent des mesures exceptionnelles ne soient au courant.<\/strong><\/p>\n<p>Hallucinant ! Il s\u2019y ajoute que le maintien du couvre-feu sur la base de la nouvelle loi a \u00e9t\u00e9 officiellement annonc\u00e9 comme \u00e9tant une d\u00e9cision du Pr\u00e9sident de R\u00e9publique bien avant ce 22 janvier 2021. Ce fut le cas d\u2019abord le 19 janvier \u00e0 travers un communiqu\u00e9 du ministre, porte-parole de la pr\u00e9sidence de la R\u00e9publique.<\/p>\n<p>Ensuite le 20 janvier dernier \u00e0 travers un communiqu\u00e9 du conseil des ministres. Le couvre-feu a \u00e9t\u00e9 donc maintenu dans les r\u00e9gions de Thi\u00e8s et de Dakar, en s\u2019adossant sur la nouvelle loi sans que nous ne soyons officiellement dans un \u00e9tat d\u2019exception. Pis, si nous nous penchons sur le d\u00e9cret num\u00e9ro 2021-66 proclamant l\u2019\u00e9tat de catastrophe sanitaire dans les r\u00e9gions de Thi\u00e8s et de Dakar, nous constatons d\u2019\u00e9normes failles et un acte qui creuse l\u2019ill\u00e9galit\u00e9 plus qu\u2019il ne r\u00e9tablit la l\u00e9galit\u00e9.<\/p>\n<ol>\n<li>L\u2019article premier du d\u00e9cret dispose qu\u2019 \u00ab est proclam\u00e9 pour une dur\u00e9e d\u2019un mois, \u00e0 compter du 22 janvier 2021, l\u2019\u00e9tat de catastrophe sanitaire dans les r\u00e9gions de Dakar et de Thi\u00e8s \u00bb Le terme \u00ab \u00e9tat de catastrophe \u00bb n\u2019existe pas dans la loi 2021-18 modifiant la loi 69-29 du 29 Avril 1969 relative \u00e0 l\u2019\u00e9tat d\u2019urgence et \u00e0 l\u2019\u00e9tat de si\u00e8ge. Cette loi parle de \u00ab gestion de catastrophe sanitaire \u00bb et non d\u2019 \u00ab \u00e9tat de catastrophe sanitaire \u00bb<\/li>\n<li>Si l\u2019\u00e9tat d\u2019urgence est obligatoirement proclam\u00e9 \u00e0 travers un d\u00e9cret comme c\u2019est bien pr\u00e9cis\u00e9 \u00e0 l\u2019article 2 al 2 de la loi susvis\u00e9e, la gestion des catastrophes sanitaires est faite \u00e0 travers des mesures (art 24 nouveau). La loi ne pr\u00e9voit pas qu\u2019elle soit proclam\u00e9e par d\u00e9cret. L\u2019article 24 nouveau est clair : \u00ab En cas de survenance de catastrophe naturelle ou sanitaire, il est donn\u00e9, \u00e0 l\u2019autorit\u00e9 administrative comp\u00e9tente, sans que soit proclam\u00e9 l\u2019\u00e9tat d\u2019urgence ou l\u2019\u00e9tat de si\u00e8ge, pouvoir de prendre des mesures visant \u00e0 assurer le fonctionnement normal des services publics et la protection des populations \u00bb Par cons\u00e9quent ce sont les mesures qui visent la loi qui sont attendues en cas de catastrophe sanitaire et non un d\u00e9cret portant proclamation d\u2019un \u00ab \u00e9tat d\u2019urgence sanitaire \u00bb qui n\u2019existe pas dans la loi.<\/li>\n<li>Ce sont les mesures prises dans le cadre de la gestion d\u2019une catastrophe sanitaire qui ont une dur\u00e9e d\u2019un mois renouvelable une fois et non l\u2019\u00e9tat de catastrophe sanitaire qui n\u2019existe pas. L\u2019article 24 al 2 nouveau est clair: \u00ab ces mesures peuvent notamment consister en l\u2019instauration d\u2019un couvre-feu et la limitation des d\u00e9placements sur tout ou partie du territoire national pour une dur\u00e9e d\u2019un mois renouvelable une fois \u00bb. Donc le fait de proclamer l\u2019\u00e9tat de catastrophe sanitaire pour un mois renouvelable une fois n\u2019est conforme \u00e0 aucune disposition de la loi.<\/li>\n<li>l\u2019article 2 du d\u00e9cret pr\u00e9cise que les pouvoirs \u00e9nonc\u00e9s dans la nouvelle loi sur le volet de la gestion des catastrophes sanitaires \u00ab peuvent \u00eatre exerc\u00e9s par les ministres dont l\u2019intervention est n\u00e9cessaire, les gouverneurs et les pr\u00e9fets comp\u00e9tents dans les r\u00e9gions de Dakar et de Thi\u00e8s. \u00bb M\u00eame si la loi permet effectivement \u00e0 ces autorit\u00e9s administratives d\u2019intervenir \u00e0 travers le pouvoir de d\u00e9l\u00e9gation du Pr\u00e9sident de la R\u00e9publique (art 25 nouveau al 2), il n\u2019en demeure pas moins qu\u2019il faut n\u00e9cessairement des actes mat\u00e9rialisant leur d\u00e9cision. Aujourd\u2019hui le couvre-feu est, par exemple, appliqu\u00e9 sans qu\u2019aucun acte administratif ne soit pris en conformit\u00e9 aux dispositions de la nouvelle loi. Et nous affirmions, dans une contribution du 20 janvier dernier que : \u00ab Le Pr\u00e9sident de la R\u00e9publique ne peut \u00e9videmment pas s\u2019adosser sur les arr\u00eat\u00e9s d\u00e9j\u00e0 pris par les gouverneurs de Dakar et de Thi\u00e8s; et leur doter d\u2019une l\u00e9galit\u00e9 \u00e0 travers la promulgation de la loi susvis\u00e9e. Ces arr\u00eat\u00e9s ont \u00e9t\u00e9 pris avant la promulgation de la loi et ne comportent (\u00e9videment) aucun visa faisant r\u00e9f\u00e9rence \u00e0 la nouvelle loi.<\/li>\n<\/ol>\n<p>D\u2019ailleurs le principe de la non r\u00e9troactivit\u00e9 de la loi ne peut permettre une telle gymnastique. \u00bb Il est \u00e9vident que l\u2019Etat s\u00e9n\u00e9galais a fait appliquer, en toute ill\u00e9galit\u00e9, ces arr\u00eat\u00e9s des gouverneurs jusqu\u2019\u00e0 ce 26 janvier qui marque la fin de l\u2019interdiction de circuler de 21h \u00e0 5h qui avait \u00e9t\u00e9 d\u00e9cid\u00e9e \u00e0 cet effet.<\/p>\n<p>Pour continuer le couvre-feu et les mesures d\u2019interdictions li\u00e9es \u00e0 la gestion des catastrophes sanitaires, \u00e0 la place d\u2019un arr\u00eat\u00e9 visant la nouvelle loi, le ministre de l\u2019int\u00e9rieur a pr\u00e9f\u00e9r\u00e9 sortir un communiqu\u00e9 ce mardi 26 janvier qui n\u2019a \u00e9videmment aucune valeur juridique.<\/p>\n<p>&nbsp;<\/p>\n<div class='share-to-whatsapp-wrapper'><div class='share-on-whsp'>PARTAGER SUR : <\/div><a data-text='PAR THIERNO BOCOUM - CATASTROPHE SANITAIRE, ENFIN UN DECRET EST SORTI' data-link='https:\/\/www.nettali.com\/2021\/01\/29\/par-thierno-bocoum-catastrophe-sanitaire-enfin-un-decret-est-sorti\/' class='whatsapp-button whatsapp-share'>WhatsApp<\/a><div class='clear '><\/div><\/div>","protected":false},"excerpt":{"rendered":"<p>CONTRIBUTION - Comme par enchantement, un d\u00e9cret en date du 22 janvier sur la mise en place d\u2019un \u00e9tat d\u2019exception est sorti ce 26 janvier et sign\u00e9 par le pr\u00e9sident de la R\u00e9publique. Ce qui veut dire que nous sommes dans un \u00e9tat d\u2019exception depuis 5 jours sans que les personnes sur qui s\u2019appliquent des [&hellip;]<\/p>\n","protected":false},"author":11,"featured_media":46489,"comment_status":"open","ping_status":"open","sticky":false,"template":"","format":"standard","meta":{"_et_pb_use_builder":"","_et_pb_old_content":""},"categories":[23,34933],"tags":[],"yoast_head":"<!-- This site is optimized with the Yoast SEO Premium plugin v17.8 (Yoast SEO v17.8) - https:\/\/yoast.com\/wordpress\/plugins\/seo\/ -->\n<title>PAR THIERNO BOCOUM - CATASTROPHE SANITAIRE, ENFIN UN DECRET EST SORTI | Nettali.com<\/title>\n<meta name=\"robots\" content=\"index, follow, max-snippet:-1, max-image-preview:large, max-video-preview:-1\" \/>\n<link rel=\"canonical\" href=\"https:\/\/www.nettali.com\/2021\/01\/29\/par-thierno-bocoum-catastrophe-sanitaire-enfin-un-decret-est-sorti\/\" \/>\n<meta property=\"og:locale\" content=\"fr_FR\" \/>\n<meta property=\"og:type\" content=\"article\" \/>\n<meta property=\"og:title\" content=\"PAR THIERNO BOCOUM - CATASTROPHE SANITAIRE, ENFIN UN DECRET EST SORTI\" \/>\n<meta property=\"og:description\" content=\"CONTRIBUTION - Comme par enchantement, un d\u00e9cret en date du 22 janvier sur la mise en place d\u2019un \u00e9tat d\u2019exception est sorti ce 26 janvier et sign\u00e9 par le pr\u00e9sident de la R\u00e9publique. Ce qui veut dire que nous sommes dans un \u00e9tat d\u2019exception depuis 5 jours sans que les personnes sur qui s\u2019appliquent des [&hellip;]\" \/>\n<meta property=\"og:url\" content=\"https:\/\/www.nettali.com\/2021\/01\/29\/par-thierno-bocoum-catastrophe-sanitaire-enfin-un-decret-est-sorti\/\" \/>\n<meta property=\"og:site_name\" content=\"Nettali.com\" \/>\n<meta property=\"article:publisher\" content=\"https:\/\/www.facebook.com\/nettalicom\" \/>\n<meta property=\"article:published_time\" content=\"2021-01-29T13:48:40+00:00\" \/>\n<meta property=\"og:image\" content=\"https:\/\/www.nettali.com\/wp-content\/uploads\/2020\/09\/thierno-bocoum-1.jpg\" \/>\n\t<meta property=\"og:image:width\" content=\"1280\" \/>\n\t<meta property=\"og:image:height\" content=\"720\" \/>\n<meta name=\"twitter:card\" content=\"summary_large_image\" \/>\n<meta name=\"twitter:label1\" content=\"\u00c9crit par\" \/>\n\t<meta name=\"twitter:data1\" content=\"Thierno Diop\" \/>\n\t<meta name=\"twitter:label2\" content=\"Dur\u00e9e de lecture estim\u00e9e\" \/>\n\t<meta name=\"twitter:data2\" content=\"4 minutes\" \/>\n<script type=\"application\/ld+json\" class=\"yoast-schema-graph\">{\"@context\":\"https:\/\/schema.org\",\"@graph\":[{\"@type\":\"WebSite\",\"@id\":\"https:\/\/www.nettali.com\/#website\",\"url\":\"https:\/\/www.nettali.com\/\",\"name\":\"Nettali.com\",\"description\":\"Le rendez-vous critique du Net\",\"potentialAction\":[{\"@type\":\"SearchAction\",\"target\":{\"@type\":\"EntryPoint\",\"urlTemplate\":\"https:\/\/www.nettali.com\/?s={search_term_string}\"},\"query-input\":\"required name=search_term_string\"}],\"inLanguage\":\"fr-FR\"},{\"@type\":\"ImageObject\",\"@id\":\"https:\/\/www.nettali.com\/2021\/01\/29\/par-thierno-bocoum-catastrophe-sanitaire-enfin-un-decret-est-sorti\/#primaryimage\",\"inLanguage\":\"fr-FR\",\"url\":\"https:\/\/www.nettali.com\/wp-content\/uploads\/2020\/09\/thierno-bocoum-1.jpg\",\"contentUrl\":\"https:\/\/www.nettali.com\/wp-content\/uploads\/2020\/09\/thierno-bocoum-1.jpg\",\"width\":1280,\"height\":720},{\"@type\":\"WebPage\",\"@id\":\"https:\/\/www.nettali.com\/2021\/01\/29\/par-thierno-bocoum-catastrophe-sanitaire-enfin-un-decret-est-sorti\/#webpage\",\"url\":\"https:\/\/www.nettali.com\/2021\/01\/29\/par-thierno-bocoum-catastrophe-sanitaire-enfin-un-decret-est-sorti\/\",\"name\":\"PAR THIERNO BOCOUM - CATASTROPHE SANITAIRE, ENFIN UN DECRET EST SORTI | Nettali.com\",\"isPartOf\":{\"@id\":\"https:\/\/www.nettali.com\/#website\"},\"primaryImageOfPage\":{\"@id\":\"https:\/\/www.nettali.com\/2021\/01\/29\/par-thierno-bocoum-catastrophe-sanitaire-enfin-un-decret-est-sorti\/#primaryimage\"},\"datePublished\":\"2021-01-29T13:48:40+00:00\",\"dateModified\":\"2021-01-29T13:48:40+00:00\",\"author\":{\"@id\":\"https:\/\/www.nettali.com\/#\/schema\/person\/8a06c6bd7b19304cf4bf985862900b5b\"},\"breadcrumb\":{\"@id\":\"https:\/\/www.nettali.com\/2021\/01\/29\/par-thierno-bocoum-catastrophe-sanitaire-enfin-un-decret-est-sorti\/#breadcrumb\"},\"inLanguage\":\"fr-FR\",\"potentialAction\":[{\"@type\":\"ReadAction\",\"target\":[\"https:\/\/www.nettali.com\/2021\/01\/29\/par-thierno-bocoum-catastrophe-sanitaire-enfin-un-decret-est-sorti\/\"]}]},{\"@type\":\"BreadcrumbList\",\"@id\":\"https:\/\/www.nettali.com\/2021\/01\/29\/par-thierno-bocoum-catastrophe-sanitaire-enfin-un-decret-est-sorti\/#breadcrumb\",\"itemListElement\":[{\"@type\":\"ListItem\",\"position\":1,\"name\":\"Accueil\",\"item\":\"https:\/\/www.nettali.com\/\"},{\"@type\":\"ListItem\",\"position\":2,\"name\":\"PAR THIERNO BOCOUM &#8211; CATASTROPHE SANITAIRE, ENFIN UN DECRET EST SORTI\"}]},{\"@type\":\"Person\",\"@id\":\"https:\/\/www.nettali.com\/#\/schema\/person\/8a06c6bd7b19304cf4bf985862900b5b\",\"name\":\"Thierno Diop\",\"image\":{\"@type\":\"ImageObject\",\"@id\":\"https:\/\/www.nettali.com\/#personlogo\",\"inLanguage\":\"fr-FR\",\"url\":\"https:\/\/secure.gravatar.com\/avatar\/c8ca58550c94fd2ac856d27391a6c866?s=96&d=mm&r=g\",\"contentUrl\":\"https:\/\/secure.gravatar.com\/avatar\/c8ca58550c94fd2ac856d27391a6c866?s=96&d=mm&r=g\",\"caption\":\"Thierno Diop\"},\"sameAs\":[\"https:\/\/nettali.com\"]}]}<\/script>\n<!-- \/ Yoast SEO Premium plugin. -->","yoast_head_json":{"title":"PAR THIERNO BOCOUM - CATASTROPHE SANITAIRE, ENFIN UN DECRET EST SORTI | Nettali.com","robots":{"index":"index","follow":"follow","max-snippet":"max-snippet:-1","max-image-preview":"max-image-preview:large","max-video-preview":"max-video-preview:-1"},"canonical":"https:\/\/www.nettali.com\/2021\/01\/29\/par-thierno-bocoum-catastrophe-sanitaire-enfin-un-decret-est-sorti\/","og_locale":"fr_FR","og_type":"article","og_title":"PAR THIERNO BOCOUM - CATASTROPHE SANITAIRE, ENFIN UN DECRET EST SORTI","og_description":"CONTRIBUTION - Comme par enchantement, un d\u00e9cret en date du 22 janvier sur la mise en place d\u2019un \u00e9tat d\u2019exception est sorti ce 26 janvier et sign\u00e9 par le pr\u00e9sident de la R\u00e9publique. Ce qui veut dire que nous sommes dans un \u00e9tat d\u2019exception depuis 5 jours sans que les personnes sur qui s\u2019appliquent des [&hellip;]","og_url":"https:\/\/www.nettali.com\/2021\/01\/29\/par-thierno-bocoum-catastrophe-sanitaire-enfin-un-decret-est-sorti\/","og_site_name":"Nettali.com","article_publisher":"https:\/\/www.facebook.com\/nettalicom","article_published_time":"2021-01-29T13:48:40+00:00","og_image":[{"width":1280,"height":720,"url":"https:\/\/www.nettali.com\/wp-content\/uploads\/2020\/09\/thierno-bocoum-1.jpg","type":"image\/jpeg"}],"twitter_card":"summary_large_image","twitter_misc":{"\u00c9crit par":"Thierno Diop","Dur\u00e9e de lecture estim\u00e9e":"4 minutes"},"schema":{"@context":"https:\/\/schema.org","@graph":[{"@type":"WebSite","@id":"https:\/\/www.nettali.com\/#website","url":"https:\/\/www.nettali.com\/","name":"Nettali.com","description":"Le rendez-vous critique du Net","potentialAction":[{"@type":"SearchAction","target":{"@type":"EntryPoint","urlTemplate":"https:\/\/www.nettali.com\/?s={search_term_string}"},"query-input":"required name=search_term_string"}],"inLanguage":"fr-FR"},{"@type":"ImageObject","@id":"https:\/\/www.nettali.com\/2021\/01\/29\/par-thierno-bocoum-catastrophe-sanitaire-enfin-un-decret-est-sorti\/#primaryimage","inLanguage":"fr-FR","url":"https:\/\/www.nettali.com\/wp-content\/uploads\/2020\/09\/thierno-bocoum-1.jpg","contentUrl":"https:\/\/www.nettali.com\/wp-content\/uploads\/2020\/09\/thierno-bocoum-1.jpg","width":1280,"height":720},{"@type":"WebPage","@id":"https:\/\/www.nettali.com\/2021\/01\/29\/par-thierno-bocoum-catastrophe-sanitaire-enfin-un-decret-est-sorti\/#webpage","url":"https:\/\/www.nettali.com\/2021\/01\/29\/par-thierno-bocoum-catastrophe-sanitaire-enfin-un-decret-est-sorti\/","name":"PAR THIERNO BOCOUM - CATASTROPHE SANITAIRE, ENFIN UN DECRET EST SORTI | Nettali.com","isPartOf":{"@id":"https:\/\/www.nettali.com\/#website"},"primaryImageOfPage":{"@id":"https:\/\/www.nettali.com\/2021\/01\/29\/par-thierno-bocoum-catastrophe-sanitaire-enfin-un-decret-est-sorti\/#primaryimage"},"datePublished":"2021-01-29T13:48:40+00:00","dateModified":"2021-01-29T13:48:40+00:00","author":{"@id":"https:\/\/www.nettali.com\/#\/schema\/person\/8a06c6bd7b19304cf4bf985862900b5b"},"breadcrumb":{"@id":"https:\/\/www.nettali.com\/2021\/01\/29\/par-thierno-bocoum-catastrophe-sanitaire-enfin-un-decret-est-sorti\/#breadcrumb"},"inLanguage":"fr-FR","potentialAction":[{"@type":"ReadAction","target":["https:\/\/www.nettali.com\/2021\/01\/29\/par-thierno-bocoum-catastrophe-sanitaire-enfin-un-decret-est-sorti\/"]}]},{"@type":"BreadcrumbList","@id":"https:\/\/www.nettali.com\/2021\/01\/29\/par-thierno-bocoum-catastrophe-sanitaire-enfin-un-decret-est-sorti\/#breadcrumb","itemListElement":[{"@type":"ListItem","position":1,"name":"Accueil","item":"https:\/\/www.nettali.com\/"},{"@type":"ListItem","position":2,"name":"PAR THIERNO BOCOUM &#8211; CATASTROPHE SANITAIRE, ENFIN UN DECRET EST SORTI"}]},{"@type":"Person","@id":"https:\/\/www.nettali.com\/#\/schema\/person\/8a06c6bd7b19304cf4bf985862900b5b","name":"Thierno Diop","image":{"@type":"ImageObject","@id":"https:\/\/www.nettali.com\/#personlogo","inLanguage":"fr-FR","url":"https:\/\/secure.gravatar.com\/avatar\/c8ca58550c94fd2ac856d27391a6c866?s=96&d=mm&r=g","contentUrl":"https:\/\/secure.gravatar.com\/avatar\/c8ca58550c94fd2ac856d27391a6c866?s=96&d=mm&r=g","caption":"Thierno Diop"},"sameAs":["https:\/\/nettali.com"]}]}},"_links":{"self":[{"href":"https:\/\/www.nettali.com\/rest\/wp\/v2\/posts\/56602"}],"collection":[{"href":"https:\/\/www.nettali.com\/rest\/wp\/v2\/posts"}],"about":[{"href":"https:\/\/www.nettali.com\/rest\/wp\/v2\/types\/post"}],"author":[{"embeddable":true,"href":"https:\/\/www.nettali.com\/rest\/wp\/v2\/users\/11"}],"replies":[{"embeddable":true,"href":"https:\/\/www.nettali.com\/rest\/wp\/v2\/comments?post=56602"}],"version-history":[{"count":1,"href":"https:\/\/www.nettali.com\/rest\/wp\/v2\/posts\/56602\/revisions"}],"predecessor-version":[{"id":56603,"href":"https:\/\/www.nettali.com\/rest\/wp\/v2\/posts\/56602\/revisions\/56603"}],"wp:featuredmedia":[{"embeddable":true,"href":"https:\/\/www.nettali.com\/rest\/wp\/v2\/media\/46489"}],"wp:attachment":[{"href":"https:\/\/www.nettali.com\/rest\/wp\/v2\/media?parent=56602"}],"wp:term":[{"taxonomy":"category","embeddable":true,"href":"https:\/\/www.nettali.com\/rest\/wp\/v2\/categories?post=56602"},{"taxonomy":"post_tag","embeddable":true,"href":"https:\/\/www.nettali.com\/rest\/wp\/v2\/tags?post=56602"}],"curies":[{"name":"wp","href":"https:\/\/api.w.org\/{rel}","templated":true}]}}