{"id":56532,"date":"2021-01-28T13:48:47","date_gmt":"2021-01-28T13:48:47","guid":{"rendered":"https:\/\/www.nettali.com\/?p=56532"},"modified":"2021-01-28T19:41:00","modified_gmt":"2021-01-28T19:41:00","slug":"consequence-affaire-assane-diouf-me-cire-cledor-ly-pour-la-reforme-du-systeme-judiciaire","status":"publish","type":"post","link":"https:\/\/www.nettali.com\/2021\/01\/28\/consequence-affaire-assane-diouf-me-cire-cledor-ly-pour-la-reforme-du-systeme-judiciaire\/","title":{"rendered":"CONSEQUENCE AFFAIRE ASSANE DIOUF- Me Cir\u00e9 Cl\u00e9dor Ly pour la r\u00e9forme du syst\u00e8me judiciaire"},"content":{"rendered":"<p><strong>NETTALI.COM- M\u00eame si son client est libre, Cir\u00e9 Cl\u00e9dor Ly est contre le sort qui a \u00e9t\u00e9 r\u00e9serv\u00e9 \u00e0 Assane Diouf. L\u2019avocat, visiblement insatisfait de la d\u00e9cision qui a \u00e9t\u00e9 inflig\u00e9e \u00e0 son client, constate, pour le regretter qu\u2019on soit en train de d\u00e9voyer la justice et le syst\u00e8me judiciaire. <\/strong><\/p>\n<p>\u00ab Des pouvoirs \u00e9normes sont entre les mains d\u2019un juge d\u2019instruction et du procureur qui en abusent \u00bb, a d\u00e9nonc\u00e9 l\u2019avocat qui plaide pour la r\u00e9forme de la justice. \u00ab Le syst\u00e8me judiciaire doit \u00eatre r\u00e9form\u00e9, on doit auditer le travail du procureur de la R\u00e9publique depuis qu\u2019il est l\u00e0. On doit auditer le travail du juge d\u2019instruction et de certains cabinets d\u2019instruction. On doit se poser la question de savoir pourquoi des gens sont gard\u00e9s en prison en violation des principes de la pr\u00e9somption d\u2019innocence. Le syst\u00e8me judiciaire est malade, il est en panne et l\u2019Etat de droit est en train de partir en lambeaux. Il y a des abus de qualification, des abus de proc\u00e9dures. L\u2019opportunit\u00e9 des poursuites qui est entre les mains du procureur je ne la comprends plus. Tout le monde se tait et demain tout le monde sera victime. Il sortira aujourd\u2019hui \u00bb, a encore soutenu Me Cir\u00e9 Cl\u00e9dor Ly.<\/p>\n<p>Selon lui, Assane Diouf a fait pratiquement 8 mois de d\u00e9tention pour rien. Au finish, d\u00e9duit-il, l\u2019infraction qui a \u00e9t\u00e9 introduite dans la proc\u00e9dure pour pouvoir contourner la loi qui ne permettait pas qu\u2019on le m\u00eet en d\u00e9tention a \u00e9t\u00e9 la provocation \u00e0 un attroupement arm\u00e9 non suivi d\u2019effet. \u00ab Il a \u00e9t\u00e9 relax\u00e9 et blanchi pour \u00e7a parce que, en r\u00e9alit\u00e9, les propos qu\u2019on lui pr\u00eatait \u00e9taient mensongers. Et les d\u00e9bats d\u2019audience, l\u2019audition et le visionnage de la cassette ont permis au juge de se faire une religion comme quoi cette infraction n\u2019existait pas et qu\u2019elle a \u00e9t\u00e9 introduite rien que pour pouvoir le garder en prison. Il a \u00e9t\u00e9 aussi blanchi \u00e0 grande eau pour r\u00e9bellion parce que tout le monde a assist\u00e9 \u00e0 son arrestation. On a fractur\u00e9 son portail et sa maison. On est parti le prendre, alors que c\u2019\u00e9tait lui qui \u00e9tait la victime et non la police \u00bb, a expliqu\u00e9 le conseil.<\/p>\n<p>Et d\u2019ajouter : \u00ab Maintenant on a retenu l\u2019infraction d\u2019outrage. En tant qu\u2019avocat, je constate qu\u2019aucun policier n\u2019a \u00e9t\u00e9 entendu par le juge d\u2019instruction pour confirmer l\u2019existence de cet outrage ou en tout cas le d\u00e9signer comme \u00e9tant victime de cet outrage. Devant la juridiction, le procureur de la R\u00e9publique ne s\u2019est pas hasard\u00e9 \u00e0 convoquer les agents qui ont proc\u00e9d\u00e9 \u00e0 l\u2019arrestation donc, en r\u00e9alit\u00e9, ce sont des agents qui ont toujours \u00e9t\u00e9 fantomatiques sur toute la proc\u00e9dure. Or le tribunal retient qu\u2019il y a eu outrage \u00e0 agents. Nous ne sommes pas choqu\u00e9s par rapport \u00e0 cela parce qu\u2019en tout \u00e9tat de cause on a eu \u00e0 pr\u00eater \u00e0 Assane des propos et des actes dont le tribunal consid\u00e8re qu\u2019ils n\u2019\u00e9taient pas exacts. Donc, la montagne a accouch\u00e9 d\u2019une souris \u00bb.<\/p>\n<p>Cependant, l\u2019avocat renseigne qu\u2019il est pr\u00eat \u00e0 continuer le combat devant les juridictions internationales mais, pr\u00e9cise-t-il, tout d\u00e9pend de son client<\/p>\n<div class='share-to-whatsapp-wrapper'><div class='share-on-whsp'>PARTAGER SUR : <\/div><a data-text='CONSEQUENCE AFFAIRE ASSANE DIOUF- Me Cir\u00e9 Cl\u00e9dor Ly pour la r\u00e9forme du syst\u00e8me judiciaire' data-link='https:\/\/www.nettali.com\/2021\/01\/28\/consequence-affaire-assane-diouf-me-cire-cledor-ly-pour-la-reforme-du-systeme-judiciaire\/' class='whatsapp-button whatsapp-share'>WhatsApp<\/a><div class='clear '><\/div><\/div>","protected":false},"excerpt":{"rendered":"<p>NETTALI.COM- M\u00eame si son client est libre, Cir\u00e9 Cl\u00e9dor Ly est contre le sort qui a \u00e9t\u00e9 r\u00e9serv\u00e9 \u00e0 Assane Diouf. L\u2019avocat, visiblement insatisfait de la d\u00e9cision qui a \u00e9t\u00e9 inflig\u00e9e \u00e0 son client, constate, pour le regretter qu\u2019on soit en train de d\u00e9voyer la justice et le syst\u00e8me judiciaire. \u00ab Des pouvoirs \u00e9normes sont [&hellip;]<\/p>\n","protected":false},"author":6,"featured_media":39842,"comment_status":"open","ping_status":"open","sticky":false,"template":"","format":"standard","meta":{"_et_pb_use_builder":"","_et_pb_old_content":""},"categories":[3],"tags":[],"yoast_head":"<!-- This site is optimized with the Yoast SEO Premium plugin v17.8 (Yoast SEO v17.8) - https:\/\/yoast.com\/wordpress\/plugins\/seo\/ -->\n<title>CONSEQUENCE AFFAIRE ASSANE DIOUF- Me Cir\u00e9 Cl\u00e9dor Ly pour la r\u00e9forme du syst\u00e8me judiciaire | Nettali.com<\/title>\n<meta name=\"robots\" content=\"index, follow, max-snippet:-1, max-image-preview:large, max-video-preview:-1\" \/>\n<link rel=\"canonical\" href=\"https:\/\/www.nettali.com\/2021\/01\/28\/consequence-affaire-assane-diouf-me-cire-cledor-ly-pour-la-reforme-du-systeme-judiciaire\/\" \/>\n<meta property=\"og:locale\" content=\"fr_FR\" \/>\n<meta property=\"og:type\" content=\"article\" \/>\n<meta property=\"og:title\" content=\"CONSEQUENCE AFFAIRE ASSANE DIOUF- Me Cir\u00e9 Cl\u00e9dor Ly pour la r\u00e9forme du syst\u00e8me judiciaire\" \/>\n<meta property=\"og:description\" content=\"NETTALI.COM- M\u00eame si son client est libre, Cir\u00e9 Cl\u00e9dor Ly est contre le sort qui a \u00e9t\u00e9 r\u00e9serv\u00e9 \u00e0 Assane Diouf. L\u2019avocat, visiblement insatisfait de la d\u00e9cision qui a \u00e9t\u00e9 inflig\u00e9e \u00e0 son client, constate, pour le regretter qu\u2019on soit en train de d\u00e9voyer la justice et le syst\u00e8me judiciaire. \u00ab Des pouvoirs \u00e9normes sont [&hellip;]\" \/>\n<meta property=\"og:url\" content=\"https:\/\/www.nettali.com\/2021\/01\/28\/consequence-affaire-assane-diouf-me-cire-cledor-ly-pour-la-reforme-du-systeme-judiciaire\/\" \/>\n<meta property=\"og:site_name\" content=\"Nettali.com\" \/>\n<meta property=\"article:publisher\" content=\"https:\/\/www.facebook.com\/nettalicom\" \/>\n<meta property=\"article:published_time\" content=\"2021-01-28T13:48:47+00:00\" \/>\n<meta property=\"article:modified_time\" content=\"2021-01-28T19:41:00+00:00\" \/>\n<meta property=\"og:image\" content=\"https:\/\/www.nettali.com\/wp-content\/uploads\/2020\/06\/CIRE-CLEDOR-e1594252709683.jpg\" \/>\n\t<meta property=\"og:image:width\" content=\"709\" \/>\n\t<meta property=\"og:image:height\" content=\"395\" \/>\n<meta name=\"twitter:card\" content=\"summary_large_image\" \/>\n<meta name=\"twitter:label1\" content=\"\u00c9crit par\" \/>\n\t<meta name=\"twitter:data1\" content=\"Fatou\" \/>\n\t<meta name=\"twitter:label2\" content=\"Dur\u00e9e de lecture estim\u00e9e\" \/>\n\t<meta name=\"twitter:data2\" content=\"3 minutes\" \/>\n<script type=\"application\/ld+json\" class=\"yoast-schema-graph\">{\"@context\":\"https:\/\/schema.org\",\"@graph\":[{\"@type\":\"WebSite\",\"@id\":\"https:\/\/www.nettali.com\/#website\",\"url\":\"https:\/\/www.nettali.com\/\",\"name\":\"Nettali.com\",\"description\":\"Le rendez-vous critique du Net\",\"potentialAction\":[{\"@type\":\"SearchAction\",\"target\":{\"@type\":\"EntryPoint\",\"urlTemplate\":\"https:\/\/www.nettali.com\/?s={search_term_string}\"},\"query-input\":\"required name=search_term_string\"}],\"inLanguage\":\"fr-FR\"},{\"@type\":\"ImageObject\",\"@id\":\"https:\/\/www.nettali.com\/2021\/01\/28\/consequence-affaire-assane-diouf-me-cire-cledor-ly-pour-la-reforme-du-systeme-judiciaire\/#primaryimage\",\"inLanguage\":\"fr-FR\",\"url\":\"https:\/\/www.nettali.com\/wp-content\/uploads\/2020\/06\/CIRE-CLEDOR-e1594252709683.jpg\",\"contentUrl\":\"https:\/\/www.nettali.com\/wp-content\/uploads\/2020\/06\/CIRE-CLEDOR-e1594252709683.jpg\",\"width\":709,\"height\":395},{\"@type\":\"WebPage\",\"@id\":\"https:\/\/www.nettali.com\/2021\/01\/28\/consequence-affaire-assane-diouf-me-cire-cledor-ly-pour-la-reforme-du-systeme-judiciaire\/#webpage\",\"url\":\"https:\/\/www.nettali.com\/2021\/01\/28\/consequence-affaire-assane-diouf-me-cire-cledor-ly-pour-la-reforme-du-systeme-judiciaire\/\",\"name\":\"CONSEQUENCE AFFAIRE ASSANE DIOUF- Me Cir\\u00e9 Cl\\u00e9dor Ly pour la r\\u00e9forme du syst\\u00e8me judiciaire | Nettali.com\",\"isPartOf\":{\"@id\":\"https:\/\/www.nettali.com\/#website\"},\"primaryImageOfPage\":{\"@id\":\"https:\/\/www.nettali.com\/2021\/01\/28\/consequence-affaire-assane-diouf-me-cire-cledor-ly-pour-la-reforme-du-systeme-judiciaire\/#primaryimage\"},\"datePublished\":\"2021-01-28T13:48:47+00:00\",\"dateModified\":\"2021-01-28T19:41:00+00:00\",\"author\":{\"@id\":\"https:\/\/www.nettali.com\/#\/schema\/person\/418274a86bdf87caff7a3ef476bd0bbf\"},\"breadcrumb\":{\"@id\":\"https:\/\/www.nettali.com\/2021\/01\/28\/consequence-affaire-assane-diouf-me-cire-cledor-ly-pour-la-reforme-du-systeme-judiciaire\/#breadcrumb\"},\"inLanguage\":\"fr-FR\",\"potentialAction\":[{\"@type\":\"ReadAction\",\"target\":[\"https:\/\/www.nettali.com\/2021\/01\/28\/consequence-affaire-assane-diouf-me-cire-cledor-ly-pour-la-reforme-du-systeme-judiciaire\/\"]}]},{\"@type\":\"BreadcrumbList\",\"@id\":\"https:\/\/www.nettali.com\/2021\/01\/28\/consequence-affaire-assane-diouf-me-cire-cledor-ly-pour-la-reforme-du-systeme-judiciaire\/#breadcrumb\",\"itemListElement\":[{\"@type\":\"ListItem\",\"position\":1,\"name\":\"Accueil\",\"item\":\"https:\/\/www.nettali.com\/\"},{\"@type\":\"ListItem\",\"position\":2,\"name\":\"CONSEQUENCE AFFAIRE ASSANE DIOUF- Me Cir\\u00e9 Cl\\u00e9dor Ly pour la r\\u00e9forme du syst\\u00e8me judiciaire\"}]},{\"@type\":\"Person\",\"@id\":\"https:\/\/www.nettali.com\/#\/schema\/person\/418274a86bdf87caff7a3ef476bd0bbf\",\"name\":\"Fatou\",\"image\":{\"@type\":\"ImageObject\",\"@id\":\"https:\/\/www.nettali.com\/#personlogo\",\"inLanguage\":\"fr-FR\",\"url\":\"https:\/\/secure.gravatar.com\/avatar\/5a9442a2bee7b4dcf167cab035858e9a?s=96&d=mm&r=g\",\"contentUrl\":\"https:\/\/secure.gravatar.com\/avatar\/5a9442a2bee7b4dcf167cab035858e9a?s=96&d=mm&r=g\",\"caption\":\"Fatou\"},\"sameAs\":[\"https:\/\/www.nettali.com\"]}]}<\/script>\n<!-- \/ Yoast SEO Premium plugin. -->","yoast_head_json":{"title":"CONSEQUENCE AFFAIRE ASSANE DIOUF- Me Cir\u00e9 Cl\u00e9dor Ly pour la r\u00e9forme du syst\u00e8me judiciaire | Nettali.com","robots":{"index":"index","follow":"follow","max-snippet":"max-snippet:-1","max-image-preview":"max-image-preview:large","max-video-preview":"max-video-preview:-1"},"canonical":"https:\/\/www.nettali.com\/2021\/01\/28\/consequence-affaire-assane-diouf-me-cire-cledor-ly-pour-la-reforme-du-systeme-judiciaire\/","og_locale":"fr_FR","og_type":"article","og_title":"CONSEQUENCE AFFAIRE ASSANE DIOUF- Me Cir\u00e9 Cl\u00e9dor Ly pour la r\u00e9forme du syst\u00e8me judiciaire","og_description":"NETTALI.COM- M\u00eame si son client est libre, Cir\u00e9 Cl\u00e9dor Ly est contre le sort qui a \u00e9t\u00e9 r\u00e9serv\u00e9 \u00e0 Assane Diouf. L\u2019avocat, visiblement insatisfait de la d\u00e9cision qui a \u00e9t\u00e9 inflig\u00e9e \u00e0 son client, constate, pour le regretter qu\u2019on soit en train de d\u00e9voyer la justice et le syst\u00e8me judiciaire. \u00ab Des pouvoirs \u00e9normes sont [&hellip;]","og_url":"https:\/\/www.nettali.com\/2021\/01\/28\/consequence-affaire-assane-diouf-me-cire-cledor-ly-pour-la-reforme-du-systeme-judiciaire\/","og_site_name":"Nettali.com","article_publisher":"https:\/\/www.facebook.com\/nettalicom","article_published_time":"2021-01-28T13:48:47+00:00","article_modified_time":"2021-01-28T19:41:00+00:00","og_image":[{"width":709,"height":395,"url":"https:\/\/www.nettali.com\/wp-content\/uploads\/2020\/06\/CIRE-CLEDOR-e1594252709683.jpg","type":"image\/jpeg"}],"twitter_card":"summary_large_image","twitter_misc":{"\u00c9crit par":"Fatou","Dur\u00e9e de lecture estim\u00e9e":"3 minutes"},"schema":{"@context":"https:\/\/schema.org","@graph":[{"@type":"WebSite","@id":"https:\/\/www.nettali.com\/#website","url":"https:\/\/www.nettali.com\/","name":"Nettali.com","description":"Le rendez-vous critique du Net","potentialAction":[{"@type":"SearchAction","target":{"@type":"EntryPoint","urlTemplate":"https:\/\/www.nettali.com\/?s={search_term_string}"},"query-input":"required name=search_term_string"}],"inLanguage":"fr-FR"},{"@type":"ImageObject","@id":"https:\/\/www.nettali.com\/2021\/01\/28\/consequence-affaire-assane-diouf-me-cire-cledor-ly-pour-la-reforme-du-systeme-judiciaire\/#primaryimage","inLanguage":"fr-FR","url":"https:\/\/www.nettali.com\/wp-content\/uploads\/2020\/06\/CIRE-CLEDOR-e1594252709683.jpg","contentUrl":"https:\/\/www.nettali.com\/wp-content\/uploads\/2020\/06\/CIRE-CLEDOR-e1594252709683.jpg","width":709,"height":395},{"@type":"WebPage","@id":"https:\/\/www.nettali.com\/2021\/01\/28\/consequence-affaire-assane-diouf-me-cire-cledor-ly-pour-la-reforme-du-systeme-judiciaire\/#webpage","url":"https:\/\/www.nettali.com\/2021\/01\/28\/consequence-affaire-assane-diouf-me-cire-cledor-ly-pour-la-reforme-du-systeme-judiciaire\/","name":"CONSEQUENCE AFFAIRE ASSANE DIOUF- Me Cir\u00e9 Cl\u00e9dor Ly pour la r\u00e9forme du syst\u00e8me judiciaire | Nettali.com","isPartOf":{"@id":"https:\/\/www.nettali.com\/#website"},"primaryImageOfPage":{"@id":"https:\/\/www.nettali.com\/2021\/01\/28\/consequence-affaire-assane-diouf-me-cire-cledor-ly-pour-la-reforme-du-systeme-judiciaire\/#primaryimage"},"datePublished":"2021-01-28T13:48:47+00:00","dateModified":"2021-01-28T19:41:00+00:00","author":{"@id":"https:\/\/www.nettali.com\/#\/schema\/person\/418274a86bdf87caff7a3ef476bd0bbf"},"breadcrumb":{"@id":"https:\/\/www.nettali.com\/2021\/01\/28\/consequence-affaire-assane-diouf-me-cire-cledor-ly-pour-la-reforme-du-systeme-judiciaire\/#breadcrumb"},"inLanguage":"fr-FR","potentialAction":[{"@type":"ReadAction","target":["https:\/\/www.nettali.com\/2021\/01\/28\/consequence-affaire-assane-diouf-me-cire-cledor-ly-pour-la-reforme-du-systeme-judiciaire\/"]}]},{"@type":"BreadcrumbList","@id":"https:\/\/www.nettali.com\/2021\/01\/28\/consequence-affaire-assane-diouf-me-cire-cledor-ly-pour-la-reforme-du-systeme-judiciaire\/#breadcrumb","itemListElement":[{"@type":"ListItem","position":1,"name":"Accueil","item":"https:\/\/www.nettali.com\/"},{"@type":"ListItem","position":2,"name":"CONSEQUENCE AFFAIRE ASSANE DIOUF- Me Cir\u00e9 Cl\u00e9dor Ly pour la r\u00e9forme du syst\u00e8me judiciaire"}]},{"@type":"Person","@id":"https:\/\/www.nettali.com\/#\/schema\/person\/418274a86bdf87caff7a3ef476bd0bbf","name":"Fatou","image":{"@type":"ImageObject","@id":"https:\/\/www.nettali.com\/#personlogo","inLanguage":"fr-FR","url":"https:\/\/secure.gravatar.com\/avatar\/5a9442a2bee7b4dcf167cab035858e9a?s=96&d=mm&r=g","contentUrl":"https:\/\/secure.gravatar.com\/avatar\/5a9442a2bee7b4dcf167cab035858e9a?s=96&d=mm&r=g","caption":"Fatou"},"sameAs":["https:\/\/www.nettali.com"]}]}},"_links":{"self":[{"href":"https:\/\/www.nettali.com\/rest\/wp\/v2\/posts\/56532"}],"collection":[{"href":"https:\/\/www.nettali.com\/rest\/wp\/v2\/posts"}],"about":[{"href":"https:\/\/www.nettali.com\/rest\/wp\/v2\/types\/post"}],"author":[{"embeddable":true,"href":"https:\/\/www.nettali.com\/rest\/wp\/v2\/users\/6"}],"replies":[{"embeddable":true,"href":"https:\/\/www.nettali.com\/rest\/wp\/v2\/comments?post=56532"}],"version-history":[{"count":6,"href":"https:\/\/www.nettali.com\/rest\/wp\/v2\/posts\/56532\/revisions"}],"predecessor-version":[{"id":56548,"href":"https:\/\/www.nettali.com\/rest\/wp\/v2\/posts\/56532\/revisions\/56548"}],"wp:featuredmedia":[{"embeddable":true,"href":"https:\/\/www.nettali.com\/rest\/wp\/v2\/media\/39842"}],"wp:attachment":[{"href":"https:\/\/www.nettali.com\/rest\/wp\/v2\/media?parent=56532"}],"wp:term":[{"taxonomy":"category","embeddable":true,"href":"https:\/\/www.nettali.com\/rest\/wp\/v2\/categories?post=56532"},{"taxonomy":"post_tag","embeddable":true,"href":"https:\/\/www.nettali.com\/rest\/wp\/v2\/tags?post=56532"}],"curies":[{"name":"wp","href":"https:\/\/api.w.org\/{rel}","templated":true}]}}