{"id":56520,"date":"2021-01-28T10:39:02","date_gmt":"2021-01-28T10:39:02","guid":{"rendered":"https:\/\/www.nettali.com\/?p=56520"},"modified":"2021-01-28T10:39:02","modified_gmt":"2021-01-28T10:39:02","slug":"annulation-de-la-dette-africaine-une-conference-internationale-pour-appuyer-linitiative-de-dakar","status":"publish","type":"post","link":"https:\/\/www.nettali.com\/2021\/01\/28\/annulation-de-la-dette-africaine-une-conference-internationale-pour-appuyer-linitiative-de-dakar\/","title":{"rendered":"ANNULATION DE LA DETTE AFRICAINE - Une conf\u00e9rence internationale pour appuyer l\u2019Initiative de Dakar"},"content":{"rendered":"<p><strong>NETTALI.COM - Lors d\u2019un panel organis\u00e9 dans le cadre du Forum social mondial virtuel, la pertinence de cette initiative a \u00e9t\u00e9 discut\u00e9e entre acteurs gouvernementaux, influenceurs, altermondialistes et membres de la soci\u00e9t\u00e9 civile.<\/strong><\/p>\n<p>Le d\u00e9but d\u2019ann\u00e9e 2021 a apport\u00e9 avec lui bien des malheurs de ceux constat\u00e9s un an plus t\u00f4t. La pand\u00e9mie de coronavirus perp\u00e9tue une deuxi\u00e8me vague plus virulente. Ses cons\u00e9quences sur l\u2019\u00e9conomie des pays africains restent dramatiques. Mais les luttes entam\u00e9es pour les r\u00e9duire trouvent encore des porte-\u00e9tendards. C\u2019est dans ce cadre que s\u2019est tenu, hier, un panel pour partager les informations sur l\u2019Initiative de Dakar pour l\u2019annulation de la dette africaine. Des \u00e9changes d\u00e9roul\u00e9s dans le cadre du Forum social mondial virtuel 2021. Organis\u00e9 par l\u2019Initiative pour l\u2019annulation de la dette africaine (IADA), l\u2019atelier a permis de f\u00e9d\u00e9rer des actions en vue de la mise en place d\u2019une campagne internationale afin d\u2019amener les cr\u00e9anciers \u00e0 annuler la dette publique africaine. Une approche d\u00e9crite par Mamadou Mignane Diouf, Coordonnateur du Forum social s\u00e9n\u00e9galais : \u201cL\u2019id\u00e9e de ce comit\u00e9 d\u2019initiative, c\u2019est de convoquer tr\u00e8s prochainement une conf\u00e9rence internationale et panafricaine pour rassembler tous les mouvements sociaux, toutes les initiatives, tous les chercheurs, tous ceux qui travaillent sur la question de la dette, en Afrique, en Europe, en Am\u00e9rique latine, en Am\u00e9rique du Nord et dans le monde.\u2019\u2019<\/p>\n<p>Un plaidoyer pour l\u2019annulation de la dette africaine avait \u00e9t\u00e9 soutenu par le pr\u00e9sident de la R\u00e9publique Macky Sall, quelques mois apr\u00e8s l\u2019arriv\u00e9e de la pand\u00e9mie en Afrique. Ceci, dans l\u2019optique de d\u00e9gager assez de ressources pour faire face au virus et \u00e0 ses cons\u00e9quences \u00e9conomiques. Tr\u00e8s vite, cette approche a \u00e9t\u00e9 magnifi\u00e9e par diff\u00e9rentes organisations africaines et internationales, dont le Forum social mondial. Cette adh\u00e9sion trouve un acc\u00e8s dans un large public. Le panel d\u2019hier n\u2019\u00e9tait qu\u2019une parmi les 660 activit\u00e9s \u00e0 d\u00e9rouler plus de 1 600 associations qui se sont inscrites au Forum social mondial dans plus de 83 pays. Souvent aux c\u00f4t\u00e9s du pr\u00e9sident de la R\u00e9publique dans cette qu\u00eate, l\u2019artiste Youssou Ndour s\u2019est voulu clair dans son intervention. Egalement copr\u00e9sident de l\u2019IADA, le lead vocal du Super Etoile a pr\u00e9cis\u00e9 que \u201cnous ne qu\u00e9mandons pas, nous ne demandons pas de r\u00e9\u00e9chelonnement, encore moins de suspension, mais l\u2019annulation pure et simple de la dette. Un combat juste et l\u00e9gitime que nous parviendrons \u00e0 gagner, si nous nous mettons tous ensemble\u2019\u2019.<\/p>\n<p><strong>\u00a0 \u00a0 \u00a0 \u00a0 \u00a0 \u00a0 \u00a0 \u00a0 \u00a0 \u00a0 \u00a0 \u00a0 \u00a0 \u00a0 \u00a0 \u00a0 \u00a0 \u00a0 \u00a0 \u00a0 \u00a0 \u00a0 \u00a0 \u00a0 \u00a0 \u00a0 \u00a0 \u00a0 \u00a0 \u00a0 \u00a0 \u00a0 \u00a0 \u00a0 \u00a0 \u00a0 \u00a0 \u00a0 \u00a0 \u00a0 \u00a0 \u00a0 \u00a0 \u00a0 \u00a0 \u00a0 \u00a0 \u00a0 \u00a0 \u201cNous ne qu\u00e9mandons pas\u2019\u2019 <\/strong><\/p>\n<p>Un de ses coll\u00e8gues au sein de l\u2019appareil gouvernemental a apport\u00e9 une vision compl\u00e9mentaire de la n\u00e9cessit\u00e9 de lib\u00e9rer les Etats africains de leur dette publique. Selon Mor Ngom, \u201cau-del\u00e0 de l\u2019int\u00e9r\u00eat imm\u00e9diat, l\u2019annulation de cette dette qui constitue 14 % des revenus des pays africains, a une port\u00e9e plus essentielle, dans la mesure o\u00f9 elle contribue \u00e0 la refondation des rapports qui structurent le nouvel ordre mondial pour plus de justice et d\u2019\u00e9quit\u00e9, m\u00eame au sein des Nations Unies\u2019\u2019. Une ouverture du ministre conseiller du pr\u00e9sident de la R\u00e9publique qui a permis de revenir sur l\u2019histoire de la dette des pays africains.<\/p>\n<p>Une des personnalit\u00e9s centrales du mouvement altermondialiste, Gustave Massiah, a rappel\u00e9 que la crise de la pand\u00e9mie et du climat s\u2019inscrit dans une autre plus large, correspondant aux dysfonctionnements du syst\u00e8me international actuel. Apr\u00e8s la Conf\u00e9rence des nonalign\u00e9s de Bandung de 1960, rappelle-t-il, \u201cles Etats qui se sont d\u00e9colonis\u00e9s ont mis en avant leur droit au d\u00e9veloppement. Cela a abouti \u00e0 l\u2019apparition \u00e9conomique et politique, en 1973 et 1977, des nouveaux Etats sur la sc\u00e8ne mondiale avec la premi\u00e8re et la deuxi\u00e8me augmentation des prix du p\u00e9trole qui a mis en crise le syst\u00e8me international post-d\u00e9colonisation. La dette a \u00e9t\u00e9 utilis\u00e9e pour r\u00e9pondre \u00e0 cette offensive des pays d\u00e9colonis\u00e9s. Et le mot d\u2019ordre utilis\u00e9 \u00e9tait simple : endettez-les ! Donc, il y a eu une politique construite d\u2019endettement des pays colonisateurs pour reprendre le contr\u00f4le de l\u2019\u00e9conomie mondiale et des nouveaux acteurs dans les commanderies mondiales. Pour consolider cela, les institutions de Bretton Wood (Banque mondiale, FMI, etc.) ont \u00e9t\u00e9 mises en place\u2019\u2019.<\/p>\n<p>Avec Enqu\u00eate<\/p>\n<div class='share-to-whatsapp-wrapper'><div class='share-on-whsp'>PARTAGER SUR : <\/div><a data-text='ANNULATION DE LA DETTE AFRICAINE - Une conf\u00e9rence internationale pour appuyer l\u2019Initiative de Dakar' data-link='https:\/\/www.nettali.com\/2021\/01\/28\/annulation-de-la-dette-africaine-une-conference-internationale-pour-appuyer-linitiative-de-dakar\/' class='whatsapp-button whatsapp-share'>WhatsApp<\/a><div class='clear '><\/div><\/div>","protected":false},"excerpt":{"rendered":"<p>NETTALI.COM - Lors d\u2019un panel organis\u00e9 dans le cadre du Forum social mondial virtuel, la pertinence de cette initiative a \u00e9t\u00e9 discut\u00e9e entre acteurs gouvernementaux, influenceurs, altermondialistes et membres de la soci\u00e9t\u00e9 civile. Le d\u00e9but d\u2019ann\u00e9e 2021 a apport\u00e9 avec lui bien des malheurs de ceux constat\u00e9s un an plus t\u00f4t. La pand\u00e9mie de coronavirus [&hellip;]<\/p>\n","protected":false},"author":11,"featured_media":10450,"comment_status":"open","ping_status":"open","sticky":false,"template":"","format":"standard","meta":{"_et_pb_use_builder":"","_et_pb_old_content":""},"categories":[4],"tags":[],"yoast_head":"<!-- This site is optimized with the Yoast SEO Premium plugin v17.8 (Yoast SEO v17.8) - https:\/\/yoast.com\/wordpress\/plugins\/seo\/ -->\n<title>ANNULATION DE LA DETTE AFRICAINE - Une conf\u00e9rence internationale pour appuyer l\u2019Initiative de Dakar | Nettali.com<\/title>\n<meta name=\"robots\" content=\"index, follow, max-snippet:-1, max-image-preview:large, max-video-preview:-1\" \/>\n<link rel=\"canonical\" href=\"https:\/\/www.nettali.com\/2021\/01\/28\/annulation-de-la-dette-africaine-une-conference-internationale-pour-appuyer-linitiative-de-dakar\/\" \/>\n<meta property=\"og:locale\" content=\"fr_FR\" \/>\n<meta property=\"og:type\" content=\"article\" \/>\n<meta property=\"og:title\" content=\"ANNULATION DE LA DETTE AFRICAINE - Une conf\u00e9rence internationale pour appuyer l\u2019Initiative de Dakar\" \/>\n<meta property=\"og:description\" content=\"NETTALI.COM - Lors d\u2019un panel organis\u00e9 dans le cadre du Forum social mondial virtuel, la pertinence de cette initiative a \u00e9t\u00e9 discut\u00e9e entre acteurs gouvernementaux, influenceurs, altermondialistes et membres de la soci\u00e9t\u00e9 civile. Le d\u00e9but d\u2019ann\u00e9e 2021 a apport\u00e9 avec lui bien des malheurs de ceux constat\u00e9s un an plus t\u00f4t. La pand\u00e9mie de coronavirus [&hellip;]\" \/>\n<meta property=\"og:url\" content=\"https:\/\/www.nettali.com\/2021\/01\/28\/annulation-de-la-dette-africaine-une-conference-internationale-pour-appuyer-linitiative-de-dakar\/\" \/>\n<meta property=\"og:site_name\" content=\"Nettali.com\" \/>\n<meta property=\"article:publisher\" content=\"https:\/\/www.facebook.com\/nettalicom\" \/>\n<meta property=\"article:published_time\" content=\"2021-01-28T10:39:02+00:00\" \/>\n<meta property=\"og:image\" content=\"https:\/\/www.nettali.com\/wp-content\/uploads\/2019\/05\/dette-publique.png\" \/>\n\t<meta property=\"og:image:width\" content=\"905\" \/>\n\t<meta property=\"og:image:height\" content=\"551\" \/>\n<meta name=\"twitter:card\" content=\"summary_large_image\" \/>\n<meta name=\"twitter:label1\" content=\"\u00c9crit par\" \/>\n\t<meta name=\"twitter:data1\" content=\"Thierno Diop\" \/>\n\t<meta name=\"twitter:label2\" content=\"Dur\u00e9e de lecture estim\u00e9e\" \/>\n\t<meta name=\"twitter:data2\" content=\"4 minutes\" \/>\n<script type=\"application\/ld+json\" class=\"yoast-schema-graph\">{\"@context\":\"https:\/\/schema.org\",\"@graph\":[{\"@type\":\"WebSite\",\"@id\":\"https:\/\/www.nettali.com\/#website\",\"url\":\"https:\/\/www.nettali.com\/\",\"name\":\"Nettali.com\",\"description\":\"Le rendez-vous critique du Net\",\"potentialAction\":[{\"@type\":\"SearchAction\",\"target\":{\"@type\":\"EntryPoint\",\"urlTemplate\":\"https:\/\/www.nettali.com\/?s={search_term_string}\"},\"query-input\":\"required name=search_term_string\"}],\"inLanguage\":\"fr-FR\"},{\"@type\":\"ImageObject\",\"@id\":\"https:\/\/www.nettali.com\/2021\/01\/28\/annulation-de-la-dette-africaine-une-conference-internationale-pour-appuyer-linitiative-de-dakar\/#primaryimage\",\"inLanguage\":\"fr-FR\",\"url\":\"https:\/\/www.nettali.com\/wp-content\/uploads\/2019\/05\/dette-publique.png\",\"contentUrl\":\"https:\/\/www.nettali.com\/wp-content\/uploads\/2019\/05\/dette-publique.png\",\"width\":905,\"height\":551},{\"@type\":\"WebPage\",\"@id\":\"https:\/\/www.nettali.com\/2021\/01\/28\/annulation-de-la-dette-africaine-une-conference-internationale-pour-appuyer-linitiative-de-dakar\/#webpage\",\"url\":\"https:\/\/www.nettali.com\/2021\/01\/28\/annulation-de-la-dette-africaine-une-conference-internationale-pour-appuyer-linitiative-de-dakar\/\",\"name\":\"ANNULATION DE LA DETTE AFRICAINE - Une conf\\u00e9rence internationale pour appuyer l\\u2019Initiative de Dakar | Nettali.com\",\"isPartOf\":{\"@id\":\"https:\/\/www.nettali.com\/#website\"},\"primaryImageOfPage\":{\"@id\":\"https:\/\/www.nettali.com\/2021\/01\/28\/annulation-de-la-dette-africaine-une-conference-internationale-pour-appuyer-linitiative-de-dakar\/#primaryimage\"},\"datePublished\":\"2021-01-28T10:39:02+00:00\",\"dateModified\":\"2021-01-28T10:39:02+00:00\",\"author\":{\"@id\":\"https:\/\/www.nettali.com\/#\/schema\/person\/8a06c6bd7b19304cf4bf985862900b5b\"},\"breadcrumb\":{\"@id\":\"https:\/\/www.nettali.com\/2021\/01\/28\/annulation-de-la-dette-africaine-une-conference-internationale-pour-appuyer-linitiative-de-dakar\/#breadcrumb\"},\"inLanguage\":\"fr-FR\",\"potentialAction\":[{\"@type\":\"ReadAction\",\"target\":[\"https:\/\/www.nettali.com\/2021\/01\/28\/annulation-de-la-dette-africaine-une-conference-internationale-pour-appuyer-linitiative-de-dakar\/\"]}]},{\"@type\":\"BreadcrumbList\",\"@id\":\"https:\/\/www.nettali.com\/2021\/01\/28\/annulation-de-la-dette-africaine-une-conference-internationale-pour-appuyer-linitiative-de-dakar\/#breadcrumb\",\"itemListElement\":[{\"@type\":\"ListItem\",\"position\":1,\"name\":\"Accueil\",\"item\":\"https:\/\/www.nettali.com\/\"},{\"@type\":\"ListItem\",\"position\":2,\"name\":\"ANNULATION DE LA DETTE AFRICAINE &#8211; Une conf\\u00e9rence internationale pour appuyer l\\u2019Initiative de Dakar\"}]},{\"@type\":\"Person\",\"@id\":\"https:\/\/www.nettali.com\/#\/schema\/person\/8a06c6bd7b19304cf4bf985862900b5b\",\"name\":\"Thierno Diop\",\"image\":{\"@type\":\"ImageObject\",\"@id\":\"https:\/\/www.nettali.com\/#personlogo\",\"inLanguage\":\"fr-FR\",\"url\":\"https:\/\/secure.gravatar.com\/avatar\/c8ca58550c94fd2ac856d27391a6c866?s=96&d=mm&r=g\",\"contentUrl\":\"https:\/\/secure.gravatar.com\/avatar\/c8ca58550c94fd2ac856d27391a6c866?s=96&d=mm&r=g\",\"caption\":\"Thierno Diop\"},\"sameAs\":[\"https:\/\/nettali.com\"]}]}<\/script>\n<!-- \/ Yoast SEO Premium plugin. -->","yoast_head_json":{"title":"ANNULATION DE LA DETTE AFRICAINE - Une conf\u00e9rence internationale pour appuyer l\u2019Initiative de Dakar | Nettali.com","robots":{"index":"index","follow":"follow","max-snippet":"max-snippet:-1","max-image-preview":"max-image-preview:large","max-video-preview":"max-video-preview:-1"},"canonical":"https:\/\/www.nettali.com\/2021\/01\/28\/annulation-de-la-dette-africaine-une-conference-internationale-pour-appuyer-linitiative-de-dakar\/","og_locale":"fr_FR","og_type":"article","og_title":"ANNULATION DE LA DETTE AFRICAINE - Une conf\u00e9rence internationale pour appuyer l\u2019Initiative de Dakar","og_description":"NETTALI.COM - Lors d\u2019un panel organis\u00e9 dans le cadre du Forum social mondial virtuel, la pertinence de cette initiative a \u00e9t\u00e9 discut\u00e9e entre acteurs gouvernementaux, influenceurs, altermondialistes et membres de la soci\u00e9t\u00e9 civile. Le d\u00e9but d\u2019ann\u00e9e 2021 a apport\u00e9 avec lui bien des malheurs de ceux constat\u00e9s un an plus t\u00f4t. La pand\u00e9mie de coronavirus [&hellip;]","og_url":"https:\/\/www.nettali.com\/2021\/01\/28\/annulation-de-la-dette-africaine-une-conference-internationale-pour-appuyer-linitiative-de-dakar\/","og_site_name":"Nettali.com","article_publisher":"https:\/\/www.facebook.com\/nettalicom","article_published_time":"2021-01-28T10:39:02+00:00","og_image":[{"width":905,"height":551,"url":"https:\/\/www.nettali.com\/wp-content\/uploads\/2019\/05\/dette-publique.png","type":"image\/png"}],"twitter_card":"summary_large_image","twitter_misc":{"\u00c9crit par":"Thierno Diop","Dur\u00e9e de lecture estim\u00e9e":"4 minutes"},"schema":{"@context":"https:\/\/schema.org","@graph":[{"@type":"WebSite","@id":"https:\/\/www.nettali.com\/#website","url":"https:\/\/www.nettali.com\/","name":"Nettali.com","description":"Le rendez-vous critique du Net","potentialAction":[{"@type":"SearchAction","target":{"@type":"EntryPoint","urlTemplate":"https:\/\/www.nettali.com\/?s={search_term_string}"},"query-input":"required name=search_term_string"}],"inLanguage":"fr-FR"},{"@type":"ImageObject","@id":"https:\/\/www.nettali.com\/2021\/01\/28\/annulation-de-la-dette-africaine-une-conference-internationale-pour-appuyer-linitiative-de-dakar\/#primaryimage","inLanguage":"fr-FR","url":"https:\/\/www.nettali.com\/wp-content\/uploads\/2019\/05\/dette-publique.png","contentUrl":"https:\/\/www.nettali.com\/wp-content\/uploads\/2019\/05\/dette-publique.png","width":905,"height":551},{"@type":"WebPage","@id":"https:\/\/www.nettali.com\/2021\/01\/28\/annulation-de-la-dette-africaine-une-conference-internationale-pour-appuyer-linitiative-de-dakar\/#webpage","url":"https:\/\/www.nettali.com\/2021\/01\/28\/annulation-de-la-dette-africaine-une-conference-internationale-pour-appuyer-linitiative-de-dakar\/","name":"ANNULATION DE LA DETTE AFRICAINE - Une conf\u00e9rence internationale pour appuyer l\u2019Initiative de Dakar | Nettali.com","isPartOf":{"@id":"https:\/\/www.nettali.com\/#website"},"primaryImageOfPage":{"@id":"https:\/\/www.nettali.com\/2021\/01\/28\/annulation-de-la-dette-africaine-une-conference-internationale-pour-appuyer-linitiative-de-dakar\/#primaryimage"},"datePublished":"2021-01-28T10:39:02+00:00","dateModified":"2021-01-28T10:39:02+00:00","author":{"@id":"https:\/\/www.nettali.com\/#\/schema\/person\/8a06c6bd7b19304cf4bf985862900b5b"},"breadcrumb":{"@id":"https:\/\/www.nettali.com\/2021\/01\/28\/annulation-de-la-dette-africaine-une-conference-internationale-pour-appuyer-linitiative-de-dakar\/#breadcrumb"},"inLanguage":"fr-FR","potentialAction":[{"@type":"ReadAction","target":["https:\/\/www.nettali.com\/2021\/01\/28\/annulation-de-la-dette-africaine-une-conference-internationale-pour-appuyer-linitiative-de-dakar\/"]}]},{"@type":"BreadcrumbList","@id":"https:\/\/www.nettali.com\/2021\/01\/28\/annulation-de-la-dette-africaine-une-conference-internationale-pour-appuyer-linitiative-de-dakar\/#breadcrumb","itemListElement":[{"@type":"ListItem","position":1,"name":"Accueil","item":"https:\/\/www.nettali.com\/"},{"@type":"ListItem","position":2,"name":"ANNULATION DE LA DETTE AFRICAINE &#8211; Une conf\u00e9rence internationale pour appuyer l\u2019Initiative de Dakar"}]},{"@type":"Person","@id":"https:\/\/www.nettali.com\/#\/schema\/person\/8a06c6bd7b19304cf4bf985862900b5b","name":"Thierno Diop","image":{"@type":"ImageObject","@id":"https:\/\/www.nettali.com\/#personlogo","inLanguage":"fr-FR","url":"https:\/\/secure.gravatar.com\/avatar\/c8ca58550c94fd2ac856d27391a6c866?s=96&d=mm&r=g","contentUrl":"https:\/\/secure.gravatar.com\/avatar\/c8ca58550c94fd2ac856d27391a6c866?s=96&d=mm&r=g","caption":"Thierno Diop"},"sameAs":["https:\/\/nettali.com"]}]}},"_links":{"self":[{"href":"https:\/\/www.nettali.com\/rest\/wp\/v2\/posts\/56520"}],"collection":[{"href":"https:\/\/www.nettali.com\/rest\/wp\/v2\/posts"}],"about":[{"href":"https:\/\/www.nettali.com\/rest\/wp\/v2\/types\/post"}],"author":[{"embeddable":true,"href":"https:\/\/www.nettali.com\/rest\/wp\/v2\/users\/11"}],"replies":[{"embeddable":true,"href":"https:\/\/www.nettali.com\/rest\/wp\/v2\/comments?post=56520"}],"version-history":[{"count":1,"href":"https:\/\/www.nettali.com\/rest\/wp\/v2\/posts\/56520\/revisions"}],"predecessor-version":[{"id":56521,"href":"https:\/\/www.nettali.com\/rest\/wp\/v2\/posts\/56520\/revisions\/56521"}],"wp:featuredmedia":[{"embeddable":true,"href":"https:\/\/www.nettali.com\/rest\/wp\/v2\/media\/10450"}],"wp:attachment":[{"href":"https:\/\/www.nettali.com\/rest\/wp\/v2\/media?parent=56520"}],"wp:term":[{"taxonomy":"category","embeddable":true,"href":"https:\/\/www.nettali.com\/rest\/wp\/v2\/categories?post=56520"},{"taxonomy":"post_tag","embeddable":true,"href":"https:\/\/www.nettali.com\/rest\/wp\/v2\/tags?post=56520"}],"curies":[{"name":"wp","href":"https:\/\/api.w.org\/{rel}","templated":true}]}}