{"id":56421,"date":"2021-01-26T21:26:59","date_gmt":"2021-01-26T21:26:59","guid":{"rendered":"https:\/\/www.nettali.com\/?p=56421"},"modified":"2021-01-27T01:13:58","modified_gmt":"2021-01-27T01:13:58","slug":"video-la-gestion-des-entreprises-publiques-en-question-la-poste-le-port-la-sonacos","status":"publish","type":"post","link":"https:\/\/www.nettali.com\/2021\/01\/26\/video-la-gestion-des-entreprises-publiques-en-question-la-poste-le-port-la-sonacos\/","title":{"rendered":"VIDEO - La gestion des entreprises publiques en question : La Poste, Dakar Dem Dikk, la  Sonacos..."},"content":{"rendered":"<p><strong>NETTALI.COM - Entre mauvais casting, incomp\u00e9tence, incursion de la politique politicienne, n\u00e9potisme, client\u00e9lisme et impunit\u00e9, un cocktail explosif qui n'incite pas \u00e0 la bonne gouvernance et \u00e0 la gestion orthodoxe des entreprises publique. Aliou Sow de Walf TV nous livre son commentaire. Regardez....\u00a0<\/strong><\/p>\n<p><iframe loading=\"lazy\" src=\"https:\/\/www.youtube.com\/embed\/OOq36fqIe9A\" width=\"560\" height=\"315\" frameborder=\"0\" allowfullscreen=\"allowfullscreen\"><\/iframe><\/p>\n<div class='share-to-whatsapp-wrapper'><div class='share-on-whsp'>PARTAGER SUR : <\/div><a data-text='VIDEO - La gestion des entreprises publiques en question : La Poste, Dakar Dem Dikk, la  Sonacos...' data-link='https:\/\/www.nettali.com\/2021\/01\/26\/video-la-gestion-des-entreprises-publiques-en-question-la-poste-le-port-la-sonacos\/' class='whatsapp-button whatsapp-share'>WhatsApp<\/a><div class='clear '><\/div><\/div>","protected":false},"excerpt":{"rendered":"<p>NETTALI.COM - Entre mauvais casting, incomp\u00e9tence, incursion de la politique politicienne, n\u00e9potisme, client\u00e9lisme et impunit\u00e9, un cocktail explosif qui n'incite pas \u00e0 la bonne gouvernance et \u00e0 la gestion orthodoxe des entreprises publique. Aliou Sow de Walf TV nous livre son commentaire. Regardez....\u00a0 PARTAGER SUR : WhatsApp<\/p>\n","protected":false},"author":2,"featured_media":56429,"comment_status":"open","ping_status":"open","sticky":false,"template":"","format":"standard","meta":{"_et_pb_use_builder":"","_et_pb_old_content":""},"categories":[2],"tags":[],"yoast_head":"<!-- This site is optimized with the Yoast SEO Premium plugin v17.8 (Yoast SEO v17.8) - https:\/\/yoast.com\/wordpress\/plugins\/seo\/ -->\n<title>VIDEO - La gestion des entreprises publiques en question : La Poste, Dakar Dem Dikk, la Sonacos... | Nettali.com<\/title>\n<meta name=\"robots\" content=\"index, follow, max-snippet:-1, max-image-preview:large, max-video-preview:-1\" \/>\n<link rel=\"canonical\" href=\"https:\/\/www.nettali.com\/2021\/01\/26\/video-la-gestion-des-entreprises-publiques-en-question-la-poste-le-port-la-sonacos\/\" \/>\n<meta property=\"og:locale\" content=\"fr_FR\" \/>\n<meta property=\"og:type\" content=\"article\" \/>\n<meta property=\"og:title\" content=\"VIDEO - La gestion des entreprises publiques en question : La Poste, Dakar Dem Dikk, la Sonacos...\" \/>\n<meta property=\"og:description\" content=\"NETTALI.COM - Entre mauvais casting, incomp\u00e9tence, incursion de la politique politicienne, n\u00e9potisme, client\u00e9lisme et impunit\u00e9, un cocktail explosif qui n&#039;incite pas \u00e0 la bonne gouvernance et \u00e0 la gestion orthodoxe des entreprises publique. Aliou Sow de Walf TV nous livre son commentaire. Regardez....\u00a0 PARTAGER SUR : WhatsApp\" \/>\n<meta property=\"og:url\" content=\"https:\/\/www.nettali.com\/2021\/01\/26\/video-la-gestion-des-entreprises-publiques-en-question-la-poste-le-port-la-sonacos\/\" \/>\n<meta property=\"og:site_name\" content=\"Nettali.com\" \/>\n<meta property=\"article:publisher\" content=\"https:\/\/www.facebook.com\/nettalicom\" \/>\n<meta property=\"article:published_time\" content=\"2021-01-26T21:26:59+00:00\" \/>\n<meta property=\"article:modified_time\" content=\"2021-01-27T01:13:58+00:00\" \/>\n<meta property=\"og:image\" content=\"https:\/\/www.nettali.com\/wp-content\/uploads\/2021\/01\/aliou-sow.jpg\" \/>\n\t<meta property=\"og:image:width\" content=\"480\" \/>\n\t<meta property=\"og:image:height\" content=\"360\" \/>\n<meta name=\"twitter:card\" content=\"summary_large_image\" \/>\n<meta name=\"twitter:label1\" content=\"\u00c9crit par\" \/>\n\t<meta name=\"twitter:data1\" content=\"CK\" \/>\n<script type=\"application\/ld+json\" class=\"yoast-schema-graph\">{\"@context\":\"https:\/\/schema.org\",\"@graph\":[{\"@type\":\"WebSite\",\"@id\":\"https:\/\/www.nettali.com\/#website\",\"url\":\"https:\/\/www.nettali.com\/\",\"name\":\"Nettali.com\",\"description\":\"Le rendez-vous critique du Net\",\"potentialAction\":[{\"@type\":\"SearchAction\",\"target\":{\"@type\":\"EntryPoint\",\"urlTemplate\":\"https:\/\/www.nettali.com\/?s={search_term_string}\"},\"query-input\":\"required name=search_term_string\"}],\"inLanguage\":\"fr-FR\"},{\"@type\":\"ImageObject\",\"@id\":\"https:\/\/www.nettali.com\/2021\/01\/26\/video-la-gestion-des-entreprises-publiques-en-question-la-poste-le-port-la-sonacos\/#primaryimage\",\"inLanguage\":\"fr-FR\",\"url\":\"https:\/\/www.nettali.com\/wp-content\/uploads\/2021\/01\/aliou-sow.jpg\",\"contentUrl\":\"https:\/\/www.nettali.com\/wp-content\/uploads\/2021\/01\/aliou-sow.jpg\",\"width\":480,\"height\":360},{\"@type\":\"WebPage\",\"@id\":\"https:\/\/www.nettali.com\/2021\/01\/26\/video-la-gestion-des-entreprises-publiques-en-question-la-poste-le-port-la-sonacos\/#webpage\",\"url\":\"https:\/\/www.nettali.com\/2021\/01\/26\/video-la-gestion-des-entreprises-publiques-en-question-la-poste-le-port-la-sonacos\/\",\"name\":\"VIDEO - La gestion des entreprises publiques en question : La Poste, Dakar Dem Dikk, la Sonacos... | Nettali.com\",\"isPartOf\":{\"@id\":\"https:\/\/www.nettali.com\/#website\"},\"primaryImageOfPage\":{\"@id\":\"https:\/\/www.nettali.com\/2021\/01\/26\/video-la-gestion-des-entreprises-publiques-en-question-la-poste-le-port-la-sonacos\/#primaryimage\"},\"datePublished\":\"2021-01-26T21:26:59+00:00\",\"dateModified\":\"2021-01-27T01:13:58+00:00\",\"author\":{\"@id\":\"https:\/\/www.nettali.com\/#\/schema\/person\/d8ac7b7e27ddad43f1c0d2ef090d7f71\"},\"breadcrumb\":{\"@id\":\"https:\/\/www.nettali.com\/2021\/01\/26\/video-la-gestion-des-entreprises-publiques-en-question-la-poste-le-port-la-sonacos\/#breadcrumb\"},\"inLanguage\":\"fr-FR\",\"potentialAction\":[{\"@type\":\"ReadAction\",\"target\":[\"https:\/\/www.nettali.com\/2021\/01\/26\/video-la-gestion-des-entreprises-publiques-en-question-la-poste-le-port-la-sonacos\/\"]}]},{\"@type\":\"BreadcrumbList\",\"@id\":\"https:\/\/www.nettali.com\/2021\/01\/26\/video-la-gestion-des-entreprises-publiques-en-question-la-poste-le-port-la-sonacos\/#breadcrumb\",\"itemListElement\":[{\"@type\":\"ListItem\",\"position\":1,\"name\":\"Accueil\",\"item\":\"https:\/\/www.nettali.com\/\"},{\"@type\":\"ListItem\",\"position\":2,\"name\":\"VIDEO &#8211; La gestion des entreprises publiques en question : La Poste, Dakar Dem Dikk, la Sonacos&#8230;\"}]},{\"@type\":\"Person\",\"@id\":\"https:\/\/www.nettali.com\/#\/schema\/person\/d8ac7b7e27ddad43f1c0d2ef090d7f71\",\"name\":\"CK\",\"image\":{\"@type\":\"ImageObject\",\"@id\":\"https:\/\/www.nettali.com\/#personlogo\",\"inLanguage\":\"fr-FR\",\"url\":\"https:\/\/secure.gravatar.com\/avatar\/1d8d5118b9327d94da7cd4ce7f17fec2?s=96&d=mm&r=g\",\"contentUrl\":\"https:\/\/secure.gravatar.com\/avatar\/1d8d5118b9327d94da7cd4ce7f17fec2?s=96&d=mm&r=g\",\"caption\":\"CK\"},\"sameAs\":[\"https:\/\/www.nettali.com\"]}]}<\/script>\n<!-- \/ Yoast SEO Premium plugin. -->","yoast_head_json":{"title":"VIDEO - La gestion des entreprises publiques en question : La Poste, Dakar Dem Dikk, la Sonacos... | Nettali.com","robots":{"index":"index","follow":"follow","max-snippet":"max-snippet:-1","max-image-preview":"max-image-preview:large","max-video-preview":"max-video-preview:-1"},"canonical":"https:\/\/www.nettali.com\/2021\/01\/26\/video-la-gestion-des-entreprises-publiques-en-question-la-poste-le-port-la-sonacos\/","og_locale":"fr_FR","og_type":"article","og_title":"VIDEO - La gestion des entreprises publiques en question : La Poste, Dakar Dem Dikk, la Sonacos...","og_description":"NETTALI.COM - Entre mauvais casting, incomp\u00e9tence, incursion de la politique politicienne, n\u00e9potisme, client\u00e9lisme et impunit\u00e9, un cocktail explosif qui n'incite pas \u00e0 la bonne gouvernance et \u00e0 la gestion orthodoxe des entreprises publique. Aliou Sow de Walf TV nous livre son commentaire. Regardez....\u00a0 PARTAGER SUR : WhatsApp","og_url":"https:\/\/www.nettali.com\/2021\/01\/26\/video-la-gestion-des-entreprises-publiques-en-question-la-poste-le-port-la-sonacos\/","og_site_name":"Nettali.com","article_publisher":"https:\/\/www.facebook.com\/nettalicom","article_published_time":"2021-01-26T21:26:59+00:00","article_modified_time":"2021-01-27T01:13:58+00:00","og_image":[{"width":480,"height":360,"url":"https:\/\/www.nettali.com\/wp-content\/uploads\/2021\/01\/aliou-sow.jpg","type":"image\/jpeg"}],"twitter_card":"summary_large_image","twitter_misc":{"\u00c9crit par":"CK"},"schema":{"@context":"https:\/\/schema.org","@graph":[{"@type":"WebSite","@id":"https:\/\/www.nettali.com\/#website","url":"https:\/\/www.nettali.com\/","name":"Nettali.com","description":"Le rendez-vous critique du Net","potentialAction":[{"@type":"SearchAction","target":{"@type":"EntryPoint","urlTemplate":"https:\/\/www.nettali.com\/?s={search_term_string}"},"query-input":"required name=search_term_string"}],"inLanguage":"fr-FR"},{"@type":"ImageObject","@id":"https:\/\/www.nettali.com\/2021\/01\/26\/video-la-gestion-des-entreprises-publiques-en-question-la-poste-le-port-la-sonacos\/#primaryimage","inLanguage":"fr-FR","url":"https:\/\/www.nettali.com\/wp-content\/uploads\/2021\/01\/aliou-sow.jpg","contentUrl":"https:\/\/www.nettali.com\/wp-content\/uploads\/2021\/01\/aliou-sow.jpg","width":480,"height":360},{"@type":"WebPage","@id":"https:\/\/www.nettali.com\/2021\/01\/26\/video-la-gestion-des-entreprises-publiques-en-question-la-poste-le-port-la-sonacos\/#webpage","url":"https:\/\/www.nettali.com\/2021\/01\/26\/video-la-gestion-des-entreprises-publiques-en-question-la-poste-le-port-la-sonacos\/","name":"VIDEO - La gestion des entreprises publiques en question : La Poste, Dakar Dem Dikk, la Sonacos... | Nettali.com","isPartOf":{"@id":"https:\/\/www.nettali.com\/#website"},"primaryImageOfPage":{"@id":"https:\/\/www.nettali.com\/2021\/01\/26\/video-la-gestion-des-entreprises-publiques-en-question-la-poste-le-port-la-sonacos\/#primaryimage"},"datePublished":"2021-01-26T21:26:59+00:00","dateModified":"2021-01-27T01:13:58+00:00","author":{"@id":"https:\/\/www.nettali.com\/#\/schema\/person\/d8ac7b7e27ddad43f1c0d2ef090d7f71"},"breadcrumb":{"@id":"https:\/\/www.nettali.com\/2021\/01\/26\/video-la-gestion-des-entreprises-publiques-en-question-la-poste-le-port-la-sonacos\/#breadcrumb"},"inLanguage":"fr-FR","potentialAction":[{"@type":"ReadAction","target":["https:\/\/www.nettali.com\/2021\/01\/26\/video-la-gestion-des-entreprises-publiques-en-question-la-poste-le-port-la-sonacos\/"]}]},{"@type":"BreadcrumbList","@id":"https:\/\/www.nettali.com\/2021\/01\/26\/video-la-gestion-des-entreprises-publiques-en-question-la-poste-le-port-la-sonacos\/#breadcrumb","itemListElement":[{"@type":"ListItem","position":1,"name":"Accueil","item":"https:\/\/www.nettali.com\/"},{"@type":"ListItem","position":2,"name":"VIDEO &#8211; La gestion des entreprises publiques en question : La Poste, Dakar Dem Dikk, la Sonacos&#8230;"}]},{"@type":"Person","@id":"https:\/\/www.nettali.com\/#\/schema\/person\/d8ac7b7e27ddad43f1c0d2ef090d7f71","name":"CK","image":{"@type":"ImageObject","@id":"https:\/\/www.nettali.com\/#personlogo","inLanguage":"fr-FR","url":"https:\/\/secure.gravatar.com\/avatar\/1d8d5118b9327d94da7cd4ce7f17fec2?s=96&d=mm&r=g","contentUrl":"https:\/\/secure.gravatar.com\/avatar\/1d8d5118b9327d94da7cd4ce7f17fec2?s=96&d=mm&r=g","caption":"CK"},"sameAs":["https:\/\/www.nettali.com"]}]}},"_links":{"self":[{"href":"https:\/\/www.nettali.com\/rest\/wp\/v2\/posts\/56421"}],"collection":[{"href":"https:\/\/www.nettali.com\/rest\/wp\/v2\/posts"}],"about":[{"href":"https:\/\/www.nettali.com\/rest\/wp\/v2\/types\/post"}],"author":[{"embeddable":true,"href":"https:\/\/www.nettali.com\/rest\/wp\/v2\/users\/2"}],"replies":[{"embeddable":true,"href":"https:\/\/www.nettali.com\/rest\/wp\/v2\/comments?post=56421"}],"version-history":[{"count":3,"href":"https:\/\/www.nettali.com\/rest\/wp\/v2\/posts\/56421\/revisions"}],"predecessor-version":[{"id":56434,"href":"https:\/\/www.nettali.com\/rest\/wp\/v2\/posts\/56421\/revisions\/56434"}],"wp:featuredmedia":[{"embeddable":true,"href":"https:\/\/www.nettali.com\/rest\/wp\/v2\/media\/56429"}],"wp:attachment":[{"href":"https:\/\/www.nettali.com\/rest\/wp\/v2\/media?parent=56421"}],"wp:term":[{"taxonomy":"category","embeddable":true,"href":"https:\/\/www.nettali.com\/rest\/wp\/v2\/categories?post=56421"},{"taxonomy":"post_tag","embeddable":true,"href":"https:\/\/www.nettali.com\/rest\/wp\/v2\/tags?post=56421"}],"curies":[{"name":"wp","href":"https:\/\/api.w.org\/{rel}","templated":true}]}}