{"id":56303,"date":"2021-01-25T09:36:34","date_gmt":"2021-01-25T09:36:34","guid":{"rendered":"https:\/\/www.nettali.com\/?p=56303"},"modified":"2021-01-25T09:36:34","modified_gmt":"2021-01-25T09:36:34","slug":"coalition-jotna-election-dun-nouveau-president","status":"publish","type":"post","link":"https:\/\/www.nettali.com\/2021\/01\/25\/coalition-jotna-election-dun-nouveau-president\/","title":{"rendered":"COALITION JOTNA \u2013 Election d\u2019un nouveau pr\u00e9sident"},"content":{"rendered":"<p><strong>NETTALI.COM \u2013 Apr\u00e8s avoir soutenu la candidature de Ousmane Sonko \u00e0 la derni\u00e8re pr\u00e9sidentielle, la coalition Jotna avait implos\u00e9, suite \u00e0 la d\u00e9fection de Boubacar Camara. L\u2019Assembl\u00e9e g\u00e9n\u00e9rale de ladite coalition a port\u00e9 son choix sur le fiscaliste Abdoulaye Niane, \u00e9lu pr\u00e9sident. <\/strong><\/p>\n<p>Le docteur Abdoulaye Niane est le nouveau pr\u00e9sident de la coalition Jotna. Il est port\u00e9 \u00e0 la t\u00eate d\u2019une nouvelle \u00e9quipe compos\u00e9e d\u2019Arona Tour\u00e9 du mouvement Pencum S\u00e9n\u00e9gal, \u00e9lu coordonnateur g\u00e9n\u00e9ral du Comit\u00e9 ex\u00e9cutif national de la coalition Jotna.<\/p>\n<p>La pr\u00e9sidente du mouvement Liggeyal S\u00e9n\u00e9gal, Nd\u00e8ye Sow, et le coordonnateur du TS 1924, Gora Fall, ont \u00e9t\u00e9 reconduits comme assesseurs du pr\u00e9sident. Cette nouvelle \u00e9quipe est \u00e9lue lors de la conf\u00e9rence nationale des leaders de la coalition, pour six mois.<\/p>\n<p>La nouvelle \u00e9quipe entend s\u2019inscrire dans la continuit\u00e9 de \u201cl\u2019excellent\u2019\u2019 travail fait par l\u2019\u00e9quipe sortante. Elle compte \u201casseoir\u2019\u2019 plus sa position au sein de l\u2019opposition et \u201cporter le combat pour la d\u00e9fense des int\u00e9r\u00eats des citoyens s\u00e9n\u00e9galais devant un r\u00e9gime qui, de plus en plus, montre son incapacit\u00e9 \u00e0 apporter des r\u00e9ponses concr\u00e8tes que vivent les S\u00e9n\u00e9galais\u2019\u2019, lit-on dans un communiqu\u00e9.<\/p>\n<div class='share-to-whatsapp-wrapper'><div class='share-on-whsp'>PARTAGER SUR : <\/div><a data-text='COALITION JOTNA \u2013 Election d\u2019un nouveau pr\u00e9sident' data-link='https:\/\/www.nettali.com\/2021\/01\/25\/coalition-jotna-election-dun-nouveau-president\/' class='whatsapp-button whatsapp-share'>WhatsApp<\/a><div class='clear '><\/div><\/div>","protected":false},"excerpt":{"rendered":"<p>NETTALI.COM \u2013 Apr\u00e8s avoir soutenu la candidature de Ousmane Sonko \u00e0 la derni\u00e8re pr\u00e9sidentielle, la coalition Jotna avait implos\u00e9, suite \u00e0 la d\u00e9fection de Boubacar Camara. L\u2019Assembl\u00e9e g\u00e9n\u00e9rale de ladite coalition a port\u00e9 son choix sur le fiscaliste Abdoulaye Niane, \u00e9lu pr\u00e9sident. Le docteur Abdoulaye Niane est le nouveau pr\u00e9sident de la coalition Jotna. Il [&hellip;]<\/p>\n","protected":false},"author":11,"featured_media":56305,"comment_status":"open","ping_status":"open","sticky":false,"template":"","format":"standard","meta":{"_et_pb_use_builder":"","_et_pb_old_content":""},"categories":[2],"tags":[],"yoast_head":"<!-- This site is optimized with the Yoast SEO Premium plugin v17.8 (Yoast SEO v17.8) - https:\/\/yoast.com\/wordpress\/plugins\/seo\/ -->\n<title>COALITION JOTNA \u2013 Election d\u2019un nouveau pr\u00e9sident | Nettali.com<\/title>\n<meta name=\"robots\" content=\"index, follow, max-snippet:-1, max-image-preview:large, max-video-preview:-1\" \/>\n<link rel=\"canonical\" href=\"https:\/\/www.nettali.com\/2021\/01\/25\/coalition-jotna-election-dun-nouveau-president\/\" \/>\n<meta property=\"og:locale\" content=\"fr_FR\" \/>\n<meta property=\"og:type\" content=\"article\" \/>\n<meta property=\"og:title\" content=\"COALITION JOTNA \u2013 Election d\u2019un nouveau pr\u00e9sident\" \/>\n<meta property=\"og:description\" content=\"NETTALI.COM \u2013 Apr\u00e8s avoir soutenu la candidature de Ousmane Sonko \u00e0 la derni\u00e8re pr\u00e9sidentielle, la coalition Jotna avait implos\u00e9, suite \u00e0 la d\u00e9fection de Boubacar Camara. L\u2019Assembl\u00e9e g\u00e9n\u00e9rale de ladite coalition a port\u00e9 son choix sur le fiscaliste Abdoulaye Niane, \u00e9lu pr\u00e9sident. Le docteur Abdoulaye Niane est le nouveau pr\u00e9sident de la coalition Jotna. Il [&hellip;]\" \/>\n<meta property=\"og:url\" content=\"https:\/\/www.nettali.com\/2021\/01\/25\/coalition-jotna-election-dun-nouveau-president\/\" \/>\n<meta property=\"og:site_name\" content=\"Nettali.com\" \/>\n<meta property=\"article:publisher\" content=\"https:\/\/www.facebook.com\/nettalicom\" \/>\n<meta property=\"article:published_time\" content=\"2021-01-25T09:36:34+00:00\" \/>\n<meta property=\"og:image\" content=\"https:\/\/www.nettali.com\/wp-content\/uploads\/2021\/01\/abdoulaye-niang.jpg\" \/>\n\t<meta property=\"og:image:width\" content=\"612\" \/>\n\t<meta property=\"og:image:height\" content=\"298\" \/>\n<meta name=\"twitter:card\" content=\"summary_large_image\" \/>\n<meta name=\"twitter:label1\" content=\"\u00c9crit par\" \/>\n\t<meta name=\"twitter:data1\" content=\"Thierno Diop\" \/>\n\t<meta name=\"twitter:label2\" content=\"Dur\u00e9e de lecture estim\u00e9e\" \/>\n\t<meta name=\"twitter:data2\" content=\"1 minute\" \/>\n<script type=\"application\/ld+json\" class=\"yoast-schema-graph\">{\"@context\":\"https:\/\/schema.org\",\"@graph\":[{\"@type\":\"WebSite\",\"@id\":\"https:\/\/www.nettali.com\/#website\",\"url\":\"https:\/\/www.nettali.com\/\",\"name\":\"Nettali.com\",\"description\":\"Le rendez-vous critique du Net\",\"potentialAction\":[{\"@type\":\"SearchAction\",\"target\":{\"@type\":\"EntryPoint\",\"urlTemplate\":\"https:\/\/www.nettali.com\/?s={search_term_string}\"},\"query-input\":\"required name=search_term_string\"}],\"inLanguage\":\"fr-FR\"},{\"@type\":\"ImageObject\",\"@id\":\"https:\/\/www.nettali.com\/2021\/01\/25\/coalition-jotna-election-dun-nouveau-president\/#primaryimage\",\"inLanguage\":\"fr-FR\",\"url\":\"https:\/\/www.nettali.com\/wp-content\/uploads\/2021\/01\/abdoulaye-niang.jpg\",\"contentUrl\":\"https:\/\/www.nettali.com\/wp-content\/uploads\/2021\/01\/abdoulaye-niang.jpg\",\"width\":612,\"height\":298},{\"@type\":\"WebPage\",\"@id\":\"https:\/\/www.nettali.com\/2021\/01\/25\/coalition-jotna-election-dun-nouveau-president\/#webpage\",\"url\":\"https:\/\/www.nettali.com\/2021\/01\/25\/coalition-jotna-election-dun-nouveau-president\/\",\"name\":\"COALITION JOTNA \\u2013 Election d\\u2019un nouveau pr\\u00e9sident | Nettali.com\",\"isPartOf\":{\"@id\":\"https:\/\/www.nettali.com\/#website\"},\"primaryImageOfPage\":{\"@id\":\"https:\/\/www.nettali.com\/2021\/01\/25\/coalition-jotna-election-dun-nouveau-president\/#primaryimage\"},\"datePublished\":\"2021-01-25T09:36:34+00:00\",\"dateModified\":\"2021-01-25T09:36:34+00:00\",\"author\":{\"@id\":\"https:\/\/www.nettali.com\/#\/schema\/person\/8a06c6bd7b19304cf4bf985862900b5b\"},\"breadcrumb\":{\"@id\":\"https:\/\/www.nettali.com\/2021\/01\/25\/coalition-jotna-election-dun-nouveau-president\/#breadcrumb\"},\"inLanguage\":\"fr-FR\",\"potentialAction\":[{\"@type\":\"ReadAction\",\"target\":[\"https:\/\/www.nettali.com\/2021\/01\/25\/coalition-jotna-election-dun-nouveau-president\/\"]}]},{\"@type\":\"BreadcrumbList\",\"@id\":\"https:\/\/www.nettali.com\/2021\/01\/25\/coalition-jotna-election-dun-nouveau-president\/#breadcrumb\",\"itemListElement\":[{\"@type\":\"ListItem\",\"position\":1,\"name\":\"Accueil\",\"item\":\"https:\/\/www.nettali.com\/\"},{\"@type\":\"ListItem\",\"position\":2,\"name\":\"COALITION JOTNA \\u2013 Election d\\u2019un nouveau pr\\u00e9sident\"}]},{\"@type\":\"Person\",\"@id\":\"https:\/\/www.nettali.com\/#\/schema\/person\/8a06c6bd7b19304cf4bf985862900b5b\",\"name\":\"Thierno Diop\",\"image\":{\"@type\":\"ImageObject\",\"@id\":\"https:\/\/www.nettali.com\/#personlogo\",\"inLanguage\":\"fr-FR\",\"url\":\"https:\/\/secure.gravatar.com\/avatar\/c8ca58550c94fd2ac856d27391a6c866?s=96&d=mm&r=g\",\"contentUrl\":\"https:\/\/secure.gravatar.com\/avatar\/c8ca58550c94fd2ac856d27391a6c866?s=96&d=mm&r=g\",\"caption\":\"Thierno Diop\"},\"sameAs\":[\"https:\/\/nettali.com\"]}]}<\/script>\n<!-- \/ Yoast SEO Premium plugin. -->","yoast_head_json":{"title":"COALITION JOTNA \u2013 Election d\u2019un nouveau pr\u00e9sident | Nettali.com","robots":{"index":"index","follow":"follow","max-snippet":"max-snippet:-1","max-image-preview":"max-image-preview:large","max-video-preview":"max-video-preview:-1"},"canonical":"https:\/\/www.nettali.com\/2021\/01\/25\/coalition-jotna-election-dun-nouveau-president\/","og_locale":"fr_FR","og_type":"article","og_title":"COALITION JOTNA \u2013 Election d\u2019un nouveau pr\u00e9sident","og_description":"NETTALI.COM \u2013 Apr\u00e8s avoir soutenu la candidature de Ousmane Sonko \u00e0 la derni\u00e8re pr\u00e9sidentielle, la coalition Jotna avait implos\u00e9, suite \u00e0 la d\u00e9fection de Boubacar Camara. L\u2019Assembl\u00e9e g\u00e9n\u00e9rale de ladite coalition a port\u00e9 son choix sur le fiscaliste Abdoulaye Niane, \u00e9lu pr\u00e9sident. Le docteur Abdoulaye Niane est le nouveau pr\u00e9sident de la coalition Jotna. Il [&hellip;]","og_url":"https:\/\/www.nettali.com\/2021\/01\/25\/coalition-jotna-election-dun-nouveau-president\/","og_site_name":"Nettali.com","article_publisher":"https:\/\/www.facebook.com\/nettalicom","article_published_time":"2021-01-25T09:36:34+00:00","og_image":[{"width":612,"height":298,"url":"https:\/\/www.nettali.com\/wp-content\/uploads\/2021\/01\/abdoulaye-niang.jpg","type":"image\/jpeg"}],"twitter_card":"summary_large_image","twitter_misc":{"\u00c9crit par":"Thierno Diop","Dur\u00e9e de lecture estim\u00e9e":"1 minute"},"schema":{"@context":"https:\/\/schema.org","@graph":[{"@type":"WebSite","@id":"https:\/\/www.nettali.com\/#website","url":"https:\/\/www.nettali.com\/","name":"Nettali.com","description":"Le rendez-vous critique du Net","potentialAction":[{"@type":"SearchAction","target":{"@type":"EntryPoint","urlTemplate":"https:\/\/www.nettali.com\/?s={search_term_string}"},"query-input":"required name=search_term_string"}],"inLanguage":"fr-FR"},{"@type":"ImageObject","@id":"https:\/\/www.nettali.com\/2021\/01\/25\/coalition-jotna-election-dun-nouveau-president\/#primaryimage","inLanguage":"fr-FR","url":"https:\/\/www.nettali.com\/wp-content\/uploads\/2021\/01\/abdoulaye-niang.jpg","contentUrl":"https:\/\/www.nettali.com\/wp-content\/uploads\/2021\/01\/abdoulaye-niang.jpg","width":612,"height":298},{"@type":"WebPage","@id":"https:\/\/www.nettali.com\/2021\/01\/25\/coalition-jotna-election-dun-nouveau-president\/#webpage","url":"https:\/\/www.nettali.com\/2021\/01\/25\/coalition-jotna-election-dun-nouveau-president\/","name":"COALITION JOTNA \u2013 Election d\u2019un nouveau pr\u00e9sident | Nettali.com","isPartOf":{"@id":"https:\/\/www.nettali.com\/#website"},"primaryImageOfPage":{"@id":"https:\/\/www.nettali.com\/2021\/01\/25\/coalition-jotna-election-dun-nouveau-president\/#primaryimage"},"datePublished":"2021-01-25T09:36:34+00:00","dateModified":"2021-01-25T09:36:34+00:00","author":{"@id":"https:\/\/www.nettali.com\/#\/schema\/person\/8a06c6bd7b19304cf4bf985862900b5b"},"breadcrumb":{"@id":"https:\/\/www.nettali.com\/2021\/01\/25\/coalition-jotna-election-dun-nouveau-president\/#breadcrumb"},"inLanguage":"fr-FR","potentialAction":[{"@type":"ReadAction","target":["https:\/\/www.nettali.com\/2021\/01\/25\/coalition-jotna-election-dun-nouveau-president\/"]}]},{"@type":"BreadcrumbList","@id":"https:\/\/www.nettali.com\/2021\/01\/25\/coalition-jotna-election-dun-nouveau-president\/#breadcrumb","itemListElement":[{"@type":"ListItem","position":1,"name":"Accueil","item":"https:\/\/www.nettali.com\/"},{"@type":"ListItem","position":2,"name":"COALITION JOTNA \u2013 Election d\u2019un nouveau pr\u00e9sident"}]},{"@type":"Person","@id":"https:\/\/www.nettali.com\/#\/schema\/person\/8a06c6bd7b19304cf4bf985862900b5b","name":"Thierno Diop","image":{"@type":"ImageObject","@id":"https:\/\/www.nettali.com\/#personlogo","inLanguage":"fr-FR","url":"https:\/\/secure.gravatar.com\/avatar\/c8ca58550c94fd2ac856d27391a6c866?s=96&d=mm&r=g","contentUrl":"https:\/\/secure.gravatar.com\/avatar\/c8ca58550c94fd2ac856d27391a6c866?s=96&d=mm&r=g","caption":"Thierno Diop"},"sameAs":["https:\/\/nettali.com"]}]}},"_links":{"self":[{"href":"https:\/\/www.nettali.com\/rest\/wp\/v2\/posts\/56303"}],"collection":[{"href":"https:\/\/www.nettali.com\/rest\/wp\/v2\/posts"}],"about":[{"href":"https:\/\/www.nettali.com\/rest\/wp\/v2\/types\/post"}],"author":[{"embeddable":true,"href":"https:\/\/www.nettali.com\/rest\/wp\/v2\/users\/11"}],"replies":[{"embeddable":true,"href":"https:\/\/www.nettali.com\/rest\/wp\/v2\/comments?post=56303"}],"version-history":[{"count":1,"href":"https:\/\/www.nettali.com\/rest\/wp\/v2\/posts\/56303\/revisions"}],"predecessor-version":[{"id":56306,"href":"https:\/\/www.nettali.com\/rest\/wp\/v2\/posts\/56303\/revisions\/56306"}],"wp:featuredmedia":[{"embeddable":true,"href":"https:\/\/www.nettali.com\/rest\/wp\/v2\/media\/56305"}],"wp:attachment":[{"href":"https:\/\/www.nettali.com\/rest\/wp\/v2\/media?parent=56303"}],"wp:term":[{"taxonomy":"category","embeddable":true,"href":"https:\/\/www.nettali.com\/rest\/wp\/v2\/categories?post=56303"},{"taxonomy":"post_tag","embeddable":true,"href":"https:\/\/www.nettali.com\/rest\/wp\/v2\/tags?post=56303"}],"curies":[{"name":"wp","href":"https:\/\/api.w.org\/{rel}","templated":true}]}}