{"id":56285,"date":"2021-01-25T07:47:45","date_gmt":"2021-01-25T07:47:45","guid":{"rendered":"https:\/\/www.nettali.com\/?p=56285"},"modified":"2021-01-26T21:28:29","modified_gmt":"2021-01-26T21:28:29","slug":"ledito-de-nettali-com-le-dernier-virage","status":"publish","type":"post","link":"https:\/\/www.nettali.com\/2021\/01\/25\/ledito-de-nettali-com-le-dernier-virage\/","title":{"rendered":"L'EDITO DE NETTALI.COM - Douloureux virage !"},"content":{"rendered":"<p><strong>NETTALI.COM - Nous sommes-nous emball\u00e9s trop vite sur la gestion de la pand\u00e9mie avec notre rang de 2\u00e8me au niveau mondial ? selon une certaine croyance populaire, l\u2019autoglorification porte la poisse. Une euphorie qui a certainement tr\u00e8s vite conduit les S\u00e9n\u00e9galais au rel\u00e2chement. La suite, on la conna\u00eet avec La progression de la pand\u00e9mie dans nos murs. Le nombre morts grimpe en fl\u00e8che, malgr\u00e9 un couvre-feu qui dure depuis plus de 15 jours. 518 cas et 14 d\u00e9c\u00e8s et 51 entr\u00e9es en r\u00e9animation, rien que ce week-end du 23-24 janvier, \u00e0 tel point que beaucoup s'interrogent sur l'efficacit\u00e9 du couvre-feu. De quoi s'alarmer.<\/strong><\/p>\n<p>Comment en est-on arriv\u00e9 l\u00e0 pour une op\u00e9ration qui semblait \u00e0 priori promise \u00e0 une belle r\u00e9ussite ? Est-ce d\u00fb \u00e0 un d\u00e9ficit d'exemplarit\u00e9 de la part de nos gouvernants ? Un manque de rigueur et de discipline ? Une communication approximative ? Autant d\u2019interrogations que l\u2019on est en droit de faire.<\/p>\n<p>A la v\u00e9rit\u00e9, nous avons failli. Une faillite collective dans laquelle les populations ont moins de responsabilit\u00e9s car ce sont les gouvernants qui sont cens\u00e9s prendre les bonnes d\u00e9cisions et orienter les populations. C\u2019\u00e9tait une belle amorce qui avait eu lieu. Mais l\u2019aide alimentaire a \u00e9t\u00e9 le fait qui a cass\u00e9 l'\u00e9lan de coh\u00e9sion nationale dans la lutte contre le virus, avec une classe politique unie, taisant ses divergences du moment, le temps de la bataille contre l\u2019ennemi commun. La question alimentaire avait ainsi pris le dessus sur l\u2019\u00e9quation sanitaire. Les S\u00e9n\u00e9galais couraient pourtant en ce moment-l\u00e0, beaucoup plus un risque de contamination massive que de famine. Les attroupements not\u00e9s pour recevoir des vivres puisqu\u2019on n\u2019\u00e9tait qu\u2019au d\u00e9but de la pand\u00e9mie, \u00e9taient tout simplement inappropri\u00e9s au regard du contexte. Et pire la question de la transparence dans l\u2019attribution des march\u00e9s de vivres et leur transport, est venue s'ajouter \u00e0 la confusion, cr\u00e9ant une pol\u00e9mique \u00e9norme avec un Mansour Faye mis au banc des accus\u00e9s. De quoi refroidir l\u2019ardeur des S\u00e9n\u00e9galais. Et pourtant, \u00e0 la place, il aurait juste fallu op\u00e9rer des transferts d\u2019argent aux familles de mani\u00e8re \u00e0 \u00e9viter les rassemblements et investir davantage dans l\u2019achat de mat\u00e9riels m\u00e9dicaux, en particulier les masques et du gel.<\/p>\n<p>Sur un autre front, des manifestations contre une circulation interurbaine instaur\u00e9e et des rassemblements religieux organis\u00e9s en toute d\u00e9fiance au pouvoir, ont vite eu raison de la fermet\u00e9 du gouvernement. Le r\u00e9alisme indiquait d\u00e8s lors pour nos gouvernants de desserrer l'\u00e9tau pour privil\u00e9gier le fonctionnement de l\u2019\u00e9conomie. Il fallait d\u00e9sormais vivre avec le virus. Et un certain docteur Thior y \u00e9tait m\u00eame all\u00e9 de sa th\u00e9orie dans des sorties m\u00e9diatiques pour discourir sur l\u2019immunit\u00e9 collective qui commandait tout simplement, de laisser le virus se propager. Le r\u00e9sultat, on le connait. Ce dernier s\u2019est r\u00e9pandu et a fait m\u00eame des ravages.<\/p>\n<p>De plus, les prises de paroles d\u00e9sordonn\u00e9es de m\u00e9decins, justement parlons-en, ont \u00e9t\u00e9 parmi les facteurs qui ont le plus pollu\u00e9 la communication li\u00e9e \u00e0 la sensibilisation. Trop de m\u00e9decins ont \u00e9voqu\u00e9 le sujet pand\u00e9mie sans toutefois \u00eatre sp\u00e9cialistes de la question. Entre m\u00e9decins politiciens, conseillers du pr\u00e9sident, m\u00e9decins opportunistes, pseudo-sp\u00e9cialistes S\u00e9n\u00e9galais en pharmacie \u00e9tablis \u00e0 l\u2019\u00e9tranger, etc, il y a eu beaucoup trop d\u2019interventions sans grand int\u00e9r\u00eat, sinon que de contribuer \u00e0 davantage embrouiller les esprits. La pand\u00e9mie est une affaire de sp\u00e9cialistes de sant\u00e9 publique, des maladies infectieuses, en virologie, etc. Ceux-l\u00e0 peuvent mieux en parler et de mani\u00e8re pointue.<\/p>\n<p><strong>L\u2019\u00e9ternelle \u00e9quation de la communication<\/strong><\/p>\n<p>Bouba Ndour\u00a0 \u00e0 \"Jakarloo\" sur la TFM n\u2019avait eu de cesse de crier que les gens qui sont dans le d\u00e9ni, savent tout ce qu\u2019ils doivent savoir sur la maladie, se trompaient na\u00efvement, en tant que profane en la mati\u00e8re. Ce n\u2019est pas \u00e0 la v\u00e9rit\u00e9 parce qu'une campagne de communication existe que les gens seront forc\u00e9ment r\u00e9ceptifs aux messages. Il y aura toujours des personnes que l\u2019on ne pourra jamais convaincre et ceux qui refuseront par principe d\u2019\u00eatre convaincus. Des freins au discours peuvent \u00e9videmment exister par le simple fait que certaines cat\u00e9gories de populations sont enferm\u00e9es dans des croyances et des certitudes qui les emp\u00eachent de comprendre.<\/p>\n<p>De plus le d\u00e9ficit d\u2019exemplarit\u00e9 de certaines autorit\u00e9s, cr\u00e9e de fait, une dissonance dans la communication. Ils sont frais dans les m\u00e9moires, les rassemblements li\u00e9s \u00e0 des tourn\u00e9es \u00e9conomiques du chef de l\u2019Etat, \u00e0 la visite de Mari\u00e8me Faye \u00e0 Pikine chez le maire Thimbo, au moment des inondations, l\u2019inauguration de l\u2019autopont de Yoff avec la pr\u00e9sence de Mansour Faye, ministre des Infrastructures et d\u2019Abdoulaye Diouf Sarr, ministre de la Sant\u00e9, etc. Pour ne citer que ceux-l\u00e0. Comment ce dernier peut-il \u00eatre en charge de ce domaine et cautionner un tel rassemblement, m\u00eame c\u2019est sur son territoire qu\u2019a eu lieu cette inauguration ? Voil\u00e0 par exemple des occasions de se distinguer mais toutefois manqu\u00e9es et qui ont comme cons\u00e9quences de pousser les populations \u00e0 rejeter les messages venant des autorit\u00e9s publiques.<\/p>\n<p>Mais c\u2019est aussi et surtout la question de la conception des messages h\u00e9t\u00e9roclites de surcro\u00eet diffus\u00e9s par des leaders d\u2019opinion, des com\u00e9diens, des artistes, des autorit\u00e9s, etc dans une totale logique d\u2019incoh\u00e9rence qui ne peut avoir comme effet que de lasser les S\u00e9n\u00e9galais. La communication a cette particularit\u00e9, celle de devoir juste \u00eatre diffus\u00e9e sur la base d\u2019une pression suffisante. Ni excessive, ni insuffisante. Lorsqu\u2019elle vire au tintamarre alors qu\u2019elle n\u2019est ni originale, ni recherch\u00e9e pour \u00eatre en mesure d\u2019interpeller celui qui doit recevoir le message, elle sera peut \u00eatre \u00e9cout\u00e9e mais certainement pas entendue. Ce qui veut en d\u2019autres termes dire que la cr\u00e9ation m\u00eame du message, est une affaire de sp\u00e9cialistes et non de phrases ou discours qui peuvent para\u00eetre juste \u00e9vidents du point de vue du profane qui les compose.<\/p>\n<p>Cette une mati\u00e8re difficile la communication, et comme elle est assimil\u00e9e \u00e0 un discours simple ou \u00e0 l\u2019agencement de mots, n\u2019importe qui pense en d\u00e9tenir la comp\u00e9tence. Et c\u2019est l\u00e0 l\u2019erreur de beaucoup qui s\u2019y aventurent. Cette mati\u00e8re n\u00e9cessite d\u2019\u00eatre avant tout arrim\u00e9e \u00e0 une strat\u00e9gie et non \u00e0 des actions \u00e9parpill\u00e9es, sans ob\u00e9ir \u00e0 certaine coh\u00e9rence, une ma\u00eetrise des messages, des accroches, des mots-clefs et une identification claire des cibles avec des messages appropri\u00e9s \u00e0 chacune d\u2019entre elles.<\/p>\n<p>Il y a aussi au-del\u00e0, l\u2019\u00e9quation du canal. Et c\u2019est justement l\u00e0 que beaucoup se trompent en pensant que la presse doit forc\u00e9ment accompagner la communication. Le biais le plus simple avec la presse, est certainement l\u2019insertion publicitaire payante ou gratuite ou encore la d\u00e9cision d\u2019un journal de prendre fait et cause pour l\u2019action de sensibilisation. C\u2019est en effet une illusion que de penser que le journaliste est un communicant. Il est dans l\u2019information et plus exactement dans les faits. Il peut d\u00e9cider de soutenir un jour, mais qu\u2019on ne s\u2019y trompe pas, il n\u2019est pas un alli\u00e9 s\u00fbr car, de la m\u00eame fa\u00e7on, il peut critiquer ou mettre \u00e0 nu ce qu\u2019il consid\u00e8re comme une n\u00e9buleuse, comme cela fut le cas avec la gestion des vivres. Elle peut aussi critiquer le bien-fond\u00e9 ou pas du couvre-feu. Une mani\u00e8re de dire que la communication et l\u2019information ob\u00e9issent \u00e0 deux logiques diff\u00e9rentes. En dehors de la presse, o\u00f9 il est plus s\u00fbr de miser sur la publicit\u00e9 (m\u00eame si les relations presse peuvent \u00eatre d\u2019un certain apport), il y a bien s\u00fbr d\u2019autres moyens notamment dans l\u2019approche communautaire o\u00f9 l\u2019on peut user d\u2019un discours direct ou via les relais d\u2019opinion qui peuvent aider \u00e0 prolonger les messages vers les populations. A ce titres, les r\u00e9seaux sociaux peuvent \u00eatre des v\u00e9hicules pour atteindre les groupes et partager les informations avec le risque toutefois des fake news et de la d\u00e9sinformation.<\/p>\n<p>Dans la mise en \u0153uvre de la communication, l\u2019on semble aussi oublier que les \u00e9metteurs du message sont tr\u00e8s importants. Nous pointions tant\u00f4t du doigt cette pl\u00e9thore de m\u00e9decins qui interviennent et cr\u00e9ent de fait des dissonances dans la sensibilisation. Eh bien, il y a des visages qui \u00e9taient devenus bien sympathiques aux yeux du public parce qu\u2019identifi\u00e9s comme les vrais visages de la lutte, ceux qui se battent au quotidien pour les S\u00e9n\u00e9galais : Docteur Bousso, Professeur Seydi ; Kh\u00e9messe Ngom, El Hadji Mamadou Ndiaye, dans une moindre mesure, etc. O\u00f9 sont pass\u00e9s ceux-l\u00e0 ?<\/p>\n<p>L\u2019on a senti une sorte de d\u00e9mobilisation qui ne dit pas son nom. Ce sont ceux-l\u00e0 qui \u00e9taient identifi\u00e9s par les S\u00e9n\u00e9galais comme les plus cr\u00e9dibles pour porter le combat. Pourquoi n\u2019ont-ils pas continu\u00e9 \u00e0 le mener ? Depuis le moment o\u00f9 l\u2019on a not\u00e9 des frictions entre le professeur Seydi et le ministre Diouf Sarr, en pr\u00e9sence du pr\u00e9sident Sall, lors de l\u2019inauguration du Service des maladies infectieuses \u00e0 Fann, l\u2019on a senti que quelque chose n\u2019allait plus. Une sorte de d\u00e9ficit de coh\u00e9sion et de d\u00e9sarticulation de l\u2019action qui ne dit en tout cas pas son nom.<\/p>\n<p>A l\u2019heure du second couvre-feu o\u00f9 les morts, les cas contacts et cas graves montent en fl\u00e8che et o\u00f9 l\u2019on se pose des questions sur son efficacit\u00e9, c\u2019est surtout l'approche communautaire qui a jusqu\u2019ici insuffisamment \u00e9t\u00e9 explor\u00e9e, qui doit \u00eatre encourag\u00e9e en attendant le vaccin. Les religieux m\u00eame si certains ont eu \u00e0 organiser des \u00e9v\u00e8nements, ont toutefois jou\u00e9 leur r\u00f4le dans la lutte et la sensibilisation, en fermant des mosqu\u00e9e et \u00e9glises, en annulant des rassemblements religieux et en incitant fortement les autorit\u00e9s \u00e0 dire la v\u00e9rit\u00e9 aux citoyens, tout en militant en faveur du respect des mesures sanitaires. Mais ce qui a surtout manqu\u00e9, c\u2019est l\u2019implication des associations sportives et culturelles, des badi\u00e9nou Gokh, des leaders d\u2019opinion dans les quartiers, y compris les d\u00e9l\u00e9gu\u00e9s et chefs de quartier.<\/p>\n<p>Et au-del\u00e0, le port du masque et les gestes barri\u00e8res doivent \u00eatre d\u2019autant plus encourag\u00e9s que l\u2019\u00e9pid\u00e9mie monte en fl\u00e8che. Peut-\u00eatre qu'\u00e0 l'heure actuelle, le gouvernement devrait ajouter certaines r\u00e9gions aux restrictions car le virus s'y propage \u00e0 vitesse grand V. N\u2019eut \u00e9t\u00e9 le nombre limit\u00e9 des tests, l\u2019on aurait certainement not\u00e9 un nombre de cas encore plus importants. Pourquoi ne pas retourner au t\u00e9l\u00e9travail pour les postes non n\u00e9cessaires en pr\u00e9sentiel, de mani\u00e8re \u00e0 r\u00e9duire l\u2019encombrement dans les transports ? La fermeture des march\u00e9s certains jours, est d\u00e9j\u00e0 une r\u00e9alit\u00e9. De m\u00eame les cours altern\u00e9s doivent \u00eatre encourag\u00e9s dans les \u00e9coles et les universit\u00e9s, \u00e0 d\u00e9faut de rendre obligatoire le port du masque. La r\u00e9alit\u00e9 montre d\u00e9j\u00e0 que le virus a d\u00e9j\u00e0 \u00e9lu domicile \u00e0 l\u2019UGB et dans de grandes entreprises publiques o\u00f9 le personnel est important.<\/p>\n<p><strong>La parole aux sp\u00e9cialistes<\/strong><\/p>\n<p>A un moment aussi crucial o\u00f9 la pand\u00e9mie est d\u2019autant plus pr\u00e9sente parce que le nombre de cas et de morts grimpe en fl\u00e8che, malgr\u00e9 le couvre-feu prolong\u00e9, nous devons nous montrer encore plus respectueux des mesures sanitaires et du port du masque. Le virus poursuit pour l\u2019heure sa route et p\u00e9n\u00e8tre dans la communaut\u00e9, les universit\u00e9s et les entreprises. La mobilisation dans la lutte reste le seul salut en attendant le vaccin qui semble d\u00e9sormais \u00eatre la seule alternative qui s\u2019offre \u00e0 nous.<\/p>\n<p>Et comme dans tous les pays du monde, des r\u00e9ticences, des craintes et m\u00eame des appels \u00e0 ne pas se faire vacciner sont lanc\u00e9s. Il importe juste de savoir ce dont on parle lorsqu\u2019on n\u2019est pas sp\u00e9cialiste de la question. Que Macky Sall doive se vacciner le premier ou que Diouf Sarr doive \u00e9galement s\u2019y mettre, n\u2019est pas la vraie question. Comment pourrait-il en \u00eatre autrement ? Comme dans tous les pays du monde, le S\u00e9n\u00e9gal commencera par les personnels les plus expos\u00e9s aux risques.<\/p>\n<p>Le S\u00e9n\u00e9gal a une tradition de vaccination que n\u2019ont pas les Occidentaux. C\u2019est s\u00fbr. Les sp\u00e9cialistes doivent ainsi aider \u00e0 lever les craintes.<br \/>\nA l\u2019\u00e9mission \u00ab <em>Grand Jury<\/em> \u00bb de ce dimanche 24 janvier, le docteur Corinne Tchania, la pr\u00e9sidente de l\u2019Association des m\u00e9decins urgentistes du S\u00e9n\u00e9gal a par ailleurs d\u00e9plor\u00e9 les r\u00e9ticences autour du vaccin anti covid-19 en ces termes : \u00ab<em> Au S\u00e9n\u00e9gal, des enfants se vaccinent. Il y a un programme \u00e9largi de vaccination. Pourquoi aujourd\u2019hui on se pose des questions sur la fiabilit\u00e9 du vaccin anti covid-19 ?<\/em> \u00bb<\/p>\n<p>Interpell\u00e9e sur la rapidit\u00e9 de la fabrication que beaucoup \u00e9voquent pour s\u2019en m\u00e9fier, elle s\u2019est voulu rassurante et ne comprend pas l\u2019aversion des populations au tour du vaccin. \u201dIl y a des techniques courtes. En plus l\u2019Arn messager c\u2019est quelque chose sur laquelle ils travaillaient depuis 10 ans et c\u2019est la premi\u00e8re fois que les gens utilisent cette technique-l\u00e0. Et c\u2019est une prouesse pour la science. Ce sont des choses \u00e0 applaudir. Il y a plein de gens qui ont \u00e9t\u00e9 vaccin\u00e9s, il ne faut pas l\u2019oublier. Aux \u00c9tats-Unis, je pense qu\u2019ils ont vaccin\u00e9 10 millions de personnes et tr\u00e8s peu de d\u00e9c\u00e8s ont \u00e9t\u00e9 annonc\u00e9s. En France on vaccine, aux \u00c9tats-Unis ils vaccinent. Il y a d\u2019autres pays qui vaccinent comme l\u2019Isra\u00ebl qui utilisent ce vaccin-l\u00e0. Donc pourquoi autant de craintes?\u201c, se demande-t-elle.<\/p>\n<p>De l\u2019avis de Corinne Tchania pense qu\u2019il faut aller vers l\u2019information, appelant \u201d les sp\u00e9cialistes en infectiologie du S\u00e9n\u00e9gal et du vaccin \u00e0 manifester pour rassurer la population\u201c. Avant d\u2019ajouter : \u201d moi personnellement, je me vaccinerai. Parce que je suppose que le personnel m\u00e9dical sera prioritaire, les personnes vuln\u00e9rables c\u2019est \u00e0 dire les personnes \u00e2g\u00e9es de 60 ans et plus et des jeunes vuln\u00e9rables, souffrant de pathologies chroniques comme l\u2019ob\u00e9sit\u00e9\u2026.\u201c<\/p>\n<p>Embouchant la m\u00eame trompette, le ministre de la Sant\u00e9, Abdoulaye Diouf Sarr sur la TFM a ainsi invit\u00e9 les sp\u00e9culateurs \u00ab<em>qui ne ma\u00eetrisent pas les tenants et les aboutissants du vaccin<\/em>\u00bb, \u00e0 laisser les techniciens faire leur travail.\u00a0 \"<em>Il faut savoir que les sp\u00e9culations et la course autour du vaccin, ne sont pas sp\u00e9cifiques au S\u00e9n\u00e9gal. C\u2019est plusieurs pays qui entrent en comp\u00e9tition pour s\u2019offrir le vaccin et mettre fin \u00e0 cette pand\u00e9mie de covid-19<\/em>\u201d, a rappel\u00e9 le ministre Abdoulaye Diouf Sarr qui rassure que le S\u00e9n\u00e9gal a sa propre strat\u00e9gie, citant l\u2019initiative Covax avec plus de 170 pays qui s\u2019unissent pour disposer d\u2019un vaccin.<\/p>\n<p>Il a rappel\u00e9 qu\u2019il est important de disposer d\u2019un vaccin \u00e0 utiliser de mani\u00e8re homog\u00e8ne, mais qui garantit toutes les conditions de s\u00e9curit\u00e9. Selon lui, d\u2019ici la fin du premier trimestre de 2021, cette initiative Covax sera boucl\u00e9e. Cela n\u2019emp\u00eache pas alors que le S\u00e9n\u00e9gal s\u2019ouvre certaines portes pour mettre en place des dispositifs d\u2019utilisation d\u2019un vaccin efficace.<\/p>\n<p>Nous sommes en tout cas \u00e0 un tournant de la pand\u00e9mie. En attendant, si nous n'y prenons pas garde, la pand\u00e9mie risque de faire des ravages.<\/p>\n<div class='share-to-whatsapp-wrapper'><div class='share-on-whsp'>PARTAGER SUR : <\/div><a data-text='L'EDITO DE NETTALI.COM - Douloureux virage !' data-link='https:\/\/www.nettali.com\/2021\/01\/25\/ledito-de-nettali-com-le-dernier-virage\/' class='whatsapp-button whatsapp-share'>WhatsApp<\/a><div class='clear '><\/div><\/div>","protected":false},"excerpt":{"rendered":"<p>NETTALI.COM - Nous sommes-nous emball\u00e9s trop vite sur la gestion de la pand\u00e9mie avec notre rang de 2\u00e8me au niveau mondial ? selon une certaine croyance populaire, l\u2019autoglorification porte la poisse. Une euphorie qui a certainement tr\u00e8s vite conduit les S\u00e9n\u00e9galais au rel\u00e2chement. La suite, on la conna\u00eet avec La progression de la pand\u00e9mie dans [&hellip;]<\/p>\n","protected":false},"author":2,"featured_media":56284,"comment_status":"open","ping_status":"open","sticky":false,"template":"","format":"standard","meta":{"_et_pb_use_builder":"","_et_pb_old_content":""},"categories":[34931],"tags":[],"yoast_head":"<!-- This site is optimized with the Yoast SEO Premium plugin v17.8 (Yoast SEO v17.8) - https:\/\/yoast.com\/wordpress\/plugins\/seo\/ -->\n<title>L&#039;EDITO DE NETTALI.COM - Douloureux virage ! | Nettali.com<\/title>\n<meta name=\"robots\" content=\"index, follow, max-snippet:-1, max-image-preview:large, max-video-preview:-1\" \/>\n<link rel=\"canonical\" href=\"https:\/\/www.nettali.com\/2021\/01\/25\/ledito-de-nettali-com-le-dernier-virage\/\" \/>\n<meta property=\"og:locale\" content=\"fr_FR\" \/>\n<meta property=\"og:type\" content=\"article\" \/>\n<meta property=\"og:title\" content=\"L&#039;EDITO DE NETTALI.COM - Douloureux virage !\" \/>\n<meta property=\"og:description\" content=\"NETTALI.COM - Nous sommes-nous emball\u00e9s trop vite sur la gestion de la pand\u00e9mie avec notre rang de 2\u00e8me au niveau mondial ? selon une certaine croyance populaire, l\u2019autoglorification porte la poisse. Une euphorie qui a certainement tr\u00e8s vite conduit les S\u00e9n\u00e9galais au rel\u00e2chement. La suite, on la conna\u00eet avec La progression de la pand\u00e9mie dans [&hellip;]\" \/>\n<meta property=\"og:url\" content=\"https:\/\/www.nettali.com\/2021\/01\/25\/ledito-de-nettali-com-le-dernier-virage\/\" \/>\n<meta property=\"og:site_name\" content=\"Nettali.com\" \/>\n<meta property=\"article:publisher\" content=\"https:\/\/www.facebook.com\/nettalicom\" \/>\n<meta property=\"article:published_time\" content=\"2021-01-25T07:47:45+00:00\" \/>\n<meta property=\"article:modified_time\" content=\"2021-01-26T21:28:29+00:00\" \/>\n<meta property=\"og:image\" content=\"https:\/\/www.nettali.com\/wp-content\/uploads\/2021\/01\/sall-vaccin-sarr.jpg\" \/>\n\t<meta property=\"og:image:width\" content=\"1280\" \/>\n\t<meta property=\"og:image:height\" content=\"600\" \/>\n<meta name=\"twitter:card\" content=\"summary_large_image\" \/>\n<meta name=\"twitter:label1\" content=\"\u00c9crit par\" \/>\n\t<meta name=\"twitter:data1\" content=\"CK\" \/>\n\t<meta name=\"twitter:label2\" content=\"Dur\u00e9e de lecture estim\u00e9e\" \/>\n\t<meta name=\"twitter:data2\" content=\"13 minutes\" \/>\n<script type=\"application\/ld+json\" class=\"yoast-schema-graph\">{\"@context\":\"https:\/\/schema.org\",\"@graph\":[{\"@type\":\"WebSite\",\"@id\":\"https:\/\/www.nettali.com\/#website\",\"url\":\"https:\/\/www.nettali.com\/\",\"name\":\"Nettali.com\",\"description\":\"Le rendez-vous critique du Net\",\"potentialAction\":[{\"@type\":\"SearchAction\",\"target\":{\"@type\":\"EntryPoint\",\"urlTemplate\":\"https:\/\/www.nettali.com\/?s={search_term_string}\"},\"query-input\":\"required name=search_term_string\"}],\"inLanguage\":\"fr-FR\"},{\"@type\":\"ImageObject\",\"@id\":\"https:\/\/www.nettali.com\/2021\/01\/25\/ledito-de-nettali-com-le-dernier-virage\/#primaryimage\",\"inLanguage\":\"fr-FR\",\"url\":\"https:\/\/www.nettali.com\/wp-content\/uploads\/2021\/01\/sall-vaccin-sarr.jpg\",\"contentUrl\":\"https:\/\/www.nettali.com\/wp-content\/uploads\/2021\/01\/sall-vaccin-sarr.jpg\",\"width\":1280,\"height\":600},{\"@type\":\"WebPage\",\"@id\":\"https:\/\/www.nettali.com\/2021\/01\/25\/ledito-de-nettali-com-le-dernier-virage\/#webpage\",\"url\":\"https:\/\/www.nettali.com\/2021\/01\/25\/ledito-de-nettali-com-le-dernier-virage\/\",\"name\":\"L'EDITO DE NETTALI.COM - Douloureux virage ! | Nettali.com\",\"isPartOf\":{\"@id\":\"https:\/\/www.nettali.com\/#website\"},\"primaryImageOfPage\":{\"@id\":\"https:\/\/www.nettali.com\/2021\/01\/25\/ledito-de-nettali-com-le-dernier-virage\/#primaryimage\"},\"datePublished\":\"2021-01-25T07:47:45+00:00\",\"dateModified\":\"2021-01-26T21:28:29+00:00\",\"author\":{\"@id\":\"https:\/\/www.nettali.com\/#\/schema\/person\/d8ac7b7e27ddad43f1c0d2ef090d7f71\"},\"breadcrumb\":{\"@id\":\"https:\/\/www.nettali.com\/2021\/01\/25\/ledito-de-nettali-com-le-dernier-virage\/#breadcrumb\"},\"inLanguage\":\"fr-FR\",\"potentialAction\":[{\"@type\":\"ReadAction\",\"target\":[\"https:\/\/www.nettali.com\/2021\/01\/25\/ledito-de-nettali-com-le-dernier-virage\/\"]}]},{\"@type\":\"BreadcrumbList\",\"@id\":\"https:\/\/www.nettali.com\/2021\/01\/25\/ledito-de-nettali-com-le-dernier-virage\/#breadcrumb\",\"itemListElement\":[{\"@type\":\"ListItem\",\"position\":1,\"name\":\"Accueil\",\"item\":\"https:\/\/www.nettali.com\/\"},{\"@type\":\"ListItem\",\"position\":2,\"name\":\"L&rsquo;EDITO DE NETTALI.COM &#8211; Douloureux virage !\"}]},{\"@type\":\"Person\",\"@id\":\"https:\/\/www.nettali.com\/#\/schema\/person\/d8ac7b7e27ddad43f1c0d2ef090d7f71\",\"name\":\"CK\",\"image\":{\"@type\":\"ImageObject\",\"@id\":\"https:\/\/www.nettali.com\/#personlogo\",\"inLanguage\":\"fr-FR\",\"url\":\"https:\/\/secure.gravatar.com\/avatar\/1d8d5118b9327d94da7cd4ce7f17fec2?s=96&d=mm&r=g\",\"contentUrl\":\"https:\/\/secure.gravatar.com\/avatar\/1d8d5118b9327d94da7cd4ce7f17fec2?s=96&d=mm&r=g\",\"caption\":\"CK\"},\"sameAs\":[\"https:\/\/www.nettali.com\"]}]}<\/script>\n<!-- \/ Yoast SEO Premium plugin. -->","yoast_head_json":{"title":"L'EDITO DE NETTALI.COM - Douloureux virage ! | Nettali.com","robots":{"index":"index","follow":"follow","max-snippet":"max-snippet:-1","max-image-preview":"max-image-preview:large","max-video-preview":"max-video-preview:-1"},"canonical":"https:\/\/www.nettali.com\/2021\/01\/25\/ledito-de-nettali-com-le-dernier-virage\/","og_locale":"fr_FR","og_type":"article","og_title":"L'EDITO DE NETTALI.COM - Douloureux virage !","og_description":"NETTALI.COM - Nous sommes-nous emball\u00e9s trop vite sur la gestion de la pand\u00e9mie avec notre rang de 2\u00e8me au niveau mondial ? selon une certaine croyance populaire, l\u2019autoglorification porte la poisse. Une euphorie qui a certainement tr\u00e8s vite conduit les S\u00e9n\u00e9galais au rel\u00e2chement. La suite, on la conna\u00eet avec La progression de la pand\u00e9mie dans [&hellip;]","og_url":"https:\/\/www.nettali.com\/2021\/01\/25\/ledito-de-nettali-com-le-dernier-virage\/","og_site_name":"Nettali.com","article_publisher":"https:\/\/www.facebook.com\/nettalicom","article_published_time":"2021-01-25T07:47:45+00:00","article_modified_time":"2021-01-26T21:28:29+00:00","og_image":[{"width":1280,"height":600,"url":"https:\/\/www.nettali.com\/wp-content\/uploads\/2021\/01\/sall-vaccin-sarr.jpg","type":"image\/jpeg"}],"twitter_card":"summary_large_image","twitter_misc":{"\u00c9crit par":"CK","Dur\u00e9e de lecture estim\u00e9e":"13 minutes"},"schema":{"@context":"https:\/\/schema.org","@graph":[{"@type":"WebSite","@id":"https:\/\/www.nettali.com\/#website","url":"https:\/\/www.nettali.com\/","name":"Nettali.com","description":"Le rendez-vous critique du Net","potentialAction":[{"@type":"SearchAction","target":{"@type":"EntryPoint","urlTemplate":"https:\/\/www.nettali.com\/?s={search_term_string}"},"query-input":"required name=search_term_string"}],"inLanguage":"fr-FR"},{"@type":"ImageObject","@id":"https:\/\/www.nettali.com\/2021\/01\/25\/ledito-de-nettali-com-le-dernier-virage\/#primaryimage","inLanguage":"fr-FR","url":"https:\/\/www.nettali.com\/wp-content\/uploads\/2021\/01\/sall-vaccin-sarr.jpg","contentUrl":"https:\/\/www.nettali.com\/wp-content\/uploads\/2021\/01\/sall-vaccin-sarr.jpg","width":1280,"height":600},{"@type":"WebPage","@id":"https:\/\/www.nettali.com\/2021\/01\/25\/ledito-de-nettali-com-le-dernier-virage\/#webpage","url":"https:\/\/www.nettali.com\/2021\/01\/25\/ledito-de-nettali-com-le-dernier-virage\/","name":"L'EDITO DE NETTALI.COM - Douloureux virage ! | Nettali.com","isPartOf":{"@id":"https:\/\/www.nettali.com\/#website"},"primaryImageOfPage":{"@id":"https:\/\/www.nettali.com\/2021\/01\/25\/ledito-de-nettali-com-le-dernier-virage\/#primaryimage"},"datePublished":"2021-01-25T07:47:45+00:00","dateModified":"2021-01-26T21:28:29+00:00","author":{"@id":"https:\/\/www.nettali.com\/#\/schema\/person\/d8ac7b7e27ddad43f1c0d2ef090d7f71"},"breadcrumb":{"@id":"https:\/\/www.nettali.com\/2021\/01\/25\/ledito-de-nettali-com-le-dernier-virage\/#breadcrumb"},"inLanguage":"fr-FR","potentialAction":[{"@type":"ReadAction","target":["https:\/\/www.nettali.com\/2021\/01\/25\/ledito-de-nettali-com-le-dernier-virage\/"]}]},{"@type":"BreadcrumbList","@id":"https:\/\/www.nettali.com\/2021\/01\/25\/ledito-de-nettali-com-le-dernier-virage\/#breadcrumb","itemListElement":[{"@type":"ListItem","position":1,"name":"Accueil","item":"https:\/\/www.nettali.com\/"},{"@type":"ListItem","position":2,"name":"L&rsquo;EDITO DE NETTALI.COM &#8211; Douloureux virage !"}]},{"@type":"Person","@id":"https:\/\/www.nettali.com\/#\/schema\/person\/d8ac7b7e27ddad43f1c0d2ef090d7f71","name":"CK","image":{"@type":"ImageObject","@id":"https:\/\/www.nettali.com\/#personlogo","inLanguage":"fr-FR","url":"https:\/\/secure.gravatar.com\/avatar\/1d8d5118b9327d94da7cd4ce7f17fec2?s=96&d=mm&r=g","contentUrl":"https:\/\/secure.gravatar.com\/avatar\/1d8d5118b9327d94da7cd4ce7f17fec2?s=96&d=mm&r=g","caption":"CK"},"sameAs":["https:\/\/www.nettali.com"]}]}},"_links":{"self":[{"href":"https:\/\/www.nettali.com\/rest\/wp\/v2\/posts\/56285"}],"collection":[{"href":"https:\/\/www.nettali.com\/rest\/wp\/v2\/posts"}],"about":[{"href":"https:\/\/www.nettali.com\/rest\/wp\/v2\/types\/post"}],"author":[{"embeddable":true,"href":"https:\/\/www.nettali.com\/rest\/wp\/v2\/users\/2"}],"replies":[{"embeddable":true,"href":"https:\/\/www.nettali.com\/rest\/wp\/v2\/comments?post=56285"}],"version-history":[{"count":6,"href":"https:\/\/www.nettali.com\/rest\/wp\/v2\/posts\/56285\/revisions"}],"predecessor-version":[{"id":56296,"href":"https:\/\/www.nettali.com\/rest\/wp\/v2\/posts\/56285\/revisions\/56296"}],"wp:featuredmedia":[{"embeddable":true,"href":"https:\/\/www.nettali.com\/rest\/wp\/v2\/media\/56284"}],"wp:attachment":[{"href":"https:\/\/www.nettali.com\/rest\/wp\/v2\/media?parent=56285"}],"wp:term":[{"taxonomy":"category","embeddable":true,"href":"https:\/\/www.nettali.com\/rest\/wp\/v2\/categories?post=56285"},{"taxonomy":"post_tag","embeddable":true,"href":"https:\/\/www.nettali.com\/rest\/wp\/v2\/tags?post=56285"}],"curies":[{"name":"wp","href":"https:\/\/api.w.org\/{rel}","templated":true}]}}