{"id":56265,"date":"2021-01-24T14:37:16","date_gmt":"2021-01-24T14:37:16","guid":{"rendered":"https:\/\/www.nettali.com\/?p=56265"},"modified":"2021-01-25T08:27:09","modified_gmt":"2021-01-25T08:27:09","slug":"necrologie-deces-du-journaliste-jean-meissa-diop","status":"publish","type":"post","link":"https:\/\/www.nettali.com\/2021\/01\/24\/necrologie-deces-du-journaliste-jean-meissa-diop\/","title":{"rendered":"NECROLOGIE  - D\u00e9c\u00e8s du journaliste Jean Me\u00efssa Diop"},"content":{"rendered":"<p><strong>NETTALI.COM\u00a0 - Triste nouvelle pour la presse s\u00e9n\u00e9galaise. Nettali.com vient d'apprendre, de sources dignes de foi, le d\u00e9c\u00e8s du journaliste Jean Me\u00efssa Diop.<\/strong><\/p>\n<p>Un dimanche difficile et bien triste pour la famille de la presse s\u00e9n\u00e9galaise qui vient de perdre un de ses piliers. Jean Me\u00efssa Diop est d\u00e9c\u00e9d\u00e9 en fin de matin\u00e9e. Ancien r\u00e9dacteur en chef de Walf Quotidien, le d\u00e9funt faisait partie des grands compagnons de Sidy Lamine Niass qui avait rejoint vers la fin des ann\u00e9es 80. Le d\u00e9funt Pr\u00e9sident directeur g\u00e9n\u00e9ral du groupe Walfadjri lui avait d'ailleurs confi\u00e9 le journal Walf Grand-place cr\u00e9\u00e9 en 2005. Son dernier poste \u00e0 Walf a \u00e9t\u00e9 directeur de publication de Walf Grand-place, journal avec lequel il a quitt\u00e9 Walf pour voler de ses propres ailes.<\/p>\n<p>Jean Me\u00efssa Diop a aussi \u00e9t\u00e9 membre du Conseil national de r\u00e9gulation de l'audiovisuel (Cnra) sous la pr\u00e9sidence de Babacar Tour\u00e9 d\u00e9c\u00e9d\u00e9 lann\u00e9e derni\u00e8re. Malade depuis pr\u00e8s d'une dizaine d'ann\u00e9es, Jean, comme l'appellent ses confr\u00e8res et amis, n'a jamais quitt\u00e9 son m\u00e9tier. Il est rest\u00e9 journaliste jusqu'au bout, intervenant notamment dans drivers m\u00e9dias o\u00f9 ses chroniques \u00e9taient publi\u00e9s r\u00e9guli\u00e8rement.<\/p>\n<p>A sa famille et \u00e0 ses proches, Nettali.com pr\u00e9sente ses condol\u00e9ances les plus attrist\u00e9es.<\/p>\n<div class='share-to-whatsapp-wrapper'><div class='share-on-whsp'>PARTAGER SUR : <\/div><a data-text='NECROLOGIE  - D\u00e9c\u00e8s du journaliste Jean Me\u00efssa Diop' data-link='https:\/\/www.nettali.com\/2021\/01\/24\/necrologie-deces-du-journaliste-jean-meissa-diop\/' class='whatsapp-button whatsapp-share'>WhatsApp<\/a><div class='clear '><\/div><\/div>","protected":false},"excerpt":{"rendered":"<p>NETTALI.COM\u00a0 - Triste nouvelle pour la presse s\u00e9n\u00e9galaise. Nettali.com vient d'apprendre, de sources dignes de foi, le d\u00e9c\u00e8s du journaliste Jean Me\u00efssa Diop. Un dimanche difficile et bien triste pour la famille de la presse s\u00e9n\u00e9galaise qui vient de perdre un de ses piliers. Jean Me\u00efssa Diop est d\u00e9c\u00e9d\u00e9 en fin de matin\u00e9e. Ancien r\u00e9dacteur [&hellip;]<\/p>\n","protected":false},"author":3,"featured_media":56263,"comment_status":"open","ping_status":"open","sticky":false,"template":"","format":"standard","meta":{"_et_pb_use_builder":"","_et_pb_old_content":""},"categories":[3],"tags":[],"yoast_head":"<!-- This site is optimized with the Yoast SEO Premium plugin v17.8 (Yoast SEO v17.8) - https:\/\/yoast.com\/wordpress\/plugins\/seo\/ -->\n<title>NECROLOGIE - D\u00e9c\u00e8s du journaliste Jean Me\u00efssa Diop | Nettali.com<\/title>\n<meta name=\"robots\" content=\"index, follow, max-snippet:-1, max-image-preview:large, max-video-preview:-1\" \/>\n<link rel=\"canonical\" href=\"https:\/\/www.nettali.com\/2021\/01\/24\/necrologie-deces-du-journaliste-jean-meissa-diop\/\" \/>\n<meta property=\"og:locale\" content=\"fr_FR\" \/>\n<meta property=\"og:type\" content=\"article\" \/>\n<meta property=\"og:title\" content=\"NECROLOGIE - D\u00e9c\u00e8s du journaliste Jean Me\u00efssa Diop\" \/>\n<meta property=\"og:description\" content=\"NETTALI.COM\u00a0 - Triste nouvelle pour la presse s\u00e9n\u00e9galaise. Nettali.com vient d&#039;apprendre, de sources dignes de foi, le d\u00e9c\u00e8s du journaliste Jean Me\u00efssa Diop. Un dimanche difficile et bien triste pour la famille de la presse s\u00e9n\u00e9galaise qui vient de perdre un de ses piliers. Jean Me\u00efssa Diop est d\u00e9c\u00e9d\u00e9 en fin de matin\u00e9e. Ancien r\u00e9dacteur [&hellip;]\" \/>\n<meta property=\"og:url\" content=\"https:\/\/www.nettali.com\/2021\/01\/24\/necrologie-deces-du-journaliste-jean-meissa-diop\/\" \/>\n<meta property=\"og:site_name\" content=\"Nettali.com\" \/>\n<meta property=\"article:publisher\" content=\"https:\/\/www.facebook.com\/nettalicom\" \/>\n<meta property=\"article:published_time\" content=\"2021-01-24T14:37:16+00:00\" \/>\n<meta property=\"article:modified_time\" content=\"2021-01-25T08:27:09+00:00\" \/>\n<meta property=\"og:image\" content=\"https:\/\/www.nettali.com\/wp-content\/uploads\/2021\/01\/jean-meissa-diop.jpg\" \/>\n\t<meta property=\"og:image:width\" content=\"575\" \/>\n\t<meta property=\"og:image:height\" content=\"350\" \/>\n<meta name=\"twitter:card\" content=\"summary_large_image\" \/>\n<meta name=\"twitter:label1\" content=\"\u00c9crit par\" \/>\n\t<meta name=\"twitter:data1\" content=\"Moustapha\" \/>\n\t<meta name=\"twitter:label2\" content=\"Dur\u00e9e de lecture estim\u00e9e\" \/>\n\t<meta name=\"twitter:data2\" content=\"1 minute\" \/>\n<script type=\"application\/ld+json\" class=\"yoast-schema-graph\">{\"@context\":\"https:\/\/schema.org\",\"@graph\":[{\"@type\":\"WebSite\",\"@id\":\"https:\/\/www.nettali.com\/#website\",\"url\":\"https:\/\/www.nettali.com\/\",\"name\":\"Nettali.com\",\"description\":\"Le rendez-vous critique du Net\",\"potentialAction\":[{\"@type\":\"SearchAction\",\"target\":{\"@type\":\"EntryPoint\",\"urlTemplate\":\"https:\/\/www.nettali.com\/?s={search_term_string}\"},\"query-input\":\"required name=search_term_string\"}],\"inLanguage\":\"fr-FR\"},{\"@type\":\"ImageObject\",\"@id\":\"https:\/\/www.nettali.com\/2021\/01\/24\/necrologie-deces-du-journaliste-jean-meissa-diop\/#primaryimage\",\"inLanguage\":\"fr-FR\",\"url\":\"https:\/\/www.nettali.com\/wp-content\/uploads\/2021\/01\/jean-meissa-diop.jpg\",\"contentUrl\":\"https:\/\/www.nettali.com\/wp-content\/uploads\/2021\/01\/jean-meissa-diop.jpg\",\"width\":575,\"height\":350},{\"@type\":\"WebPage\",\"@id\":\"https:\/\/www.nettali.com\/2021\/01\/24\/necrologie-deces-du-journaliste-jean-meissa-diop\/#webpage\",\"url\":\"https:\/\/www.nettali.com\/2021\/01\/24\/necrologie-deces-du-journaliste-jean-meissa-diop\/\",\"name\":\"NECROLOGIE - D\\u00e9c\\u00e8s du journaliste Jean Me\\u00efssa Diop | Nettali.com\",\"isPartOf\":{\"@id\":\"https:\/\/www.nettali.com\/#website\"},\"primaryImageOfPage\":{\"@id\":\"https:\/\/www.nettali.com\/2021\/01\/24\/necrologie-deces-du-journaliste-jean-meissa-diop\/#primaryimage\"},\"datePublished\":\"2021-01-24T14:37:16+00:00\",\"dateModified\":\"2021-01-25T08:27:09+00:00\",\"author\":{\"@id\":\"https:\/\/www.nettali.com\/#\/schema\/person\/7962a12a6e0267f88f0ffa544c36469a\"},\"breadcrumb\":{\"@id\":\"https:\/\/www.nettali.com\/2021\/01\/24\/necrologie-deces-du-journaliste-jean-meissa-diop\/#breadcrumb\"},\"inLanguage\":\"fr-FR\",\"potentialAction\":[{\"@type\":\"ReadAction\",\"target\":[\"https:\/\/www.nettali.com\/2021\/01\/24\/necrologie-deces-du-journaliste-jean-meissa-diop\/\"]}]},{\"@type\":\"BreadcrumbList\",\"@id\":\"https:\/\/www.nettali.com\/2021\/01\/24\/necrologie-deces-du-journaliste-jean-meissa-diop\/#breadcrumb\",\"itemListElement\":[{\"@type\":\"ListItem\",\"position\":1,\"name\":\"Accueil\",\"item\":\"https:\/\/www.nettali.com\/\"},{\"@type\":\"ListItem\",\"position\":2,\"name\":\"NECROLOGIE &#8211; D\\u00e9c\\u00e8s du journaliste Jean Me\\u00efssa Diop\"}]},{\"@type\":\"Person\",\"@id\":\"https:\/\/www.nettali.com\/#\/schema\/person\/7962a12a6e0267f88f0ffa544c36469a\",\"name\":\"Moustapha\",\"image\":{\"@type\":\"ImageObject\",\"@id\":\"https:\/\/www.nettali.com\/#personlogo\",\"inLanguage\":\"fr-FR\",\"url\":\"https:\/\/secure.gravatar.com\/avatar\/10fdf6a071cccdcf374e3dbe45159590?s=96&d=mm&r=g\",\"contentUrl\":\"https:\/\/secure.gravatar.com\/avatar\/10fdf6a071cccdcf374e3dbe45159590?s=96&d=mm&r=g\",\"caption\":\"Moustapha\"},\"sameAs\":[\"https:\/\/www.nettali.com\"]}]}<\/script>\n<!-- \/ Yoast SEO Premium plugin. -->","yoast_head_json":{"title":"NECROLOGIE - D\u00e9c\u00e8s du journaliste Jean Me\u00efssa Diop | Nettali.com","robots":{"index":"index","follow":"follow","max-snippet":"max-snippet:-1","max-image-preview":"max-image-preview:large","max-video-preview":"max-video-preview:-1"},"canonical":"https:\/\/www.nettali.com\/2021\/01\/24\/necrologie-deces-du-journaliste-jean-meissa-diop\/","og_locale":"fr_FR","og_type":"article","og_title":"NECROLOGIE - D\u00e9c\u00e8s du journaliste Jean Me\u00efssa Diop","og_description":"NETTALI.COM\u00a0 - Triste nouvelle pour la presse s\u00e9n\u00e9galaise. Nettali.com vient d'apprendre, de sources dignes de foi, le d\u00e9c\u00e8s du journaliste Jean Me\u00efssa Diop. Un dimanche difficile et bien triste pour la famille de la presse s\u00e9n\u00e9galaise qui vient de perdre un de ses piliers. Jean Me\u00efssa Diop est d\u00e9c\u00e9d\u00e9 en fin de matin\u00e9e. Ancien r\u00e9dacteur [&hellip;]","og_url":"https:\/\/www.nettali.com\/2021\/01\/24\/necrologie-deces-du-journaliste-jean-meissa-diop\/","og_site_name":"Nettali.com","article_publisher":"https:\/\/www.facebook.com\/nettalicom","article_published_time":"2021-01-24T14:37:16+00:00","article_modified_time":"2021-01-25T08:27:09+00:00","og_image":[{"width":575,"height":350,"url":"https:\/\/www.nettali.com\/wp-content\/uploads\/2021\/01\/jean-meissa-diop.jpg","type":"image\/jpeg"}],"twitter_card":"summary_large_image","twitter_misc":{"\u00c9crit par":"Moustapha","Dur\u00e9e de lecture estim\u00e9e":"1 minute"},"schema":{"@context":"https:\/\/schema.org","@graph":[{"@type":"WebSite","@id":"https:\/\/www.nettali.com\/#website","url":"https:\/\/www.nettali.com\/","name":"Nettali.com","description":"Le rendez-vous critique du Net","potentialAction":[{"@type":"SearchAction","target":{"@type":"EntryPoint","urlTemplate":"https:\/\/www.nettali.com\/?s={search_term_string}"},"query-input":"required name=search_term_string"}],"inLanguage":"fr-FR"},{"@type":"ImageObject","@id":"https:\/\/www.nettali.com\/2021\/01\/24\/necrologie-deces-du-journaliste-jean-meissa-diop\/#primaryimage","inLanguage":"fr-FR","url":"https:\/\/www.nettali.com\/wp-content\/uploads\/2021\/01\/jean-meissa-diop.jpg","contentUrl":"https:\/\/www.nettali.com\/wp-content\/uploads\/2021\/01\/jean-meissa-diop.jpg","width":575,"height":350},{"@type":"WebPage","@id":"https:\/\/www.nettali.com\/2021\/01\/24\/necrologie-deces-du-journaliste-jean-meissa-diop\/#webpage","url":"https:\/\/www.nettali.com\/2021\/01\/24\/necrologie-deces-du-journaliste-jean-meissa-diop\/","name":"NECROLOGIE - D\u00e9c\u00e8s du journaliste Jean Me\u00efssa Diop | Nettali.com","isPartOf":{"@id":"https:\/\/www.nettali.com\/#website"},"primaryImageOfPage":{"@id":"https:\/\/www.nettali.com\/2021\/01\/24\/necrologie-deces-du-journaliste-jean-meissa-diop\/#primaryimage"},"datePublished":"2021-01-24T14:37:16+00:00","dateModified":"2021-01-25T08:27:09+00:00","author":{"@id":"https:\/\/www.nettali.com\/#\/schema\/person\/7962a12a6e0267f88f0ffa544c36469a"},"breadcrumb":{"@id":"https:\/\/www.nettali.com\/2021\/01\/24\/necrologie-deces-du-journaliste-jean-meissa-diop\/#breadcrumb"},"inLanguage":"fr-FR","potentialAction":[{"@type":"ReadAction","target":["https:\/\/www.nettali.com\/2021\/01\/24\/necrologie-deces-du-journaliste-jean-meissa-diop\/"]}]},{"@type":"BreadcrumbList","@id":"https:\/\/www.nettali.com\/2021\/01\/24\/necrologie-deces-du-journaliste-jean-meissa-diop\/#breadcrumb","itemListElement":[{"@type":"ListItem","position":1,"name":"Accueil","item":"https:\/\/www.nettali.com\/"},{"@type":"ListItem","position":2,"name":"NECROLOGIE &#8211; D\u00e9c\u00e8s du journaliste Jean Me\u00efssa Diop"}]},{"@type":"Person","@id":"https:\/\/www.nettali.com\/#\/schema\/person\/7962a12a6e0267f88f0ffa544c36469a","name":"Moustapha","image":{"@type":"ImageObject","@id":"https:\/\/www.nettali.com\/#personlogo","inLanguage":"fr-FR","url":"https:\/\/secure.gravatar.com\/avatar\/10fdf6a071cccdcf374e3dbe45159590?s=96&d=mm&r=g","contentUrl":"https:\/\/secure.gravatar.com\/avatar\/10fdf6a071cccdcf374e3dbe45159590?s=96&d=mm&r=g","caption":"Moustapha"},"sameAs":["https:\/\/www.nettali.com"]}]}},"_links":{"self":[{"href":"https:\/\/www.nettali.com\/rest\/wp\/v2\/posts\/56265"}],"collection":[{"href":"https:\/\/www.nettali.com\/rest\/wp\/v2\/posts"}],"about":[{"href":"https:\/\/www.nettali.com\/rest\/wp\/v2\/types\/post"}],"author":[{"embeddable":true,"href":"https:\/\/www.nettali.com\/rest\/wp\/v2\/users\/3"}],"replies":[{"embeddable":true,"href":"https:\/\/www.nettali.com\/rest\/wp\/v2\/comments?post=56265"}],"version-history":[{"count":1,"href":"https:\/\/www.nettali.com\/rest\/wp\/v2\/posts\/56265\/revisions"}],"predecessor-version":[{"id":56267,"href":"https:\/\/www.nettali.com\/rest\/wp\/v2\/posts\/56265\/revisions\/56267"}],"wp:featuredmedia":[{"embeddable":true,"href":"https:\/\/www.nettali.com\/rest\/wp\/v2\/media\/56263"}],"wp:attachment":[{"href":"https:\/\/www.nettali.com\/rest\/wp\/v2\/media?parent=56265"}],"wp:term":[{"taxonomy":"category","embeddable":true,"href":"https:\/\/www.nettali.com\/rest\/wp\/v2\/categories?post=56265"},{"taxonomy":"post_tag","embeddable":true,"href":"https:\/\/www.nettali.com\/rest\/wp\/v2\/tags?post=56265"}],"curies":[{"name":"wp","href":"https:\/\/api.w.org\/{rel}","templated":true}]}}