{"id":56113,"date":"2021-01-22T07:38:05","date_gmt":"2021-01-22T07:38:05","guid":{"rendered":"https:\/\/www.nettali.com\/?p=56113"},"modified":"2021-01-22T07:38:05","modified_gmt":"2021-01-22T07:38:05","slug":"barca-messi-laporta-sinquiete","status":"publish","type":"post","link":"https:\/\/www.nettali.com\/2021\/01\/22\/barca-messi-laporta-sinquiete\/","title":{"rendered":"BAR\u00c7A - Messi, Laporta s'inqui\u00e8te"},"content":{"rendered":"<p><strong>NETTALI.COM - Initialement pr\u00e9vues en janvier, les \u00e9lections pr\u00e9sidentielles au FC Barcelone ont \u00e9t\u00e9 repouss\u00e9es en mars en raison de la crise sanitaire li\u00e9e au <\/strong><strong>Covid-19. Pour Joan Laporta, grand favori de ce scrutin, ce report repr\u00e9sente une tr\u00e8s mauvaise nouvelle pour les Blaugrana dans le dossier de l'attaquant <\/strong><strong>Lionel Messi (33 ans, 17 matchs et 11 buts en Liga cette saison), en fin de contrat en juin prochain. <\/strong><\/p>\n<p>\"<em>L'une des raisons pour lesquelles le Bar\u00e7a a besoin d'un pr\u00e9sident et d'un conseil d'administration est pr\u00e9cis\u00e9ment de pouvoir prendre les d\u00e9cisions n\u00e9cessaires. Et, en ce sens, de pouvoir faire \u00e0 Messi une offre concr\u00e8te sur le plan \u00e9conomique. Plus le temps passe, moins cela aide le dossier Messi et bien<\/em><br \/>\n<em>d'autres probl\u00e8mes<\/em>\", a regrett\u00e9 le candidat pour le quotidien catalan Sport<\/p>\n<div class='share-to-whatsapp-wrapper'><div class='share-on-whsp'>PARTAGER SUR : <\/div><a data-text='BAR\u00c7A - Messi, Laporta s'inqui\u00e8te' data-link='https:\/\/www.nettali.com\/2021\/01\/22\/barca-messi-laporta-sinquiete\/' class='whatsapp-button whatsapp-share'>WhatsApp<\/a><div class='clear '><\/div><\/div>","protected":false},"excerpt":{"rendered":"<p>NETTALI.COM - Initialement pr\u00e9vues en janvier, les \u00e9lections pr\u00e9sidentielles au FC Barcelone ont \u00e9t\u00e9 repouss\u00e9es en mars en raison de la crise sanitaire li\u00e9e au Covid-19. Pour Joan Laporta, grand favori de ce scrutin, ce report repr\u00e9sente une tr\u00e8s mauvaise nouvelle pour les Blaugrana dans le dossier de l'attaquant Lionel Messi (33 ans, 17 matchs [&hellip;]<\/p>\n","protected":false},"author":2,"featured_media":56115,"comment_status":"open","ping_status":"open","sticky":false,"template":"","format":"standard","meta":{"_et_pb_use_builder":"","_et_pb_old_content":""},"categories":[6],"tags":[],"yoast_head":"<!-- This site is optimized with the Yoast SEO Premium plugin v17.8 (Yoast SEO v17.8) - https:\/\/yoast.com\/wordpress\/plugins\/seo\/ -->\n<title>BAR\u00c7A - Messi, Laporta s&#039;inqui\u00e8te | Nettali.com<\/title>\n<meta name=\"robots\" content=\"index, follow, max-snippet:-1, max-image-preview:large, max-video-preview:-1\" \/>\n<link rel=\"canonical\" href=\"https:\/\/www.nettali.com\/2021\/01\/22\/barca-messi-laporta-sinquiete\/\" \/>\n<meta property=\"og:locale\" content=\"fr_FR\" \/>\n<meta property=\"og:type\" content=\"article\" \/>\n<meta property=\"og:title\" content=\"BAR\u00c7A - Messi, Laporta s&#039;inqui\u00e8te\" \/>\n<meta property=\"og:description\" content=\"NETTALI.COM - Initialement pr\u00e9vues en janvier, les \u00e9lections pr\u00e9sidentielles au FC Barcelone ont \u00e9t\u00e9 repouss\u00e9es en mars en raison de la crise sanitaire li\u00e9e au Covid-19. Pour Joan Laporta, grand favori de ce scrutin, ce report repr\u00e9sente une tr\u00e8s mauvaise nouvelle pour les Blaugrana dans le dossier de l&#039;attaquant Lionel Messi (33 ans, 17 matchs [&hellip;]\" \/>\n<meta property=\"og:url\" content=\"https:\/\/www.nettali.com\/2021\/01\/22\/barca-messi-laporta-sinquiete\/\" \/>\n<meta property=\"og:site_name\" content=\"Nettali.com\" \/>\n<meta property=\"article:publisher\" content=\"https:\/\/www.facebook.com\/nettalicom\" \/>\n<meta property=\"article:published_time\" content=\"2021-01-22T07:38:05+00:00\" \/>\n<meta property=\"og:image\" content=\"https:\/\/www.nettali.com\/wp-content\/uploads\/2021\/01\/178101.jpeg\" \/>\n\t<meta property=\"og:image:width\" content=\"576\" \/>\n\t<meta property=\"og:image:height\" content=\"324\" \/>\n<meta name=\"twitter:card\" content=\"summary_large_image\" \/>\n<meta name=\"twitter:label1\" content=\"\u00c9crit par\" \/>\n\t<meta name=\"twitter:data1\" content=\"CK\" \/>\n\t<meta name=\"twitter:label2\" content=\"Dur\u00e9e de lecture estim\u00e9e\" \/>\n\t<meta name=\"twitter:data2\" content=\"1 minute\" \/>\n<script type=\"application\/ld+json\" class=\"yoast-schema-graph\">{\"@context\":\"https:\/\/schema.org\",\"@graph\":[{\"@type\":\"WebSite\",\"@id\":\"https:\/\/www.nettali.com\/#website\",\"url\":\"https:\/\/www.nettali.com\/\",\"name\":\"Nettali.com\",\"description\":\"Le rendez-vous critique du Net\",\"potentialAction\":[{\"@type\":\"SearchAction\",\"target\":{\"@type\":\"EntryPoint\",\"urlTemplate\":\"https:\/\/www.nettali.com\/?s={search_term_string}\"},\"query-input\":\"required name=search_term_string\"}],\"inLanguage\":\"fr-FR\"},{\"@type\":\"ImageObject\",\"@id\":\"https:\/\/www.nettali.com\/2021\/01\/22\/barca-messi-laporta-sinquiete\/#primaryimage\",\"inLanguage\":\"fr-FR\",\"url\":\"https:\/\/www.nettali.com\/wp-content\/uploads\/2021\/01\/178101.jpeg\",\"contentUrl\":\"https:\/\/www.nettali.com\/wp-content\/uploads\/2021\/01\/178101.jpeg\",\"width\":576,\"height\":324},{\"@type\":\"WebPage\",\"@id\":\"https:\/\/www.nettali.com\/2021\/01\/22\/barca-messi-laporta-sinquiete\/#webpage\",\"url\":\"https:\/\/www.nettali.com\/2021\/01\/22\/barca-messi-laporta-sinquiete\/\",\"name\":\"BAR\\u00c7A - Messi, Laporta s'inqui\\u00e8te | Nettali.com\",\"isPartOf\":{\"@id\":\"https:\/\/www.nettali.com\/#website\"},\"primaryImageOfPage\":{\"@id\":\"https:\/\/www.nettali.com\/2021\/01\/22\/barca-messi-laporta-sinquiete\/#primaryimage\"},\"datePublished\":\"2021-01-22T07:38:05+00:00\",\"dateModified\":\"2021-01-22T07:38:05+00:00\",\"author\":{\"@id\":\"https:\/\/www.nettali.com\/#\/schema\/person\/d8ac7b7e27ddad43f1c0d2ef090d7f71\"},\"breadcrumb\":{\"@id\":\"https:\/\/www.nettali.com\/2021\/01\/22\/barca-messi-laporta-sinquiete\/#breadcrumb\"},\"inLanguage\":\"fr-FR\",\"potentialAction\":[{\"@type\":\"ReadAction\",\"target\":[\"https:\/\/www.nettali.com\/2021\/01\/22\/barca-messi-laporta-sinquiete\/\"]}]},{\"@type\":\"BreadcrumbList\",\"@id\":\"https:\/\/www.nettali.com\/2021\/01\/22\/barca-messi-laporta-sinquiete\/#breadcrumb\",\"itemListElement\":[{\"@type\":\"ListItem\",\"position\":1,\"name\":\"Accueil\",\"item\":\"https:\/\/www.nettali.com\/\"},{\"@type\":\"ListItem\",\"position\":2,\"name\":\"BAR\\u00c7A &#8211; Messi, Laporta s&rsquo;inqui\\u00e8te\"}]},{\"@type\":\"Person\",\"@id\":\"https:\/\/www.nettali.com\/#\/schema\/person\/d8ac7b7e27ddad43f1c0d2ef090d7f71\",\"name\":\"CK\",\"image\":{\"@type\":\"ImageObject\",\"@id\":\"https:\/\/www.nettali.com\/#personlogo\",\"inLanguage\":\"fr-FR\",\"url\":\"https:\/\/secure.gravatar.com\/avatar\/1d8d5118b9327d94da7cd4ce7f17fec2?s=96&d=mm&r=g\",\"contentUrl\":\"https:\/\/secure.gravatar.com\/avatar\/1d8d5118b9327d94da7cd4ce7f17fec2?s=96&d=mm&r=g\",\"caption\":\"CK\"},\"sameAs\":[\"https:\/\/www.nettali.com\"]}]}<\/script>\n<!-- \/ Yoast SEO Premium plugin. -->","yoast_head_json":{"title":"BAR\u00c7A - Messi, Laporta s'inqui\u00e8te | Nettali.com","robots":{"index":"index","follow":"follow","max-snippet":"max-snippet:-1","max-image-preview":"max-image-preview:large","max-video-preview":"max-video-preview:-1"},"canonical":"https:\/\/www.nettali.com\/2021\/01\/22\/barca-messi-laporta-sinquiete\/","og_locale":"fr_FR","og_type":"article","og_title":"BAR\u00c7A - Messi, Laporta s'inqui\u00e8te","og_description":"NETTALI.COM - Initialement pr\u00e9vues en janvier, les \u00e9lections pr\u00e9sidentielles au FC Barcelone ont \u00e9t\u00e9 repouss\u00e9es en mars en raison de la crise sanitaire li\u00e9e au Covid-19. Pour Joan Laporta, grand favori de ce scrutin, ce report repr\u00e9sente une tr\u00e8s mauvaise nouvelle pour les Blaugrana dans le dossier de l'attaquant Lionel Messi (33 ans, 17 matchs [&hellip;]","og_url":"https:\/\/www.nettali.com\/2021\/01\/22\/barca-messi-laporta-sinquiete\/","og_site_name":"Nettali.com","article_publisher":"https:\/\/www.facebook.com\/nettalicom","article_published_time":"2021-01-22T07:38:05+00:00","og_image":[{"width":576,"height":324,"url":"https:\/\/www.nettali.com\/wp-content\/uploads\/2021\/01\/178101.jpeg","type":"image\/jpeg"}],"twitter_card":"summary_large_image","twitter_misc":{"\u00c9crit par":"CK","Dur\u00e9e de lecture estim\u00e9e":"1 minute"},"schema":{"@context":"https:\/\/schema.org","@graph":[{"@type":"WebSite","@id":"https:\/\/www.nettali.com\/#website","url":"https:\/\/www.nettali.com\/","name":"Nettali.com","description":"Le rendez-vous critique du Net","potentialAction":[{"@type":"SearchAction","target":{"@type":"EntryPoint","urlTemplate":"https:\/\/www.nettali.com\/?s={search_term_string}"},"query-input":"required name=search_term_string"}],"inLanguage":"fr-FR"},{"@type":"ImageObject","@id":"https:\/\/www.nettali.com\/2021\/01\/22\/barca-messi-laporta-sinquiete\/#primaryimage","inLanguage":"fr-FR","url":"https:\/\/www.nettali.com\/wp-content\/uploads\/2021\/01\/178101.jpeg","contentUrl":"https:\/\/www.nettali.com\/wp-content\/uploads\/2021\/01\/178101.jpeg","width":576,"height":324},{"@type":"WebPage","@id":"https:\/\/www.nettali.com\/2021\/01\/22\/barca-messi-laporta-sinquiete\/#webpage","url":"https:\/\/www.nettali.com\/2021\/01\/22\/barca-messi-laporta-sinquiete\/","name":"BAR\u00c7A - Messi, Laporta s'inqui\u00e8te | Nettali.com","isPartOf":{"@id":"https:\/\/www.nettali.com\/#website"},"primaryImageOfPage":{"@id":"https:\/\/www.nettali.com\/2021\/01\/22\/barca-messi-laporta-sinquiete\/#primaryimage"},"datePublished":"2021-01-22T07:38:05+00:00","dateModified":"2021-01-22T07:38:05+00:00","author":{"@id":"https:\/\/www.nettali.com\/#\/schema\/person\/d8ac7b7e27ddad43f1c0d2ef090d7f71"},"breadcrumb":{"@id":"https:\/\/www.nettali.com\/2021\/01\/22\/barca-messi-laporta-sinquiete\/#breadcrumb"},"inLanguage":"fr-FR","potentialAction":[{"@type":"ReadAction","target":["https:\/\/www.nettali.com\/2021\/01\/22\/barca-messi-laporta-sinquiete\/"]}]},{"@type":"BreadcrumbList","@id":"https:\/\/www.nettali.com\/2021\/01\/22\/barca-messi-laporta-sinquiete\/#breadcrumb","itemListElement":[{"@type":"ListItem","position":1,"name":"Accueil","item":"https:\/\/www.nettali.com\/"},{"@type":"ListItem","position":2,"name":"BAR\u00c7A &#8211; Messi, Laporta s&rsquo;inqui\u00e8te"}]},{"@type":"Person","@id":"https:\/\/www.nettali.com\/#\/schema\/person\/d8ac7b7e27ddad43f1c0d2ef090d7f71","name":"CK","image":{"@type":"ImageObject","@id":"https:\/\/www.nettali.com\/#personlogo","inLanguage":"fr-FR","url":"https:\/\/secure.gravatar.com\/avatar\/1d8d5118b9327d94da7cd4ce7f17fec2?s=96&d=mm&r=g","contentUrl":"https:\/\/secure.gravatar.com\/avatar\/1d8d5118b9327d94da7cd4ce7f17fec2?s=96&d=mm&r=g","caption":"CK"},"sameAs":["https:\/\/www.nettali.com"]}]}},"_links":{"self":[{"href":"https:\/\/www.nettali.com\/rest\/wp\/v2\/posts\/56113"}],"collection":[{"href":"https:\/\/www.nettali.com\/rest\/wp\/v2\/posts"}],"about":[{"href":"https:\/\/www.nettali.com\/rest\/wp\/v2\/types\/post"}],"author":[{"embeddable":true,"href":"https:\/\/www.nettali.com\/rest\/wp\/v2\/users\/2"}],"replies":[{"embeddable":true,"href":"https:\/\/www.nettali.com\/rest\/wp\/v2\/comments?post=56113"}],"version-history":[{"count":1,"href":"https:\/\/www.nettali.com\/rest\/wp\/v2\/posts\/56113\/revisions"}],"predecessor-version":[{"id":56114,"href":"https:\/\/www.nettali.com\/rest\/wp\/v2\/posts\/56113\/revisions\/56114"}],"wp:featuredmedia":[{"embeddable":true,"href":"https:\/\/www.nettali.com\/rest\/wp\/v2\/media\/56115"}],"wp:attachment":[{"href":"https:\/\/www.nettali.com\/rest\/wp\/v2\/media?parent=56113"}],"wp:term":[{"taxonomy":"category","embeddable":true,"href":"https:\/\/www.nettali.com\/rest\/wp\/v2\/categories?post=56113"},{"taxonomy":"post_tag","embeddable":true,"href":"https:\/\/www.nettali.com\/rest\/wp\/v2\/tags?post=56113"}],"curies":[{"name":"wp","href":"https:\/\/api.w.org\/{rel}","templated":true}]}}