{"id":55996,"date":"2021-01-20T18:10:05","date_gmt":"2021-01-20T18:10:05","guid":{"rendered":"https:\/\/www.nettali.com\/?p=55996"},"modified":"2021-01-20T18:10:05","modified_gmt":"2021-01-20T18:10:05","slug":"uefa-pas-de-joueurs-africains-dans-lequipe-de-lannee","status":"publish","type":"post","link":"https:\/\/www.nettali.com\/2021\/01\/20\/uefa-pas-de-joueurs-africains-dans-lequipe-de-lannee\/","title":{"rendered":"UEFA - Pas de joueurs africains dans l'\u00e9quipe de l'ann\u00e9e"},"content":{"rendered":"<p><strong>NETTALI.COM - L'UEFA a d\u00e9voil\u00e9 ce mercredi l'Equipe de l'Ann\u00e9e pour laquelle les supporters ont vot\u00e9. Champions d'Angleterre avec Liverpool, Sadio Man\u00e9 et Mouhamed Salah ont \u00e9t\u00e9 zapp\u00e9s du meilleur onze de l'ann\u00e9e 2020<\/strong>.<\/p>\n<p>Sans surprise, le Bayern Munich auteur d'un quintupl\u00e9 historique est le club le plus repr\u00e9sent\u00e9 avec cinq joueurs : Manuel Neuer, Joshua Kimmich, Alphonso Davies, Robert Lewandowski et Thiago Alcantara, d\u00e9sormais parti \u00e0 Liverpool.<\/p>\n<p>Ainsi, Kevin De Bruyne (Man City), Sergio Ramos (Real Madrid), Virgil van Dijk (Liverpool), Cristiano Ronaldo (Juventus), Lionel Messi (FC Barcelone) et Neymar (Paris Saint-Germain) compl\u00e8tent le onze de l'ann\u00e9e.<\/p>\n<p>Pour Cristiano Ronaldo, il s'agit de la 15\u00e8me s\u00e9lection de suite dans l'Equipe de l'Ann\u00e9e. Il devance son rival argentin, Lionel Messi qui f\u00eate lui sa 12e s\u00e9lection. Trois joueurs font leur apparition pour la premi\u00e8re fois dans l'Equipe de l'Ann\u00e9e. Il s'agit de Joshua Kimmich, Alphonso Davies et Thiago Alcantara.<\/p>\n<p>A rappeler que pr\u00e8s de 6 millions de votes ont \u00e9t\u00e9 enregistr\u00e9s entre le 30 novembre et le 6 janvier dernier. Les supporters pouvaient choisir parmi un panel de 50 joueurs compos\u00e9 de cinq gardiens, quinze d\u00e9fenseurs, quinze milieux et quinze attaquants. Sadio Man\u00e9 et Mohamed Salah \u00e9taient les deux seuls Africains s\u00e9lectionn\u00e9s.<\/p>\n<div class='share-to-whatsapp-wrapper'><div class='share-on-whsp'>PARTAGER SUR : <\/div><a data-text='UEFA - Pas de joueurs africains dans l'\u00e9quipe de l'ann\u00e9e' data-link='https:\/\/www.nettali.com\/2021\/01\/20\/uefa-pas-de-joueurs-africains-dans-lequipe-de-lannee\/' class='whatsapp-button whatsapp-share'>WhatsApp<\/a><div class='clear '><\/div><\/div>","protected":false},"excerpt":{"rendered":"<p>NETTALI.COM - L'UEFA a d\u00e9voil\u00e9 ce mercredi l'Equipe de l'Ann\u00e9e pour laquelle les supporters ont vot\u00e9. Champions d'Angleterre avec Liverpool, Sadio Man\u00e9 et Mouhamed Salah ont \u00e9t\u00e9 zapp\u00e9s du meilleur onze de l'ann\u00e9e 2020. Sans surprise, le Bayern Munich auteur d'un quintupl\u00e9 historique est le club le plus repr\u00e9sent\u00e9 avec cinq joueurs : Manuel Neuer, [&hellip;]<\/p>\n","protected":false},"author":5,"featured_media":55997,"comment_status":"open","ping_status":"open","sticky":false,"template":"","format":"standard","meta":{"_et_pb_use_builder":"","_et_pb_old_content":""},"categories":[6],"tags":[],"yoast_head":"<!-- This site is optimized with the Yoast SEO Premium plugin v17.8 (Yoast SEO v17.8) - https:\/\/yoast.com\/wordpress\/plugins\/seo\/ -->\n<title>UEFA - Pas de joueurs africains dans l&#039;\u00e9quipe de l&#039;ann\u00e9e | Nettali.com<\/title>\n<meta name=\"robots\" content=\"index, follow, max-snippet:-1, max-image-preview:large, max-video-preview:-1\" \/>\n<link rel=\"canonical\" href=\"https:\/\/www.nettali.com\/2021\/01\/20\/uefa-pas-de-joueurs-africains-dans-lequipe-de-lannee\/\" \/>\n<meta property=\"og:locale\" content=\"fr_FR\" \/>\n<meta property=\"og:type\" content=\"article\" \/>\n<meta property=\"og:title\" content=\"UEFA - Pas de joueurs africains dans l&#039;\u00e9quipe de l&#039;ann\u00e9e\" \/>\n<meta property=\"og:description\" content=\"NETTALI.COM - L&#039;UEFA a d\u00e9voil\u00e9 ce mercredi l&#039;Equipe de l&#039;Ann\u00e9e pour laquelle les supporters ont vot\u00e9. Champions d&#039;Angleterre avec Liverpool, Sadio Man\u00e9 et Mouhamed Salah ont \u00e9t\u00e9 zapp\u00e9s du meilleur onze de l&#039;ann\u00e9e 2020. Sans surprise, le Bayern Munich auteur d&#039;un quintupl\u00e9 historique est le club le plus repr\u00e9sent\u00e9 avec cinq joueurs : Manuel Neuer, [&hellip;]\" \/>\n<meta property=\"og:url\" content=\"https:\/\/www.nettali.com\/2021\/01\/20\/uefa-pas-de-joueurs-africains-dans-lequipe-de-lannee\/\" \/>\n<meta property=\"og:site_name\" content=\"Nettali.com\" \/>\n<meta property=\"article:publisher\" content=\"https:\/\/www.facebook.com\/nettalicom\" \/>\n<meta property=\"article:published_time\" content=\"2021-01-20T18:10:05+00:00\" \/>\n<meta property=\"og:image\" content=\"https:\/\/www.nettali.com\/wp-content\/uploads\/2021\/01\/sadio_mane_et_mohamed_salah.png\" \/>\n\t<meta property=\"og:image:width\" content=\"678\" \/>\n\t<meta property=\"og:image:height\" content=\"381\" \/>\n<meta name=\"twitter:card\" content=\"summary_large_image\" \/>\n<meta name=\"twitter:label1\" content=\"\u00c9crit par\" \/>\n\t<meta name=\"twitter:data1\" content=\"Ibrahima\" \/>\n\t<meta name=\"twitter:label2\" content=\"Dur\u00e9e de lecture estim\u00e9e\" \/>\n\t<meta name=\"twitter:data2\" content=\"1 minute\" \/>\n<script type=\"application\/ld+json\" class=\"yoast-schema-graph\">{\"@context\":\"https:\/\/schema.org\",\"@graph\":[{\"@type\":\"WebSite\",\"@id\":\"https:\/\/www.nettali.com\/#website\",\"url\":\"https:\/\/www.nettali.com\/\",\"name\":\"Nettali.com\",\"description\":\"Le rendez-vous critique du Net\",\"potentialAction\":[{\"@type\":\"SearchAction\",\"target\":{\"@type\":\"EntryPoint\",\"urlTemplate\":\"https:\/\/www.nettali.com\/?s={search_term_string}\"},\"query-input\":\"required name=search_term_string\"}],\"inLanguage\":\"fr-FR\"},{\"@type\":\"ImageObject\",\"@id\":\"https:\/\/www.nettali.com\/2021\/01\/20\/uefa-pas-de-joueurs-africains-dans-lequipe-de-lannee\/#primaryimage\",\"inLanguage\":\"fr-FR\",\"url\":\"https:\/\/www.nettali.com\/wp-content\/uploads\/2021\/01\/sadio_mane_et_mohamed_salah.png\",\"contentUrl\":\"https:\/\/www.nettali.com\/wp-content\/uploads\/2021\/01\/sadio_mane_et_mohamed_salah.png\",\"width\":678,\"height\":381},{\"@type\":\"WebPage\",\"@id\":\"https:\/\/www.nettali.com\/2021\/01\/20\/uefa-pas-de-joueurs-africains-dans-lequipe-de-lannee\/#webpage\",\"url\":\"https:\/\/www.nettali.com\/2021\/01\/20\/uefa-pas-de-joueurs-africains-dans-lequipe-de-lannee\/\",\"name\":\"UEFA - Pas de joueurs africains dans l'\\u00e9quipe de l'ann\\u00e9e | Nettali.com\",\"isPartOf\":{\"@id\":\"https:\/\/www.nettali.com\/#website\"},\"primaryImageOfPage\":{\"@id\":\"https:\/\/www.nettali.com\/2021\/01\/20\/uefa-pas-de-joueurs-africains-dans-lequipe-de-lannee\/#primaryimage\"},\"datePublished\":\"2021-01-20T18:10:05+00:00\",\"dateModified\":\"2021-01-20T18:10:05+00:00\",\"author\":{\"@id\":\"https:\/\/www.nettali.com\/#\/schema\/person\/bb147657c2986240405a608162b9bb23\"},\"breadcrumb\":{\"@id\":\"https:\/\/www.nettali.com\/2021\/01\/20\/uefa-pas-de-joueurs-africains-dans-lequipe-de-lannee\/#breadcrumb\"},\"inLanguage\":\"fr-FR\",\"potentialAction\":[{\"@type\":\"ReadAction\",\"target\":[\"https:\/\/www.nettali.com\/2021\/01\/20\/uefa-pas-de-joueurs-africains-dans-lequipe-de-lannee\/\"]}]},{\"@type\":\"BreadcrumbList\",\"@id\":\"https:\/\/www.nettali.com\/2021\/01\/20\/uefa-pas-de-joueurs-africains-dans-lequipe-de-lannee\/#breadcrumb\",\"itemListElement\":[{\"@type\":\"ListItem\",\"position\":1,\"name\":\"Accueil\",\"item\":\"https:\/\/www.nettali.com\/\"},{\"@type\":\"ListItem\",\"position\":2,\"name\":\"UEFA &#8211; Pas de joueurs africains dans l&rsquo;\\u00e9quipe de l&rsquo;ann\\u00e9e\"}]},{\"@type\":\"Person\",\"@id\":\"https:\/\/www.nettali.com\/#\/schema\/person\/bb147657c2986240405a608162b9bb23\",\"name\":\"Ibrahima\",\"image\":{\"@type\":\"ImageObject\",\"@id\":\"https:\/\/www.nettali.com\/#personlogo\",\"inLanguage\":\"fr-FR\",\"url\":\"https:\/\/secure.gravatar.com\/avatar\/26a8a81f09f0dd7624c9d5c36c9ba3a2?s=96&d=mm&r=g\",\"contentUrl\":\"https:\/\/secure.gravatar.com\/avatar\/26a8a81f09f0dd7624c9d5c36c9ba3a2?s=96&d=mm&r=g\",\"caption\":\"Ibrahima\"},\"sameAs\":[\"https:\/\/www.nettali.com\"]}]}<\/script>\n<!-- \/ Yoast SEO Premium plugin. -->","yoast_head_json":{"title":"UEFA - Pas de joueurs africains dans l'\u00e9quipe de l'ann\u00e9e | Nettali.com","robots":{"index":"index","follow":"follow","max-snippet":"max-snippet:-1","max-image-preview":"max-image-preview:large","max-video-preview":"max-video-preview:-1"},"canonical":"https:\/\/www.nettali.com\/2021\/01\/20\/uefa-pas-de-joueurs-africains-dans-lequipe-de-lannee\/","og_locale":"fr_FR","og_type":"article","og_title":"UEFA - Pas de joueurs africains dans l'\u00e9quipe de l'ann\u00e9e","og_description":"NETTALI.COM - L'UEFA a d\u00e9voil\u00e9 ce mercredi l'Equipe de l'Ann\u00e9e pour laquelle les supporters ont vot\u00e9. Champions d'Angleterre avec Liverpool, Sadio Man\u00e9 et Mouhamed Salah ont \u00e9t\u00e9 zapp\u00e9s du meilleur onze de l'ann\u00e9e 2020. Sans surprise, le Bayern Munich auteur d'un quintupl\u00e9 historique est le club le plus repr\u00e9sent\u00e9 avec cinq joueurs : Manuel Neuer, [&hellip;]","og_url":"https:\/\/www.nettali.com\/2021\/01\/20\/uefa-pas-de-joueurs-africains-dans-lequipe-de-lannee\/","og_site_name":"Nettali.com","article_publisher":"https:\/\/www.facebook.com\/nettalicom","article_published_time":"2021-01-20T18:10:05+00:00","og_image":[{"width":678,"height":381,"url":"https:\/\/www.nettali.com\/wp-content\/uploads\/2021\/01\/sadio_mane_et_mohamed_salah.png","type":"image\/png"}],"twitter_card":"summary_large_image","twitter_misc":{"\u00c9crit par":"Ibrahima","Dur\u00e9e de lecture estim\u00e9e":"1 minute"},"schema":{"@context":"https:\/\/schema.org","@graph":[{"@type":"WebSite","@id":"https:\/\/www.nettali.com\/#website","url":"https:\/\/www.nettali.com\/","name":"Nettali.com","description":"Le rendez-vous critique du Net","potentialAction":[{"@type":"SearchAction","target":{"@type":"EntryPoint","urlTemplate":"https:\/\/www.nettali.com\/?s={search_term_string}"},"query-input":"required name=search_term_string"}],"inLanguage":"fr-FR"},{"@type":"ImageObject","@id":"https:\/\/www.nettali.com\/2021\/01\/20\/uefa-pas-de-joueurs-africains-dans-lequipe-de-lannee\/#primaryimage","inLanguage":"fr-FR","url":"https:\/\/www.nettali.com\/wp-content\/uploads\/2021\/01\/sadio_mane_et_mohamed_salah.png","contentUrl":"https:\/\/www.nettali.com\/wp-content\/uploads\/2021\/01\/sadio_mane_et_mohamed_salah.png","width":678,"height":381},{"@type":"WebPage","@id":"https:\/\/www.nettali.com\/2021\/01\/20\/uefa-pas-de-joueurs-africains-dans-lequipe-de-lannee\/#webpage","url":"https:\/\/www.nettali.com\/2021\/01\/20\/uefa-pas-de-joueurs-africains-dans-lequipe-de-lannee\/","name":"UEFA - Pas de joueurs africains dans l'\u00e9quipe de l'ann\u00e9e | Nettali.com","isPartOf":{"@id":"https:\/\/www.nettali.com\/#website"},"primaryImageOfPage":{"@id":"https:\/\/www.nettali.com\/2021\/01\/20\/uefa-pas-de-joueurs-africains-dans-lequipe-de-lannee\/#primaryimage"},"datePublished":"2021-01-20T18:10:05+00:00","dateModified":"2021-01-20T18:10:05+00:00","author":{"@id":"https:\/\/www.nettali.com\/#\/schema\/person\/bb147657c2986240405a608162b9bb23"},"breadcrumb":{"@id":"https:\/\/www.nettali.com\/2021\/01\/20\/uefa-pas-de-joueurs-africains-dans-lequipe-de-lannee\/#breadcrumb"},"inLanguage":"fr-FR","potentialAction":[{"@type":"ReadAction","target":["https:\/\/www.nettali.com\/2021\/01\/20\/uefa-pas-de-joueurs-africains-dans-lequipe-de-lannee\/"]}]},{"@type":"BreadcrumbList","@id":"https:\/\/www.nettali.com\/2021\/01\/20\/uefa-pas-de-joueurs-africains-dans-lequipe-de-lannee\/#breadcrumb","itemListElement":[{"@type":"ListItem","position":1,"name":"Accueil","item":"https:\/\/www.nettali.com\/"},{"@type":"ListItem","position":2,"name":"UEFA &#8211; Pas de joueurs africains dans l&rsquo;\u00e9quipe de l&rsquo;ann\u00e9e"}]},{"@type":"Person","@id":"https:\/\/www.nettali.com\/#\/schema\/person\/bb147657c2986240405a608162b9bb23","name":"Ibrahima","image":{"@type":"ImageObject","@id":"https:\/\/www.nettali.com\/#personlogo","inLanguage":"fr-FR","url":"https:\/\/secure.gravatar.com\/avatar\/26a8a81f09f0dd7624c9d5c36c9ba3a2?s=96&d=mm&r=g","contentUrl":"https:\/\/secure.gravatar.com\/avatar\/26a8a81f09f0dd7624c9d5c36c9ba3a2?s=96&d=mm&r=g","caption":"Ibrahima"},"sameAs":["https:\/\/www.nettali.com"]}]}},"_links":{"self":[{"href":"https:\/\/www.nettali.com\/rest\/wp\/v2\/posts\/55996"}],"collection":[{"href":"https:\/\/www.nettali.com\/rest\/wp\/v2\/posts"}],"about":[{"href":"https:\/\/www.nettali.com\/rest\/wp\/v2\/types\/post"}],"author":[{"embeddable":true,"href":"https:\/\/www.nettali.com\/rest\/wp\/v2\/users\/5"}],"replies":[{"embeddable":true,"href":"https:\/\/www.nettali.com\/rest\/wp\/v2\/comments?post=55996"}],"version-history":[{"count":1,"href":"https:\/\/www.nettali.com\/rest\/wp\/v2\/posts\/55996\/revisions"}],"predecessor-version":[{"id":55998,"href":"https:\/\/www.nettali.com\/rest\/wp\/v2\/posts\/55996\/revisions\/55998"}],"wp:featuredmedia":[{"embeddable":true,"href":"https:\/\/www.nettali.com\/rest\/wp\/v2\/media\/55997"}],"wp:attachment":[{"href":"https:\/\/www.nettali.com\/rest\/wp\/v2\/media?parent=55996"}],"wp:term":[{"taxonomy":"category","embeddable":true,"href":"https:\/\/www.nettali.com\/rest\/wp\/v2\/categories?post=55996"},{"taxonomy":"post_tag","embeddable":true,"href":"https:\/\/www.nettali.com\/rest\/wp\/v2\/tags?post=55996"}],"curies":[{"name":"wp","href":"https:\/\/api.w.org\/{rel}","templated":true}]}}