{"id":55975,"date":"2021-01-20T10:59:15","date_gmt":"2021-01-20T10:59:15","guid":{"rendered":"https:\/\/www.nettali.com\/?p=55975"},"modified":"2021-01-20T10:59:15","modified_gmt":"2021-01-20T10:59:15","slug":"boubacar-seye-policier-radie-la-colere-de-noo-lank","status":"publish","type":"post","link":"https:\/\/www.nettali.com\/2021\/01\/20\/boubacar-seye-policier-radie-la-colere-de-noo-lank\/","title":{"rendered":"BOUBACAR SEYE, POLICIER RADIE \u2013 \u00a0La col\u00e8re de Noo Lank"},"content":{"rendered":"<p><strong>NETTALI.COM - Noo Lank se prononce contre l\u2019arrestation du pr\u00e9sident d\u2019Horizon sans fronti\u00e8res, Boubacar S\u00e8ye, et d\u00e9fend le policier Pape Boubacar Diallo. <\/strong><\/p>\n<p>Le collectif Noo Lank prend la d\u00e9fense de Boubacar S\u00e8ye et demande au gouvernement d\u2019apporter des \u00e9claircissements au sujet des accusations formul\u00e9es par le patron de l\u2019ONG Horizon sans fronti\u00e8res. \u201cSi l\u2019Etat du S\u00e9n\u00e9gal a effectivement per\u00e7u pr\u00e8s de 93 milliards par an pendant 13 ans pour combattre l\u2019\u00e9migration des jeunes, sans r\u00e9sultat, ce serait un vrai scandale. Si ces sommes \u00e9taient all\u00e9es \u00e0 l\u2019emploi des jeunes, la situation ne serait pas pire en mati\u00e8re d\u2019\u00e9migration clandestine (\u2026). Il faut donc auditer leur utilisation pour \u00e9difier les S\u00e9n\u00e9galais et non s\u2019employer \u00e0 intimider et faire taire ceux qui d\u00e9noncent ces d\u00e9tournement\u2019\u2019, d\u00e9clare le collectif, dans un communiqu\u00e9.<\/p>\n<p>Noo Lank, qui approuve la d\u00e9marche de Boubacar S\u00e8ye, juge que ses propos ne sont \u201cni diffamatoires ni inexacts\u2019\u2019.<\/p>\n<p>Pour que nul n\u2019en ignore, le collectif a tenu \u00e0 rappeler que le patron de Horizon sans fronti\u00e8res n\u2019a fait qu\u2019emboiter le pas de l\u2019ex-Premier ministre fran\u00e7ais Edouard Philippe qui, lors, de sa visite \u00e0 Dakar, en novembre 2019, a bien dit que le S\u00e9n\u00e9gal \u201ca re\u00e7u 2 milliards d\u2019euros, soit 1 310 milliards de F CFA depuis 2007, dans le cadre du fonds fiduciaire d\u2019urgence pour l\u2019Afrique et ces efforts devraient produire des r\u00e9sultats\u2019\u2019. De l\u2019avis de Nook lank, le patron d\u2019Horizon sans fronti\u00e8res n\u2019a donc pas dit plus que ce ministre fran\u00e7ais. Il \u201ca repris en se limitant au montant de 180 milliards\u2019\u2019, dixit Nook Lank.<\/p>\n<p>Le mouvement, sur un autre registre, a, dans le m\u00eame communiqu\u00e9, pris faits et causes pour le policier Boubacar Diallo qui a \u00e9t\u00e9 radi\u00e9 pour \u201cson acte de d\u00e9f\u00e9rence envers son chef religieux\u2019\u2019.<\/p>\n<p>Or, indique le communiqu\u00e9, rien dans la loi au S\u00e9n\u00e9gal n\u2019interdit des postures de d\u00e9f\u00e9rence envers des autorit\u00e9s religieuses, traditionnelles ou toutes autres personnes, et soutient que le ministre de l\u2019Int\u00e9rieur n\u2019est pas sans le savoir, \u00e9tant magistrat.<\/p>\n<p>Le collectif montre ainsi son d\u00e9saccord au \u201cmotif de l\u2019abandon de poste coll\u00e9 au policier\u2019\u2019. Pour lui, ce dernier\u201c n\u2019est pas s\u00e9rieux\u2019. Il tient \u00e0 rappeler qu\u2019\u2019\u2019Antoine F\u00e9lix Diome est all\u00e9 s\u2019agenouiller publiquement, d\u00e8s sa nomination comme ministre. Le pr\u00e9sident de la R\u00e9publique ne s\u2019en cache pas, non plus. Pourquoi auraient-ils plus de vertus r\u00e9publicaines et de libert\u00e9 de conscience que ce policier ?\u2019\u2019, s\u2019interroge le collectif.<\/p>\n<p>&nbsp;<\/p>\n<div class='share-to-whatsapp-wrapper'><div class='share-on-whsp'>PARTAGER SUR : <\/div><a data-text='BOUBACAR SEYE, POLICIER RADIE \u2013 \u00a0La col\u00e8re de Noo Lank' data-link='https:\/\/www.nettali.com\/2021\/01\/20\/boubacar-seye-policier-radie-la-colere-de-noo-lank\/' class='whatsapp-button whatsapp-share'>WhatsApp<\/a><div class='clear '><\/div><\/div>","protected":false},"excerpt":{"rendered":"<p>NETTALI.COM - Noo Lank se prononce contre l\u2019arrestation du pr\u00e9sident d\u2019Horizon sans fronti\u00e8res, Boubacar S\u00e8ye, et d\u00e9fend le policier Pape Boubacar Diallo. Le collectif Noo Lank prend la d\u00e9fense de Boubacar S\u00e8ye et demande au gouvernement d\u2019apporter des \u00e9claircissements au sujet des accusations formul\u00e9es par le patron de l\u2019ONG Horizon sans fronti\u00e8res. \u201cSi l\u2019Etat du [&hellip;]<\/p>\n","protected":false},"author":11,"featured_media":24745,"comment_status":"open","ping_status":"open","sticky":false,"template":"","format":"standard","meta":{"_et_pb_use_builder":"","_et_pb_old_content":""},"categories":[3],"tags":[],"yoast_head":"<!-- This site is optimized with the Yoast SEO Premium plugin v17.8 (Yoast SEO v17.8) - https:\/\/yoast.com\/wordpress\/plugins\/seo\/ -->\n<title>BOUBACAR SEYE, POLICIER RADIE \u2013 \u00a0La col\u00e8re de Noo Lank | Nettali.com<\/title>\n<meta name=\"robots\" content=\"index, follow, max-snippet:-1, max-image-preview:large, max-video-preview:-1\" \/>\n<link rel=\"canonical\" href=\"https:\/\/www.nettali.com\/2021\/01\/20\/boubacar-seye-policier-radie-la-colere-de-noo-lank\/\" \/>\n<meta property=\"og:locale\" content=\"fr_FR\" \/>\n<meta property=\"og:type\" content=\"article\" \/>\n<meta property=\"og:title\" content=\"BOUBACAR SEYE, POLICIER RADIE \u2013 \u00a0La col\u00e8re de Noo Lank\" \/>\n<meta property=\"og:description\" content=\"NETTALI.COM - Noo Lank se prononce contre l\u2019arrestation du pr\u00e9sident d\u2019Horizon sans fronti\u00e8res, Boubacar S\u00e8ye, et d\u00e9fend le policier Pape Boubacar Diallo. Le collectif Noo Lank prend la d\u00e9fense de Boubacar S\u00e8ye et demande au gouvernement d\u2019apporter des \u00e9claircissements au sujet des accusations formul\u00e9es par le patron de l\u2019ONG Horizon sans fronti\u00e8res. \u201cSi l\u2019Etat du [&hellip;]\" \/>\n<meta property=\"og:url\" content=\"https:\/\/www.nettali.com\/2021\/01\/20\/boubacar-seye-policier-radie-la-colere-de-noo-lank\/\" \/>\n<meta property=\"og:site_name\" content=\"Nettali.com\" \/>\n<meta property=\"article:publisher\" content=\"https:\/\/www.facebook.com\/nettalicom\" \/>\n<meta property=\"article:published_time\" content=\"2021-01-20T10:59:15+00:00\" \/>\n<meta property=\"og:image\" content=\"https:\/\/www.nettali.com\/wp-content\/uploads\/2019\/12\/noo-lank.png\" \/>\n\t<meta property=\"og:image:width\" content=\"788\" \/>\n\t<meta property=\"og:image:height\" content=\"443\" \/>\n<meta name=\"twitter:card\" content=\"summary_large_image\" \/>\n<meta name=\"twitter:label1\" content=\"\u00c9crit par\" \/>\n\t<meta name=\"twitter:data1\" content=\"Thierno Diop\" \/>\n\t<meta name=\"twitter:label2\" content=\"Dur\u00e9e de lecture estim\u00e9e\" \/>\n\t<meta name=\"twitter:data2\" content=\"2 minutes\" \/>\n<script type=\"application\/ld+json\" class=\"yoast-schema-graph\">{\"@context\":\"https:\/\/schema.org\",\"@graph\":[{\"@type\":\"WebSite\",\"@id\":\"https:\/\/www.nettali.com\/#website\",\"url\":\"https:\/\/www.nettali.com\/\",\"name\":\"Nettali.com\",\"description\":\"Le rendez-vous critique du Net\",\"potentialAction\":[{\"@type\":\"SearchAction\",\"target\":{\"@type\":\"EntryPoint\",\"urlTemplate\":\"https:\/\/www.nettali.com\/?s={search_term_string}\"},\"query-input\":\"required name=search_term_string\"}],\"inLanguage\":\"fr-FR\"},{\"@type\":\"ImageObject\",\"@id\":\"https:\/\/www.nettali.com\/2021\/01\/20\/boubacar-seye-policier-radie-la-colere-de-noo-lank\/#primaryimage\",\"inLanguage\":\"fr-FR\",\"url\":\"https:\/\/www.nettali.com\/wp-content\/uploads\/2019\/12\/noo-lank.png\",\"contentUrl\":\"https:\/\/www.nettali.com\/wp-content\/uploads\/2019\/12\/noo-lank.png\",\"width\":788,\"height\":443},{\"@type\":\"WebPage\",\"@id\":\"https:\/\/www.nettali.com\/2021\/01\/20\/boubacar-seye-policier-radie-la-colere-de-noo-lank\/#webpage\",\"url\":\"https:\/\/www.nettali.com\/2021\/01\/20\/boubacar-seye-policier-radie-la-colere-de-noo-lank\/\",\"name\":\"BOUBACAR SEYE, POLICIER RADIE \\u2013 \\u00a0La col\\u00e8re de Noo Lank | Nettali.com\",\"isPartOf\":{\"@id\":\"https:\/\/www.nettali.com\/#website\"},\"primaryImageOfPage\":{\"@id\":\"https:\/\/www.nettali.com\/2021\/01\/20\/boubacar-seye-policier-radie-la-colere-de-noo-lank\/#primaryimage\"},\"datePublished\":\"2021-01-20T10:59:15+00:00\",\"dateModified\":\"2021-01-20T10:59:15+00:00\",\"author\":{\"@id\":\"https:\/\/www.nettali.com\/#\/schema\/person\/8a06c6bd7b19304cf4bf985862900b5b\"},\"breadcrumb\":{\"@id\":\"https:\/\/www.nettali.com\/2021\/01\/20\/boubacar-seye-policier-radie-la-colere-de-noo-lank\/#breadcrumb\"},\"inLanguage\":\"fr-FR\",\"potentialAction\":[{\"@type\":\"ReadAction\",\"target\":[\"https:\/\/www.nettali.com\/2021\/01\/20\/boubacar-seye-policier-radie-la-colere-de-noo-lank\/\"]}]},{\"@type\":\"BreadcrumbList\",\"@id\":\"https:\/\/www.nettali.com\/2021\/01\/20\/boubacar-seye-policier-radie-la-colere-de-noo-lank\/#breadcrumb\",\"itemListElement\":[{\"@type\":\"ListItem\",\"position\":1,\"name\":\"Accueil\",\"item\":\"https:\/\/www.nettali.com\/\"},{\"@type\":\"ListItem\",\"position\":2,\"name\":\"BOUBACAR SEYE, POLICIER RADIE \\u2013 \\u00a0La col\\u00e8re de Noo Lank\"}]},{\"@type\":\"Person\",\"@id\":\"https:\/\/www.nettali.com\/#\/schema\/person\/8a06c6bd7b19304cf4bf985862900b5b\",\"name\":\"Thierno Diop\",\"image\":{\"@type\":\"ImageObject\",\"@id\":\"https:\/\/www.nettali.com\/#personlogo\",\"inLanguage\":\"fr-FR\",\"url\":\"https:\/\/secure.gravatar.com\/avatar\/c8ca58550c94fd2ac856d27391a6c866?s=96&d=mm&r=g\",\"contentUrl\":\"https:\/\/secure.gravatar.com\/avatar\/c8ca58550c94fd2ac856d27391a6c866?s=96&d=mm&r=g\",\"caption\":\"Thierno Diop\"},\"sameAs\":[\"https:\/\/nettali.com\"]}]}<\/script>\n<!-- \/ Yoast SEO Premium plugin. -->","yoast_head_json":{"title":"BOUBACAR SEYE, POLICIER RADIE \u2013 \u00a0La col\u00e8re de Noo Lank | Nettali.com","robots":{"index":"index","follow":"follow","max-snippet":"max-snippet:-1","max-image-preview":"max-image-preview:large","max-video-preview":"max-video-preview:-1"},"canonical":"https:\/\/www.nettali.com\/2021\/01\/20\/boubacar-seye-policier-radie-la-colere-de-noo-lank\/","og_locale":"fr_FR","og_type":"article","og_title":"BOUBACAR SEYE, POLICIER RADIE \u2013 \u00a0La col\u00e8re de Noo Lank","og_description":"NETTALI.COM - Noo Lank se prononce contre l\u2019arrestation du pr\u00e9sident d\u2019Horizon sans fronti\u00e8res, Boubacar S\u00e8ye, et d\u00e9fend le policier Pape Boubacar Diallo. Le collectif Noo Lank prend la d\u00e9fense de Boubacar S\u00e8ye et demande au gouvernement d\u2019apporter des \u00e9claircissements au sujet des accusations formul\u00e9es par le patron de l\u2019ONG Horizon sans fronti\u00e8res. \u201cSi l\u2019Etat du [&hellip;]","og_url":"https:\/\/www.nettali.com\/2021\/01\/20\/boubacar-seye-policier-radie-la-colere-de-noo-lank\/","og_site_name":"Nettali.com","article_publisher":"https:\/\/www.facebook.com\/nettalicom","article_published_time":"2021-01-20T10:59:15+00:00","og_image":[{"width":788,"height":443,"url":"https:\/\/www.nettali.com\/wp-content\/uploads\/2019\/12\/noo-lank.png","type":"image\/png"}],"twitter_card":"summary_large_image","twitter_misc":{"\u00c9crit par":"Thierno Diop","Dur\u00e9e de lecture estim\u00e9e":"2 minutes"},"schema":{"@context":"https:\/\/schema.org","@graph":[{"@type":"WebSite","@id":"https:\/\/www.nettali.com\/#website","url":"https:\/\/www.nettali.com\/","name":"Nettali.com","description":"Le rendez-vous critique du Net","potentialAction":[{"@type":"SearchAction","target":{"@type":"EntryPoint","urlTemplate":"https:\/\/www.nettali.com\/?s={search_term_string}"},"query-input":"required name=search_term_string"}],"inLanguage":"fr-FR"},{"@type":"ImageObject","@id":"https:\/\/www.nettali.com\/2021\/01\/20\/boubacar-seye-policier-radie-la-colere-de-noo-lank\/#primaryimage","inLanguage":"fr-FR","url":"https:\/\/www.nettali.com\/wp-content\/uploads\/2019\/12\/noo-lank.png","contentUrl":"https:\/\/www.nettali.com\/wp-content\/uploads\/2019\/12\/noo-lank.png","width":788,"height":443},{"@type":"WebPage","@id":"https:\/\/www.nettali.com\/2021\/01\/20\/boubacar-seye-policier-radie-la-colere-de-noo-lank\/#webpage","url":"https:\/\/www.nettali.com\/2021\/01\/20\/boubacar-seye-policier-radie-la-colere-de-noo-lank\/","name":"BOUBACAR SEYE, POLICIER RADIE \u2013 \u00a0La col\u00e8re de Noo Lank | Nettali.com","isPartOf":{"@id":"https:\/\/www.nettali.com\/#website"},"primaryImageOfPage":{"@id":"https:\/\/www.nettali.com\/2021\/01\/20\/boubacar-seye-policier-radie-la-colere-de-noo-lank\/#primaryimage"},"datePublished":"2021-01-20T10:59:15+00:00","dateModified":"2021-01-20T10:59:15+00:00","author":{"@id":"https:\/\/www.nettali.com\/#\/schema\/person\/8a06c6bd7b19304cf4bf985862900b5b"},"breadcrumb":{"@id":"https:\/\/www.nettali.com\/2021\/01\/20\/boubacar-seye-policier-radie-la-colere-de-noo-lank\/#breadcrumb"},"inLanguage":"fr-FR","potentialAction":[{"@type":"ReadAction","target":["https:\/\/www.nettali.com\/2021\/01\/20\/boubacar-seye-policier-radie-la-colere-de-noo-lank\/"]}]},{"@type":"BreadcrumbList","@id":"https:\/\/www.nettali.com\/2021\/01\/20\/boubacar-seye-policier-radie-la-colere-de-noo-lank\/#breadcrumb","itemListElement":[{"@type":"ListItem","position":1,"name":"Accueil","item":"https:\/\/www.nettali.com\/"},{"@type":"ListItem","position":2,"name":"BOUBACAR SEYE, POLICIER RADIE \u2013 \u00a0La col\u00e8re de Noo Lank"}]},{"@type":"Person","@id":"https:\/\/www.nettali.com\/#\/schema\/person\/8a06c6bd7b19304cf4bf985862900b5b","name":"Thierno Diop","image":{"@type":"ImageObject","@id":"https:\/\/www.nettali.com\/#personlogo","inLanguage":"fr-FR","url":"https:\/\/secure.gravatar.com\/avatar\/c8ca58550c94fd2ac856d27391a6c866?s=96&d=mm&r=g","contentUrl":"https:\/\/secure.gravatar.com\/avatar\/c8ca58550c94fd2ac856d27391a6c866?s=96&d=mm&r=g","caption":"Thierno Diop"},"sameAs":["https:\/\/nettali.com"]}]}},"_links":{"self":[{"href":"https:\/\/www.nettali.com\/rest\/wp\/v2\/posts\/55975"}],"collection":[{"href":"https:\/\/www.nettali.com\/rest\/wp\/v2\/posts"}],"about":[{"href":"https:\/\/www.nettali.com\/rest\/wp\/v2\/types\/post"}],"author":[{"embeddable":true,"href":"https:\/\/www.nettali.com\/rest\/wp\/v2\/users\/11"}],"replies":[{"embeddable":true,"href":"https:\/\/www.nettali.com\/rest\/wp\/v2\/comments?post=55975"}],"version-history":[{"count":1,"href":"https:\/\/www.nettali.com\/rest\/wp\/v2\/posts\/55975\/revisions"}],"predecessor-version":[{"id":55976,"href":"https:\/\/www.nettali.com\/rest\/wp\/v2\/posts\/55975\/revisions\/55976"}],"wp:featuredmedia":[{"embeddable":true,"href":"https:\/\/www.nettali.com\/rest\/wp\/v2\/media\/24745"}],"wp:attachment":[{"href":"https:\/\/www.nettali.com\/rest\/wp\/v2\/media?parent=55975"}],"wp:term":[{"taxonomy":"category","embeddable":true,"href":"https:\/\/www.nettali.com\/rest\/wp\/v2\/categories?post=55975"},{"taxonomy":"post_tag","embeddable":true,"href":"https:\/\/www.nettali.com\/rest\/wp\/v2\/tags?post=55975"}],"curies":[{"name":"wp","href":"https:\/\/api.w.org\/{rel}","templated":true}]}}