{"id":55890,"date":"2021-01-18T21:55:37","date_gmt":"2021-01-18T21:55:37","guid":{"rendered":"https:\/\/www.nettali.com\/?p=55890"},"modified":"2021-03-09T14:52:18","modified_gmt":"2021-03-09T14:52:18","slug":"servir-le-senegal-marieme-faye-vide-son-sac","status":"publish","type":"post","link":"https:\/\/www.nettali.com\/2021\/01\/18\/servir-le-senegal-marieme-faye-vide-son-sac\/","title":{"rendered":"\"SERVIR LE SENEGAL\" - Mari\u00e8me Faye Sall vide son sac"},"content":{"rendered":"<p><strong>NETTALI.COM \u2013 Dans un entretien exclusif accord\u00e9 \u00e0 la RTS, la premi\u00e8re dame, Mari\u00e8me Faye Sall, l\u00e8ve un coin du voile sur les activit\u00e9s de la Fondation Servir le S\u00e9n\u00e9gal et met en balaie les accusations de trafic d\u2019influence. <\/strong><\/p>\n<p>Derni\u00e8rement, une certaine presse a inform\u00e9 que des personnes, suppos\u00e9ment, mal intentionn\u00e9es, utilisent des images \u00e0 l\u2019effigie de la premi\u00e8re dame, Mari\u00e8me Faye Sall, pour arnaquer d\u2019honn\u00eates citoyens. L\u2019\u00e9pouse du chef de l\u2019Etat est sortie de sa r\u00e9serve pour mettre les points sur les i, au sujet du fonctionnement de la Fondation \u00ab <em>Servir le S\u00e9n\u00e9gal<\/em> \u00bb, qu\u2019elle dirige. \u00ab <em>J\u2019ai toujours fait du social bien avant la cr\u00e9ation de cette fondation<\/em> \u00bb, a tenu \u00e0 \u00e9clairer Mme Sall, en insistant sur la transparence. \u00ab <em>Toutes les actions de la fondation sont rendues publiques. La fondation n\u2019a jamais \u00e9crit pour demander quoi que ce soit. C\u2019est le pr\u00e9sident Macky Sall qui nous aide le plus clair du temps. Il y a aussi des hommes d\u2019affaires locaux qui nous appuient. Il y a \u00e9galement de bonnes volont\u00e9s, mais le vice-pr\u00e9sident de la fondation Aliou Fall redoute les hommes d\u2019affaires venus de l\u2019\u00e9tranger qui viennent pour une audience avec la premi\u00e8re dame<\/em> \u00bb, a ajout\u00e9 Mari\u00e8me Faye Sall.<\/p>\n<p>Elle souligne que de plus en plus, elle se concentre sur les malades qui cherchent de quoi s\u2019acquitter des frais d\u2019ordonnances. \u00ab <em>Je me focalise sur les malades et je refuse le trafic d\u2019influence. Toutes les correspondances de demande d\u2019aide sont r\u00e9guli\u00e8rement re\u00e7ues. C'est pourquoi, j\u2019ai \u00e9t\u00e9 surprise par les accusations d\u2019arnaque dont certaines personnes auraient \u00e9t\u00e9 victimes<\/em> \u00bb, s\u2019\u00e9tonne la premi\u00e8re dame.<\/p>\n<p>\u00ab\u00a0<em>Celui qui aide, ne demande pas d\u2019aide. Depuis la cr\u00e9ation de cette fondation, je n\u2019ai pas organis\u00e9 de kermesse, encore moins de t\u00e9l\u00e9thon. C\u2019est vrai que parmi ceux qui ouvrent des comptes, y a des sympathisants mais je n\u2019\u00e9tais pas au courant. C\u2019est pourquoi j\u2019ai donn\u00e9 des instructions pour que tous les comptes soient ferm\u00e9s. D\u2019ailleurs, je n\u2019ai jamais \u00e9t\u00e9 sur les r\u00e9seaux sociaux. Je suis old fashion. Je ne suis pas dans \u00e7a\u00a0<\/em>\u00bb, rench\u00e9rit-elle.<\/p>\n<p>Pour finir, elle d\u00e9monte les all\u00e9gations qui cherchent \u00e0 faire avaliser l\u2019id\u00e9e selon laquelle elle souffrait de troubles mentaux. \"<em>J'ai appris en m\u00eame temps que tout le monde que je suis folle<\/em>.\", a dit Mari\u00e8me Faye Sall.<\/p>\n<div class='share-to-whatsapp-wrapper'><div class='share-on-whsp'>PARTAGER SUR : <\/div><a data-text='\"SERVIR LE SENEGAL\" - Mari\u00e8me Faye Sall vide son sac' data-link='https:\/\/www.nettali.com\/2021\/01\/18\/servir-le-senegal-marieme-faye-vide-son-sac\/' class='whatsapp-button whatsapp-share'>WhatsApp<\/a><div class='clear '><\/div><\/div>","protected":false},"excerpt":{"rendered":"<p>NETTALI.COM \u2013 Dans un entretien exclusif accord\u00e9 \u00e0 la RTS, la premi\u00e8re dame, Mari\u00e8me Faye Sall, l\u00e8ve un coin du voile sur les activit\u00e9s de la Fondation Servir le S\u00e9n\u00e9gal et met en balaie les accusations de trafic d\u2019influence. Derni\u00e8rement, une certaine presse a inform\u00e9 que des personnes, suppos\u00e9ment, mal intentionn\u00e9es, utilisent des images \u00e0 [&hellip;]<\/p>\n","protected":false},"author":11,"featured_media":55929,"comment_status":"open","ping_status":"open","sticky":false,"template":"","format":"standard","meta":{"_et_pb_use_builder":"","_et_pb_old_content":""},"categories":[2],"tags":[],"yoast_head":"<!-- This site is optimized with the Yoast SEO Premium plugin v17.8 (Yoast SEO v17.8) - https:\/\/yoast.com\/wordpress\/plugins\/seo\/ -->\n<title>&quot;SERVIR LE SENEGAL&quot; - Mari\u00e8me Faye Sall vide son sac | Nettali.com<\/title>\n<meta name=\"robots\" content=\"index, follow, max-snippet:-1, max-image-preview:large, max-video-preview:-1\" \/>\n<link rel=\"canonical\" href=\"https:\/\/www.nettali.com\/2021\/01\/18\/servir-le-senegal-marieme-faye-vide-son-sac\/\" \/>\n<meta property=\"og:locale\" content=\"fr_FR\" \/>\n<meta property=\"og:type\" content=\"article\" \/>\n<meta property=\"og:title\" content=\"&quot;SERVIR LE SENEGAL&quot; - Mari\u00e8me Faye Sall vide son sac\" \/>\n<meta property=\"og:description\" content=\"NETTALI.COM \u2013 Dans un entretien exclusif accord\u00e9 \u00e0 la RTS, la premi\u00e8re dame, Mari\u00e8me Faye Sall, l\u00e8ve un coin du voile sur les activit\u00e9s de la Fondation Servir le S\u00e9n\u00e9gal et met en balaie les accusations de trafic d\u2019influence. Derni\u00e8rement, une certaine presse a inform\u00e9 que des personnes, suppos\u00e9ment, mal intentionn\u00e9es, utilisent des images \u00e0 [&hellip;]\" \/>\n<meta property=\"og:url\" content=\"https:\/\/www.nettali.com\/2021\/01\/18\/servir-le-senegal-marieme-faye-vide-son-sac\/\" \/>\n<meta property=\"og:site_name\" content=\"Nettali.com\" \/>\n<meta property=\"article:publisher\" content=\"https:\/\/www.facebook.com\/nettalicom\" \/>\n<meta property=\"article:published_time\" content=\"2021-01-18T21:55:37+00:00\" \/>\n<meta property=\"article:modified_time\" content=\"2021-03-09T14:52:18+00:00\" \/>\n<meta property=\"og:image\" content=\"https:\/\/www.nettali.com\/wp-content\/uploads\/2021\/01\/IMG-20210118-WA0012.jpg\" \/>\n\t<meta property=\"og:image:width\" content=\"960\" \/>\n\t<meta property=\"og:image:height\" content=\"546\" \/>\n<meta name=\"twitter:card\" content=\"summary_large_image\" \/>\n<meta name=\"twitter:label1\" content=\"\u00c9crit par\" \/>\n\t<meta name=\"twitter:data1\" content=\"Thierno Diop\" \/>\n\t<meta name=\"twitter:label2\" content=\"Dur\u00e9e de lecture estim\u00e9e\" \/>\n\t<meta name=\"twitter:data2\" content=\"2 minutes\" \/>\n<script type=\"application\/ld+json\" class=\"yoast-schema-graph\">{\"@context\":\"https:\/\/schema.org\",\"@graph\":[{\"@type\":\"WebSite\",\"@id\":\"https:\/\/www.nettali.com\/#website\",\"url\":\"https:\/\/www.nettali.com\/\",\"name\":\"Nettali.com\",\"description\":\"Le rendez-vous critique du Net\",\"potentialAction\":[{\"@type\":\"SearchAction\",\"target\":{\"@type\":\"EntryPoint\",\"urlTemplate\":\"https:\/\/www.nettali.com\/?s={search_term_string}\"},\"query-input\":\"required name=search_term_string\"}],\"inLanguage\":\"fr-FR\"},{\"@type\":\"ImageObject\",\"@id\":\"https:\/\/www.nettali.com\/2021\/01\/18\/servir-le-senegal-marieme-faye-vide-son-sac\/#primaryimage\",\"inLanguage\":\"fr-FR\",\"url\":\"https:\/\/www.nettali.com\/wp-content\/uploads\/2021\/01\/IMG-20210118-WA0012.jpg\",\"contentUrl\":\"https:\/\/www.nettali.com\/wp-content\/uploads\/2021\/01\/IMG-20210118-WA0012.jpg\",\"width\":960,\"height\":546},{\"@type\":\"WebPage\",\"@id\":\"https:\/\/www.nettali.com\/2021\/01\/18\/servir-le-senegal-marieme-faye-vide-son-sac\/#webpage\",\"url\":\"https:\/\/www.nettali.com\/2021\/01\/18\/servir-le-senegal-marieme-faye-vide-son-sac\/\",\"name\":\"\\\"SERVIR LE SENEGAL\\\" - Mari\\u00e8me Faye Sall vide son sac | Nettali.com\",\"isPartOf\":{\"@id\":\"https:\/\/www.nettali.com\/#website\"},\"primaryImageOfPage\":{\"@id\":\"https:\/\/www.nettali.com\/2021\/01\/18\/servir-le-senegal-marieme-faye-vide-son-sac\/#primaryimage\"},\"datePublished\":\"2021-01-18T21:55:37+00:00\",\"dateModified\":\"2021-03-09T14:52:18+00:00\",\"author\":{\"@id\":\"https:\/\/www.nettali.com\/#\/schema\/person\/8a06c6bd7b19304cf4bf985862900b5b\"},\"breadcrumb\":{\"@id\":\"https:\/\/www.nettali.com\/2021\/01\/18\/servir-le-senegal-marieme-faye-vide-son-sac\/#breadcrumb\"},\"inLanguage\":\"fr-FR\",\"potentialAction\":[{\"@type\":\"ReadAction\",\"target\":[\"https:\/\/www.nettali.com\/2021\/01\/18\/servir-le-senegal-marieme-faye-vide-son-sac\/\"]}]},{\"@type\":\"BreadcrumbList\",\"@id\":\"https:\/\/www.nettali.com\/2021\/01\/18\/servir-le-senegal-marieme-faye-vide-son-sac\/#breadcrumb\",\"itemListElement\":[{\"@type\":\"ListItem\",\"position\":1,\"name\":\"Accueil\",\"item\":\"https:\/\/www.nettali.com\/\"},{\"@type\":\"ListItem\",\"position\":2,\"name\":\"\\u00ab\\u00a0SERVIR LE SENEGAL\\u00a0\\u00bb &#8211; Mari\\u00e8me Faye Sall vide son sac\"}]},{\"@type\":\"Person\",\"@id\":\"https:\/\/www.nettali.com\/#\/schema\/person\/8a06c6bd7b19304cf4bf985862900b5b\",\"name\":\"Thierno Diop\",\"image\":{\"@type\":\"ImageObject\",\"@id\":\"https:\/\/www.nettali.com\/#personlogo\",\"inLanguage\":\"fr-FR\",\"url\":\"https:\/\/secure.gravatar.com\/avatar\/c8ca58550c94fd2ac856d27391a6c866?s=96&d=mm&r=g\",\"contentUrl\":\"https:\/\/secure.gravatar.com\/avatar\/c8ca58550c94fd2ac856d27391a6c866?s=96&d=mm&r=g\",\"caption\":\"Thierno Diop\"},\"sameAs\":[\"https:\/\/nettali.com\"]}]}<\/script>\n<!-- \/ Yoast SEO Premium plugin. -->","yoast_head_json":{"title":"\"SERVIR LE SENEGAL\" - Mari\u00e8me Faye Sall vide son sac | Nettali.com","robots":{"index":"index","follow":"follow","max-snippet":"max-snippet:-1","max-image-preview":"max-image-preview:large","max-video-preview":"max-video-preview:-1"},"canonical":"https:\/\/www.nettali.com\/2021\/01\/18\/servir-le-senegal-marieme-faye-vide-son-sac\/","og_locale":"fr_FR","og_type":"article","og_title":"\"SERVIR LE SENEGAL\" - Mari\u00e8me Faye Sall vide son sac","og_description":"NETTALI.COM \u2013 Dans un entretien exclusif accord\u00e9 \u00e0 la RTS, la premi\u00e8re dame, Mari\u00e8me Faye Sall, l\u00e8ve un coin du voile sur les activit\u00e9s de la Fondation Servir le S\u00e9n\u00e9gal et met en balaie les accusations de trafic d\u2019influence. Derni\u00e8rement, une certaine presse a inform\u00e9 que des personnes, suppos\u00e9ment, mal intentionn\u00e9es, utilisent des images \u00e0 [&hellip;]","og_url":"https:\/\/www.nettali.com\/2021\/01\/18\/servir-le-senegal-marieme-faye-vide-son-sac\/","og_site_name":"Nettali.com","article_publisher":"https:\/\/www.facebook.com\/nettalicom","article_published_time":"2021-01-18T21:55:37+00:00","article_modified_time":"2021-03-09T14:52:18+00:00","og_image":[{"width":960,"height":546,"url":"https:\/\/www.nettali.com\/wp-content\/uploads\/2021\/01\/IMG-20210118-WA0012.jpg","type":"image\/jpeg"}],"twitter_card":"summary_large_image","twitter_misc":{"\u00c9crit par":"Thierno Diop","Dur\u00e9e de lecture estim\u00e9e":"2 minutes"},"schema":{"@context":"https:\/\/schema.org","@graph":[{"@type":"WebSite","@id":"https:\/\/www.nettali.com\/#website","url":"https:\/\/www.nettali.com\/","name":"Nettali.com","description":"Le rendez-vous critique du Net","potentialAction":[{"@type":"SearchAction","target":{"@type":"EntryPoint","urlTemplate":"https:\/\/www.nettali.com\/?s={search_term_string}"},"query-input":"required name=search_term_string"}],"inLanguage":"fr-FR"},{"@type":"ImageObject","@id":"https:\/\/www.nettali.com\/2021\/01\/18\/servir-le-senegal-marieme-faye-vide-son-sac\/#primaryimage","inLanguage":"fr-FR","url":"https:\/\/www.nettali.com\/wp-content\/uploads\/2021\/01\/IMG-20210118-WA0012.jpg","contentUrl":"https:\/\/www.nettali.com\/wp-content\/uploads\/2021\/01\/IMG-20210118-WA0012.jpg","width":960,"height":546},{"@type":"WebPage","@id":"https:\/\/www.nettali.com\/2021\/01\/18\/servir-le-senegal-marieme-faye-vide-son-sac\/#webpage","url":"https:\/\/www.nettali.com\/2021\/01\/18\/servir-le-senegal-marieme-faye-vide-son-sac\/","name":"\"SERVIR LE SENEGAL\" - Mari\u00e8me Faye Sall vide son sac | Nettali.com","isPartOf":{"@id":"https:\/\/www.nettali.com\/#website"},"primaryImageOfPage":{"@id":"https:\/\/www.nettali.com\/2021\/01\/18\/servir-le-senegal-marieme-faye-vide-son-sac\/#primaryimage"},"datePublished":"2021-01-18T21:55:37+00:00","dateModified":"2021-03-09T14:52:18+00:00","author":{"@id":"https:\/\/www.nettali.com\/#\/schema\/person\/8a06c6bd7b19304cf4bf985862900b5b"},"breadcrumb":{"@id":"https:\/\/www.nettali.com\/2021\/01\/18\/servir-le-senegal-marieme-faye-vide-son-sac\/#breadcrumb"},"inLanguage":"fr-FR","potentialAction":[{"@type":"ReadAction","target":["https:\/\/www.nettali.com\/2021\/01\/18\/servir-le-senegal-marieme-faye-vide-son-sac\/"]}]},{"@type":"BreadcrumbList","@id":"https:\/\/www.nettali.com\/2021\/01\/18\/servir-le-senegal-marieme-faye-vide-son-sac\/#breadcrumb","itemListElement":[{"@type":"ListItem","position":1,"name":"Accueil","item":"https:\/\/www.nettali.com\/"},{"@type":"ListItem","position":2,"name":"\u00ab\u00a0SERVIR LE SENEGAL\u00a0\u00bb &#8211; Mari\u00e8me Faye Sall vide son sac"}]},{"@type":"Person","@id":"https:\/\/www.nettali.com\/#\/schema\/person\/8a06c6bd7b19304cf4bf985862900b5b","name":"Thierno Diop","image":{"@type":"ImageObject","@id":"https:\/\/www.nettali.com\/#personlogo","inLanguage":"fr-FR","url":"https:\/\/secure.gravatar.com\/avatar\/c8ca58550c94fd2ac856d27391a6c866?s=96&d=mm&r=g","contentUrl":"https:\/\/secure.gravatar.com\/avatar\/c8ca58550c94fd2ac856d27391a6c866?s=96&d=mm&r=g","caption":"Thierno Diop"},"sameAs":["https:\/\/nettali.com"]}]}},"_links":{"self":[{"href":"https:\/\/www.nettali.com\/rest\/wp\/v2\/posts\/55890"}],"collection":[{"href":"https:\/\/www.nettali.com\/rest\/wp\/v2\/posts"}],"about":[{"href":"https:\/\/www.nettali.com\/rest\/wp\/v2\/types\/post"}],"author":[{"embeddable":true,"href":"https:\/\/www.nettali.com\/rest\/wp\/v2\/users\/11"}],"replies":[{"embeddable":true,"href":"https:\/\/www.nettali.com\/rest\/wp\/v2\/comments?post=55890"}],"version-history":[{"count":6,"href":"https:\/\/www.nettali.com\/rest\/wp\/v2\/posts\/55890\/revisions"}],"predecessor-version":[{"id":55928,"href":"https:\/\/www.nettali.com\/rest\/wp\/v2\/posts\/55890\/revisions\/55928"}],"wp:featuredmedia":[{"embeddable":true,"href":"https:\/\/www.nettali.com\/rest\/wp\/v2\/media\/55929"}],"wp:attachment":[{"href":"https:\/\/www.nettali.com\/rest\/wp\/v2\/media?parent=55890"}],"wp:term":[{"taxonomy":"category","embeddable":true,"href":"https:\/\/www.nettali.com\/rest\/wp\/v2\/categories?post=55890"},{"taxonomy":"post_tag","embeddable":true,"href":"https:\/\/www.nettali.com\/rest\/wp\/v2\/tags?post=55890"}],"curies":[{"name":"wp","href":"https:\/\/api.w.org\/{rel}","templated":true}]}}