{"id":55880,"date":"2021-01-18T20:25:09","date_gmt":"2021-01-18T20:25:09","guid":{"rendered":"https:\/\/www.nettali.com\/?p=55880"},"modified":"2021-03-09T14:53:09","modified_gmt":"2021-03-09T14:53:09","slug":"letat-durgence-assorti-dun-couvre-feu-proroge","status":"publish","type":"post","link":"https:\/\/www.nettali.com\/2021\/01\/18\/letat-durgence-assorti-dun-couvre-feu-proroge\/","title":{"rendered":"L'\u00e9tat d'urgence assorti d'un couvre-feu prorog\u00e9"},"content":{"rendered":"<p><strong>NETTLI.COM - Apr\u00e8s 12 jours, l'\u00e9tat d'urgence assorti d'un couvre-feu a \u00e9t\u00e9 prorog\u00e9 pour huit (8) jours encore. L'annonce a \u00e9t\u00e9 faite par le ministre de l'Int\u00e9rieur, Antoine F\u00e9lix Diome qui \u00e9tait l'invit\u00e9 du 20 heures de la Rts.<\/strong><\/p>\n<div class=\"texte\">\n<div class=\"access firstletter\">La nouvelle a \u00e9t\u00e9 annonc\u00e9e par le ministre de l\u2019int\u00e9rieur Antoine F\u00e9lix Abdoulaye Diome sur le plateau de la RTS 1.\u00a0 L\u2019\u00e9tat d\u2019urgence assorti d\u2019un couvre-feu a \u00e9t\u00e9 prorog\u00e9 .<\/div>\n<div><\/div>\n<div class=\"access firstletter\">Il a ajout\u00e9 que les Gouverneurs de Dakar et de Thi\u00e8s sont d\u00e9j\u00e0 instruits pour sortir des arr\u00eat\u00e9s visant \u00e0 maintenir le dispositif sur place pour 8 jours afin de veiller sur le respect de la mesure.<\/div>\n<div class=\"access firstletter\">Il a \u00e9galement annonc\u00e9 que le pr\u00e9sident de la R\u00e9publique va promulguer demain mardi la loi modifiant celle de 1969 et portant \u00e9tat d'urgence, \u00e9tat de si\u00e8ge et \u00e9tat de catastrophe naturelle et sanitaire vot\u00e9e par l'Assembl\u00e9e nationale la semaine derni\u00e8re.<\/div>\n<div class=\"access firstletter\"><\/div>\n<\/div>\n<div class=\"hide_module_inside\">\n<div id=\"mod_4047092\" class=\"mod_4047092 wm-module fullbackground module-article_connexe\">\n<div class=\"entete\"><\/div>\n<\/div>\n<\/div>\n<div class='share-to-whatsapp-wrapper'><div class='share-on-whsp'>PARTAGER SUR : <\/div><a data-text='L'\u00e9tat d'urgence assorti d'un couvre-feu prorog\u00e9' data-link='https:\/\/www.nettali.com\/2021\/01\/18\/letat-durgence-assorti-dun-couvre-feu-proroge\/' class='whatsapp-button whatsapp-share'>WhatsApp<\/a><div class='clear '><\/div><\/div>","protected":false},"excerpt":{"rendered":"<p>NETTLI.COM - Apr\u00e8s 12 jours, l'\u00e9tat d'urgence assorti d'un couvre-feu a \u00e9t\u00e9 prorog\u00e9 pour huit (8) jours encore. L'annonce a \u00e9t\u00e9 faite par le ministre de l'Int\u00e9rieur, Antoine F\u00e9lix Diome qui \u00e9tait l'invit\u00e9 du 20 heures de la Rts. La nouvelle a \u00e9t\u00e9 annonc\u00e9e par le ministre de l\u2019int\u00e9rieur Antoine F\u00e9lix Abdoulaye Diome sur le [&hellip;]<\/p>\n","protected":false},"author":4,"featured_media":54587,"comment_status":"open","ping_status":"open","sticky":false,"template":"","format":"standard","meta":{"_et_pb_use_builder":"","_et_pb_old_content":""},"categories":[2],"tags":[],"yoast_head":"<!-- This site is optimized with the Yoast SEO Premium plugin v17.8 (Yoast SEO v17.8) - https:\/\/yoast.com\/wordpress\/plugins\/seo\/ -->\n<title>L&#039;\u00e9tat d&#039;urgence assorti d&#039;un couvre-feu prorog\u00e9 | Nettali.com<\/title>\n<meta name=\"robots\" content=\"index, follow, max-snippet:-1, max-image-preview:large, max-video-preview:-1\" \/>\n<link rel=\"canonical\" href=\"https:\/\/www.nettali.com\/2021\/01\/18\/letat-durgence-assorti-dun-couvre-feu-proroge\/\" \/>\n<meta property=\"og:locale\" content=\"fr_FR\" \/>\n<meta property=\"og:type\" content=\"article\" \/>\n<meta property=\"og:title\" content=\"L&#039;\u00e9tat d&#039;urgence assorti d&#039;un couvre-feu prorog\u00e9\" \/>\n<meta property=\"og:description\" content=\"NETTLI.COM - Apr\u00e8s 12 jours, l&#039;\u00e9tat d&#039;urgence assorti d&#039;un couvre-feu a \u00e9t\u00e9 prorog\u00e9 pour huit (8) jours encore. L&#039;annonce a \u00e9t\u00e9 faite par le ministre de l&#039;Int\u00e9rieur, Antoine F\u00e9lix Diome qui \u00e9tait l&#039;invit\u00e9 du 20 heures de la Rts. La nouvelle a \u00e9t\u00e9 annonc\u00e9e par le ministre de l\u2019int\u00e9rieur Antoine F\u00e9lix Abdoulaye Diome sur le [&hellip;]\" \/>\n<meta property=\"og:url\" content=\"https:\/\/www.nettali.com\/2021\/01\/18\/letat-durgence-assorti-dun-couvre-feu-proroge\/\" \/>\n<meta property=\"og:site_name\" content=\"Nettali.com\" \/>\n<meta property=\"article:publisher\" content=\"https:\/\/www.facebook.com\/nettalicom\" \/>\n<meta property=\"article:published_time\" content=\"2021-01-18T20:25:09+00:00\" \/>\n<meta property=\"article:modified_time\" content=\"2021-03-09T14:53:09+00:00\" \/>\n<meta property=\"og:image\" content=\"https:\/\/www.nettali.com\/wp-content\/uploads\/2021\/01\/antoine-dione-4-960x640-1.jpg\" \/>\n\t<meta property=\"og:image:width\" content=\"960\" \/>\n\t<meta property=\"og:image:height\" content=\"640\" \/>\n<meta name=\"twitter:card\" content=\"summary_large_image\" \/>\n<meta name=\"twitter:label1\" content=\"\u00c9crit par\" \/>\n\t<meta name=\"twitter:data1\" content=\"Daouda\" \/>\n\t<meta name=\"twitter:label2\" content=\"Dur\u00e9e de lecture estim\u00e9e\" \/>\n\t<meta name=\"twitter:data2\" content=\"1 minute\" \/>\n<script type=\"application\/ld+json\" class=\"yoast-schema-graph\">{\"@context\":\"https:\/\/schema.org\",\"@graph\":[{\"@type\":\"WebSite\",\"@id\":\"https:\/\/www.nettali.com\/#website\",\"url\":\"https:\/\/www.nettali.com\/\",\"name\":\"Nettali.com\",\"description\":\"Le rendez-vous critique du Net\",\"potentialAction\":[{\"@type\":\"SearchAction\",\"target\":{\"@type\":\"EntryPoint\",\"urlTemplate\":\"https:\/\/www.nettali.com\/?s={search_term_string}\"},\"query-input\":\"required name=search_term_string\"}],\"inLanguage\":\"fr-FR\"},{\"@type\":\"ImageObject\",\"@id\":\"https:\/\/www.nettali.com\/2021\/01\/18\/letat-durgence-assorti-dun-couvre-feu-proroge\/#primaryimage\",\"inLanguage\":\"fr-FR\",\"url\":\"https:\/\/www.nettali.com\/wp-content\/uploads\/2021\/01\/antoine-dione-4-960x640-1.jpg\",\"contentUrl\":\"https:\/\/www.nettali.com\/wp-content\/uploads\/2021\/01\/antoine-dione-4-960x640-1.jpg\",\"width\":960,\"height\":640},{\"@type\":\"WebPage\",\"@id\":\"https:\/\/www.nettali.com\/2021\/01\/18\/letat-durgence-assorti-dun-couvre-feu-proroge\/#webpage\",\"url\":\"https:\/\/www.nettali.com\/2021\/01\/18\/letat-durgence-assorti-dun-couvre-feu-proroge\/\",\"name\":\"L'\\u00e9tat d'urgence assorti d'un couvre-feu prorog\\u00e9 | Nettali.com\",\"isPartOf\":{\"@id\":\"https:\/\/www.nettali.com\/#website\"},\"primaryImageOfPage\":{\"@id\":\"https:\/\/www.nettali.com\/2021\/01\/18\/letat-durgence-assorti-dun-couvre-feu-proroge\/#primaryimage\"},\"datePublished\":\"2021-01-18T20:25:09+00:00\",\"dateModified\":\"2021-03-09T14:53:09+00:00\",\"author\":{\"@id\":\"https:\/\/www.nettali.com\/#\/schema\/person\/3317e0bb3aa1da309fbf7b2780901bf4\"},\"breadcrumb\":{\"@id\":\"https:\/\/www.nettali.com\/2021\/01\/18\/letat-durgence-assorti-dun-couvre-feu-proroge\/#breadcrumb\"},\"inLanguage\":\"fr-FR\",\"potentialAction\":[{\"@type\":\"ReadAction\",\"target\":[\"https:\/\/www.nettali.com\/2021\/01\/18\/letat-durgence-assorti-dun-couvre-feu-proroge\/\"]}]},{\"@type\":\"BreadcrumbList\",\"@id\":\"https:\/\/www.nettali.com\/2021\/01\/18\/letat-durgence-assorti-dun-couvre-feu-proroge\/#breadcrumb\",\"itemListElement\":[{\"@type\":\"ListItem\",\"position\":1,\"name\":\"Accueil\",\"item\":\"https:\/\/www.nettali.com\/\"},{\"@type\":\"ListItem\",\"position\":2,\"name\":\"L&rsquo;\\u00e9tat d&rsquo;urgence assorti d&rsquo;un couvre-feu prorog\\u00e9\"}]},{\"@type\":\"Person\",\"@id\":\"https:\/\/www.nettali.com\/#\/schema\/person\/3317e0bb3aa1da309fbf7b2780901bf4\",\"name\":\"Daouda\",\"image\":{\"@type\":\"ImageObject\",\"@id\":\"https:\/\/www.nettali.com\/#personlogo\",\"inLanguage\":\"fr-FR\",\"url\":\"https:\/\/secure.gravatar.com\/avatar\/8d143b5a49345098ddcfee1c49c2f47c?s=96&d=mm&r=g\",\"contentUrl\":\"https:\/\/secure.gravatar.com\/avatar\/8d143b5a49345098ddcfee1c49c2f47c?s=96&d=mm&r=g\",\"caption\":\"Daouda\"},\"sameAs\":[\"https:\/\/www.nettali.com\"]}]}<\/script>\n<!-- \/ Yoast SEO Premium plugin. -->","yoast_head_json":{"title":"L'\u00e9tat d'urgence assorti d'un couvre-feu prorog\u00e9 | Nettali.com","robots":{"index":"index","follow":"follow","max-snippet":"max-snippet:-1","max-image-preview":"max-image-preview:large","max-video-preview":"max-video-preview:-1"},"canonical":"https:\/\/www.nettali.com\/2021\/01\/18\/letat-durgence-assorti-dun-couvre-feu-proroge\/","og_locale":"fr_FR","og_type":"article","og_title":"L'\u00e9tat d'urgence assorti d'un couvre-feu prorog\u00e9","og_description":"NETTLI.COM - Apr\u00e8s 12 jours, l'\u00e9tat d'urgence assorti d'un couvre-feu a \u00e9t\u00e9 prorog\u00e9 pour huit (8) jours encore. L'annonce a \u00e9t\u00e9 faite par le ministre de l'Int\u00e9rieur, Antoine F\u00e9lix Diome qui \u00e9tait l'invit\u00e9 du 20 heures de la Rts. La nouvelle a \u00e9t\u00e9 annonc\u00e9e par le ministre de l\u2019int\u00e9rieur Antoine F\u00e9lix Abdoulaye Diome sur le [&hellip;]","og_url":"https:\/\/www.nettali.com\/2021\/01\/18\/letat-durgence-assorti-dun-couvre-feu-proroge\/","og_site_name":"Nettali.com","article_publisher":"https:\/\/www.facebook.com\/nettalicom","article_published_time":"2021-01-18T20:25:09+00:00","article_modified_time":"2021-03-09T14:53:09+00:00","og_image":[{"width":960,"height":640,"url":"https:\/\/www.nettali.com\/wp-content\/uploads\/2021\/01\/antoine-dione-4-960x640-1.jpg","type":"image\/jpeg"}],"twitter_card":"summary_large_image","twitter_misc":{"\u00c9crit par":"Daouda","Dur\u00e9e de lecture estim\u00e9e":"1 minute"},"schema":{"@context":"https:\/\/schema.org","@graph":[{"@type":"WebSite","@id":"https:\/\/www.nettali.com\/#website","url":"https:\/\/www.nettali.com\/","name":"Nettali.com","description":"Le rendez-vous critique du Net","potentialAction":[{"@type":"SearchAction","target":{"@type":"EntryPoint","urlTemplate":"https:\/\/www.nettali.com\/?s={search_term_string}"},"query-input":"required name=search_term_string"}],"inLanguage":"fr-FR"},{"@type":"ImageObject","@id":"https:\/\/www.nettali.com\/2021\/01\/18\/letat-durgence-assorti-dun-couvre-feu-proroge\/#primaryimage","inLanguage":"fr-FR","url":"https:\/\/www.nettali.com\/wp-content\/uploads\/2021\/01\/antoine-dione-4-960x640-1.jpg","contentUrl":"https:\/\/www.nettali.com\/wp-content\/uploads\/2021\/01\/antoine-dione-4-960x640-1.jpg","width":960,"height":640},{"@type":"WebPage","@id":"https:\/\/www.nettali.com\/2021\/01\/18\/letat-durgence-assorti-dun-couvre-feu-proroge\/#webpage","url":"https:\/\/www.nettali.com\/2021\/01\/18\/letat-durgence-assorti-dun-couvre-feu-proroge\/","name":"L'\u00e9tat d'urgence assorti d'un couvre-feu prorog\u00e9 | Nettali.com","isPartOf":{"@id":"https:\/\/www.nettali.com\/#website"},"primaryImageOfPage":{"@id":"https:\/\/www.nettali.com\/2021\/01\/18\/letat-durgence-assorti-dun-couvre-feu-proroge\/#primaryimage"},"datePublished":"2021-01-18T20:25:09+00:00","dateModified":"2021-03-09T14:53:09+00:00","author":{"@id":"https:\/\/www.nettali.com\/#\/schema\/person\/3317e0bb3aa1da309fbf7b2780901bf4"},"breadcrumb":{"@id":"https:\/\/www.nettali.com\/2021\/01\/18\/letat-durgence-assorti-dun-couvre-feu-proroge\/#breadcrumb"},"inLanguage":"fr-FR","potentialAction":[{"@type":"ReadAction","target":["https:\/\/www.nettali.com\/2021\/01\/18\/letat-durgence-assorti-dun-couvre-feu-proroge\/"]}]},{"@type":"BreadcrumbList","@id":"https:\/\/www.nettali.com\/2021\/01\/18\/letat-durgence-assorti-dun-couvre-feu-proroge\/#breadcrumb","itemListElement":[{"@type":"ListItem","position":1,"name":"Accueil","item":"https:\/\/www.nettali.com\/"},{"@type":"ListItem","position":2,"name":"L&rsquo;\u00e9tat d&rsquo;urgence assorti d&rsquo;un couvre-feu prorog\u00e9"}]},{"@type":"Person","@id":"https:\/\/www.nettali.com\/#\/schema\/person\/3317e0bb3aa1da309fbf7b2780901bf4","name":"Daouda","image":{"@type":"ImageObject","@id":"https:\/\/www.nettali.com\/#personlogo","inLanguage":"fr-FR","url":"https:\/\/secure.gravatar.com\/avatar\/8d143b5a49345098ddcfee1c49c2f47c?s=96&d=mm&r=g","contentUrl":"https:\/\/secure.gravatar.com\/avatar\/8d143b5a49345098ddcfee1c49c2f47c?s=96&d=mm&r=g","caption":"Daouda"},"sameAs":["https:\/\/www.nettali.com"]}]}},"_links":{"self":[{"href":"https:\/\/www.nettali.com\/rest\/wp\/v2\/posts\/55880"}],"collection":[{"href":"https:\/\/www.nettali.com\/rest\/wp\/v2\/posts"}],"about":[{"href":"https:\/\/www.nettali.com\/rest\/wp\/v2\/types\/post"}],"author":[{"embeddable":true,"href":"https:\/\/www.nettali.com\/rest\/wp\/v2\/users\/4"}],"replies":[{"embeddable":true,"href":"https:\/\/www.nettali.com\/rest\/wp\/v2\/comments?post=55880"}],"version-history":[{"count":2,"href":"https:\/\/www.nettali.com\/rest\/wp\/v2\/posts\/55880\/revisions"}],"predecessor-version":[{"id":55882,"href":"https:\/\/www.nettali.com\/rest\/wp\/v2\/posts\/55880\/revisions\/55882"}],"wp:featuredmedia":[{"embeddable":true,"href":"https:\/\/www.nettali.com\/rest\/wp\/v2\/media\/54587"}],"wp:attachment":[{"href":"https:\/\/www.nettali.com\/rest\/wp\/v2\/media?parent=55880"}],"wp:term":[{"taxonomy":"category","embeddable":true,"href":"https:\/\/www.nettali.com\/rest\/wp\/v2\/categories?post=55880"},{"taxonomy":"post_tag","embeddable":true,"href":"https:\/\/www.nettali.com\/rest\/wp\/v2\/tags?post=55880"}],"curies":[{"name":"wp","href":"https:\/\/api.w.org\/{rel}","templated":true}]}}