{"id":55705,"date":"2021-01-16T10:14:55","date_gmt":"2021-01-16T10:14:55","guid":{"rendered":"https:\/\/www.nettali.com\/?p=55705"},"modified":"2021-01-16T13:41:58","modified_gmt":"2021-01-16T13:41:58","slug":"campagne-nationale-vaccination-le-pr-daouda-ndiaye-prone-la-levee-des-zones-dombre","status":"publish","type":"post","link":"https:\/\/www.nettali.com\/2021\/01\/16\/campagne-nationale-vaccination-le-pr-daouda-ndiaye-prone-la-levee-des-zones-dombre\/","title":{"rendered":"CAMPAGNE NATIONALE VACCINATION - Le Pr. Daouda Ndiaye pr\u00f4ne la lev\u00e9e des zones d\u2019ombre..."},"content":{"rendered":"<p><strong>NETTALI.COM \u2013 Dans les colonnes du quotidien \u00ab Enqu\u00eate \u00bb, ce samedi, le Pr. Daouda Ndiaye demande \u00e0 l\u2019Etat de d\u00e9finir, dans les meilleurs d\u00e9lais, un sch\u00e9ma clair de vaccination, tout en levant les zones d\u2019ombre, \u00e0 ce propos. <\/strong><\/p>\n<p>Donner plus d\u2019informations concernant le vaccin contre la Covid-19, permettrait de convaincre les plus sceptiques. C\u2019est la conviction de l\u2019enseignant \u00e0 l\u2019universit\u00e9 Cheikh Anta Diop de Dakar, Pr. Daouda Ndiaye. Pour lui, il urge que l\u2019\u00c9tat soit concis et dise quel vaccin a \u00e9t\u00e9 choisi. D\u2019apr\u00e8s lui, si le gouvernement parvient \u00e0 r\u00e9pondre aux questions des uns et des autres, et surtout de ceux qui sont r\u00e9ticents, les choses pourraient \u00eatre simples.<\/p>\n<p>De plus, conseille-t-il, il faut une d\u00e9marche inclusive pour l\u2019\u00e9laboration d\u2019une strat\u00e9gie de communication avec une bonne implication des scientifiques et du corps m\u00e9dical. \u201cIl y a eu beaucoup de questions qui ont \u00e9t\u00e9 pos\u00e9es et qui expliqueraient certaines inqui\u00e9tudes. Certains ont parl\u00e9 de la rapidit\u00e9 de la recherche, d\u2019autres du taux d\u2019efficacit\u00e9, sans oublier le choix, le co\u00fbt et la pertinence par rapport au S\u00e9n\u00e9gal et les conditions d\u2019observation. Ce sont des questions, \u00e0 mon avis, au plan sanitaire, qui m\u00e9ritent une bonne communication\u2019\u2019, explique le sp\u00e9cialiste de la sant\u00e9.<\/p>\n<p>Une bonne communication permettrait d\u2019\u00e9viter des pol\u00e9miques, mais \u00e9galement de r\u00e9sorber des incertitudes. \u201cVu le contexte, ils doivent avoir beaucoup plus de hauteur pour rassurer. Le d\u00e9bat est pos\u00e9\u2019\u2019, ajoute l\u2019inventeur du test du paludisme d\u00e9nomm\u00e9 \u201cIllumigene Malaria\u2019\u2019 qui faisait hier un don de masques et de kits scolaires aux \u00e9tablissements de la commune de Dalifort<\/p>\n<div class='share-to-whatsapp-wrapper'><div class='share-on-whsp'>PARTAGER SUR : <\/div><a data-text='CAMPAGNE NATIONALE VACCINATION - Le Pr. Daouda Ndiaye pr\u00f4ne la lev\u00e9e des zones d\u2019ombre...' data-link='https:\/\/www.nettali.com\/2021\/01\/16\/campagne-nationale-vaccination-le-pr-daouda-ndiaye-prone-la-levee-des-zones-dombre\/' class='whatsapp-button whatsapp-share'>WhatsApp<\/a><div class='clear '><\/div><\/div>","protected":false},"excerpt":{"rendered":"<p>NETTALI.COM \u2013 Dans les colonnes du quotidien \u00ab Enqu\u00eate \u00bb, ce samedi, le Pr. Daouda Ndiaye demande \u00e0 l\u2019Etat de d\u00e9finir, dans les meilleurs d\u00e9lais, un sch\u00e9ma clair de vaccination, tout en levant les zones d\u2019ombre, \u00e0 ce propos. Donner plus d\u2019informations concernant le vaccin contre la Covid-19, permettrait de convaincre les plus sceptiques. C\u2019est [&hellip;]<\/p>\n","protected":false},"author":11,"featured_media":28440,"comment_status":"open","ping_status":"open","sticky":false,"template":"","format":"standard","meta":{"_et_pb_use_builder":"","_et_pb_old_content":""},"categories":[22],"tags":[],"yoast_head":"<!-- This site is optimized with the Yoast SEO Premium plugin v17.8 (Yoast SEO v17.8) - https:\/\/yoast.com\/wordpress\/plugins\/seo\/ -->\n<title>CAMPAGNE NATIONALE VACCINATION - Le Pr. Daouda Ndiaye pr\u00f4ne la lev\u00e9e des zones d\u2019ombre... | Nettali.com<\/title>\n<meta name=\"robots\" content=\"index, follow, max-snippet:-1, max-image-preview:large, max-video-preview:-1\" \/>\n<link rel=\"canonical\" href=\"https:\/\/www.nettali.com\/2021\/01\/16\/campagne-nationale-vaccination-le-pr-daouda-ndiaye-prone-la-levee-des-zones-dombre\/\" \/>\n<meta property=\"og:locale\" content=\"fr_FR\" \/>\n<meta property=\"og:type\" content=\"article\" \/>\n<meta property=\"og:title\" content=\"CAMPAGNE NATIONALE VACCINATION - Le Pr. Daouda Ndiaye pr\u00f4ne la lev\u00e9e des zones d\u2019ombre...\" \/>\n<meta property=\"og:description\" content=\"NETTALI.COM \u2013 Dans les colonnes du quotidien \u00ab Enqu\u00eate \u00bb, ce samedi, le Pr. Daouda Ndiaye demande \u00e0 l\u2019Etat de d\u00e9finir, dans les meilleurs d\u00e9lais, un sch\u00e9ma clair de vaccination, tout en levant les zones d\u2019ombre, \u00e0 ce propos. Donner plus d\u2019informations concernant le vaccin contre la Covid-19, permettrait de convaincre les plus sceptiques. C\u2019est [&hellip;]\" \/>\n<meta property=\"og:url\" content=\"https:\/\/www.nettali.com\/2021\/01\/16\/campagne-nationale-vaccination-le-pr-daouda-ndiaye-prone-la-levee-des-zones-dombre\/\" \/>\n<meta property=\"og:site_name\" content=\"Nettali.com\" \/>\n<meta property=\"article:publisher\" content=\"https:\/\/www.facebook.com\/nettalicom\" \/>\n<meta property=\"article:published_time\" content=\"2021-01-16T10:14:55+00:00\" \/>\n<meta property=\"article:modified_time\" content=\"2021-01-16T13:41:58+00:00\" \/>\n<meta property=\"og:image\" content=\"https:\/\/www.nettali.com\/wp-content\/uploads\/2020\/02\/daouda-ndiaye1.jpg\" \/>\n\t<meta property=\"og:image:width\" content=\"720\" \/>\n\t<meta property=\"og:image:height\" content=\"404\" \/>\n<meta name=\"twitter:card\" content=\"summary_large_image\" \/>\n<meta name=\"twitter:label1\" content=\"\u00c9crit par\" \/>\n\t<meta name=\"twitter:data1\" content=\"Thierno Diop\" \/>\n\t<meta name=\"twitter:label2\" content=\"Dur\u00e9e de lecture estim\u00e9e\" \/>\n\t<meta name=\"twitter:data2\" content=\"1 minute\" \/>\n<script type=\"application\/ld+json\" class=\"yoast-schema-graph\">{\"@context\":\"https:\/\/schema.org\",\"@graph\":[{\"@type\":\"WebSite\",\"@id\":\"https:\/\/www.nettali.com\/#website\",\"url\":\"https:\/\/www.nettali.com\/\",\"name\":\"Nettali.com\",\"description\":\"Le rendez-vous critique du Net\",\"potentialAction\":[{\"@type\":\"SearchAction\",\"target\":{\"@type\":\"EntryPoint\",\"urlTemplate\":\"https:\/\/www.nettali.com\/?s={search_term_string}\"},\"query-input\":\"required name=search_term_string\"}],\"inLanguage\":\"fr-FR\"},{\"@type\":\"ImageObject\",\"@id\":\"https:\/\/www.nettali.com\/2021\/01\/16\/campagne-nationale-vaccination-le-pr-daouda-ndiaye-prone-la-levee-des-zones-dombre\/#primaryimage\",\"inLanguage\":\"fr-FR\",\"url\":\"https:\/\/www.nettali.com\/wp-content\/uploads\/2020\/02\/daouda-ndiaye1.jpg\",\"contentUrl\":\"https:\/\/www.nettali.com\/wp-content\/uploads\/2020\/02\/daouda-ndiaye1.jpg\",\"width\":720,\"height\":404},{\"@type\":\"WebPage\",\"@id\":\"https:\/\/www.nettali.com\/2021\/01\/16\/campagne-nationale-vaccination-le-pr-daouda-ndiaye-prone-la-levee-des-zones-dombre\/#webpage\",\"url\":\"https:\/\/www.nettali.com\/2021\/01\/16\/campagne-nationale-vaccination-le-pr-daouda-ndiaye-prone-la-levee-des-zones-dombre\/\",\"name\":\"CAMPAGNE NATIONALE VACCINATION - Le Pr. Daouda Ndiaye pr\\u00f4ne la lev\\u00e9e des zones d\\u2019ombre... | Nettali.com\",\"isPartOf\":{\"@id\":\"https:\/\/www.nettali.com\/#website\"},\"primaryImageOfPage\":{\"@id\":\"https:\/\/www.nettali.com\/2021\/01\/16\/campagne-nationale-vaccination-le-pr-daouda-ndiaye-prone-la-levee-des-zones-dombre\/#primaryimage\"},\"datePublished\":\"2021-01-16T10:14:55+00:00\",\"dateModified\":\"2021-01-16T13:41:58+00:00\",\"author\":{\"@id\":\"https:\/\/www.nettali.com\/#\/schema\/person\/8a06c6bd7b19304cf4bf985862900b5b\"},\"breadcrumb\":{\"@id\":\"https:\/\/www.nettali.com\/2021\/01\/16\/campagne-nationale-vaccination-le-pr-daouda-ndiaye-prone-la-levee-des-zones-dombre\/#breadcrumb\"},\"inLanguage\":\"fr-FR\",\"potentialAction\":[{\"@type\":\"ReadAction\",\"target\":[\"https:\/\/www.nettali.com\/2021\/01\/16\/campagne-nationale-vaccination-le-pr-daouda-ndiaye-prone-la-levee-des-zones-dombre\/\"]}]},{\"@type\":\"BreadcrumbList\",\"@id\":\"https:\/\/www.nettali.com\/2021\/01\/16\/campagne-nationale-vaccination-le-pr-daouda-ndiaye-prone-la-levee-des-zones-dombre\/#breadcrumb\",\"itemListElement\":[{\"@type\":\"ListItem\",\"position\":1,\"name\":\"Accueil\",\"item\":\"https:\/\/www.nettali.com\/\"},{\"@type\":\"ListItem\",\"position\":2,\"name\":\"CAMPAGNE NATIONALE VACCINATION &#8211; Le Pr. Daouda Ndiaye pr\\u00f4ne la lev\\u00e9e des zones d\\u2019ombre&#8230;\"}]},{\"@type\":\"Person\",\"@id\":\"https:\/\/www.nettali.com\/#\/schema\/person\/8a06c6bd7b19304cf4bf985862900b5b\",\"name\":\"Thierno Diop\",\"image\":{\"@type\":\"ImageObject\",\"@id\":\"https:\/\/www.nettali.com\/#personlogo\",\"inLanguage\":\"fr-FR\",\"url\":\"https:\/\/secure.gravatar.com\/avatar\/c8ca58550c94fd2ac856d27391a6c866?s=96&d=mm&r=g\",\"contentUrl\":\"https:\/\/secure.gravatar.com\/avatar\/c8ca58550c94fd2ac856d27391a6c866?s=96&d=mm&r=g\",\"caption\":\"Thierno Diop\"},\"sameAs\":[\"https:\/\/nettali.com\"]}]}<\/script>\n<!-- \/ Yoast SEO Premium plugin. -->","yoast_head_json":{"title":"CAMPAGNE NATIONALE VACCINATION - Le Pr. Daouda Ndiaye pr\u00f4ne la lev\u00e9e des zones d\u2019ombre... | Nettali.com","robots":{"index":"index","follow":"follow","max-snippet":"max-snippet:-1","max-image-preview":"max-image-preview:large","max-video-preview":"max-video-preview:-1"},"canonical":"https:\/\/www.nettali.com\/2021\/01\/16\/campagne-nationale-vaccination-le-pr-daouda-ndiaye-prone-la-levee-des-zones-dombre\/","og_locale":"fr_FR","og_type":"article","og_title":"CAMPAGNE NATIONALE VACCINATION - Le Pr. Daouda Ndiaye pr\u00f4ne la lev\u00e9e des zones d\u2019ombre...","og_description":"NETTALI.COM \u2013 Dans les colonnes du quotidien \u00ab Enqu\u00eate \u00bb, ce samedi, le Pr. Daouda Ndiaye demande \u00e0 l\u2019Etat de d\u00e9finir, dans les meilleurs d\u00e9lais, un sch\u00e9ma clair de vaccination, tout en levant les zones d\u2019ombre, \u00e0 ce propos. Donner plus d\u2019informations concernant le vaccin contre la Covid-19, permettrait de convaincre les plus sceptiques. C\u2019est [&hellip;]","og_url":"https:\/\/www.nettali.com\/2021\/01\/16\/campagne-nationale-vaccination-le-pr-daouda-ndiaye-prone-la-levee-des-zones-dombre\/","og_site_name":"Nettali.com","article_publisher":"https:\/\/www.facebook.com\/nettalicom","article_published_time":"2021-01-16T10:14:55+00:00","article_modified_time":"2021-01-16T13:41:58+00:00","og_image":[{"width":720,"height":404,"url":"https:\/\/www.nettali.com\/wp-content\/uploads\/2020\/02\/daouda-ndiaye1.jpg","type":"image\/jpeg"}],"twitter_card":"summary_large_image","twitter_misc":{"\u00c9crit par":"Thierno Diop","Dur\u00e9e de lecture estim\u00e9e":"1 minute"},"schema":{"@context":"https:\/\/schema.org","@graph":[{"@type":"WebSite","@id":"https:\/\/www.nettali.com\/#website","url":"https:\/\/www.nettali.com\/","name":"Nettali.com","description":"Le rendez-vous critique du Net","potentialAction":[{"@type":"SearchAction","target":{"@type":"EntryPoint","urlTemplate":"https:\/\/www.nettali.com\/?s={search_term_string}"},"query-input":"required name=search_term_string"}],"inLanguage":"fr-FR"},{"@type":"ImageObject","@id":"https:\/\/www.nettali.com\/2021\/01\/16\/campagne-nationale-vaccination-le-pr-daouda-ndiaye-prone-la-levee-des-zones-dombre\/#primaryimage","inLanguage":"fr-FR","url":"https:\/\/www.nettali.com\/wp-content\/uploads\/2020\/02\/daouda-ndiaye1.jpg","contentUrl":"https:\/\/www.nettali.com\/wp-content\/uploads\/2020\/02\/daouda-ndiaye1.jpg","width":720,"height":404},{"@type":"WebPage","@id":"https:\/\/www.nettali.com\/2021\/01\/16\/campagne-nationale-vaccination-le-pr-daouda-ndiaye-prone-la-levee-des-zones-dombre\/#webpage","url":"https:\/\/www.nettali.com\/2021\/01\/16\/campagne-nationale-vaccination-le-pr-daouda-ndiaye-prone-la-levee-des-zones-dombre\/","name":"CAMPAGNE NATIONALE VACCINATION - Le Pr. Daouda Ndiaye pr\u00f4ne la lev\u00e9e des zones d\u2019ombre... | Nettali.com","isPartOf":{"@id":"https:\/\/www.nettali.com\/#website"},"primaryImageOfPage":{"@id":"https:\/\/www.nettali.com\/2021\/01\/16\/campagne-nationale-vaccination-le-pr-daouda-ndiaye-prone-la-levee-des-zones-dombre\/#primaryimage"},"datePublished":"2021-01-16T10:14:55+00:00","dateModified":"2021-01-16T13:41:58+00:00","author":{"@id":"https:\/\/www.nettali.com\/#\/schema\/person\/8a06c6bd7b19304cf4bf985862900b5b"},"breadcrumb":{"@id":"https:\/\/www.nettali.com\/2021\/01\/16\/campagne-nationale-vaccination-le-pr-daouda-ndiaye-prone-la-levee-des-zones-dombre\/#breadcrumb"},"inLanguage":"fr-FR","potentialAction":[{"@type":"ReadAction","target":["https:\/\/www.nettali.com\/2021\/01\/16\/campagne-nationale-vaccination-le-pr-daouda-ndiaye-prone-la-levee-des-zones-dombre\/"]}]},{"@type":"BreadcrumbList","@id":"https:\/\/www.nettali.com\/2021\/01\/16\/campagne-nationale-vaccination-le-pr-daouda-ndiaye-prone-la-levee-des-zones-dombre\/#breadcrumb","itemListElement":[{"@type":"ListItem","position":1,"name":"Accueil","item":"https:\/\/www.nettali.com\/"},{"@type":"ListItem","position":2,"name":"CAMPAGNE NATIONALE VACCINATION &#8211; Le Pr. Daouda Ndiaye pr\u00f4ne la lev\u00e9e des zones d\u2019ombre&#8230;"}]},{"@type":"Person","@id":"https:\/\/www.nettali.com\/#\/schema\/person\/8a06c6bd7b19304cf4bf985862900b5b","name":"Thierno Diop","image":{"@type":"ImageObject","@id":"https:\/\/www.nettali.com\/#personlogo","inLanguage":"fr-FR","url":"https:\/\/secure.gravatar.com\/avatar\/c8ca58550c94fd2ac856d27391a6c866?s=96&d=mm&r=g","contentUrl":"https:\/\/secure.gravatar.com\/avatar\/c8ca58550c94fd2ac856d27391a6c866?s=96&d=mm&r=g","caption":"Thierno Diop"},"sameAs":["https:\/\/nettali.com"]}]}},"_links":{"self":[{"href":"https:\/\/www.nettali.com\/rest\/wp\/v2\/posts\/55705"}],"collection":[{"href":"https:\/\/www.nettali.com\/rest\/wp\/v2\/posts"}],"about":[{"href":"https:\/\/www.nettali.com\/rest\/wp\/v2\/types\/post"}],"author":[{"embeddable":true,"href":"https:\/\/www.nettali.com\/rest\/wp\/v2\/users\/11"}],"replies":[{"embeddable":true,"href":"https:\/\/www.nettali.com\/rest\/wp\/v2\/comments?post=55705"}],"version-history":[{"count":1,"href":"https:\/\/www.nettali.com\/rest\/wp\/v2\/posts\/55705\/revisions"}],"predecessor-version":[{"id":55706,"href":"https:\/\/www.nettali.com\/rest\/wp\/v2\/posts\/55705\/revisions\/55706"}],"wp:featuredmedia":[{"embeddable":true,"href":"https:\/\/www.nettali.com\/rest\/wp\/v2\/media\/28440"}],"wp:attachment":[{"href":"https:\/\/www.nettali.com\/rest\/wp\/v2\/media?parent=55705"}],"wp:term":[{"taxonomy":"category","embeddable":true,"href":"https:\/\/www.nettali.com\/rest\/wp\/v2\/categories?post=55705"},{"taxonomy":"post_tag","embeddable":true,"href":"https:\/\/www.nettali.com\/rest\/wp\/v2\/tags?post=55705"}],"curies":[{"name":"wp","href":"https:\/\/api.w.org\/{rel}","templated":true}]}}