{"id":55660,"date":"2021-01-15T14:45:36","date_gmt":"2021-01-15T14:45:36","guid":{"rendered":"https:\/\/www.nettali.com\/?p=55660"},"modified":"2021-01-16T00:24:14","modified_gmt":"2021-01-16T00:24:14","slug":"poursuivi-pour-rebellion-et-outrage-assane-diouf-qui-risque-8-mois-sengage-a-ne-plus-insulter","status":"publish","type":"post","link":"https:\/\/www.nettali.com\/2021\/01\/15\/poursuivi-pour-rebellion-et-outrage-assane-diouf-qui-risque-8-mois-sengage-a-ne-plus-insulter\/","title":{"rendered":"POURSUIVI POUR REBELLION ET OUTRAGE- Assane Diouf qui risque 8 mois s'engage \u00e0 ne plus insulter"},"content":{"rendered":"<p><strong>NETTALI.COM- Poursuivi pour r\u00e9bellion, outrage et appel \u00e0 un attroupement arm\u00e9 non suivi d\u2019effet, Assane Diouf a comparu, ce vendredi 15 janvier 2021, \u00e0 la barre du tribunal correctionnel de Dakar. Le pr\u00e9venu, devant le pr\u00e9toire, a, partiellement, plaid\u00e9 non coupable et a promis de ne plus insulter. Le parquet a requis 2 ans dont 8 mois ferme. Le verdict sera rendu le 28 janvier prochain.\u00a0<\/strong><\/p>\n<p>Devant le pr\u00e9toire, Assane Diouf a pr\u00e9sent\u00e9 ses excuses par rapport aux insultes qu\u2019il prof\u00e8re durant ses live sur Facekook. Toutefois, il a endoss\u00e9 la paternit\u00e9 de tous les autres propos. \u00ab D\u2019ailleurs, je n\u2019ai fait que r\u00e9pliquer \u00e0 leurs insultes qui sont pires car ils m\u2019ont trait\u00e9 de terroriste. Moustapha Ciss\u00e9 L\u00f4 et Aliou Demboury Sow ont fait la m\u00eame chose que moi mais ils ne sont pas inqui\u00e9t\u00e9s. C\u2019est cette injustice qui me r\u00e9volte et qui me pousse \u00e0 faire des lives \u00bb, a d\u00e9clar\u00e9 Assane Diouf.<\/p>\n<p>A la question du pr\u00e9sident de savoir s\u2019il pense que les insultes qu\u2019il prof\u00e8re \u00e0 longueur de journ\u00e9e \u00e0 l\u2019endroit des autorit\u00e9s \u00e9tatiques peuvent r\u00e9gler quelque chose, le pr\u00e9venu de r\u00e9torquer : \u00ab Je sais que les insultes ne r\u00e9solvent rien. Mais, nous sommes dirig\u00e9s par des personnes qui ne respectent pas leurs engagements. Si j\u2019avais la chance d\u2019\u00eatre \u00e9cout\u00e9 comme vous le faites, j\u2019aurais chang\u00e9 de m\u00e9thode. Malheureusement on m\u2019a impos\u00e9 un rapport de force \u00bb, a d\u00e9plor\u00e9 Assane Diouf qui, a r\u00e9v\u00e9l\u00e9 qu\u2019il ne voudrait pas que ces derniers se comportent comme lui, c\u2019est \u00e0 dire qu'ils passent leurs temps \u00e0 insulter.<\/p>\n<p>Cependant, il pense que le comportement qu\u2019il a est la seule alternative pour se faire entendre. \u00ab Je n\u2019en suis pas fier \u00bb, avoue-t-il. \u00ab Est-ce que vous allez cesser les insultes ?\u00bb, lui demande encore le pr\u00e9sident Magatte Diop.<\/p>\n<p>La r\u00e9ponse de Assane Diouf ne se fait pas attendre. Tr\u00e8s cat\u00e9gorique, il dit : \u00ab pour vous dire vrai, tant qu\u2019il y aura provocation, il y aura bagarre. Et la bagarre commence toujours par des insultes \u00bb. Il poursuit en essayant de rassurer, tout de m\u00eame. \u00ab Je vous promets de ne plus insulter \u00bb.<\/p>\n<p>Malgr\u00e9 son mea culpa, le parquet a requis 2 ans dont 8 mois ferme contre lui.<\/p>\n<p>Le juge de la Chambre Correctionnelle du Tribunal de Grande instance de Dakar a mis l'affaire en d\u00e9lib\u00e9r\u00e9 jusqu'au 28 janvier prochain.<\/p>\n<div class='share-to-whatsapp-wrapper'><div class='share-on-whsp'>PARTAGER SUR : <\/div><a data-text='POURSUIVI POUR REBELLION ET OUTRAGE- Assane Diouf qui risque 8 mois s'engage \u00e0 ne plus insulter' data-link='https:\/\/www.nettali.com\/2021\/01\/15\/poursuivi-pour-rebellion-et-outrage-assane-diouf-qui-risque-8-mois-sengage-a-ne-plus-insulter\/' class='whatsapp-button whatsapp-share'>WhatsApp<\/a><div class='clear '><\/div><\/div>","protected":false},"excerpt":{"rendered":"<p>NETTALI.COM- Poursuivi pour r\u00e9bellion, outrage et appel \u00e0 un attroupement arm\u00e9 non suivi d\u2019effet, Assane Diouf a comparu, ce vendredi 15 janvier 2021, \u00e0 la barre du tribunal correctionnel de Dakar. Le pr\u00e9venu, devant le pr\u00e9toire, a, partiellement, plaid\u00e9 non coupable et a promis de ne plus insulter. Le parquet a requis 2 ans dont [&hellip;]<\/p>\n","protected":false},"author":6,"featured_media":751,"comment_status":"open","ping_status":"open","sticky":false,"template":"","format":"standard","meta":{"_et_pb_use_builder":"","_et_pb_old_content":""},"categories":[3],"tags":[],"yoast_head":"<!-- This site is optimized with the Yoast SEO Premium plugin v17.8 (Yoast SEO v17.8) - https:\/\/yoast.com\/wordpress\/plugins\/seo\/ -->\n<title>POURSUIVI POUR REBELLION ET OUTRAGE- Assane Diouf qui risque 8 mois s&#039;engage \u00e0 ne plus insulter | Nettali.com<\/title>\n<meta name=\"robots\" content=\"index, follow, max-snippet:-1, max-image-preview:large, max-video-preview:-1\" \/>\n<link rel=\"canonical\" href=\"https:\/\/www.nettali.com\/2021\/01\/15\/poursuivi-pour-rebellion-et-outrage-assane-diouf-qui-risque-8-mois-sengage-a-ne-plus-insulter\/\" \/>\n<meta property=\"og:locale\" content=\"fr_FR\" \/>\n<meta property=\"og:type\" content=\"article\" \/>\n<meta property=\"og:title\" content=\"POURSUIVI POUR REBELLION ET OUTRAGE- Assane Diouf qui risque 8 mois s&#039;engage \u00e0 ne plus insulter\" \/>\n<meta property=\"og:description\" content=\"NETTALI.COM- Poursuivi pour r\u00e9bellion, outrage et appel \u00e0 un attroupement arm\u00e9 non suivi d\u2019effet, Assane Diouf a comparu, ce vendredi 15 janvier 2021, \u00e0 la barre du tribunal correctionnel de Dakar. Le pr\u00e9venu, devant le pr\u00e9toire, a, partiellement, plaid\u00e9 non coupable et a promis de ne plus insulter. Le parquet a requis 2 ans dont [&hellip;]\" \/>\n<meta property=\"og:url\" content=\"https:\/\/www.nettali.com\/2021\/01\/15\/poursuivi-pour-rebellion-et-outrage-assane-diouf-qui-risque-8-mois-sengage-a-ne-plus-insulter\/\" \/>\n<meta property=\"og:site_name\" content=\"Nettali.com\" \/>\n<meta property=\"article:publisher\" content=\"https:\/\/www.facebook.com\/nettalicom\" \/>\n<meta property=\"article:published_time\" content=\"2021-01-15T14:45:36+00:00\" \/>\n<meta property=\"article:modified_time\" content=\"2021-01-16T00:24:14+00:00\" \/>\n<meta property=\"og:image\" content=\"https:\/\/www.nettali.com\/wp-content\/uploads\/2019\/02\/assane-diouf.jpg\" \/>\n\t<meta property=\"og:image:width\" content=\"696\" \/>\n\t<meta property=\"og:image:height\" content=\"364\" \/>\n<meta name=\"twitter:card\" content=\"summary_large_image\" \/>\n<meta name=\"twitter:label1\" content=\"\u00c9crit par\" \/>\n\t<meta name=\"twitter:data1\" content=\"Fatou\" \/>\n\t<meta name=\"twitter:label2\" content=\"Dur\u00e9e de lecture estim\u00e9e\" \/>\n\t<meta name=\"twitter:data2\" content=\"2 minutes\" \/>\n<script type=\"application\/ld+json\" class=\"yoast-schema-graph\">{\"@context\":\"https:\/\/schema.org\",\"@graph\":[{\"@type\":\"WebSite\",\"@id\":\"https:\/\/www.nettali.com\/#website\",\"url\":\"https:\/\/www.nettali.com\/\",\"name\":\"Nettali.com\",\"description\":\"Le rendez-vous critique du Net\",\"potentialAction\":[{\"@type\":\"SearchAction\",\"target\":{\"@type\":\"EntryPoint\",\"urlTemplate\":\"https:\/\/www.nettali.com\/?s={search_term_string}\"},\"query-input\":\"required name=search_term_string\"}],\"inLanguage\":\"fr-FR\"},{\"@type\":\"ImageObject\",\"@id\":\"https:\/\/www.nettali.com\/2021\/01\/15\/poursuivi-pour-rebellion-et-outrage-assane-diouf-qui-risque-8-mois-sengage-a-ne-plus-insulter\/#primaryimage\",\"inLanguage\":\"fr-FR\",\"url\":\"https:\/\/www.nettali.com\/wp-content\/uploads\/2019\/02\/assane-diouf.jpg\",\"contentUrl\":\"https:\/\/www.nettali.com\/wp-content\/uploads\/2019\/02\/assane-diouf.jpg\",\"width\":696,\"height\":364},{\"@type\":\"WebPage\",\"@id\":\"https:\/\/www.nettali.com\/2021\/01\/15\/poursuivi-pour-rebellion-et-outrage-assane-diouf-qui-risque-8-mois-sengage-a-ne-plus-insulter\/#webpage\",\"url\":\"https:\/\/www.nettali.com\/2021\/01\/15\/poursuivi-pour-rebellion-et-outrage-assane-diouf-qui-risque-8-mois-sengage-a-ne-plus-insulter\/\",\"name\":\"POURSUIVI POUR REBELLION ET OUTRAGE- Assane Diouf qui risque 8 mois s'engage \\u00e0 ne plus insulter | Nettali.com\",\"isPartOf\":{\"@id\":\"https:\/\/www.nettali.com\/#website\"},\"primaryImageOfPage\":{\"@id\":\"https:\/\/www.nettali.com\/2021\/01\/15\/poursuivi-pour-rebellion-et-outrage-assane-diouf-qui-risque-8-mois-sengage-a-ne-plus-insulter\/#primaryimage\"},\"datePublished\":\"2021-01-15T14:45:36+00:00\",\"dateModified\":\"2021-01-16T00:24:14+00:00\",\"author\":{\"@id\":\"https:\/\/www.nettali.com\/#\/schema\/person\/418274a86bdf87caff7a3ef476bd0bbf\"},\"breadcrumb\":{\"@id\":\"https:\/\/www.nettali.com\/2021\/01\/15\/poursuivi-pour-rebellion-et-outrage-assane-diouf-qui-risque-8-mois-sengage-a-ne-plus-insulter\/#breadcrumb\"},\"inLanguage\":\"fr-FR\",\"potentialAction\":[{\"@type\":\"ReadAction\",\"target\":[\"https:\/\/www.nettali.com\/2021\/01\/15\/poursuivi-pour-rebellion-et-outrage-assane-diouf-qui-risque-8-mois-sengage-a-ne-plus-insulter\/\"]}]},{\"@type\":\"BreadcrumbList\",\"@id\":\"https:\/\/www.nettali.com\/2021\/01\/15\/poursuivi-pour-rebellion-et-outrage-assane-diouf-qui-risque-8-mois-sengage-a-ne-plus-insulter\/#breadcrumb\",\"itemListElement\":[{\"@type\":\"ListItem\",\"position\":1,\"name\":\"Accueil\",\"item\":\"https:\/\/www.nettali.com\/\"},{\"@type\":\"ListItem\",\"position\":2,\"name\":\"POURSUIVI POUR REBELLION ET OUTRAGE- Assane Diouf qui risque 8 mois s&rsquo;engage \\u00e0 ne plus insulter\"}]},{\"@type\":\"Person\",\"@id\":\"https:\/\/www.nettali.com\/#\/schema\/person\/418274a86bdf87caff7a3ef476bd0bbf\",\"name\":\"Fatou\",\"image\":{\"@type\":\"ImageObject\",\"@id\":\"https:\/\/www.nettali.com\/#personlogo\",\"inLanguage\":\"fr-FR\",\"url\":\"https:\/\/secure.gravatar.com\/avatar\/5a9442a2bee7b4dcf167cab035858e9a?s=96&d=mm&r=g\",\"contentUrl\":\"https:\/\/secure.gravatar.com\/avatar\/5a9442a2bee7b4dcf167cab035858e9a?s=96&d=mm&r=g\",\"caption\":\"Fatou\"},\"sameAs\":[\"https:\/\/www.nettali.com\"]}]}<\/script>\n<!-- \/ Yoast SEO Premium plugin. -->","yoast_head_json":{"title":"POURSUIVI POUR REBELLION ET OUTRAGE- Assane Diouf qui risque 8 mois s'engage \u00e0 ne plus insulter | Nettali.com","robots":{"index":"index","follow":"follow","max-snippet":"max-snippet:-1","max-image-preview":"max-image-preview:large","max-video-preview":"max-video-preview:-1"},"canonical":"https:\/\/www.nettali.com\/2021\/01\/15\/poursuivi-pour-rebellion-et-outrage-assane-diouf-qui-risque-8-mois-sengage-a-ne-plus-insulter\/","og_locale":"fr_FR","og_type":"article","og_title":"POURSUIVI POUR REBELLION ET OUTRAGE- Assane Diouf qui risque 8 mois s'engage \u00e0 ne plus insulter","og_description":"NETTALI.COM- Poursuivi pour r\u00e9bellion, outrage et appel \u00e0 un attroupement arm\u00e9 non suivi d\u2019effet, Assane Diouf a comparu, ce vendredi 15 janvier 2021, \u00e0 la barre du tribunal correctionnel de Dakar. Le pr\u00e9venu, devant le pr\u00e9toire, a, partiellement, plaid\u00e9 non coupable et a promis de ne plus insulter. Le parquet a requis 2 ans dont [&hellip;]","og_url":"https:\/\/www.nettali.com\/2021\/01\/15\/poursuivi-pour-rebellion-et-outrage-assane-diouf-qui-risque-8-mois-sengage-a-ne-plus-insulter\/","og_site_name":"Nettali.com","article_publisher":"https:\/\/www.facebook.com\/nettalicom","article_published_time":"2021-01-15T14:45:36+00:00","article_modified_time":"2021-01-16T00:24:14+00:00","og_image":[{"width":696,"height":364,"url":"https:\/\/www.nettali.com\/wp-content\/uploads\/2019\/02\/assane-diouf.jpg","type":"image\/jpeg"}],"twitter_card":"summary_large_image","twitter_misc":{"\u00c9crit par":"Fatou","Dur\u00e9e de lecture estim\u00e9e":"2 minutes"},"schema":{"@context":"https:\/\/schema.org","@graph":[{"@type":"WebSite","@id":"https:\/\/www.nettali.com\/#website","url":"https:\/\/www.nettali.com\/","name":"Nettali.com","description":"Le rendez-vous critique du Net","potentialAction":[{"@type":"SearchAction","target":{"@type":"EntryPoint","urlTemplate":"https:\/\/www.nettali.com\/?s={search_term_string}"},"query-input":"required name=search_term_string"}],"inLanguage":"fr-FR"},{"@type":"ImageObject","@id":"https:\/\/www.nettali.com\/2021\/01\/15\/poursuivi-pour-rebellion-et-outrage-assane-diouf-qui-risque-8-mois-sengage-a-ne-plus-insulter\/#primaryimage","inLanguage":"fr-FR","url":"https:\/\/www.nettali.com\/wp-content\/uploads\/2019\/02\/assane-diouf.jpg","contentUrl":"https:\/\/www.nettali.com\/wp-content\/uploads\/2019\/02\/assane-diouf.jpg","width":696,"height":364},{"@type":"WebPage","@id":"https:\/\/www.nettali.com\/2021\/01\/15\/poursuivi-pour-rebellion-et-outrage-assane-diouf-qui-risque-8-mois-sengage-a-ne-plus-insulter\/#webpage","url":"https:\/\/www.nettali.com\/2021\/01\/15\/poursuivi-pour-rebellion-et-outrage-assane-diouf-qui-risque-8-mois-sengage-a-ne-plus-insulter\/","name":"POURSUIVI POUR REBELLION ET OUTRAGE- Assane Diouf qui risque 8 mois s'engage \u00e0 ne plus insulter | Nettali.com","isPartOf":{"@id":"https:\/\/www.nettali.com\/#website"},"primaryImageOfPage":{"@id":"https:\/\/www.nettali.com\/2021\/01\/15\/poursuivi-pour-rebellion-et-outrage-assane-diouf-qui-risque-8-mois-sengage-a-ne-plus-insulter\/#primaryimage"},"datePublished":"2021-01-15T14:45:36+00:00","dateModified":"2021-01-16T00:24:14+00:00","author":{"@id":"https:\/\/www.nettali.com\/#\/schema\/person\/418274a86bdf87caff7a3ef476bd0bbf"},"breadcrumb":{"@id":"https:\/\/www.nettali.com\/2021\/01\/15\/poursuivi-pour-rebellion-et-outrage-assane-diouf-qui-risque-8-mois-sengage-a-ne-plus-insulter\/#breadcrumb"},"inLanguage":"fr-FR","potentialAction":[{"@type":"ReadAction","target":["https:\/\/www.nettali.com\/2021\/01\/15\/poursuivi-pour-rebellion-et-outrage-assane-diouf-qui-risque-8-mois-sengage-a-ne-plus-insulter\/"]}]},{"@type":"BreadcrumbList","@id":"https:\/\/www.nettali.com\/2021\/01\/15\/poursuivi-pour-rebellion-et-outrage-assane-diouf-qui-risque-8-mois-sengage-a-ne-plus-insulter\/#breadcrumb","itemListElement":[{"@type":"ListItem","position":1,"name":"Accueil","item":"https:\/\/www.nettali.com\/"},{"@type":"ListItem","position":2,"name":"POURSUIVI POUR REBELLION ET OUTRAGE- Assane Diouf qui risque 8 mois s&rsquo;engage \u00e0 ne plus insulter"}]},{"@type":"Person","@id":"https:\/\/www.nettali.com\/#\/schema\/person\/418274a86bdf87caff7a3ef476bd0bbf","name":"Fatou","image":{"@type":"ImageObject","@id":"https:\/\/www.nettali.com\/#personlogo","inLanguage":"fr-FR","url":"https:\/\/secure.gravatar.com\/avatar\/5a9442a2bee7b4dcf167cab035858e9a?s=96&d=mm&r=g","contentUrl":"https:\/\/secure.gravatar.com\/avatar\/5a9442a2bee7b4dcf167cab035858e9a?s=96&d=mm&r=g","caption":"Fatou"},"sameAs":["https:\/\/www.nettali.com"]}]}},"_links":{"self":[{"href":"https:\/\/www.nettali.com\/rest\/wp\/v2\/posts\/55660"}],"collection":[{"href":"https:\/\/www.nettali.com\/rest\/wp\/v2\/posts"}],"about":[{"href":"https:\/\/www.nettali.com\/rest\/wp\/v2\/types\/post"}],"author":[{"embeddable":true,"href":"https:\/\/www.nettali.com\/rest\/wp\/v2\/users\/6"}],"replies":[{"embeddable":true,"href":"https:\/\/www.nettali.com\/rest\/wp\/v2\/comments?post=55660"}],"version-history":[{"count":4,"href":"https:\/\/www.nettali.com\/rest\/wp\/v2\/posts\/55660\/revisions"}],"predecessor-version":[{"id":55662,"href":"https:\/\/www.nettali.com\/rest\/wp\/v2\/posts\/55660\/revisions\/55662"}],"wp:featuredmedia":[{"embeddable":true,"href":"https:\/\/www.nettali.com\/rest\/wp\/v2\/media\/751"}],"wp:attachment":[{"href":"https:\/\/www.nettali.com\/rest\/wp\/v2\/media?parent=55660"}],"wp:term":[{"taxonomy":"category","embeddable":true,"href":"https:\/\/www.nettali.com\/rest\/wp\/v2\/categories?post=55660"},{"taxonomy":"post_tag","embeddable":true,"href":"https:\/\/www.nettali.com\/rest\/wp\/v2\/tags?post=55660"}],"curies":[{"name":"wp","href":"https:\/\/api.w.org\/{rel}","templated":true}]}}