{"id":55643,"date":"2021-01-15T11:50:39","date_gmt":"2021-01-15T11:50:39","guid":{"rendered":"https:\/\/www.nettali.com\/?p=55643"},"modified":"2021-01-15T11:50:39","modified_gmt":"2021-01-15T11:50:39","slug":"psg-pour-jean-michel-larque-mbappe-na-plus-sa-place","status":"publish","type":"post","link":"https:\/\/www.nettali.com\/2021\/01\/15\/psg-pour-jean-michel-larque-mbappe-na-plus-sa-place\/","title":{"rendered":"PSG - Pour Jean-Michel Larqu\u00e9 \"Mbapp\u00e9 n'a plus sa place\""},"content":{"rendered":"<p><strong>NETTALI.COM - Agac\u00e9 par les r\u00e9centes prestations et les trop nombreuses pertes de balle de Kylian Mbapp\u00e9 avec le PSG, Jean-Michel Larqu\u00e9 n'a pas m\u00e2ch\u00e9 ses mots ce jeudi soir dans Top of the Foot. Si l'attaquant ne simplifie pas son jeu, il doit selon lui sortir du onze parisien.<\/strong><\/p>\n<p>Les matchs se suivent et malheureusement se ressemblent pour Kylian Mbapp\u00e9. Mercredi soir encore, lors du Troph\u00e9e des champions remport\u00e9 par le PSG contre l'OM, l'attaquant parisien a eu du mal \u00e0 faire des diff\u00e9rences, \u00e0 cr\u00e9er le danger, et s'est surtout illustr\u00e9 par des pertes de balle. Bref, le champion du monde 2018 est actuellement loin de son meilleur niveau. Et Jean-Michel Larqu\u00e9 commence \u00e0 s'impatienter...<\/p>\n<p>Intervenant dans Top of the Foot ce jeudi soir, le consultant RMC Sport a livr\u00e9 un constat assez rude sur les performances actuelles de Mbapp\u00e9.<\/p>\n<p>\"Aujourd\u2019hui Kylian Mbapp\u00e9 n\u2019a pas sa place au Paris Saint-Germain, assure-t-il. Par rapport aux performances des autres joueurs, en admettant que Neymar revienne \u00e0 un niveau normal, il n\u2019a pas sa place au PSG. Je ne vais pas le tr\u00e9paner pour savoir ce qu\u2019il a dans la boite cr\u00e2nienne, mais que c\u2019est compliqu\u00e9\u2026 Que c\u2019est compliqu\u00e9 dans tout ce qu\u2019il fait. Pourquoi il va nous faire des passes derri\u00e8re la jambe d\u2019appui? Pourquoi il va nous faire douze passements de jambe alors qu\u2019il reste sur place?\"<\/p>\n<p><strong>\"Ce gar\u00e7on-l\u00e0 a besoin d\u2019une cure de d\u00e9sintoxication\"<\/strong><\/p>\n<p>En clair, Larqu\u00e9 appelle l'attaquant \u00e0 \u00e9purer son jeu, \u00e0 se servir de ses qualit\u00e9s naturelles. Comme il le faisait avant.\u00a0\"Ce gar\u00e7on-l\u00e0 a besoin d\u2019une cure de d\u00e9sintoxication, l\u00e2che-t-il. Une cure pour son football, qui est totalement pollu\u00e9 par des gestes inutiles. Ce qui fait la force d\u2019un gar\u00e7on comme \u00e7a, c\u2019est sa vitesse, mais on ne le voit plus.\"<\/p>\n<p>Aussi, l'ancienne gloire des Verts esp\u00e8re que le nouvel entra\u00eeneur parisien va prendre le dossier en main. \"Je vais voir si Pochettino a plus de courage que Tuchel, ou en tout cas plus de prise sur Mbapp\u00e9, poursuit-il. Je ne suis pas dans les petits secrets du Camp des Loges, je ne sais pas si c\u2019est Mbapp\u00e9 qui commandait Tuchel, mais l\u00e0 il a besoin d\u2019aller s\u2019a\u00e9rer l\u2019esprit et de regarder quelques vid\u00e9os o\u00f9 il faisait des une-deux, puis des appels\u2026 Aujourd\u2019hui il veut le ballon dans les pieds pour ridiculiser l\u2019adversaire. Evidemment avec sa pointe de vitesse, il peut passer, mais derri\u00e8re il va perdre la balle. Je n\u2019ai pas les stats, mais contre l\u2019OM il a encore perdu un nombre de ballons incroyable.\"<\/p>\n<p><strong>Di Meco \u00e9voque un probl\u00e8me physique<\/strong><\/p>\n<p>Pour Eric Di Meco, qui fait \u00e0 peu pr\u00e8s le m\u00eame constat, le probl\u00e8me est avant tout physique. \"Je pensais vraiment que Pochettino allait le reprendre pendant un mois pour lui refaire du frais physiquement, observe-t-il. Quand tu n\u2019es pas bien physiquement, tu n\u2019es pas bien techniquement, tu n\u2019es plus lucide, c\u2019est pareil dans tous les sports. Je suis persuad\u00e9 que ce gar\u00e7on est bouilli.\"<\/p>\n<p>(Avec Rrmcsport et Bfmtv)<\/p>\n<p>&nbsp;<\/p>\n<div class='share-to-whatsapp-wrapper'><div class='share-on-whsp'>PARTAGER SUR : <\/div><a data-text='PSG - Pour Jean-Michel Larqu\u00e9 \"Mbapp\u00e9 n'a plus sa place\"' data-link='https:\/\/www.nettali.com\/2021\/01\/15\/psg-pour-jean-michel-larque-mbappe-na-plus-sa-place\/' class='whatsapp-button whatsapp-share'>WhatsApp<\/a><div class='clear '><\/div><\/div>","protected":false},"excerpt":{"rendered":"<p>NETTALI.COM - Agac\u00e9 par les r\u00e9centes prestations et les trop nombreuses pertes de balle de Kylian Mbapp\u00e9 avec le PSG, Jean-Michel Larqu\u00e9 n'a pas m\u00e2ch\u00e9 ses mots ce jeudi soir dans Top of the Foot. Si l'attaquant ne simplifie pas son jeu, il doit selon lui sortir du onze parisien. Les matchs se suivent et [&hellip;]<\/p>\n","protected":false},"author":11,"featured_media":2302,"comment_status":"open","ping_status":"open","sticky":false,"template":"","format":"standard","meta":{"_et_pb_use_builder":"","_et_pb_old_content":""},"categories":[6],"tags":[],"yoast_head":"<!-- This site is optimized with the Yoast SEO Premium plugin v17.8 (Yoast SEO v17.8) - https:\/\/yoast.com\/wordpress\/plugins\/seo\/ -->\n<title>PSG - Pour Jean-Michel Larqu\u00e9 &quot;Mbapp\u00e9 n&#039;a plus sa place&quot; | Nettali.com<\/title>\n<meta name=\"robots\" content=\"index, follow, max-snippet:-1, max-image-preview:large, max-video-preview:-1\" \/>\n<link rel=\"canonical\" href=\"https:\/\/www.nettali.com\/2021\/01\/15\/psg-pour-jean-michel-larque-mbappe-na-plus-sa-place\/\" \/>\n<meta property=\"og:locale\" content=\"fr_FR\" \/>\n<meta property=\"og:type\" content=\"article\" \/>\n<meta property=\"og:title\" content=\"PSG - Pour Jean-Michel Larqu\u00e9 &quot;Mbapp\u00e9 n&#039;a plus sa place&quot;\" \/>\n<meta property=\"og:description\" content=\"NETTALI.COM - Agac\u00e9 par les r\u00e9centes prestations et les trop nombreuses pertes de balle de Kylian Mbapp\u00e9 avec le PSG, Jean-Michel Larqu\u00e9 n&#039;a pas m\u00e2ch\u00e9 ses mots ce jeudi soir dans Top of the Foot. Si l&#039;attaquant ne simplifie pas son jeu, il doit selon lui sortir du onze parisien. Les matchs se suivent et [&hellip;]\" \/>\n<meta property=\"og:url\" content=\"https:\/\/www.nettali.com\/2021\/01\/15\/psg-pour-jean-michel-larque-mbappe-na-plus-sa-place\/\" \/>\n<meta property=\"og:site_name\" content=\"Nettali.com\" \/>\n<meta property=\"article:publisher\" content=\"https:\/\/www.facebook.com\/nettalicom\" \/>\n<meta property=\"article:published_time\" content=\"2021-01-15T11:50:39+00:00\" \/>\n<meta property=\"og:image\" content=\"https:\/\/www.nettali.com\/wp-content\/uploads\/2019\/03\/Mbapp\u00e9-1.jpg\" \/>\n\t<meta property=\"og:image:width\" content=\"600\" \/>\n\t<meta property=\"og:image:height\" content=\"300\" \/>\n<meta name=\"twitter:card\" content=\"summary_large_image\" \/>\n<meta name=\"twitter:label1\" content=\"\u00c9crit par\" \/>\n\t<meta name=\"twitter:data1\" content=\"Thierno Diop\" \/>\n\t<meta name=\"twitter:label2\" content=\"Dur\u00e9e de lecture estim\u00e9e\" \/>\n\t<meta name=\"twitter:data2\" content=\"3 minutes\" \/>\n<script type=\"application\/ld+json\" class=\"yoast-schema-graph\">{\"@context\":\"https:\/\/schema.org\",\"@graph\":[{\"@type\":\"WebSite\",\"@id\":\"https:\/\/www.nettali.com\/#website\",\"url\":\"https:\/\/www.nettali.com\/\",\"name\":\"Nettali.com\",\"description\":\"Le rendez-vous critique du Net\",\"potentialAction\":[{\"@type\":\"SearchAction\",\"target\":{\"@type\":\"EntryPoint\",\"urlTemplate\":\"https:\/\/www.nettali.com\/?s={search_term_string}\"},\"query-input\":\"required name=search_term_string\"}],\"inLanguage\":\"fr-FR\"},{\"@type\":\"ImageObject\",\"@id\":\"https:\/\/www.nettali.com\/2021\/01\/15\/psg-pour-jean-michel-larque-mbappe-na-plus-sa-place\/#primaryimage\",\"inLanguage\":\"fr-FR\",\"url\":\"https:\/\/www.nettali.com\/wp-content\/uploads\/2019\/03\/Mbapp\\u00e9-1.jpg\",\"contentUrl\":\"https:\/\/www.nettali.com\/wp-content\/uploads\/2019\/03\/Mbapp\\u00e9-1.jpg\",\"width\":600,\"height\":300},{\"@type\":\"WebPage\",\"@id\":\"https:\/\/www.nettali.com\/2021\/01\/15\/psg-pour-jean-michel-larque-mbappe-na-plus-sa-place\/#webpage\",\"url\":\"https:\/\/www.nettali.com\/2021\/01\/15\/psg-pour-jean-michel-larque-mbappe-na-plus-sa-place\/\",\"name\":\"PSG - Pour Jean-Michel Larqu\\u00e9 \\\"Mbapp\\u00e9 n'a plus sa place\\\" | Nettali.com\",\"isPartOf\":{\"@id\":\"https:\/\/www.nettali.com\/#website\"},\"primaryImageOfPage\":{\"@id\":\"https:\/\/www.nettali.com\/2021\/01\/15\/psg-pour-jean-michel-larque-mbappe-na-plus-sa-place\/#primaryimage\"},\"datePublished\":\"2021-01-15T11:50:39+00:00\",\"dateModified\":\"2021-01-15T11:50:39+00:00\",\"author\":{\"@id\":\"https:\/\/www.nettali.com\/#\/schema\/person\/8a06c6bd7b19304cf4bf985862900b5b\"},\"breadcrumb\":{\"@id\":\"https:\/\/www.nettali.com\/2021\/01\/15\/psg-pour-jean-michel-larque-mbappe-na-plus-sa-place\/#breadcrumb\"},\"inLanguage\":\"fr-FR\",\"potentialAction\":[{\"@type\":\"ReadAction\",\"target\":[\"https:\/\/www.nettali.com\/2021\/01\/15\/psg-pour-jean-michel-larque-mbappe-na-plus-sa-place\/\"]}]},{\"@type\":\"BreadcrumbList\",\"@id\":\"https:\/\/www.nettali.com\/2021\/01\/15\/psg-pour-jean-michel-larque-mbappe-na-plus-sa-place\/#breadcrumb\",\"itemListElement\":[{\"@type\":\"ListItem\",\"position\":1,\"name\":\"Accueil\",\"item\":\"https:\/\/www.nettali.com\/\"},{\"@type\":\"ListItem\",\"position\":2,\"name\":\"PSG &#8211; Pour Jean-Michel Larqu\\u00e9 \\u00ab\\u00a0Mbapp\\u00e9 n&rsquo;a plus sa place\\u00a0\\u00bb\"}]},{\"@type\":\"Person\",\"@id\":\"https:\/\/www.nettali.com\/#\/schema\/person\/8a06c6bd7b19304cf4bf985862900b5b\",\"name\":\"Thierno Diop\",\"image\":{\"@type\":\"ImageObject\",\"@id\":\"https:\/\/www.nettali.com\/#personlogo\",\"inLanguage\":\"fr-FR\",\"url\":\"https:\/\/secure.gravatar.com\/avatar\/c8ca58550c94fd2ac856d27391a6c866?s=96&d=mm&r=g\",\"contentUrl\":\"https:\/\/secure.gravatar.com\/avatar\/c8ca58550c94fd2ac856d27391a6c866?s=96&d=mm&r=g\",\"caption\":\"Thierno Diop\"},\"sameAs\":[\"https:\/\/nettali.com\"]}]}<\/script>\n<!-- \/ Yoast SEO Premium plugin. -->","yoast_head_json":{"title":"PSG - Pour Jean-Michel Larqu\u00e9 \"Mbapp\u00e9 n'a plus sa place\" | Nettali.com","robots":{"index":"index","follow":"follow","max-snippet":"max-snippet:-1","max-image-preview":"max-image-preview:large","max-video-preview":"max-video-preview:-1"},"canonical":"https:\/\/www.nettali.com\/2021\/01\/15\/psg-pour-jean-michel-larque-mbappe-na-plus-sa-place\/","og_locale":"fr_FR","og_type":"article","og_title":"PSG - Pour Jean-Michel Larqu\u00e9 \"Mbapp\u00e9 n'a plus sa place\"","og_description":"NETTALI.COM - Agac\u00e9 par les r\u00e9centes prestations et les trop nombreuses pertes de balle de Kylian Mbapp\u00e9 avec le PSG, Jean-Michel Larqu\u00e9 n'a pas m\u00e2ch\u00e9 ses mots ce jeudi soir dans Top of the Foot. Si l'attaquant ne simplifie pas son jeu, il doit selon lui sortir du onze parisien. Les matchs se suivent et [&hellip;]","og_url":"https:\/\/www.nettali.com\/2021\/01\/15\/psg-pour-jean-michel-larque-mbappe-na-plus-sa-place\/","og_site_name":"Nettali.com","article_publisher":"https:\/\/www.facebook.com\/nettalicom","article_published_time":"2021-01-15T11:50:39+00:00","og_image":[{"width":600,"height":300,"url":"https:\/\/www.nettali.com\/wp-content\/uploads\/2019\/03\/Mbapp\u00e9-1.jpg","type":"image\/jpeg"}],"twitter_card":"summary_large_image","twitter_misc":{"\u00c9crit par":"Thierno Diop","Dur\u00e9e de lecture estim\u00e9e":"3 minutes"},"schema":{"@context":"https:\/\/schema.org","@graph":[{"@type":"WebSite","@id":"https:\/\/www.nettali.com\/#website","url":"https:\/\/www.nettali.com\/","name":"Nettali.com","description":"Le rendez-vous critique du Net","potentialAction":[{"@type":"SearchAction","target":{"@type":"EntryPoint","urlTemplate":"https:\/\/www.nettali.com\/?s={search_term_string}"},"query-input":"required name=search_term_string"}],"inLanguage":"fr-FR"},{"@type":"ImageObject","@id":"https:\/\/www.nettali.com\/2021\/01\/15\/psg-pour-jean-michel-larque-mbappe-na-plus-sa-place\/#primaryimage","inLanguage":"fr-FR","url":"https:\/\/www.nettali.com\/wp-content\/uploads\/2019\/03\/Mbapp\u00e9-1.jpg","contentUrl":"https:\/\/www.nettali.com\/wp-content\/uploads\/2019\/03\/Mbapp\u00e9-1.jpg","width":600,"height":300},{"@type":"WebPage","@id":"https:\/\/www.nettali.com\/2021\/01\/15\/psg-pour-jean-michel-larque-mbappe-na-plus-sa-place\/#webpage","url":"https:\/\/www.nettali.com\/2021\/01\/15\/psg-pour-jean-michel-larque-mbappe-na-plus-sa-place\/","name":"PSG - Pour Jean-Michel Larqu\u00e9 \"Mbapp\u00e9 n'a plus sa place\" | Nettali.com","isPartOf":{"@id":"https:\/\/www.nettali.com\/#website"},"primaryImageOfPage":{"@id":"https:\/\/www.nettali.com\/2021\/01\/15\/psg-pour-jean-michel-larque-mbappe-na-plus-sa-place\/#primaryimage"},"datePublished":"2021-01-15T11:50:39+00:00","dateModified":"2021-01-15T11:50:39+00:00","author":{"@id":"https:\/\/www.nettali.com\/#\/schema\/person\/8a06c6bd7b19304cf4bf985862900b5b"},"breadcrumb":{"@id":"https:\/\/www.nettali.com\/2021\/01\/15\/psg-pour-jean-michel-larque-mbappe-na-plus-sa-place\/#breadcrumb"},"inLanguage":"fr-FR","potentialAction":[{"@type":"ReadAction","target":["https:\/\/www.nettali.com\/2021\/01\/15\/psg-pour-jean-michel-larque-mbappe-na-plus-sa-place\/"]}]},{"@type":"BreadcrumbList","@id":"https:\/\/www.nettali.com\/2021\/01\/15\/psg-pour-jean-michel-larque-mbappe-na-plus-sa-place\/#breadcrumb","itemListElement":[{"@type":"ListItem","position":1,"name":"Accueil","item":"https:\/\/www.nettali.com\/"},{"@type":"ListItem","position":2,"name":"PSG &#8211; Pour Jean-Michel Larqu\u00e9 \u00ab\u00a0Mbapp\u00e9 n&rsquo;a plus sa place\u00a0\u00bb"}]},{"@type":"Person","@id":"https:\/\/www.nettali.com\/#\/schema\/person\/8a06c6bd7b19304cf4bf985862900b5b","name":"Thierno Diop","image":{"@type":"ImageObject","@id":"https:\/\/www.nettali.com\/#personlogo","inLanguage":"fr-FR","url":"https:\/\/secure.gravatar.com\/avatar\/c8ca58550c94fd2ac856d27391a6c866?s=96&d=mm&r=g","contentUrl":"https:\/\/secure.gravatar.com\/avatar\/c8ca58550c94fd2ac856d27391a6c866?s=96&d=mm&r=g","caption":"Thierno Diop"},"sameAs":["https:\/\/nettali.com"]}]}},"_links":{"self":[{"href":"https:\/\/www.nettali.com\/rest\/wp\/v2\/posts\/55643"}],"collection":[{"href":"https:\/\/www.nettali.com\/rest\/wp\/v2\/posts"}],"about":[{"href":"https:\/\/www.nettali.com\/rest\/wp\/v2\/types\/post"}],"author":[{"embeddable":true,"href":"https:\/\/www.nettali.com\/rest\/wp\/v2\/users\/11"}],"replies":[{"embeddable":true,"href":"https:\/\/www.nettali.com\/rest\/wp\/v2\/comments?post=55643"}],"version-history":[{"count":1,"href":"https:\/\/www.nettali.com\/rest\/wp\/v2\/posts\/55643\/revisions"}],"predecessor-version":[{"id":55644,"href":"https:\/\/www.nettali.com\/rest\/wp\/v2\/posts\/55643\/revisions\/55644"}],"wp:featuredmedia":[{"embeddable":true,"href":"https:\/\/www.nettali.com\/rest\/wp\/v2\/media\/2302"}],"wp:attachment":[{"href":"https:\/\/www.nettali.com\/rest\/wp\/v2\/media?parent=55643"}],"wp:term":[{"taxonomy":"category","embeddable":true,"href":"https:\/\/www.nettali.com\/rest\/wp\/v2\/categories?post=55643"},{"taxonomy":"post_tag","embeddable":true,"href":"https:\/\/www.nettali.com\/rest\/wp\/v2\/tags?post=55643"}],"curies":[{"name":"wp","href":"https:\/\/api.w.org\/{rel}","templated":true}]}}