{"id":55511,"date":"2021-01-13T20:54:51","date_gmt":"2021-01-13T20:54:51","guid":{"rendered":"https:\/\/www.nettali.com\/?p=55511"},"modified":"2021-01-13T20:54:51","modified_gmt":"2021-01-13T20:54:51","slug":"lutte-contre-le-coronavirus-macky-pour-une-grande-offensive","status":"publish","type":"post","link":"https:\/\/www.nettali.com\/2021\/01\/13\/lutte-contre-le-coronavirus-macky-pour-une-grande-offensive\/","title":{"rendered":"LUTTE CONTRE LE CORONAVIRUS \u2013 \u00a0Macky pour une grande offensive"},"content":{"rendered":"<p><strong>NETTALI.COM \u2013 Le chef de l\u2019Etat a prescrit de fortes mesures pour endiguer le coronavirus, qui ne cesse de progresser au S\u00e9n\u00e9gal, depuis l\u2019\u00e9mergence d\u2019une seconde vague. En clair, Macky Sall recommande une mobilisation nationale. <\/strong><\/p>\n<p>La r\u00e9union hebdomadaire du Conseil des ministres s\u2019est tenue ce mercredi 13 janvier par visio-conf\u00e9rence, en raison de la dangereuse progression du coronavirus.<\/p>\n<p>Apr\u00e8s avoir \u00ab pr\u00e9sent\u00e9 les condol\u00e9ances de la Nation aux familles \u00e9plor\u00e9es, qui ont perdu un \u00eatre cher, un collaborateur ou proche durant cette situation devenue end\u00e9mique de la Covid-19 \u00bb, le Pr\u00e9sident de la R\u00e9publique a rappel\u00e9 que la propagation exponentielle, la s\u00e9v\u00e9rit\u00e9 et la gravit\u00e9 de la maladie, au regard des capacit\u00e9s et conseils des experts de notre syst\u00e8me sanitaire, l\u2019ont amen\u00e9 \u00e0 d\u00e9cr\u00e9ter l\u2019\u00e9tat d\u2019urgence assorti d\u2019un couvre-feu sur l\u2019\u00e9tendue des r\u00e9gions les plus touch\u00e9es : Dakar et Thi\u00e8s.<\/p>\n<p>Le chef de l\u2019Etat invite, dans cet esprit, le ministre de la Sant\u00e9 \u00e0 poursuivre la d\u00e9centralisation effective et rapide dans les r\u00e9gions du SAMU NATIONAL. \u00ab\u00a0Les moyens logistiques et les ressources humaines et financi\u00e8res de cette structure n\u00e9vralgique, doivent \u00eatre renforc\u00e9s sans d\u00e9lai\u00a0\u00bb, prescrit le pr\u00e9sident Macky Sall.<\/p>\n<p>Le pr\u00e9sident de la R\u00e9publique indique \u00e9galement la n\u00e9cessit\u00e9 d\u2019acc\u00e9l\u00e9rer la mise en \u0153uvre urgente de la strat\u00e9gie nationale de vaccination, dot\u00e9e d\u2019un budget cons\u00e9quent.<\/p>\n<p>Poursuivant sa communication, Macky Sall a mis l\u2019accent sur la gravit\u00e9 de la situation. A ce propos, il a insist\u00e9 sur la mobilisation nationale 24h\/24 pour sensibiliser les populations sur l\u2019imp\u00e9ratif de\u00a0:<\/p>\n<p>1\u00b0 Respecter les gestes barri\u00e8res et les protocoles sanitaires\u00a0;<\/p>\n<p>2\u00b0 R\u00e9guler les horaires d\u2019ouverture et de fermeture des march\u00e9s\u00a0;<\/p>\n<p>3\u00b0 R\u00e9adapter le fonctionnement des \u00e9tablissements de sant\u00e9 (h\u00f4pitaux, centres de sant\u00e9 etc.)\u00a0;<br \/>\n4\u00b0 D\u00e9ployer avec le SAMU NATIONAL, des dispositifs pr\u00e9ventifs et pragmatiques de prise en charge \u00e0 domicile\u00a0;<br \/>\n5\u00b0 Surveiller une \u00e9ventuelle mutation du virus et contr\u00f4ler davantage les entr\u00e9es au niveau de nos fronti\u00e8res. A ce titre, le Chef de l\u2019Etat se f\u00e9licite de la certification de l\u2019A\u00e9roport international Blaise DIAGNE de Diass (AIBD) au programme d\u2019accr\u00e9ditation sanitaire du Conseil International des A\u00e9roports (ACI Monde).<\/p>\n<p>Le pr\u00e9sident de la R\u00e9publique demande, dans ce contexte g\u00e9n\u00e9ral, aux ministres sectoriels de r\u00e9organiser avec les acteurs, l\u2019adaptation temporaire des activit\u00e9s \u00e9conomiques et sociales durant ce mois de janvier 2021.<\/p>\n<p>&nbsp;<\/p>\n<div class='share-to-whatsapp-wrapper'><div class='share-on-whsp'>PARTAGER SUR : <\/div><a data-text='LUTTE CONTRE LE CORONAVIRUS \u2013 \u00a0Macky pour une grande offensive' data-link='https:\/\/www.nettali.com\/2021\/01\/13\/lutte-contre-le-coronavirus-macky-pour-une-grande-offensive\/' class='whatsapp-button whatsapp-share'>WhatsApp<\/a><div class='clear '><\/div><\/div>","protected":false},"excerpt":{"rendered":"<p>NETTALI.COM \u2013 Le chef de l\u2019Etat a prescrit de fortes mesures pour endiguer le coronavirus, qui ne cesse de progresser au S\u00e9n\u00e9gal, depuis l\u2019\u00e9mergence d\u2019une seconde vague. En clair, Macky Sall recommande une mobilisation nationale. La r\u00e9union hebdomadaire du Conseil des ministres s\u2019est tenue ce mercredi 13 janvier par visio-conf\u00e9rence, en raison de la dangereuse [&hellip;]<\/p>\n","protected":false},"author":11,"featured_media":53328,"comment_status":"open","ping_status":"open","sticky":false,"template":"","format":"standard","meta":{"_et_pb_use_builder":"","_et_pb_old_content":""},"categories":[22],"tags":[],"yoast_head":"<!-- This site is optimized with the Yoast SEO Premium plugin v17.8 (Yoast SEO v17.8) - https:\/\/yoast.com\/wordpress\/plugins\/seo\/ -->\n<title>LUTTE CONTRE LE CORONAVIRUS \u2013 \u00a0Macky pour une grande offensive | Nettali.com<\/title>\n<meta name=\"robots\" content=\"index, follow, max-snippet:-1, max-image-preview:large, max-video-preview:-1\" \/>\n<link rel=\"canonical\" href=\"https:\/\/www.nettali.com\/2021\/01\/13\/lutte-contre-le-coronavirus-macky-pour-une-grande-offensive\/\" \/>\n<meta property=\"og:locale\" content=\"fr_FR\" \/>\n<meta property=\"og:type\" content=\"article\" \/>\n<meta property=\"og:title\" content=\"LUTTE CONTRE LE CORONAVIRUS \u2013 \u00a0Macky pour une grande offensive\" \/>\n<meta property=\"og:description\" content=\"NETTALI.COM \u2013 Le chef de l\u2019Etat a prescrit de fortes mesures pour endiguer le coronavirus, qui ne cesse de progresser au S\u00e9n\u00e9gal, depuis l\u2019\u00e9mergence d\u2019une seconde vague. En clair, Macky Sall recommande une mobilisation nationale. La r\u00e9union hebdomadaire du Conseil des ministres s\u2019est tenue ce mercredi 13 janvier par visio-conf\u00e9rence, en raison de la dangereuse [&hellip;]\" \/>\n<meta property=\"og:url\" content=\"https:\/\/www.nettali.com\/2021\/01\/13\/lutte-contre-le-coronavirus-macky-pour-une-grande-offensive\/\" \/>\n<meta property=\"og:site_name\" content=\"Nettali.com\" \/>\n<meta property=\"article:publisher\" content=\"https:\/\/www.facebook.com\/nettalicom\" \/>\n<meta property=\"article:published_time\" content=\"2021-01-13T20:54:51+00:00\" \/>\n<meta property=\"og:image\" content=\"https:\/\/www.nettali.com\/wp-content\/uploads\/2020\/12\/mackysall-covid.jpg\" \/>\n\t<meta property=\"og:image:width\" content=\"699\" \/>\n\t<meta property=\"og:image:height\" content=\"466\" \/>\n<meta name=\"twitter:card\" content=\"summary_large_image\" \/>\n<meta name=\"twitter:label1\" content=\"\u00c9crit par\" \/>\n\t<meta name=\"twitter:data1\" content=\"Thierno Diop\" \/>\n\t<meta name=\"twitter:label2\" content=\"Dur\u00e9e de lecture estim\u00e9e\" \/>\n\t<meta name=\"twitter:data2\" content=\"2 minutes\" \/>\n<script type=\"application\/ld+json\" class=\"yoast-schema-graph\">{\"@context\":\"https:\/\/schema.org\",\"@graph\":[{\"@type\":\"WebSite\",\"@id\":\"https:\/\/www.nettali.com\/#website\",\"url\":\"https:\/\/www.nettali.com\/\",\"name\":\"Nettali.com\",\"description\":\"Le rendez-vous critique du Net\",\"potentialAction\":[{\"@type\":\"SearchAction\",\"target\":{\"@type\":\"EntryPoint\",\"urlTemplate\":\"https:\/\/www.nettali.com\/?s={search_term_string}\"},\"query-input\":\"required name=search_term_string\"}],\"inLanguage\":\"fr-FR\"},{\"@type\":\"ImageObject\",\"@id\":\"https:\/\/www.nettali.com\/2021\/01\/13\/lutte-contre-le-coronavirus-macky-pour-une-grande-offensive\/#primaryimage\",\"inLanguage\":\"fr-FR\",\"url\":\"https:\/\/www.nettali.com\/wp-content\/uploads\/2020\/12\/mackysall-covid.jpg\",\"contentUrl\":\"https:\/\/www.nettali.com\/wp-content\/uploads\/2020\/12\/mackysall-covid.jpg\",\"width\":699,\"height\":466},{\"@type\":\"WebPage\",\"@id\":\"https:\/\/www.nettali.com\/2021\/01\/13\/lutte-contre-le-coronavirus-macky-pour-une-grande-offensive\/#webpage\",\"url\":\"https:\/\/www.nettali.com\/2021\/01\/13\/lutte-contre-le-coronavirus-macky-pour-une-grande-offensive\/\",\"name\":\"LUTTE CONTRE LE CORONAVIRUS \\u2013 \\u00a0Macky pour une grande offensive | Nettali.com\",\"isPartOf\":{\"@id\":\"https:\/\/www.nettali.com\/#website\"},\"primaryImageOfPage\":{\"@id\":\"https:\/\/www.nettali.com\/2021\/01\/13\/lutte-contre-le-coronavirus-macky-pour-une-grande-offensive\/#primaryimage\"},\"datePublished\":\"2021-01-13T20:54:51+00:00\",\"dateModified\":\"2021-01-13T20:54:51+00:00\",\"author\":{\"@id\":\"https:\/\/www.nettali.com\/#\/schema\/person\/8a06c6bd7b19304cf4bf985862900b5b\"},\"breadcrumb\":{\"@id\":\"https:\/\/www.nettali.com\/2021\/01\/13\/lutte-contre-le-coronavirus-macky-pour-une-grande-offensive\/#breadcrumb\"},\"inLanguage\":\"fr-FR\",\"potentialAction\":[{\"@type\":\"ReadAction\",\"target\":[\"https:\/\/www.nettali.com\/2021\/01\/13\/lutte-contre-le-coronavirus-macky-pour-une-grande-offensive\/\"]}]},{\"@type\":\"BreadcrumbList\",\"@id\":\"https:\/\/www.nettali.com\/2021\/01\/13\/lutte-contre-le-coronavirus-macky-pour-une-grande-offensive\/#breadcrumb\",\"itemListElement\":[{\"@type\":\"ListItem\",\"position\":1,\"name\":\"Accueil\",\"item\":\"https:\/\/www.nettali.com\/\"},{\"@type\":\"ListItem\",\"position\":2,\"name\":\"LUTTE CONTRE LE CORONAVIRUS \\u2013 \\u00a0Macky pour une grande offensive\"}]},{\"@type\":\"Person\",\"@id\":\"https:\/\/www.nettali.com\/#\/schema\/person\/8a06c6bd7b19304cf4bf985862900b5b\",\"name\":\"Thierno Diop\",\"image\":{\"@type\":\"ImageObject\",\"@id\":\"https:\/\/www.nettali.com\/#personlogo\",\"inLanguage\":\"fr-FR\",\"url\":\"https:\/\/secure.gravatar.com\/avatar\/c8ca58550c94fd2ac856d27391a6c866?s=96&d=mm&r=g\",\"contentUrl\":\"https:\/\/secure.gravatar.com\/avatar\/c8ca58550c94fd2ac856d27391a6c866?s=96&d=mm&r=g\",\"caption\":\"Thierno Diop\"},\"sameAs\":[\"https:\/\/nettali.com\"]}]}<\/script>\n<!-- \/ Yoast SEO Premium plugin. -->","yoast_head_json":{"title":"LUTTE CONTRE LE CORONAVIRUS \u2013 \u00a0Macky pour une grande offensive | Nettali.com","robots":{"index":"index","follow":"follow","max-snippet":"max-snippet:-1","max-image-preview":"max-image-preview:large","max-video-preview":"max-video-preview:-1"},"canonical":"https:\/\/www.nettali.com\/2021\/01\/13\/lutte-contre-le-coronavirus-macky-pour-une-grande-offensive\/","og_locale":"fr_FR","og_type":"article","og_title":"LUTTE CONTRE LE CORONAVIRUS \u2013 \u00a0Macky pour une grande offensive","og_description":"NETTALI.COM \u2013 Le chef de l\u2019Etat a prescrit de fortes mesures pour endiguer le coronavirus, qui ne cesse de progresser au S\u00e9n\u00e9gal, depuis l\u2019\u00e9mergence d\u2019une seconde vague. En clair, Macky Sall recommande une mobilisation nationale. La r\u00e9union hebdomadaire du Conseil des ministres s\u2019est tenue ce mercredi 13 janvier par visio-conf\u00e9rence, en raison de la dangereuse [&hellip;]","og_url":"https:\/\/www.nettali.com\/2021\/01\/13\/lutte-contre-le-coronavirus-macky-pour-une-grande-offensive\/","og_site_name":"Nettali.com","article_publisher":"https:\/\/www.facebook.com\/nettalicom","article_published_time":"2021-01-13T20:54:51+00:00","og_image":[{"width":699,"height":466,"url":"https:\/\/www.nettali.com\/wp-content\/uploads\/2020\/12\/mackysall-covid.jpg","type":"image\/jpeg"}],"twitter_card":"summary_large_image","twitter_misc":{"\u00c9crit par":"Thierno Diop","Dur\u00e9e de lecture estim\u00e9e":"2 minutes"},"schema":{"@context":"https:\/\/schema.org","@graph":[{"@type":"WebSite","@id":"https:\/\/www.nettali.com\/#website","url":"https:\/\/www.nettali.com\/","name":"Nettali.com","description":"Le rendez-vous critique du Net","potentialAction":[{"@type":"SearchAction","target":{"@type":"EntryPoint","urlTemplate":"https:\/\/www.nettali.com\/?s={search_term_string}"},"query-input":"required name=search_term_string"}],"inLanguage":"fr-FR"},{"@type":"ImageObject","@id":"https:\/\/www.nettali.com\/2021\/01\/13\/lutte-contre-le-coronavirus-macky-pour-une-grande-offensive\/#primaryimage","inLanguage":"fr-FR","url":"https:\/\/www.nettali.com\/wp-content\/uploads\/2020\/12\/mackysall-covid.jpg","contentUrl":"https:\/\/www.nettali.com\/wp-content\/uploads\/2020\/12\/mackysall-covid.jpg","width":699,"height":466},{"@type":"WebPage","@id":"https:\/\/www.nettali.com\/2021\/01\/13\/lutte-contre-le-coronavirus-macky-pour-une-grande-offensive\/#webpage","url":"https:\/\/www.nettali.com\/2021\/01\/13\/lutte-contre-le-coronavirus-macky-pour-une-grande-offensive\/","name":"LUTTE CONTRE LE CORONAVIRUS \u2013 \u00a0Macky pour une grande offensive | Nettali.com","isPartOf":{"@id":"https:\/\/www.nettali.com\/#website"},"primaryImageOfPage":{"@id":"https:\/\/www.nettali.com\/2021\/01\/13\/lutte-contre-le-coronavirus-macky-pour-une-grande-offensive\/#primaryimage"},"datePublished":"2021-01-13T20:54:51+00:00","dateModified":"2021-01-13T20:54:51+00:00","author":{"@id":"https:\/\/www.nettali.com\/#\/schema\/person\/8a06c6bd7b19304cf4bf985862900b5b"},"breadcrumb":{"@id":"https:\/\/www.nettali.com\/2021\/01\/13\/lutte-contre-le-coronavirus-macky-pour-une-grande-offensive\/#breadcrumb"},"inLanguage":"fr-FR","potentialAction":[{"@type":"ReadAction","target":["https:\/\/www.nettali.com\/2021\/01\/13\/lutte-contre-le-coronavirus-macky-pour-une-grande-offensive\/"]}]},{"@type":"BreadcrumbList","@id":"https:\/\/www.nettali.com\/2021\/01\/13\/lutte-contre-le-coronavirus-macky-pour-une-grande-offensive\/#breadcrumb","itemListElement":[{"@type":"ListItem","position":1,"name":"Accueil","item":"https:\/\/www.nettali.com\/"},{"@type":"ListItem","position":2,"name":"LUTTE CONTRE LE CORONAVIRUS \u2013 \u00a0Macky pour une grande offensive"}]},{"@type":"Person","@id":"https:\/\/www.nettali.com\/#\/schema\/person\/8a06c6bd7b19304cf4bf985862900b5b","name":"Thierno Diop","image":{"@type":"ImageObject","@id":"https:\/\/www.nettali.com\/#personlogo","inLanguage":"fr-FR","url":"https:\/\/secure.gravatar.com\/avatar\/c8ca58550c94fd2ac856d27391a6c866?s=96&d=mm&r=g","contentUrl":"https:\/\/secure.gravatar.com\/avatar\/c8ca58550c94fd2ac856d27391a6c866?s=96&d=mm&r=g","caption":"Thierno Diop"},"sameAs":["https:\/\/nettali.com"]}]}},"_links":{"self":[{"href":"https:\/\/www.nettali.com\/rest\/wp\/v2\/posts\/55511"}],"collection":[{"href":"https:\/\/www.nettali.com\/rest\/wp\/v2\/posts"}],"about":[{"href":"https:\/\/www.nettali.com\/rest\/wp\/v2\/types\/post"}],"author":[{"embeddable":true,"href":"https:\/\/www.nettali.com\/rest\/wp\/v2\/users\/11"}],"replies":[{"embeddable":true,"href":"https:\/\/www.nettali.com\/rest\/wp\/v2\/comments?post=55511"}],"version-history":[{"count":1,"href":"https:\/\/www.nettali.com\/rest\/wp\/v2\/posts\/55511\/revisions"}],"predecessor-version":[{"id":55512,"href":"https:\/\/www.nettali.com\/rest\/wp\/v2\/posts\/55511\/revisions\/55512"}],"wp:featuredmedia":[{"embeddable":true,"href":"https:\/\/www.nettali.com\/rest\/wp\/v2\/media\/53328"}],"wp:attachment":[{"href":"https:\/\/www.nettali.com\/rest\/wp\/v2\/media?parent=55511"}],"wp:term":[{"taxonomy":"category","embeddable":true,"href":"https:\/\/www.nettali.com\/rest\/wp\/v2\/categories?post=55511"},{"taxonomy":"post_tag","embeddable":true,"href":"https:\/\/www.nettali.com\/rest\/wp\/v2\/tags?post=55511"}],"curies":[{"name":"wp","href":"https:\/\/api.w.org\/{rel}","templated":true}]}}