{"id":55509,"date":"2021-01-13T20:02:15","date_gmt":"2021-01-13T20:02:15","guid":{"rendered":"https:\/\/www.nettali.com\/?p=55509"},"modified":"2021-01-13T22:37:09","modified_gmt":"2021-01-13T22:37:09","slug":"dynamique-de-reprise-de-leconomie-le-taux-de-croissance-projete-a-5-en-2021","status":"publish","type":"post","link":"https:\/\/www.nettali.com\/2021\/01\/13\/dynamique-de-reprise-de-leconomie-le-taux-de-croissance-projete-a-5-en-2021\/","title":{"rendered":"DYNAMIQUE DE REPRISE DE L\u2019ECONOMIE \u2013 Le taux de croissance projet\u00e9 \u00e0 5% en 2021"},"content":{"rendered":"<p><strong>NETTALI.COM - <\/strong><strong>Malgr\u00e9 les contrecoups n\u00e9fastes du coronavirus, les pr\u00e9visions du Fonds mon\u00e9taire international (FMI) annoncent une \u00a0dynamique de reprise de l\u2019\u00e9conomie s\u00e9n\u00e9galaise. Ce qui, selon l\u2019institution financi\u00e8re internationale, sera mat\u00e9rialis\u00e9e par une croissance projet\u00e9e \u00e0 5\u00a0% en 2021.<\/strong><\/p>\n<p>Lors du grand entretien accord\u00e9 \u00e0 des journalistes locaux le 31 d\u00e9cembre 2020, le pr\u00e9sident Macky Sall d\u00e9clarait que l\u2019\u00e9conomie s\u00e9n\u00e9galaise a \u00e9t\u00e9 sauv\u00e9e de la r\u00e9cession. Cela, malgr\u00e9 les pertes caus\u00e9es par les restrictions visant \u00e0 endiguer le coronavirus. \u00a0Pour m\u00e9moire, le taux de croissance est de 0.7% en 2020, selon les derni\u00e8res pr\u00e9visions du Fonds mon\u00e9taire international (FMI) contre un taux pr\u00e9visionnel de 6.8 % avant la pand\u00e9mie.<\/p>\n<p>Mieux, informe encore le Fmi, dans un communiqu\u00e9, gr\u00e2ce\u2019\u2019 \u00e0 une reprise g\u00e9n\u00e9rale amorc\u00e9e au deuxi\u00e8me semestre de 2020 et \u00e0 des perspectives favorables pour la production agricole d\u2019ici \u00e0 la fin de l\u2019ann\u00e9e, la contraction \u00e9conomique qui \u00e9tait attendue en 2020 sera probablement \u00e9vit\u00e9e\". \"Cette dynamique devrait se prolonger en 2021, avec une croissance d\u2019environ 5 %\u2019\u2019, projette l\u2019institution de Breton Woods.<\/p>\n<p>Pour votre gouverne, le Conseil d\u2019administration du FMI vient d\u2019achever la Deuxi\u00e8me Revue du Programme du S\u00e9n\u00e9gal appuy\u00e9 par l\u2019Instrument de coordination de la politique \u00e9conomique.<\/p>\n<p>A cet \u00e9gard, rel\u00e8ve le communiqu\u00e9, \u2018\u2019\u2019malgr\u00e9 les difficult\u00e9s li\u00e9es \u00e0 la pand\u00e9mie de Covid-19, les r\u00e9sultats obtenus par rapport aux objectifs fix\u00e9s pour la fin juin dans le programme ICPE ont \u00e9t\u00e9 globalement satisfaisants et le programme reste en ligne avec les objectifs\u2019\u2019.<br \/>\nL\u2019Etat du S\u00e9n\u00e9gal, nous apprend la m\u00eame\u00a0 source, travaille au r\u00e9\u00e9quilibrage budg\u00e9taire progressif pour faciliter le retour au plafond r\u00e9gional de d\u00e9ficit (3\u00a0% du PIB) d\u2019ici \u00e0 2023\u2019\u2019.<\/p>\n<div class='share-to-whatsapp-wrapper'><div class='share-on-whsp'>PARTAGER SUR : <\/div><a data-text='DYNAMIQUE DE REPRISE DE L\u2019ECONOMIE \u2013 Le taux de croissance projet\u00e9 \u00e0 5% en 2021' data-link='https:\/\/www.nettali.com\/2021\/01\/13\/dynamique-de-reprise-de-leconomie-le-taux-de-croissance-projete-a-5-en-2021\/' class='whatsapp-button whatsapp-share'>WhatsApp<\/a><div class='clear '><\/div><\/div>","protected":false},"excerpt":{"rendered":"<p>NETTALI.COM - Malgr\u00e9 les contrecoups n\u00e9fastes du coronavirus, les pr\u00e9visions du Fonds mon\u00e9taire international (FMI) annoncent une \u00a0dynamique de reprise de l\u2019\u00e9conomie s\u00e9n\u00e9galaise. Ce qui, selon l\u2019institution financi\u00e8re internationale, sera mat\u00e9rialis\u00e9e par une croissance projet\u00e9e \u00e0 5\u00a0% en 2021. Lors du grand entretien accord\u00e9 \u00e0 des journalistes locaux le 31 d\u00e9cembre 2020, le pr\u00e9sident Macky [&hellip;]<\/p>\n","protected":false},"author":11,"featured_media":31695,"comment_status":"open","ping_status":"open","sticky":false,"template":"","format":"standard","meta":{"_et_pb_use_builder":"","_et_pb_old_content":""},"categories":[4],"tags":[],"yoast_head":"<!-- This site is optimized with the Yoast SEO Premium plugin v17.8 (Yoast SEO v17.8) - https:\/\/yoast.com\/wordpress\/plugins\/seo\/ -->\n<title>DYNAMIQUE DE REPRISE DE L\u2019ECONOMIE \u2013 Le taux de croissance projet\u00e9 \u00e0 5% en 2021 | Nettali.com<\/title>\n<meta name=\"robots\" content=\"index, follow, max-snippet:-1, max-image-preview:large, max-video-preview:-1\" \/>\n<link rel=\"canonical\" href=\"https:\/\/www.nettali.com\/2021\/01\/13\/dynamique-de-reprise-de-leconomie-le-taux-de-croissance-projete-a-5-en-2021\/\" \/>\n<meta property=\"og:locale\" content=\"fr_FR\" \/>\n<meta property=\"og:type\" content=\"article\" \/>\n<meta property=\"og:title\" content=\"DYNAMIQUE DE REPRISE DE L\u2019ECONOMIE \u2013 Le taux de croissance projet\u00e9 \u00e0 5% en 2021\" \/>\n<meta property=\"og:description\" content=\"NETTALI.COM - Malgr\u00e9 les contrecoups n\u00e9fastes du coronavirus, les pr\u00e9visions du Fonds mon\u00e9taire international (FMI) annoncent une \u00a0dynamique de reprise de l\u2019\u00e9conomie s\u00e9n\u00e9galaise. Ce qui, selon l\u2019institution financi\u00e8re internationale, sera mat\u00e9rialis\u00e9e par une croissance projet\u00e9e \u00e0 5\u00a0% en 2021. Lors du grand entretien accord\u00e9 \u00e0 des journalistes locaux le 31 d\u00e9cembre 2020, le pr\u00e9sident Macky [&hellip;]\" \/>\n<meta property=\"og:url\" content=\"https:\/\/www.nettali.com\/2021\/01\/13\/dynamique-de-reprise-de-leconomie-le-taux-de-croissance-projete-a-5-en-2021\/\" \/>\n<meta property=\"og:site_name\" content=\"Nettali.com\" \/>\n<meta property=\"article:publisher\" content=\"https:\/\/www.facebook.com\/nettalicom\" \/>\n<meta property=\"article:published_time\" content=\"2021-01-13T20:02:15+00:00\" \/>\n<meta property=\"article:modified_time\" content=\"2021-01-13T22:37:09+00:00\" \/>\n<meta property=\"og:image\" content=\"https:\/\/www.nettali.com\/wp-content\/uploads\/2020\/03\/Amadou-Hott-Ministre-de-l\u00e9conomie-S\u00e9n\u00e9gal.jpeg\" \/>\n\t<meta property=\"og:image:width\" content=\"1200\" \/>\n\t<meta property=\"og:image:height\" content=\"750\" \/>\n<meta name=\"twitter:card\" content=\"summary_large_image\" \/>\n<meta name=\"twitter:label1\" content=\"\u00c9crit par\" \/>\n\t<meta name=\"twitter:data1\" content=\"Thierno Diop\" \/>\n\t<meta name=\"twitter:label2\" content=\"Dur\u00e9e de lecture estim\u00e9e\" \/>\n\t<meta name=\"twitter:data2\" content=\"2 minutes\" \/>\n<script type=\"application\/ld+json\" class=\"yoast-schema-graph\">{\"@context\":\"https:\/\/schema.org\",\"@graph\":[{\"@type\":\"WebSite\",\"@id\":\"https:\/\/www.nettali.com\/#website\",\"url\":\"https:\/\/www.nettali.com\/\",\"name\":\"Nettali.com\",\"description\":\"Le rendez-vous critique du Net\",\"potentialAction\":[{\"@type\":\"SearchAction\",\"target\":{\"@type\":\"EntryPoint\",\"urlTemplate\":\"https:\/\/www.nettali.com\/?s={search_term_string}\"},\"query-input\":\"required name=search_term_string\"}],\"inLanguage\":\"fr-FR\"},{\"@type\":\"ImageObject\",\"@id\":\"https:\/\/www.nettali.com\/2021\/01\/13\/dynamique-de-reprise-de-leconomie-le-taux-de-croissance-projete-a-5-en-2021\/#primaryimage\",\"inLanguage\":\"fr-FR\",\"url\":\"https:\/\/www.nettali.com\/wp-content\/uploads\/2020\/03\/Amadou-Hott-Ministre-de-l\\u00e9conomie-S\\u00e9n\\u00e9gal.jpeg\",\"contentUrl\":\"https:\/\/www.nettali.com\/wp-content\/uploads\/2020\/03\/Amadou-Hott-Ministre-de-l\\u00e9conomie-S\\u00e9n\\u00e9gal.jpeg\",\"width\":1200,\"height\":750},{\"@type\":\"WebPage\",\"@id\":\"https:\/\/www.nettali.com\/2021\/01\/13\/dynamique-de-reprise-de-leconomie-le-taux-de-croissance-projete-a-5-en-2021\/#webpage\",\"url\":\"https:\/\/www.nettali.com\/2021\/01\/13\/dynamique-de-reprise-de-leconomie-le-taux-de-croissance-projete-a-5-en-2021\/\",\"name\":\"DYNAMIQUE DE REPRISE DE L\\u2019ECONOMIE \\u2013 Le taux de croissance projet\\u00e9 \\u00e0 5% en 2021 | Nettali.com\",\"isPartOf\":{\"@id\":\"https:\/\/www.nettali.com\/#website\"},\"primaryImageOfPage\":{\"@id\":\"https:\/\/www.nettali.com\/2021\/01\/13\/dynamique-de-reprise-de-leconomie-le-taux-de-croissance-projete-a-5-en-2021\/#primaryimage\"},\"datePublished\":\"2021-01-13T20:02:15+00:00\",\"dateModified\":\"2021-01-13T22:37:09+00:00\",\"author\":{\"@id\":\"https:\/\/www.nettali.com\/#\/schema\/person\/8a06c6bd7b19304cf4bf985862900b5b\"},\"breadcrumb\":{\"@id\":\"https:\/\/www.nettali.com\/2021\/01\/13\/dynamique-de-reprise-de-leconomie-le-taux-de-croissance-projete-a-5-en-2021\/#breadcrumb\"},\"inLanguage\":\"fr-FR\",\"potentialAction\":[{\"@type\":\"ReadAction\",\"target\":[\"https:\/\/www.nettali.com\/2021\/01\/13\/dynamique-de-reprise-de-leconomie-le-taux-de-croissance-projete-a-5-en-2021\/\"]}]},{\"@type\":\"BreadcrumbList\",\"@id\":\"https:\/\/www.nettali.com\/2021\/01\/13\/dynamique-de-reprise-de-leconomie-le-taux-de-croissance-projete-a-5-en-2021\/#breadcrumb\",\"itemListElement\":[{\"@type\":\"ListItem\",\"position\":1,\"name\":\"Accueil\",\"item\":\"https:\/\/www.nettali.com\/\"},{\"@type\":\"ListItem\",\"position\":2,\"name\":\"DYNAMIQUE DE REPRISE DE L\\u2019ECONOMIE \\u2013 Le taux de croissance projet\\u00e9 \\u00e0 5% en 2021\"}]},{\"@type\":\"Person\",\"@id\":\"https:\/\/www.nettali.com\/#\/schema\/person\/8a06c6bd7b19304cf4bf985862900b5b\",\"name\":\"Thierno Diop\",\"image\":{\"@type\":\"ImageObject\",\"@id\":\"https:\/\/www.nettali.com\/#personlogo\",\"inLanguage\":\"fr-FR\",\"url\":\"https:\/\/secure.gravatar.com\/avatar\/c8ca58550c94fd2ac856d27391a6c866?s=96&d=mm&r=g\",\"contentUrl\":\"https:\/\/secure.gravatar.com\/avatar\/c8ca58550c94fd2ac856d27391a6c866?s=96&d=mm&r=g\",\"caption\":\"Thierno Diop\"},\"sameAs\":[\"https:\/\/nettali.com\"]}]}<\/script>\n<!-- \/ Yoast SEO Premium plugin. -->","yoast_head_json":{"title":"DYNAMIQUE DE REPRISE DE L\u2019ECONOMIE \u2013 Le taux de croissance projet\u00e9 \u00e0 5% en 2021 | Nettali.com","robots":{"index":"index","follow":"follow","max-snippet":"max-snippet:-1","max-image-preview":"max-image-preview:large","max-video-preview":"max-video-preview:-1"},"canonical":"https:\/\/www.nettali.com\/2021\/01\/13\/dynamique-de-reprise-de-leconomie-le-taux-de-croissance-projete-a-5-en-2021\/","og_locale":"fr_FR","og_type":"article","og_title":"DYNAMIQUE DE REPRISE DE L\u2019ECONOMIE \u2013 Le taux de croissance projet\u00e9 \u00e0 5% en 2021","og_description":"NETTALI.COM - Malgr\u00e9 les contrecoups n\u00e9fastes du coronavirus, les pr\u00e9visions du Fonds mon\u00e9taire international (FMI) annoncent une \u00a0dynamique de reprise de l\u2019\u00e9conomie s\u00e9n\u00e9galaise. Ce qui, selon l\u2019institution financi\u00e8re internationale, sera mat\u00e9rialis\u00e9e par une croissance projet\u00e9e \u00e0 5\u00a0% en 2021. Lors du grand entretien accord\u00e9 \u00e0 des journalistes locaux le 31 d\u00e9cembre 2020, le pr\u00e9sident Macky [&hellip;]","og_url":"https:\/\/www.nettali.com\/2021\/01\/13\/dynamique-de-reprise-de-leconomie-le-taux-de-croissance-projete-a-5-en-2021\/","og_site_name":"Nettali.com","article_publisher":"https:\/\/www.facebook.com\/nettalicom","article_published_time":"2021-01-13T20:02:15+00:00","article_modified_time":"2021-01-13T22:37:09+00:00","og_image":[{"width":1200,"height":750,"url":"https:\/\/www.nettali.com\/wp-content\/uploads\/2020\/03\/Amadou-Hott-Ministre-de-l\u00e9conomie-S\u00e9n\u00e9gal.jpeg","type":"image\/jpeg"}],"twitter_card":"summary_large_image","twitter_misc":{"\u00c9crit par":"Thierno Diop","Dur\u00e9e de lecture estim\u00e9e":"2 minutes"},"schema":{"@context":"https:\/\/schema.org","@graph":[{"@type":"WebSite","@id":"https:\/\/www.nettali.com\/#website","url":"https:\/\/www.nettali.com\/","name":"Nettali.com","description":"Le rendez-vous critique du Net","potentialAction":[{"@type":"SearchAction","target":{"@type":"EntryPoint","urlTemplate":"https:\/\/www.nettali.com\/?s={search_term_string}"},"query-input":"required name=search_term_string"}],"inLanguage":"fr-FR"},{"@type":"ImageObject","@id":"https:\/\/www.nettali.com\/2021\/01\/13\/dynamique-de-reprise-de-leconomie-le-taux-de-croissance-projete-a-5-en-2021\/#primaryimage","inLanguage":"fr-FR","url":"https:\/\/www.nettali.com\/wp-content\/uploads\/2020\/03\/Amadou-Hott-Ministre-de-l\u00e9conomie-S\u00e9n\u00e9gal.jpeg","contentUrl":"https:\/\/www.nettali.com\/wp-content\/uploads\/2020\/03\/Amadou-Hott-Ministre-de-l\u00e9conomie-S\u00e9n\u00e9gal.jpeg","width":1200,"height":750},{"@type":"WebPage","@id":"https:\/\/www.nettali.com\/2021\/01\/13\/dynamique-de-reprise-de-leconomie-le-taux-de-croissance-projete-a-5-en-2021\/#webpage","url":"https:\/\/www.nettali.com\/2021\/01\/13\/dynamique-de-reprise-de-leconomie-le-taux-de-croissance-projete-a-5-en-2021\/","name":"DYNAMIQUE DE REPRISE DE L\u2019ECONOMIE \u2013 Le taux de croissance projet\u00e9 \u00e0 5% en 2021 | Nettali.com","isPartOf":{"@id":"https:\/\/www.nettali.com\/#website"},"primaryImageOfPage":{"@id":"https:\/\/www.nettali.com\/2021\/01\/13\/dynamique-de-reprise-de-leconomie-le-taux-de-croissance-projete-a-5-en-2021\/#primaryimage"},"datePublished":"2021-01-13T20:02:15+00:00","dateModified":"2021-01-13T22:37:09+00:00","author":{"@id":"https:\/\/www.nettali.com\/#\/schema\/person\/8a06c6bd7b19304cf4bf985862900b5b"},"breadcrumb":{"@id":"https:\/\/www.nettali.com\/2021\/01\/13\/dynamique-de-reprise-de-leconomie-le-taux-de-croissance-projete-a-5-en-2021\/#breadcrumb"},"inLanguage":"fr-FR","potentialAction":[{"@type":"ReadAction","target":["https:\/\/www.nettali.com\/2021\/01\/13\/dynamique-de-reprise-de-leconomie-le-taux-de-croissance-projete-a-5-en-2021\/"]}]},{"@type":"BreadcrumbList","@id":"https:\/\/www.nettali.com\/2021\/01\/13\/dynamique-de-reprise-de-leconomie-le-taux-de-croissance-projete-a-5-en-2021\/#breadcrumb","itemListElement":[{"@type":"ListItem","position":1,"name":"Accueil","item":"https:\/\/www.nettali.com\/"},{"@type":"ListItem","position":2,"name":"DYNAMIQUE DE REPRISE DE L\u2019ECONOMIE \u2013 Le taux de croissance projet\u00e9 \u00e0 5% en 2021"}]},{"@type":"Person","@id":"https:\/\/www.nettali.com\/#\/schema\/person\/8a06c6bd7b19304cf4bf985862900b5b","name":"Thierno Diop","image":{"@type":"ImageObject","@id":"https:\/\/www.nettali.com\/#personlogo","inLanguage":"fr-FR","url":"https:\/\/secure.gravatar.com\/avatar\/c8ca58550c94fd2ac856d27391a6c866?s=96&d=mm&r=g","contentUrl":"https:\/\/secure.gravatar.com\/avatar\/c8ca58550c94fd2ac856d27391a6c866?s=96&d=mm&r=g","caption":"Thierno Diop"},"sameAs":["https:\/\/nettali.com"]}]}},"_links":{"self":[{"href":"https:\/\/www.nettali.com\/rest\/wp\/v2\/posts\/55509"}],"collection":[{"href":"https:\/\/www.nettali.com\/rest\/wp\/v2\/posts"}],"about":[{"href":"https:\/\/www.nettali.com\/rest\/wp\/v2\/types\/post"}],"author":[{"embeddable":true,"href":"https:\/\/www.nettali.com\/rest\/wp\/v2\/users\/11"}],"replies":[{"embeddable":true,"href":"https:\/\/www.nettali.com\/rest\/wp\/v2\/comments?post=55509"}],"version-history":[{"count":1,"href":"https:\/\/www.nettali.com\/rest\/wp\/v2\/posts\/55509\/revisions"}],"predecessor-version":[{"id":55510,"href":"https:\/\/www.nettali.com\/rest\/wp\/v2\/posts\/55509\/revisions\/55510"}],"wp:featuredmedia":[{"embeddable":true,"href":"https:\/\/www.nettali.com\/rest\/wp\/v2\/media\/31695"}],"wp:attachment":[{"href":"https:\/\/www.nettali.com\/rest\/wp\/v2\/media?parent=55509"}],"wp:term":[{"taxonomy":"category","embeddable":true,"href":"https:\/\/www.nettali.com\/rest\/wp\/v2\/categories?post=55509"},{"taxonomy":"post_tag","embeddable":true,"href":"https:\/\/www.nettali.com\/rest\/wp\/v2\/tags?post=55509"}],"curies":[{"name":"wp","href":"https:\/\/api.w.org\/{rel}","templated":true}]}}