{"id":55486,"date":"2021-01-13T12:28:21","date_gmt":"2021-01-13T12:28:21","guid":{"rendered":"https:\/\/www.nettali.com\/?p=55486"},"modified":"2021-01-13T12:29:01","modified_gmt":"2021-01-13T12:29:01","slug":"police-nationale-lagent-qui-sest-agenouille-devant-kara-radie","status":"publish","type":"post","link":"https:\/\/www.nettali.com\/2021\/01\/13\/police-nationale-lagent-qui-sest-agenouille-devant-kara-radie\/","title":{"rendered":"POLICE NATIONALE - L'agent qui s\u2019est agenouill\u00e9 devant Kara radi\u00e9"},"content":{"rendered":"<p><strong>NETTALI.COM - La radiation est la lourde sanction qui a \u00e9t\u00e9 inflig\u00e9e au policier qui s\u2019\u00e9tait agenouill\u00e9 devant son marabout, Serigne Modou Kara Mback\u00e9<\/strong>.<\/p>\n<p>Il s'agit de Pape Boubou Diop. Selon Source A dans sa parution du jour, il a \u00e9t\u00e9 affect\u00e9 \u00e0 Matam avant d'\u00eatre radi\u00e9 par la hi\u00e9rarchie polici\u00e8re.<\/p>\n<p>Pour rappel, le policier, en faction au palais Djily Mbaye de Louga, s\u2019\u00e9tait prostern\u00e9 devant son guide spirituel qui y s\u00e9journait.<\/p>\n<p>Par ailleurs, l\u2019agent de police, \u00e0 en croire la m\u00eame source, n\u2019a pas regrett\u00e9 son acte, au motif que Kara reste son guide, donc il ne peut qu\u2019agir avec r\u00e9v\u00e9rence devant lui.<\/p>\n<div class='share-to-whatsapp-wrapper'><div class='share-on-whsp'>PARTAGER SUR : <\/div><a data-text='POLICE NATIONALE - L'agent qui s\u2019est agenouill\u00e9 devant Kara radi\u00e9' data-link='https:\/\/www.nettali.com\/2021\/01\/13\/police-nationale-lagent-qui-sest-agenouille-devant-kara-radie\/' class='whatsapp-button whatsapp-share'>WhatsApp<\/a><div class='clear '><\/div><\/div>","protected":false},"excerpt":{"rendered":"<p>NETTALI.COM - La radiation est la lourde sanction qui a \u00e9t\u00e9 inflig\u00e9e au policier qui s\u2019\u00e9tait agenouill\u00e9 devant son marabout, Serigne Modou Kara Mback\u00e9. Il s'agit de Pape Boubou Diop. Selon Source A dans sa parution du jour, il a \u00e9t\u00e9 affect\u00e9 \u00e0 Matam avant d'\u00eatre radi\u00e9 par la hi\u00e9rarchie polici\u00e8re. Pour rappel, le policier, [&hellip;]<\/p>\n","protected":false},"author":5,"featured_media":55487,"comment_status":"open","ping_status":"open","sticky":false,"template":"","format":"standard","meta":{"_et_pb_use_builder":"","_et_pb_old_content":""},"categories":[3],"tags":[],"yoast_head":"<!-- This site is optimized with the Yoast SEO Premium plugin v17.8 (Yoast SEO v17.8) - https:\/\/yoast.com\/wordpress\/plugins\/seo\/ -->\n<title>POLICE NATIONALE - L&#039;agent qui s\u2019est agenouill\u00e9 devant Kara radi\u00e9 | Nettali.com<\/title>\n<meta name=\"robots\" content=\"index, follow, max-snippet:-1, max-image-preview:large, max-video-preview:-1\" \/>\n<link rel=\"canonical\" href=\"https:\/\/www.nettali.com\/2021\/01\/13\/police-nationale-lagent-qui-sest-agenouille-devant-kara-radie\/\" \/>\n<meta property=\"og:locale\" content=\"fr_FR\" \/>\n<meta property=\"og:type\" content=\"article\" \/>\n<meta property=\"og:title\" content=\"POLICE NATIONALE - L&#039;agent qui s\u2019est agenouill\u00e9 devant Kara radi\u00e9\" \/>\n<meta property=\"og:description\" content=\"NETTALI.COM - La radiation est la lourde sanction qui a \u00e9t\u00e9 inflig\u00e9e au policier qui s\u2019\u00e9tait agenouill\u00e9 devant son marabout, Serigne Modou Kara Mback\u00e9. Il s&#039;agit de Pape Boubou Diop. Selon Source A dans sa parution du jour, il a \u00e9t\u00e9 affect\u00e9 \u00e0 Matam avant d&#039;\u00eatre radi\u00e9 par la hi\u00e9rarchie polici\u00e8re. Pour rappel, le policier, [&hellip;]\" \/>\n<meta property=\"og:url\" content=\"https:\/\/www.nettali.com\/2021\/01\/13\/police-nationale-lagent-qui-sest-agenouille-devant-kara-radie\/\" \/>\n<meta property=\"og:site_name\" content=\"Nettali.com\" \/>\n<meta property=\"article:publisher\" content=\"https:\/\/www.facebook.com\/nettalicom\" \/>\n<meta property=\"article:published_time\" content=\"2021-01-13T12:28:21+00:00\" \/>\n<meta property=\"article:modified_time\" content=\"2021-01-13T12:29:01+00:00\" \/>\n<meta property=\"og:image\" content=\"https:\/\/www.nettali.com\/wp-content\/uploads\/2021\/01\/policier-engouille-kara.jpeg\" \/>\n\t<meta property=\"og:image:width\" content=\"634\" \/>\n\t<meta property=\"og:image:height\" content=\"332\" \/>\n<meta name=\"twitter:card\" content=\"summary_large_image\" \/>\n<meta name=\"twitter:label1\" content=\"\u00c9crit par\" \/>\n\t<meta name=\"twitter:data1\" content=\"Ibrahima\" \/>\n\t<meta name=\"twitter:label2\" content=\"Dur\u00e9e de lecture estim\u00e9e\" \/>\n\t<meta name=\"twitter:data2\" content=\"1 minute\" \/>\n<script type=\"application\/ld+json\" class=\"yoast-schema-graph\">{\"@context\":\"https:\/\/schema.org\",\"@graph\":[{\"@type\":\"WebSite\",\"@id\":\"https:\/\/www.nettali.com\/#website\",\"url\":\"https:\/\/www.nettali.com\/\",\"name\":\"Nettali.com\",\"description\":\"Le rendez-vous critique du Net\",\"potentialAction\":[{\"@type\":\"SearchAction\",\"target\":{\"@type\":\"EntryPoint\",\"urlTemplate\":\"https:\/\/www.nettali.com\/?s={search_term_string}\"},\"query-input\":\"required name=search_term_string\"}],\"inLanguage\":\"fr-FR\"},{\"@type\":\"ImageObject\",\"@id\":\"https:\/\/www.nettali.com\/2021\/01\/13\/police-nationale-lagent-qui-sest-agenouille-devant-kara-radie\/#primaryimage\",\"inLanguage\":\"fr-FR\",\"url\":\"https:\/\/www.nettali.com\/wp-content\/uploads\/2021\/01\/policier-engouille-kara.jpeg\",\"contentUrl\":\"https:\/\/www.nettali.com\/wp-content\/uploads\/2021\/01\/policier-engouille-kara.jpeg\",\"width\":634,\"height\":332},{\"@type\":\"WebPage\",\"@id\":\"https:\/\/www.nettali.com\/2021\/01\/13\/police-nationale-lagent-qui-sest-agenouille-devant-kara-radie\/#webpage\",\"url\":\"https:\/\/www.nettali.com\/2021\/01\/13\/police-nationale-lagent-qui-sest-agenouille-devant-kara-radie\/\",\"name\":\"POLICE NATIONALE - L'agent qui s\\u2019est agenouill\\u00e9 devant Kara radi\\u00e9 | Nettali.com\",\"isPartOf\":{\"@id\":\"https:\/\/www.nettali.com\/#website\"},\"primaryImageOfPage\":{\"@id\":\"https:\/\/www.nettali.com\/2021\/01\/13\/police-nationale-lagent-qui-sest-agenouille-devant-kara-radie\/#primaryimage\"},\"datePublished\":\"2021-01-13T12:28:21+00:00\",\"dateModified\":\"2021-01-13T12:29:01+00:00\",\"author\":{\"@id\":\"https:\/\/www.nettali.com\/#\/schema\/person\/bb147657c2986240405a608162b9bb23\"},\"breadcrumb\":{\"@id\":\"https:\/\/www.nettali.com\/2021\/01\/13\/police-nationale-lagent-qui-sest-agenouille-devant-kara-radie\/#breadcrumb\"},\"inLanguage\":\"fr-FR\",\"potentialAction\":[{\"@type\":\"ReadAction\",\"target\":[\"https:\/\/www.nettali.com\/2021\/01\/13\/police-nationale-lagent-qui-sest-agenouille-devant-kara-radie\/\"]}]},{\"@type\":\"BreadcrumbList\",\"@id\":\"https:\/\/www.nettali.com\/2021\/01\/13\/police-nationale-lagent-qui-sest-agenouille-devant-kara-radie\/#breadcrumb\",\"itemListElement\":[{\"@type\":\"ListItem\",\"position\":1,\"name\":\"Accueil\",\"item\":\"https:\/\/www.nettali.com\/\"},{\"@type\":\"ListItem\",\"position\":2,\"name\":\"POLICE NATIONALE &#8211; L&rsquo;agent qui s\\u2019est agenouill\\u00e9 devant Kara radi\\u00e9\"}]},{\"@type\":\"Person\",\"@id\":\"https:\/\/www.nettali.com\/#\/schema\/person\/bb147657c2986240405a608162b9bb23\",\"name\":\"Ibrahima\",\"image\":{\"@type\":\"ImageObject\",\"@id\":\"https:\/\/www.nettali.com\/#personlogo\",\"inLanguage\":\"fr-FR\",\"url\":\"https:\/\/secure.gravatar.com\/avatar\/26a8a81f09f0dd7624c9d5c36c9ba3a2?s=96&d=mm&r=g\",\"contentUrl\":\"https:\/\/secure.gravatar.com\/avatar\/26a8a81f09f0dd7624c9d5c36c9ba3a2?s=96&d=mm&r=g\",\"caption\":\"Ibrahima\"},\"sameAs\":[\"https:\/\/www.nettali.com\"]}]}<\/script>\n<!-- \/ Yoast SEO Premium plugin. -->","yoast_head_json":{"title":"POLICE NATIONALE - L'agent qui s\u2019est agenouill\u00e9 devant Kara radi\u00e9 | Nettali.com","robots":{"index":"index","follow":"follow","max-snippet":"max-snippet:-1","max-image-preview":"max-image-preview:large","max-video-preview":"max-video-preview:-1"},"canonical":"https:\/\/www.nettali.com\/2021\/01\/13\/police-nationale-lagent-qui-sest-agenouille-devant-kara-radie\/","og_locale":"fr_FR","og_type":"article","og_title":"POLICE NATIONALE - L'agent qui s\u2019est agenouill\u00e9 devant Kara radi\u00e9","og_description":"NETTALI.COM - La radiation est la lourde sanction qui a \u00e9t\u00e9 inflig\u00e9e au policier qui s\u2019\u00e9tait agenouill\u00e9 devant son marabout, Serigne Modou Kara Mback\u00e9. Il s'agit de Pape Boubou Diop. Selon Source A dans sa parution du jour, il a \u00e9t\u00e9 affect\u00e9 \u00e0 Matam avant d'\u00eatre radi\u00e9 par la hi\u00e9rarchie polici\u00e8re. Pour rappel, le policier, [&hellip;]","og_url":"https:\/\/www.nettali.com\/2021\/01\/13\/police-nationale-lagent-qui-sest-agenouille-devant-kara-radie\/","og_site_name":"Nettali.com","article_publisher":"https:\/\/www.facebook.com\/nettalicom","article_published_time":"2021-01-13T12:28:21+00:00","article_modified_time":"2021-01-13T12:29:01+00:00","og_image":[{"width":634,"height":332,"url":"https:\/\/www.nettali.com\/wp-content\/uploads\/2021\/01\/policier-engouille-kara.jpeg","type":"image\/jpeg"}],"twitter_card":"summary_large_image","twitter_misc":{"\u00c9crit par":"Ibrahima","Dur\u00e9e de lecture estim\u00e9e":"1 minute"},"schema":{"@context":"https:\/\/schema.org","@graph":[{"@type":"WebSite","@id":"https:\/\/www.nettali.com\/#website","url":"https:\/\/www.nettali.com\/","name":"Nettali.com","description":"Le rendez-vous critique du Net","potentialAction":[{"@type":"SearchAction","target":{"@type":"EntryPoint","urlTemplate":"https:\/\/www.nettali.com\/?s={search_term_string}"},"query-input":"required name=search_term_string"}],"inLanguage":"fr-FR"},{"@type":"ImageObject","@id":"https:\/\/www.nettali.com\/2021\/01\/13\/police-nationale-lagent-qui-sest-agenouille-devant-kara-radie\/#primaryimage","inLanguage":"fr-FR","url":"https:\/\/www.nettali.com\/wp-content\/uploads\/2021\/01\/policier-engouille-kara.jpeg","contentUrl":"https:\/\/www.nettali.com\/wp-content\/uploads\/2021\/01\/policier-engouille-kara.jpeg","width":634,"height":332},{"@type":"WebPage","@id":"https:\/\/www.nettali.com\/2021\/01\/13\/police-nationale-lagent-qui-sest-agenouille-devant-kara-radie\/#webpage","url":"https:\/\/www.nettali.com\/2021\/01\/13\/police-nationale-lagent-qui-sest-agenouille-devant-kara-radie\/","name":"POLICE NATIONALE - L'agent qui s\u2019est agenouill\u00e9 devant Kara radi\u00e9 | Nettali.com","isPartOf":{"@id":"https:\/\/www.nettali.com\/#website"},"primaryImageOfPage":{"@id":"https:\/\/www.nettali.com\/2021\/01\/13\/police-nationale-lagent-qui-sest-agenouille-devant-kara-radie\/#primaryimage"},"datePublished":"2021-01-13T12:28:21+00:00","dateModified":"2021-01-13T12:29:01+00:00","author":{"@id":"https:\/\/www.nettali.com\/#\/schema\/person\/bb147657c2986240405a608162b9bb23"},"breadcrumb":{"@id":"https:\/\/www.nettali.com\/2021\/01\/13\/police-nationale-lagent-qui-sest-agenouille-devant-kara-radie\/#breadcrumb"},"inLanguage":"fr-FR","potentialAction":[{"@type":"ReadAction","target":["https:\/\/www.nettali.com\/2021\/01\/13\/police-nationale-lagent-qui-sest-agenouille-devant-kara-radie\/"]}]},{"@type":"BreadcrumbList","@id":"https:\/\/www.nettali.com\/2021\/01\/13\/police-nationale-lagent-qui-sest-agenouille-devant-kara-radie\/#breadcrumb","itemListElement":[{"@type":"ListItem","position":1,"name":"Accueil","item":"https:\/\/www.nettali.com\/"},{"@type":"ListItem","position":2,"name":"POLICE NATIONALE &#8211; L&rsquo;agent qui s\u2019est agenouill\u00e9 devant Kara radi\u00e9"}]},{"@type":"Person","@id":"https:\/\/www.nettali.com\/#\/schema\/person\/bb147657c2986240405a608162b9bb23","name":"Ibrahima","image":{"@type":"ImageObject","@id":"https:\/\/www.nettali.com\/#personlogo","inLanguage":"fr-FR","url":"https:\/\/secure.gravatar.com\/avatar\/26a8a81f09f0dd7624c9d5c36c9ba3a2?s=96&d=mm&r=g","contentUrl":"https:\/\/secure.gravatar.com\/avatar\/26a8a81f09f0dd7624c9d5c36c9ba3a2?s=96&d=mm&r=g","caption":"Ibrahima"},"sameAs":["https:\/\/www.nettali.com"]}]}},"_links":{"self":[{"href":"https:\/\/www.nettali.com\/rest\/wp\/v2\/posts\/55486"}],"collection":[{"href":"https:\/\/www.nettali.com\/rest\/wp\/v2\/posts"}],"about":[{"href":"https:\/\/www.nettali.com\/rest\/wp\/v2\/types\/post"}],"author":[{"embeddable":true,"href":"https:\/\/www.nettali.com\/rest\/wp\/v2\/users\/5"}],"replies":[{"embeddable":true,"href":"https:\/\/www.nettali.com\/rest\/wp\/v2\/comments?post=55486"}],"version-history":[{"count":3,"href":"https:\/\/www.nettali.com\/rest\/wp\/v2\/posts\/55486\/revisions"}],"predecessor-version":[{"id":55493,"href":"https:\/\/www.nettali.com\/rest\/wp\/v2\/posts\/55486\/revisions\/55493"}],"wp:featuredmedia":[{"embeddable":true,"href":"https:\/\/www.nettali.com\/rest\/wp\/v2\/media\/55487"}],"wp:attachment":[{"href":"https:\/\/www.nettali.com\/rest\/wp\/v2\/media?parent=55486"}],"wp:term":[{"taxonomy":"category","embeddable":true,"href":"https:\/\/www.nettali.com\/rest\/wp\/v2\/categories?post=55486"},{"taxonomy":"post_tag","embeddable":true,"href":"https:\/\/www.nettali.com\/rest\/wp\/v2\/tags?post=55486"}],"curies":[{"name":"wp","href":"https:\/\/api.w.org\/{rel}","templated":true}]}}