{"id":55477,"date":"2021-01-13T11:44:57","date_gmt":"2021-01-13T11:44:57","guid":{"rendered":"https:\/\/www.nettali.com\/?p=55477"},"modified":"2021-01-13T11:44:57","modified_gmt":"2021-01-13T11:44:57","slug":"etat-des-libertes-publiques-au-senegal-alioune-tine-brosse-un-sombre-tableau","status":"publish","type":"post","link":"https:\/\/www.nettali.com\/2021\/01\/13\/etat-des-libertes-publiques-au-senegal-alioune-tine-brosse-un-sombre-tableau\/","title":{"rendered":"ETAT DES LIBERTES PUBLIQUES AU SENEGAL \u2013 Alioune Tine brosse un sombre tableau"},"content":{"rendered":"<p><strong>NETTALI.COM \u2013 La modification de la loi sur l\u2019\u00e9tat d\u2019urgence et l\u2019\u00e9tat de si\u00e8ge n\u2019emporte pas l\u2019adh\u00e9sion de Alioune Tine, qui pointe un recul d\u00e9mocratique. De l\u2019avis de l\u2019ex-coordonnateur du M23, on a \u00ab\u00a0<em>discr\u00e9dit\u00e9<\/em>\u00a0\u00bb l\u2019Assembl\u00e9e nationale. <\/strong><\/p>\n<p>L\u2019ancien patron de la Radhho se prononce sur la modification de la loi sur l\u2019\u00e9tat d\u2019urgence et l\u2019\u2019\u00e9tat de si\u00e8ge et d\u00e9sapprouve la d\u00e9marche de la majorit\u00e9. \u00ab\u00a0<em>J\u2019ai \u00e9t\u00e9 le premier, dans les colonnes de Sud Quotidien, \u00e0 alerter contre cette loi. Car, nous sommes dans un Etat de droit et quand on quitte l\u2019Etat de Droit, c\u2019est l\u2019Etat de police. L\u2019\u00e9tat d\u2019urgence postule que l\u2019on enl\u00e8ve aux citoyens beaucoup de droits et de libert\u00e9s. Une seule institution ne doit pas en d\u00e9cider. C\u2019est pourquoi, c\u2019est une loi tr\u00e8s encadr\u00e9e\u00a0 pour que l\u2019Assembl\u00e9e puisse \u00e9mettre son avis\u00a0<\/em>\u00bb, mentionne Alioune Tine.<\/p>\n<p>Il rappelle que celle loi date de l\u2019\u00e9poque du \u00ab\u00a0<em>Parti unique<\/em>\u00a0\u00bb, dans les ann\u00e9es 60. Sous ce rapport, M. Tine d\u00e9monte l\u2019argumentaire du ministre de l\u2019Int\u00e9rieur, Antoine Diome, soulignant que la nouvelle loi est \u00e9largie aux catastrophes sanitaires et sanitaires. \u00ab\u00a0<em>Cette loi (<\/em>l\u2019ancienne<em>) comportait d\u00e9j\u00e0 des dispositions pr\u00e9voyant les catastrophes naturelles et sanitaires. On a encore discr\u00e9dit\u00e9 l\u2019Assembl\u00e9e nationale. On en oublie que le 23 juin, le point de cristallisation de la crise, c\u2019\u00e9tait l\u2019Assembl\u00e9e nationale. Une telle assembl\u00e9e ne devait plus exister<\/em>\u00a0\u00bb, explique Alioune Tine, qui \u00e9tait invit\u00e9, ce mardi, \u00e0 l\u2019\u00e9mission \u00ab\u00a0<em>D\u2019Clique\u00a0\u00bb,<\/em> sur la Tfm.<\/p>\n<p>L\u2019ex-leader de la Raddho de r\u00e9v\u00e9ler que le 23 juin 2011, si l\u2019on n\u2019avait pas br\u00fbl\u00e9 le si\u00e8ge de l\u2019Assembl\u00e9e nationale du S\u00e9n\u00e9gal, comme ce fut cas en octobre 2014 au Burkina Faso, c\u2019est parce que Moustapha Niasse et Serigne Mbaye Thiam avaient jou\u00e9 la carte de l\u2019apaisement pour calmer les ardeurs des jeunes manifestants.<\/p>\n<p>\u00ab\u00a0<em>La vraie autorit\u00e9 de l\u2019Etat ne s\u2019exerce pas toujours manu militari, l\u2019autorit\u00e9 de l\u2019Etat, c\u2019est aussi une autorit\u00e9 morale qui fait que l\u2019on ob\u00e9it au chef sans contrainte physique<\/em>\u00a0\u00bb, th\u00e9orise le c\u00e9l\u00e8bre d\u00e9fenseur des droits de l\u2019Homme. \u00ab\u00a0<em>Cette loi me fait peur, car elle porte atteinte au Droit. M\u00eame les organisations de d\u00e9fense des droits de l\u2019Homme n\u2019ont pas \u00e9t\u00e9 consult\u00e9es. Aujourd\u2019hui, il y a dans la sous-r\u00e9gion, des tendances lourdes \u00e0 l\u2019autoritarisme, la dictature\u00a0 et \u00e0 la r\u00e9pression<\/em>\u00bb, avertit-il.<\/p>\n<p>En r\u00e9sume, Alioune Tine parle de <em>\u00ab\u00a0recul d\u00e9mocratique<\/em>\u00a0\u00bb et en veut pour preuve\u00a0: \u00ab\u00a0<em>Le Comit\u00e9 des droits de l\u2019Homme a \u00e9t\u00e9 cr\u00e9\u00e9 par L\u00e9opold S\u00e9dar Senghor en 1974. Apr\u00e8s les l\u00e9gislatives de 1978, l\u2019opposition \u00e9tait repr\u00e9sent\u00e9e au Parlement \u00e0 hauteur de 20%, aujourd\u2019hui, on n\u2019atteint plus ce ratio\u00a0<\/em>\u00bb.<\/p>\n<div class='share-to-whatsapp-wrapper'><div class='share-on-whsp'>PARTAGER SUR : <\/div><a data-text='ETAT DES LIBERTES PUBLIQUES AU SENEGAL \u2013 Alioune Tine brosse un sombre tableau' data-link='https:\/\/www.nettali.com\/2021\/01\/13\/etat-des-libertes-publiques-au-senegal-alioune-tine-brosse-un-sombre-tableau\/' class='whatsapp-button whatsapp-share'>WhatsApp<\/a><div class='clear '><\/div><\/div>","protected":false},"excerpt":{"rendered":"<p>NETTALI.COM \u2013 La modification de la loi sur l\u2019\u00e9tat d\u2019urgence et l\u2019\u00e9tat de si\u00e8ge n\u2019emporte pas l\u2019adh\u00e9sion de Alioune Tine, qui pointe un recul d\u00e9mocratique. De l\u2019avis de l\u2019ex-coordonnateur du M23, on a \u00ab\u00a0discr\u00e9dit\u00e9\u00a0\u00bb l\u2019Assembl\u00e9e nationale. L\u2019ancien patron de la Radhho se prononce sur la modification de la loi sur l\u2019\u00e9tat d\u2019urgence et l\u2019\u2019\u00e9tat de [&hellip;]<\/p>\n","protected":false},"author":11,"featured_media":875,"comment_status":"open","ping_status":"open","sticky":false,"template":"","format":"standard","meta":{"_et_pb_use_builder":"","_et_pb_old_content":""},"categories":[2],"tags":[],"yoast_head":"<!-- This site is optimized with the Yoast SEO Premium plugin v17.8 (Yoast SEO v17.8) - https:\/\/yoast.com\/wordpress\/plugins\/seo\/ -->\n<title>ETAT DES LIBERTES PUBLIQUES AU SENEGAL \u2013 Alioune Tine brosse un sombre tableau | Nettali.com<\/title>\n<meta name=\"robots\" content=\"index, follow, max-snippet:-1, max-image-preview:large, max-video-preview:-1\" \/>\n<link rel=\"canonical\" href=\"https:\/\/www.nettali.com\/2021\/01\/13\/etat-des-libertes-publiques-au-senegal-alioune-tine-brosse-un-sombre-tableau\/\" \/>\n<meta property=\"og:locale\" content=\"fr_FR\" \/>\n<meta property=\"og:type\" content=\"article\" \/>\n<meta property=\"og:title\" content=\"ETAT DES LIBERTES PUBLIQUES AU SENEGAL \u2013 Alioune Tine brosse un sombre tableau\" \/>\n<meta property=\"og:description\" content=\"NETTALI.COM \u2013 La modification de la loi sur l\u2019\u00e9tat d\u2019urgence et l\u2019\u00e9tat de si\u00e8ge n\u2019emporte pas l\u2019adh\u00e9sion de Alioune Tine, qui pointe un recul d\u00e9mocratique. De l\u2019avis de l\u2019ex-coordonnateur du M23, on a \u00ab\u00a0discr\u00e9dit\u00e9\u00a0\u00bb l\u2019Assembl\u00e9e nationale. L\u2019ancien patron de la Radhho se prononce sur la modification de la loi sur l\u2019\u00e9tat d\u2019urgence et l\u2019\u2019\u00e9tat de [&hellip;]\" \/>\n<meta property=\"og:url\" content=\"https:\/\/www.nettali.com\/2021\/01\/13\/etat-des-libertes-publiques-au-senegal-alioune-tine-brosse-un-sombre-tableau\/\" \/>\n<meta property=\"og:site_name\" content=\"Nettali.com\" \/>\n<meta property=\"article:publisher\" content=\"https:\/\/www.facebook.com\/nettalicom\" \/>\n<meta property=\"article:published_time\" content=\"2021-01-13T11:44:57+00:00\" \/>\n<meta property=\"og:image\" content=\"https:\/\/www.nettali.com\/wp-content\/uploads\/2019\/03\/ALIOUNE-TINE.jpg\" \/>\n\t<meta property=\"og:image:width\" content=\"505\" \/>\n\t<meta property=\"og:image:height\" content=\"283\" \/>\n<meta name=\"twitter:card\" content=\"summary_large_image\" \/>\n<meta name=\"twitter:label1\" content=\"\u00c9crit par\" \/>\n\t<meta name=\"twitter:data1\" content=\"Thierno Diop\" \/>\n\t<meta name=\"twitter:label2\" content=\"Dur\u00e9e de lecture estim\u00e9e\" \/>\n\t<meta name=\"twitter:data2\" content=\"3 minutes\" \/>\n<script type=\"application\/ld+json\" class=\"yoast-schema-graph\">{\"@context\":\"https:\/\/schema.org\",\"@graph\":[{\"@type\":\"WebSite\",\"@id\":\"https:\/\/www.nettali.com\/#website\",\"url\":\"https:\/\/www.nettali.com\/\",\"name\":\"Nettali.com\",\"description\":\"Le rendez-vous critique du Net\",\"potentialAction\":[{\"@type\":\"SearchAction\",\"target\":{\"@type\":\"EntryPoint\",\"urlTemplate\":\"https:\/\/www.nettali.com\/?s={search_term_string}\"},\"query-input\":\"required name=search_term_string\"}],\"inLanguage\":\"fr-FR\"},{\"@type\":\"ImageObject\",\"@id\":\"https:\/\/www.nettali.com\/2021\/01\/13\/etat-des-libertes-publiques-au-senegal-alioune-tine-brosse-un-sombre-tableau\/#primaryimage\",\"inLanguage\":\"fr-FR\",\"url\":\"https:\/\/www.nettali.com\/wp-content\/uploads\/2019\/03\/ALIOUNE-TINE.jpg\",\"contentUrl\":\"https:\/\/www.nettali.com\/wp-content\/uploads\/2019\/03\/ALIOUNE-TINE.jpg\",\"width\":505,\"height\":283},{\"@type\":\"WebPage\",\"@id\":\"https:\/\/www.nettali.com\/2021\/01\/13\/etat-des-libertes-publiques-au-senegal-alioune-tine-brosse-un-sombre-tableau\/#webpage\",\"url\":\"https:\/\/www.nettali.com\/2021\/01\/13\/etat-des-libertes-publiques-au-senegal-alioune-tine-brosse-un-sombre-tableau\/\",\"name\":\"ETAT DES LIBERTES PUBLIQUES AU SENEGAL \\u2013 Alioune Tine brosse un sombre tableau | Nettali.com\",\"isPartOf\":{\"@id\":\"https:\/\/www.nettali.com\/#website\"},\"primaryImageOfPage\":{\"@id\":\"https:\/\/www.nettali.com\/2021\/01\/13\/etat-des-libertes-publiques-au-senegal-alioune-tine-brosse-un-sombre-tableau\/#primaryimage\"},\"datePublished\":\"2021-01-13T11:44:57+00:00\",\"dateModified\":\"2021-01-13T11:44:57+00:00\",\"author\":{\"@id\":\"https:\/\/www.nettali.com\/#\/schema\/person\/8a06c6bd7b19304cf4bf985862900b5b\"},\"breadcrumb\":{\"@id\":\"https:\/\/www.nettali.com\/2021\/01\/13\/etat-des-libertes-publiques-au-senegal-alioune-tine-brosse-un-sombre-tableau\/#breadcrumb\"},\"inLanguage\":\"fr-FR\",\"potentialAction\":[{\"@type\":\"ReadAction\",\"target\":[\"https:\/\/www.nettali.com\/2021\/01\/13\/etat-des-libertes-publiques-au-senegal-alioune-tine-brosse-un-sombre-tableau\/\"]}]},{\"@type\":\"BreadcrumbList\",\"@id\":\"https:\/\/www.nettali.com\/2021\/01\/13\/etat-des-libertes-publiques-au-senegal-alioune-tine-brosse-un-sombre-tableau\/#breadcrumb\",\"itemListElement\":[{\"@type\":\"ListItem\",\"position\":1,\"name\":\"Accueil\",\"item\":\"https:\/\/www.nettali.com\/\"},{\"@type\":\"ListItem\",\"position\":2,\"name\":\"ETAT DES LIBERTES PUBLIQUES AU SENEGAL \\u2013 Alioune Tine brosse un sombre tableau\"}]},{\"@type\":\"Person\",\"@id\":\"https:\/\/www.nettali.com\/#\/schema\/person\/8a06c6bd7b19304cf4bf985862900b5b\",\"name\":\"Thierno Diop\",\"image\":{\"@type\":\"ImageObject\",\"@id\":\"https:\/\/www.nettali.com\/#personlogo\",\"inLanguage\":\"fr-FR\",\"url\":\"https:\/\/secure.gravatar.com\/avatar\/c8ca58550c94fd2ac856d27391a6c866?s=96&d=mm&r=g\",\"contentUrl\":\"https:\/\/secure.gravatar.com\/avatar\/c8ca58550c94fd2ac856d27391a6c866?s=96&d=mm&r=g\",\"caption\":\"Thierno Diop\"},\"sameAs\":[\"https:\/\/nettali.com\"]}]}<\/script>\n<!-- \/ Yoast SEO Premium plugin. -->","yoast_head_json":{"title":"ETAT DES LIBERTES PUBLIQUES AU SENEGAL \u2013 Alioune Tine brosse un sombre tableau | Nettali.com","robots":{"index":"index","follow":"follow","max-snippet":"max-snippet:-1","max-image-preview":"max-image-preview:large","max-video-preview":"max-video-preview:-1"},"canonical":"https:\/\/www.nettali.com\/2021\/01\/13\/etat-des-libertes-publiques-au-senegal-alioune-tine-brosse-un-sombre-tableau\/","og_locale":"fr_FR","og_type":"article","og_title":"ETAT DES LIBERTES PUBLIQUES AU SENEGAL \u2013 Alioune Tine brosse un sombre tableau","og_description":"NETTALI.COM \u2013 La modification de la loi sur l\u2019\u00e9tat d\u2019urgence et l\u2019\u00e9tat de si\u00e8ge n\u2019emporte pas l\u2019adh\u00e9sion de Alioune Tine, qui pointe un recul d\u00e9mocratique. De l\u2019avis de l\u2019ex-coordonnateur du M23, on a \u00ab\u00a0discr\u00e9dit\u00e9\u00a0\u00bb l\u2019Assembl\u00e9e nationale. L\u2019ancien patron de la Radhho se prononce sur la modification de la loi sur l\u2019\u00e9tat d\u2019urgence et l\u2019\u2019\u00e9tat de [&hellip;]","og_url":"https:\/\/www.nettali.com\/2021\/01\/13\/etat-des-libertes-publiques-au-senegal-alioune-tine-brosse-un-sombre-tableau\/","og_site_name":"Nettali.com","article_publisher":"https:\/\/www.facebook.com\/nettalicom","article_published_time":"2021-01-13T11:44:57+00:00","og_image":[{"width":505,"height":283,"url":"https:\/\/www.nettali.com\/wp-content\/uploads\/2019\/03\/ALIOUNE-TINE.jpg","type":"image\/jpeg"}],"twitter_card":"summary_large_image","twitter_misc":{"\u00c9crit par":"Thierno Diop","Dur\u00e9e de lecture estim\u00e9e":"3 minutes"},"schema":{"@context":"https:\/\/schema.org","@graph":[{"@type":"WebSite","@id":"https:\/\/www.nettali.com\/#website","url":"https:\/\/www.nettali.com\/","name":"Nettali.com","description":"Le rendez-vous critique du Net","potentialAction":[{"@type":"SearchAction","target":{"@type":"EntryPoint","urlTemplate":"https:\/\/www.nettali.com\/?s={search_term_string}"},"query-input":"required name=search_term_string"}],"inLanguage":"fr-FR"},{"@type":"ImageObject","@id":"https:\/\/www.nettali.com\/2021\/01\/13\/etat-des-libertes-publiques-au-senegal-alioune-tine-brosse-un-sombre-tableau\/#primaryimage","inLanguage":"fr-FR","url":"https:\/\/www.nettali.com\/wp-content\/uploads\/2019\/03\/ALIOUNE-TINE.jpg","contentUrl":"https:\/\/www.nettali.com\/wp-content\/uploads\/2019\/03\/ALIOUNE-TINE.jpg","width":505,"height":283},{"@type":"WebPage","@id":"https:\/\/www.nettali.com\/2021\/01\/13\/etat-des-libertes-publiques-au-senegal-alioune-tine-brosse-un-sombre-tableau\/#webpage","url":"https:\/\/www.nettali.com\/2021\/01\/13\/etat-des-libertes-publiques-au-senegal-alioune-tine-brosse-un-sombre-tableau\/","name":"ETAT DES LIBERTES PUBLIQUES AU SENEGAL \u2013 Alioune Tine brosse un sombre tableau | Nettali.com","isPartOf":{"@id":"https:\/\/www.nettali.com\/#website"},"primaryImageOfPage":{"@id":"https:\/\/www.nettali.com\/2021\/01\/13\/etat-des-libertes-publiques-au-senegal-alioune-tine-brosse-un-sombre-tableau\/#primaryimage"},"datePublished":"2021-01-13T11:44:57+00:00","dateModified":"2021-01-13T11:44:57+00:00","author":{"@id":"https:\/\/www.nettali.com\/#\/schema\/person\/8a06c6bd7b19304cf4bf985862900b5b"},"breadcrumb":{"@id":"https:\/\/www.nettali.com\/2021\/01\/13\/etat-des-libertes-publiques-au-senegal-alioune-tine-brosse-un-sombre-tableau\/#breadcrumb"},"inLanguage":"fr-FR","potentialAction":[{"@type":"ReadAction","target":["https:\/\/www.nettali.com\/2021\/01\/13\/etat-des-libertes-publiques-au-senegal-alioune-tine-brosse-un-sombre-tableau\/"]}]},{"@type":"BreadcrumbList","@id":"https:\/\/www.nettali.com\/2021\/01\/13\/etat-des-libertes-publiques-au-senegal-alioune-tine-brosse-un-sombre-tableau\/#breadcrumb","itemListElement":[{"@type":"ListItem","position":1,"name":"Accueil","item":"https:\/\/www.nettali.com\/"},{"@type":"ListItem","position":2,"name":"ETAT DES LIBERTES PUBLIQUES AU SENEGAL \u2013 Alioune Tine brosse un sombre tableau"}]},{"@type":"Person","@id":"https:\/\/www.nettali.com\/#\/schema\/person\/8a06c6bd7b19304cf4bf985862900b5b","name":"Thierno Diop","image":{"@type":"ImageObject","@id":"https:\/\/www.nettali.com\/#personlogo","inLanguage":"fr-FR","url":"https:\/\/secure.gravatar.com\/avatar\/c8ca58550c94fd2ac856d27391a6c866?s=96&d=mm&r=g","contentUrl":"https:\/\/secure.gravatar.com\/avatar\/c8ca58550c94fd2ac856d27391a6c866?s=96&d=mm&r=g","caption":"Thierno Diop"},"sameAs":["https:\/\/nettali.com"]}]}},"_links":{"self":[{"href":"https:\/\/www.nettali.com\/rest\/wp\/v2\/posts\/55477"}],"collection":[{"href":"https:\/\/www.nettali.com\/rest\/wp\/v2\/posts"}],"about":[{"href":"https:\/\/www.nettali.com\/rest\/wp\/v2\/types\/post"}],"author":[{"embeddable":true,"href":"https:\/\/www.nettali.com\/rest\/wp\/v2\/users\/11"}],"replies":[{"embeddable":true,"href":"https:\/\/www.nettali.com\/rest\/wp\/v2\/comments?post=55477"}],"version-history":[{"count":1,"href":"https:\/\/www.nettali.com\/rest\/wp\/v2\/posts\/55477\/revisions"}],"predecessor-version":[{"id":55478,"href":"https:\/\/www.nettali.com\/rest\/wp\/v2\/posts\/55477\/revisions\/55478"}],"wp:featuredmedia":[{"embeddable":true,"href":"https:\/\/www.nettali.com\/rest\/wp\/v2\/media\/875"}],"wp:attachment":[{"href":"https:\/\/www.nettali.com\/rest\/wp\/v2\/media?parent=55477"}],"wp:term":[{"taxonomy":"category","embeddable":true,"href":"https:\/\/www.nettali.com\/rest\/wp\/v2\/categories?post=55477"},{"taxonomy":"post_tag","embeddable":true,"href":"https:\/\/www.nettali.com\/rest\/wp\/v2\/tags?post=55477"}],"curies":[{"name":"wp","href":"https:\/\/api.w.org\/{rel}","templated":true}]}}